{"id":87189,"date":"2014-12-21T13:53:48","date_gmt":"2014-12-21T12:53:48","guid":{"rendered":"http:\/\/www.visit-ulcinj.com\/blog\/?p=87189"},"modified":"2014-12-22T23:27:21","modified_gmt":"2014-12-22T22:27:21","slug":"sos-telefoni-seminar-per-hartimit-e-planit-lokal-aksionit-per-barazine-gjinore","status":"publish","type":"post","link":"https:\/\/www.visit-ulcinj.com\/blog\/2014\/12\/21\/sos-telefoni-seminar-per-hartimit-e-planit-lokal-aksionit-per-barazine-gjinore\/","title":{"rendered":"Sos telefoni: Seminar p\u00ebr hartimit e planit  lokal i aksionit p\u00ebr barazin\u00eb gjinore"},"content":{"rendered":"<p><a href=\"http:\/\/www.visit-ulcinj.com\/blog\/wp-content\/uploads\/2014\/12\/Sos-telefoni-Hatixhe-Nelaj.jpg\"><img loading=\"lazy\" class=\"alignleft wp-image-87190\" src=\"http:\/\/www.visit-ulcinj.com\/blog\/wp-content\/uploads\/2014\/12\/Sos-telefoni-Hatixhe-Nelaj.jpg\" alt=\"Sos telefoni-Hatixhe-Nelaj\" width=\"508\" height=\"381\" srcset=\"https:\/\/www.visit-ulcinj.com\/blog\/wp-content\/uploads\/2014\/12\/Sos-telefoni-Hatixhe-Nelaj.jpg 768w, https:\/\/www.visit-ulcinj.com\/blog\/wp-content\/uploads\/2014\/12\/Sos-telefoni-Hatixhe-Nelaj-300x225.jpg 300w\" sizes=\"(max-width: 508px) 100vw, 508px\" \/><\/a>Sos telefoni p\u00ebr femra dhe f\u00ebmij\u00eb viktima t\u00eb dhun\u00ebs n\u00eb Ulqin dhe pushteti lokal jan\u00eb duke realizuar projektin <strong>\u201evendosja e barazis\u00eb gjinore dhe mund\u00ebsive t\u00eb barabarta \u201e<\/strong>n\u00eb bashk\u00ebpunim me Qendr\u00ebn p\u00ebr arsimimin qytetar dhe me qendr\u00ebn e iniciativ\u00ebs qytetare nga Beogradi t\u00eb mb\u00ebshtetur financiarisht nga Bashkimi Evropian.<\/p>\n<p><strong>\u00a0<\/strong><\/p>\n<p>Rezultat ky\u00e7 \u00ebsht\u00eb hartimi dhe aprovimi planin lokal t\u00eb veprimit p\u00ebr arritjen e barazis\u00eb gjinore n\u00eb komun\u00ebn e Ulqinit<\/p>\n<p>Nj\u00eb nd\u00ebr aktivitetet ky\u00e7e t\u00eb k\u00ebtij projekti\u00a0\u00a0 i cili do t\u00eb \u00e7oj\u00eb n\u00eb zhvillimin e nj\u00eb plani lokal t\u00eb p\u00ebrshtatur nevojave t\u00eb komunitetit, \u00ebsht\u00eb edhe <strong>organizimi i seminarit treditor n\u00eb tem\u00ebn e planit strategjik p\u00ebr grupin multisektorial.<\/strong><\/p>\n<p>Jemi t\u00eb mendimit q\u00eb vet\u00eb procesi i hartimit t\u00eb planit lokal ,q\u00eb do t\u00eb siguroj\u00eb pjes\u00ebmarrje t\u00eb stukturave t\u00eb ndryshme,profesioneve dhe institucioneve ,por edhe dialog me p\u00ebrfaqsuesit e pushtetit lokal do t\u00eb krijoj\u00eb metoda t\u00eb reja t\u00eb partneritetit nd\u00ebrmjet sektorit civil dhe pushtetit lokal<\/p>\n<p>Nisur nga statistikat t\u00eb mbledhura n\u00eb terren nga institucionet e ndryshme dhe nd\u00ebrrmarrjeve, del q\u00eb kemi nj\u00eb situat\u00eb aspak lakmuese sa i p\u00ebrket pozit\u00ebs s\u00eb femr\u00ebs n\u00eb vendet udh\u00ebheq\u00ebse.<\/p>\n<p>Pavar\u00ebsisht faktit se Maili i Zi ka nd\u00ebrmarr\u00eb nj\u00eb num\u00ebr programesh t\u00eb cilat mb\u00ebshtesin t\u00eb drejt\u00ebn e grave n\u00eb tregun e pun\u00ebs, akoma mbetet p\u00ebr t\u2019u zbatuar masat specifike t\u00eb cilat adresojn\u00eb diferenc\u00ebn gjinore n\u00eb pun\u00ebsim, pjes\u00ebmarrjen e ul\u00ebt t\u00eb grave n\u00eb vendet udh\u00ebheq\u00ebse .<\/p>\n<p>Mungesa e zbatimit t\u00eb k\u00ebtyre ligjeve dhe masave mbetet nj\u00eb problem i madh n\u00eb vend ,por duke mos anashkaluar as komun\u00ebn tone-shprehet Hatixhe Nelaj drjetoresha e SOS telefonit p\u00ebr femra dhe f\u00ebmij\u00eb viktima t\u00eb dhun\u00ebs n\u00eb Ulqin.<\/p>\n<p>&nbsp;<\/p>\n<p>Deri m\u00eb tani, komuna e Ulqinit nuk e ka pasur nj\u00eb dokument t\u00eb k\u00ebsaj natyre, i cili dokument, jam e bindur se do t\u00eb jet\u00eb shum\u00eb i r\u00ebnd\u00ebsish\u00ebm p\u00ebr qytetar\u00ebt e komun\u00ebs tone-shprehet Nelaj.<\/p>\n","protected":false},"excerpt":{"rendered":"<p>Sos telefoni p\u00ebr femra dhe f\u00ebmij\u00eb viktima t\u00eb dhun\u00ebs n\u00eb Ulqin dhe pushteti lokal jan\u00eb duke realizuar projektin \u201evendosja e barazis\u00eb gjinore dhe mund\u00ebsive t\u00eb barabarta \u201en\u00eb bashk\u00ebpunim me Qendr\u00ebn p\u00ebr arsimimin qytetar dhe me qendr\u00ebn e iniciativ\u00ebs qytetare nga Beogradi t\u00eb mb\u00ebshtetur financiarisht nga Bashkimi Evropian. \u00a0 Rezultat ky\u00e7 \u00ebsht\u00eb hartimi dhe aprovimi planin [&hellip;]<\/p>\n","protected":false},"author":1,"featured_media":0,"comment_status":"closed","ping_status":"closed","sticky":false,"template":"","format":"standard","meta":{"spay_email":"","jetpack_publicize_message":"","jetpack_is_tweetstorm":false,"jetpack_publicize_feature_enabled":true},"categories":[1,11],"tags":[],"jetpack_publicize_connections":[],"yoast_head":"<!-- This site is optimized with the Yoast SEO plugin v19.1 - https:\/\/yoast.com\/wordpress\/plugins\/seo\/ -->\n<title>Sos telefoni: Seminar p\u00ebr hartimit e planit lokal i aksionit p\u00ebr barazin\u00eb gjinore - Lajme nga Ulqini<\/title>\n<meta name=\"description\" content=\"Sos telefoni p\u00ebr femra dhe f\u00ebmij\u00eb viktima t\u00eb dhun\u00ebs n\u00eb Ulqin dhe pushteti lokal jan\u00eb duke realizuar projektin \u201evendosja e barazis\u00eb gjinore dhe mund\u00ebsive\" \/>\n<meta name=\"robots\" content=\"index, follow, max-snippet:-1, max-image-preview:large, max-video-preview:-1\" \/>\n<link rel=\"canonical\" href=\"https:\/\/www.visit-ulcinj.com\/blog\/2014\/12\/21\/sos-telefoni-seminar-per-hartimit-e-planit-lokal-aksionit-per-barazine-gjinore\/\" \/>\n<meta property=\"og:locale\" content=\"en_US\" \/>\n<meta property=\"og:type\" content=\"article\" \/>\n<meta property=\"og:title\" content=\"Sos telefoni: Seminar p\u00ebr hartimit e planit lokal i aksionit p\u00ebr barazin\u00eb gjinore - Lajme nga Ulqini\" \/>\n<meta property=\"og:description\" content=\"Sos telefoni p\u00ebr femra dhe f\u00ebmij\u00eb viktima t\u00eb dhun\u00ebs n\u00eb Ulqin dhe pushteti lokal jan\u00eb duke realizuar projektin \u201evendosja e barazis\u00eb gjinore dhe mund\u00ebsive\" \/>\n<meta property=\"og:url\" content=\"https:\/\/www.visit-ulcinj.com\/blog\/2014\/12\/21\/sos-telefoni-seminar-per-hartimit-e-planit-lokal-aksionit-per-barazine-gjinore\/\" \/>\n<meta property=\"og:site_name\" content=\"Lajme nga Ulqini\" \/>\n<meta property=\"article:published_time\" content=\"2014-12-21T12:53:48+00:00\" \/>\n<meta property=\"article:modified_time\" content=\"2014-12-22T22:27:21+00:00\" \/>\n<meta property=\"og:image\" content=\"http:\/\/www.visit-ulcinj.com\/blog\/wp-content\/uploads\/2014\/12\/Sos-telefoni-Hatixhe-Nelaj.jpg\" \/>\n<meta name=\"twitter:label1\" content=\"Written by\" \/>\n\t<meta name=\"twitter:data1\" content=\"ulqini\" \/>\n\t<meta name=\"twitter:label2\" content=\"Est. reading time\" \/>\n\t<meta name=\"twitter:data2\" content=\"2 minutes\" \/>\n<script type=\"application\/ld+json\" class=\"yoast-schema-graph\">{\"@context\":\"https:\/\/schema.org\",\"@graph\":[{\"@type\":\"WebSite\",\"@id\":\"https:\/\/www.visit-ulcinj.com\/blog\/#website\",\"url\":\"https:\/\/www.visit-ulcinj.com\/blog\/\",\"name\":\"Lajme nga Ulqini\",\"description\":\"Lajme,Vijesti,Ulqini,Ulqin,Crna Gora,Mali i Zi\",\"potentialAction\":[{\"@type\":\"SearchAction\",\"target\":{\"@type\":\"EntryPoint\",\"urlTemplate\":\"https:\/\/www.visit-ulcinj.com\/blog\/?s={search_term_string}\"},\"query-input\":\"required name=search_term_string\"}],\"inLanguage\":\"en-US\"},{\"@type\":\"ImageObject\",\"inLanguage\":\"en-US\",\"@id\":\"https:\/\/www.visit-ulcinj.com\/blog\/2014\/12\/21\/sos-telefoni-seminar-per-hartimit-e-planit-lokal-aksionit-per-barazine-gjinore\/#primaryimage\",\"url\":\"https:\/\/www.visit-ulcinj.com\/blog\/wp-content\/uploads\/2014\/12\/Sos-telefoni-Hatixhe-Nelaj.jpg\",\"contentUrl\":\"https:\/\/www.visit-ulcinj.com\/blog\/wp-content\/uploads\/2014\/12\/Sos-telefoni-Hatixhe-Nelaj.jpg\",\"width\":768,\"height\":576},{\"@type\":\"WebPage\",\"@id\":\"https:\/\/www.visit-ulcinj.com\/blog\/2014\/12\/21\/sos-telefoni-seminar-per-hartimit-e-planit-lokal-aksionit-per-barazine-gjinore\/#webpage\",\"url\":\"https:\/\/www.visit-ulcinj.com\/blog\/2014\/12\/21\/sos-telefoni-seminar-per-hartimit-e-planit-lokal-aksionit-per-barazine-gjinore\/\",\"name\":\"Sos telefoni: Seminar p\u00ebr hartimit e planit lokal i aksionit p\u00ebr barazin\u00eb gjinore - Lajme nga Ulqini\",\"isPartOf\":{\"@id\":\"https:\/\/www.visit-ulcinj.com\/blog\/#website\"},\"primaryImageOfPage\":{\"@id\":\"https:\/\/www.visit-ulcinj.com\/blog\/2014\/12\/21\/sos-telefoni-seminar-per-hartimit-e-planit-lokal-aksionit-per-barazine-gjinore\/#primaryimage\"},\"datePublished\":\"2014-12-21T12:53:48+00:00\",\"dateModified\":\"2014-12-22T22:27:21+00:00\",\"author\":{\"@id\":\"https:\/\/www.visit-ulcinj.com\/blog\/#\/schema\/person\/dcab619c614d3038751c63bc2aadc06d\"},\"description\":\"Sos telefoni p\u00ebr femra dhe f\u00ebmij\u00eb viktima t\u00eb dhun\u00ebs n\u00eb Ulqin dhe pushteti lokal jan\u00eb duke realizuar projektin \u201evendosja e barazis\u00eb gjinore dhe mund\u00ebsive\",\"breadcrumb\":{\"@id\":\"https:\/\/www.visit-ulcinj.com\/blog\/2014\/12\/21\/sos-telefoni-seminar-per-hartimit-e-planit-lokal-aksionit-per-barazine-gjinore\/#breadcrumb\"},\"inLanguage\":\"en-US\",\"potentialAction\":[{\"@type\":\"ReadAction\",\"target\":[\"https:\/\/www.visit-ulcinj.com\/blog\/2014\/12\/21\/sos-telefoni-seminar-per-hartimit-e-planit-lokal-aksionit-per-barazine-gjinore\/\"]}]},{\"@type\":\"BreadcrumbList\",\"@id\":\"https:\/\/www.visit-ulcinj.com\/blog\/2014\/12\/21\/sos-telefoni-seminar-per-hartimit-e-planit-lokal-aksionit-per-barazine-gjinore\/#breadcrumb\",\"itemListElement\":[{\"@type\":\"ListItem\",\"position\":1,\"name\":\"Sos telefoni: Seminar p\u00ebr hartimit e planit lokal i aksionit p\u00ebr barazin\u00eb gjinore\"}]},{\"@type\":\"Person\",\"@id\":\"https:\/\/www.visit-ulcinj.com\/blog\/#\/schema\/person\/dcab619c614d3038751c63bc2aadc06d\",\"name\":\"ulqini\",\"sameAs\":[\"http:\/\/www.visit-ulcinj.com\"],\"url\":\"https:\/\/www.visit-ulcinj.com\/blog\/author\/admin\/\"}]}<\/script>\n<!-- \/ Yoast SEO plugin. -->","yoast_head_json":{"title":"Sos telefoni: Seminar p\u00ebr hartimit e planit lokal i aksionit p\u00ebr barazin\u00eb gjinore - Lajme nga Ulqini","description":"Sos telefoni p\u00ebr femra dhe f\u00ebmij\u00eb viktima t\u00eb dhun\u00ebs n\u00eb Ulqin dhe pushteti lokal jan\u00eb duke realizuar projektin \u201evendosja e barazis\u00eb gjinore dhe mund\u00ebsive","robots":{"index":"index","follow":"follow","max-snippet":"max-snippet:-1","max-image-preview":"max-image-preview:large","max-video-preview":"max-video-preview:-1"},"canonical":"https:\/\/www.visit-ulcinj.com\/blog\/2014\/12\/21\/sos-telefoni-seminar-per-hartimit-e-planit-lokal-aksionit-per-barazine-gjinore\/","og_locale":"en_US","og_type":"article","og_title":"Sos telefoni: Seminar p\u00ebr hartimit e planit lokal i aksionit p\u00ebr barazin\u00eb gjinore - Lajme nga Ulqini","og_description":"Sos telefoni p\u00ebr femra dhe f\u00ebmij\u00eb viktima t\u00eb dhun\u00ebs n\u00eb Ulqin dhe pushteti lokal jan\u00eb duke realizuar projektin \u201evendosja e barazis\u00eb gjinore dhe mund\u00ebsive","og_url":"https:\/\/www.visit-ulcinj.com\/blog\/2014\/12\/21\/sos-telefoni-seminar-per-hartimit-e-planit-lokal-aksionit-per-barazine-gjinore\/","og_site_name":"Lajme nga Ulqini","article_published_time":"2014-12-21T12:53:48+00:00","article_modified_time":"2014-12-22T22:27:21+00:00","og_image":[{"url":"http:\/\/www.visit-ulcinj.com\/blog\/wp-content\/uploads\/2014\/12\/Sos-telefoni-Hatixhe-Nelaj.jpg"}],"twitter_misc":{"Written by":"ulqini","Est. reading time":"2 minutes"},"schema":{"@context":"https:\/\/schema.org","@graph":[{"@type":"WebSite","@id":"https:\/\/www.visit-ulcinj.com\/blog\/#website","url":"https:\/\/www.visit-ulcinj.com\/blog\/","name":"Lajme nga Ulqini","description":"Lajme,Vijesti,Ulqini,Ulqin,Crna Gora,Mali i Zi","potentialAction":[{"@type":"SearchAction","target":{"@type":"EntryPoint","urlTemplate":"https:\/\/www.visit-ulcinj.com\/blog\/?s={search_term_string}"},"query-input":"required name=search_term_string"}],"inLanguage":"en-US"},{"@type":"ImageObject","inLanguage":"en-US","@id":"https:\/\/www.visit-ulcinj.com\/blog\/2014\/12\/21\/sos-telefoni-seminar-per-hartimit-e-planit-lokal-aksionit-per-barazine-gjinore\/#primaryimage","url":"https:\/\/www.visit-ulcinj.com\/blog\/wp-content\/uploads\/2014\/12\/Sos-telefoni-Hatixhe-Nelaj.jpg","contentUrl":"https:\/\/www.visit-ulcinj.com\/blog\/wp-content\/uploads\/2014\/12\/Sos-telefoni-Hatixhe-Nelaj.jpg","width":768,"height":576},{"@type":"WebPage","@id":"https:\/\/www.visit-ulcinj.com\/blog\/2014\/12\/21\/sos-telefoni-seminar-per-hartimit-e-planit-lokal-aksionit-per-barazine-gjinore\/#webpage","url":"https:\/\/www.visit-ulcinj.com\/blog\/2014\/12\/21\/sos-telefoni-seminar-per-hartimit-e-planit-lokal-aksionit-per-barazine-gjinore\/","name":"Sos telefoni: Seminar p\u00ebr hartimit e planit lokal i aksionit p\u00ebr barazin\u00eb gjinore - Lajme nga Ulqini","isPartOf":{"@id":"https:\/\/www.visit-ulcinj.com\/blog\/#website"},"primaryImageOfPage":{"@id":"https:\/\/www.visit-ulcinj.com\/blog\/2014\/12\/21\/sos-telefoni-seminar-per-hartimit-e-planit-lokal-aksionit-per-barazine-gjinore\/#primaryimage"},"datePublished":"2014-12-21T12:53:48+00:00","dateModified":"2014-12-22T22:27:21+00:00","author":{"@id":"https:\/\/www.visit-ulcinj.com\/blog\/#\/schema\/person\/dcab619c614d3038751c63bc2aadc06d"},"description":"Sos telefoni p\u00ebr femra dhe f\u00ebmij\u00eb viktima t\u00eb dhun\u00ebs n\u00eb Ulqin dhe pushteti lokal jan\u00eb duke realizuar projektin \u201evendosja e barazis\u00eb gjinore dhe mund\u00ebsive","breadcrumb":{"@id":"https:\/\/www.visit-ulcinj.com\/blog\/2014\/12\/21\/sos-telefoni-seminar-per-hartimit-e-planit-lokal-aksionit-per-barazine-gjinore\/#breadcrumb"},"inLanguage":"en-US","potentialAction":[{"@type":"ReadAction","target":["https:\/\/www.visit-ulcinj.com\/blog\/2014\/12\/21\/sos-telefoni-seminar-per-hartimit-e-planit-lokal-aksionit-per-barazine-gjinore\/"]}]},{"@type":"BreadcrumbList","@id":"https:\/\/www.visit-ulcinj.com\/blog\/2014\/12\/21\/sos-telefoni-seminar-per-hartimit-e-planit-lokal-aksionit-per-barazine-gjinore\/#breadcrumb","itemListElement":[{"@type":"ListItem","position":1,"name":"Sos telefoni: Seminar p\u00ebr hartimit e planit lokal i aksionit p\u00ebr barazin\u00eb gjinore"}]},{"@type":"Person","@id":"https:\/\/www.visit-ulcinj.com\/blog\/#\/schema\/person\/dcab619c614d3038751c63bc2aadc06d","name":"ulqini","sameAs":["http:\/\/www.visit-ulcinj.com"],"url":"https:\/\/www.visit-ulcinj.com\/blog\/author\/admin\/"}]}},"jetpack_featured_media_url":"","jetpack_sharing_enabled":true,"jetpack_shortlink":"https:\/\/wp.me\/pe6lTn-mGh","_links":{"self":[{"href":"https:\/\/www.visit-ulcinj.com\/blog\/wp-json\/wp\/v2\/posts\/87189"}],"collection":[{"href":"https:\/\/www.visit-ulcinj.com\/blog\/wp-json\/wp\/v2\/posts"}],"about":[{"href":"https:\/\/www.visit-ulcinj.com\/blog\/wp-json\/wp\/v2\/types\/post"}],"author":[{"embeddable":true,"href":"https:\/\/www.visit-ulcinj.com\/blog\/wp-json\/wp\/v2\/users\/1"}],"replies":[{"embeddable":true,"href":"https:\/\/www.visit-ulcinj.com\/blog\/wp-json\/wp\/v2\/comments?post=87189"}],"version-history":[{"count":1,"href":"https:\/\/www.visit-ulcinj.com\/blog\/wp-json\/wp\/v2\/posts\/87189\/revisions"}],"predecessor-version":[{"id":87191,"href":"https:\/\/www.visit-ulcinj.com\/blog\/wp-json\/wp\/v2\/posts\/87189\/revisions\/87191"}],"wp:attachment":[{"href":"https:\/\/www.visit-ulcinj.com\/blog\/wp-json\/wp\/v2\/media?parent=87189"}],"wp:term":[{"taxonomy":"category","embeddable":true,"href":"https:\/\/www.visit-ulcinj.com\/blog\/wp-json\/wp\/v2\/categories?post=87189"},{"taxonomy":"post_tag","embeddable":true,"href":"https:\/\/www.visit-ulcinj.com\/blog\/wp-json\/wp\/v2\/tags?post=87189"}],"curies":[{"name":"wp","href":"https:\/\/api.w.org\/{rel}","templated":true}]}}