{"id":87193,"date":"2014-12-22T23:11:35","date_gmt":"2014-12-22T22:11:35","guid":{"rendered":"http:\/\/www.visit-ulcinj.com\/blog\/?p=87193"},"modified":"2014-12-22T23:11:35","modified_gmt":"2014-12-22T22:11:35","slug":"memoriam-ibrahim-luka-1944-2014","status":"publish","type":"post","link":"https:\/\/www.visit-ulcinj.com\/blog\/2014\/12\/22\/memoriam-ibrahim-luka-1944-2014\/","title":{"rendered":"In Memoriam: Ibrahim Luka (1944-2014)"},"content":{"rendered":"<p><a href=\"http:\/\/www.visit-ulcinj.com\/blog\/wp-content\/uploads\/2011\/06\/kuranilutja.thumbnail.jpg\"><img loading=\"lazy\" class=\"alignleft wp-image-48092 size-full\" src=\"http:\/\/www.visit-ulcinj.com\/blog\/wp-content\/uploads\/2011\/06\/kuranilutja.thumbnail.jpg\" alt=\"kuranilutja.thumbnail\" width=\"250\" height=\"195\" \/><\/a>Dit\u00eb m\u00eb par\u00eb pik\u00ebrisht me 29 n\u00ebntor 2014\u00a0 vdiq n\u00eb Nju Jork Ibrahim Luka, arsimtar n\u00eb pension i artit figurativ. Ka lindur\u00a0\u00a0 me\u00a0 6 mars 1944 n\u00eb Brajsh\u00eb t\u00eb An\u00ebs s\u00eb Malit(Ulqin). Shkoll\u00ebn fillore e ka kryer n\u00eb Kat\u00ebrkoll\u00eb. Ndon\u00ebse kishte d\u00ebshir\u00eb t\u00eb regjistronte shkoll\u00ebn e mesme p\u00ebr dentist, duke par\u00eb prirjet e tia artistike drejtori i shkoll\u00ebs s\u00eb asaj kohe Junuz Divani e k\u00ebshillon t\u00eb regjistroj\u00eb shkoll\u00ebn e mesme artistike n\u00eb Hercegnovi. Posa e kryen shkoll\u00ebn e mesme t\u00eb artit, pun\u00ebsohet n\u00eb Kraj\u00eb, si m\u00ebsimdh\u00ebn\u00ebs n\u00eb shkoll\u00ebn tetvje\u00e7are t\u00eb Ostrosit \u201cGjergj Kastrioti-Sk\u00ebnderbeu\u201d me 1 shtator t\u00eb vitit 1965. K\u00ebtu mban or\u00ebt nga l\u00ebnda e artit figurativ dhe t\u00eb BAT-it. K\u00ebtu punon dhjet\u00eb vite dhe \u00ebsht\u00eb dalluar m\u00eb p\u00ebrkushtimin e tij profesional, por edhe n\u00eb aktivitete t\u00eb lira. M\u00eb pas regjistron Akademin\u00eb Pedagogjike n\u00eb Nikshiq ku edhe diplomon, duke marr\u00eb marr\u00eb titullin e arsimtarit t\u00eb l\u00ebnd\u00ebs s\u00eb artit figurativ. Nga viti 1974, e l\u00ebshon Kraj\u00ebn p\u00ebrkat\u00ebsisht arsimin dhe pun\u00ebsohet n\u00eb Komun\u00ebn e Ulqinit n\u00eb sektorin e mbrojtj\u00ebs popullore deri sa u\u00a0 pensionua\u00a0 n\u00eb vitin 1990. Nga viti 1993, ka punuar dhe jetuar n\u00eb Nju Jork(SHBA).<\/p>\n<p>Gjat\u00eb karier\u00ebs s\u00eb tij ka hapur disa ekspozita personale si n\u00eb Kraj\u00eb, Ulqin, Tivar, Budva dhe Nju Jork, t\u00eb cilat jan\u00eb vler\u00ebsuar nga kritika.<\/p>\n<p>Vepra e tij jet\u00ebsore artistike \u00ebsht\u00eb punimi i bustit t\u00eb ish drejtorit J.Divani dhe vendosja e tij\u00a0 n\u00eb oborrin e shkoll\u00ebs s\u00eb vjet\u00ebr n\u00eb Kat\u00ebrkoll\u00eb, me rastin e sh\u00ebnimit t\u00eb 50-vjetorit t\u00eb ardhj\u00ebs s\u00eb tij n\u00eb An\u00eb t\u00eb Malit me 12 shtator 1997. Ne si staf organizues i k\u00ebsaj veprimtarie p\u00ebrkujtimore vler\u00ebsojm\u00eb pun\u00ebn e I.Luk\u00ebs, po ashtu edhe me organizimin e hapj\u00ebn e ekspozit\u00ebs fotografike t\u00eb veprimtarive n\u00eb k\u00ebt\u00eb shkoll\u00eb deri sa ishte drejtor i nderuari J.Divani, n\u00eb hap\u00ebsirat e shkoll\u00ebs s\u00eb re.<\/p>\n<p>Ai me\u00a0 pasion jepte shpjegime t\u00eb holl\u00ebsishme p\u00ebr fotografit\u00eb e ekspozuara, ku me nostalgji kujtonte momente nga e kaluara n\u00eb ket\u00eb vat\u00ebr m\u00ebsimore, p\u00ebr nx\u00ebn\u00ebsit, m\u00ebsimdh\u00ebn\u00ebsit e sidomos drejtorin J.Divani.<\/p>\n<p>Gjat\u00eb asaj kohe(1997) dhe m\u00eb pas\u00a0 i entuziazmuar p\u00ebr ket\u00eb vep\u00ebr artistike e cila \u00ebsht\u00eb pritur m\u00eb shum\u00eb entuziaz\u00ebm nga popullsia e An\u00ebs s\u00eb\u00a0 Malit, Ibrahimi mori nj\u00eb iniciativ\u00eb personale p\u00ebr t\u00eb punuar bustin e nj\u00eb personaliteti tjet\u00ebr t\u00eb r\u00ebnd\u00ebsish\u00ebm nga Ulqini. Fjala \u00ebsht\u00eb p\u00ebr\u00a0 hafiz Ali Ulqinakun, p\u00ebrkthyesin e Mevludit n\u00eb gjuh\u00ebn shqipe, p\u00ebrndryshe personaliteti m\u00eb i r\u00ebnd\u00ebsish\u00ebm i Rilindj\u00ebs Komb\u00ebtare Shqiptare n\u00eb Ulqin. Un\u00eb pata rastin ta shoh\u00eb bucetin e punuar i cili priste t\u00eb mbeshtetej financiarisht p\u00ebr ta realizuar n\u00eb praktik\u00eb. Me sa jam i informuar buceta e k\u00ebtij busti ekziston edhe sot n\u00eb banes\u00ebn e tij n\u00eb Ulqin.<\/p>\n<p>Ai vazhdimisht fliste me pietet t\u00eb ve\u00e7ant\u00eb p\u00ebr vendlindj\u00ebn e tij dhe ishte i interesuar p\u00ebr \u00e7\u00ebshtjen e realizimit t\u00eb Muzeut etno-kulturor n\u00eb objektin e shkoll\u00ebs s\u00eb vjet\u00ebr n\u00eb Kat\u00ebrkoll\u00eb, q\u00eb ishte inicuar nga SHAI\u201dArt Club-i\u201d.<\/p>\n<p>Vepra e tij jet\u00ebsore do t\u00eb mbes\u00eb busti i J.Divanit i cili \u00ebsht\u00eb simboli i mbrojtj\u00ebs s\u00eb k\u00ebtij objekti shkollor p\u00ebr t\u00ebr\u00eb An\u00ebn e Malit dhe m\u00eb gjer\u00eb.<\/p>\n<p><strong>Shkruar nga:<\/strong><br \/>\n<strong>Dr. Nail\u00a0\u00a0 Draga <\/strong><br \/>\n<strong>Qazim Muja<\/strong><\/p>\n","protected":false},"excerpt":{"rendered":"<p>Dit\u00eb m\u00eb par\u00eb pik\u00ebrisht me 29 n\u00ebntor 2014\u00a0 vdiq n\u00eb Nju Jork Ibrahim Luka, arsimtar n\u00eb pension i artit figurativ. Ka lindur\u00a0\u00a0 me\u00a0 6 mars 1944 n\u00eb Brajsh\u00eb t\u00eb An\u00ebs s\u00eb Malit(Ulqin). Shkoll\u00ebn fillore e ka kryer n\u00eb Kat\u00ebrkoll\u00eb. Ndon\u00ebse kishte d\u00ebshir\u00eb t\u00eb regjistronte shkoll\u00ebn e mesme p\u00ebr dentist, duke par\u00eb prirjet e tia artistike [&hellip;]<\/p>\n","protected":false},"author":1,"featured_media":0,"comment_status":"closed","ping_status":"closed","sticky":false,"template":"","format":"standard","meta":{"spay_email":"","jetpack_publicize_message":"","jetpack_is_tweetstorm":false,"jetpack_publicize_feature_enabled":true},"categories":[6950],"tags":[],"jetpack_publicize_connections":[],"yoast_head":"<!-- This site is optimized with the Yoast SEO plugin v19.1 - https:\/\/yoast.com\/wordpress\/plugins\/seo\/ -->\n<title>In Memoriam: Ibrahim Luka (1944-2014) - Lajme nga Ulqini<\/title>\n<meta name=\"description\" content=\"Dit\u00eb m\u00eb par\u00eb pik\u00ebrisht me 29 n\u00ebntor 2014\u00a0 vdiq n\u00eb Nju Jork Ibrahim Luka, arsimtar n\u00eb pension i artit figurativ. Ka lindur\u00a0\u00a0 me\u00a0 6 mars 1944 n\u00eb Brajsh\u00eb t\u00eb\" \/>\n<meta name=\"robots\" content=\"index, follow, max-snippet:-1, max-image-preview:large, max-video-preview:-1\" \/>\n<link rel=\"canonical\" href=\"https:\/\/www.visit-ulcinj.com\/blog\/2014\/12\/22\/memoriam-ibrahim-luka-1944-2014\/\" \/>\n<meta property=\"og:locale\" content=\"en_US\" \/>\n<meta property=\"og:type\" content=\"article\" \/>\n<meta property=\"og:title\" content=\"In Memoriam: Ibrahim Luka (1944-2014) - Lajme nga Ulqini\" \/>\n<meta property=\"og:description\" content=\"Dit\u00eb m\u00eb par\u00eb pik\u00ebrisht me 29 n\u00ebntor 2014\u00a0 vdiq n\u00eb Nju Jork Ibrahim Luka, arsimtar n\u00eb pension i artit figurativ. Ka lindur\u00a0\u00a0 me\u00a0 6 mars 1944 n\u00eb Brajsh\u00eb t\u00eb\" \/>\n<meta property=\"og:url\" content=\"https:\/\/www.visit-ulcinj.com\/blog\/2014\/12\/22\/memoriam-ibrahim-luka-1944-2014\/\" \/>\n<meta property=\"og:site_name\" content=\"Lajme nga Ulqini\" \/>\n<meta property=\"article:published_time\" content=\"2014-12-22T22:11:35+00:00\" \/>\n<meta property=\"og:image\" content=\"http:\/\/www.visit-ulcinj.com\/blog\/wp-content\/uploads\/2011\/06\/kuranilutja.thumbnail.jpg\" \/>\n<meta name=\"twitter:label1\" content=\"Written by\" \/>\n\t<meta name=\"twitter:data1\" content=\"ulqini\" \/>\n\t<meta name=\"twitter:label2\" content=\"Est. reading time\" \/>\n\t<meta name=\"twitter:data2\" content=\"3 minutes\" \/>\n<script type=\"application\/ld+json\" class=\"yoast-schema-graph\">{\"@context\":\"https:\/\/schema.org\",\"@graph\":[{\"@type\":\"WebSite\",\"@id\":\"https:\/\/www.visit-ulcinj.com\/blog\/#website\",\"url\":\"https:\/\/www.visit-ulcinj.com\/blog\/\",\"name\":\"Lajme nga Ulqini\",\"description\":\"Lajme,Vijesti,Ulqini,Ulqin,Crna Gora,Mali i Zi\",\"potentialAction\":[{\"@type\":\"SearchAction\",\"target\":{\"@type\":\"EntryPoint\",\"urlTemplate\":\"https:\/\/www.visit-ulcinj.com\/blog\/?s={search_term_string}\"},\"query-input\":\"required name=search_term_string\"}],\"inLanguage\":\"en-US\"},{\"@type\":\"ImageObject\",\"inLanguage\":\"en-US\",\"@id\":\"https:\/\/www.visit-ulcinj.com\/blog\/2014\/12\/22\/memoriam-ibrahim-luka-1944-2014\/#primaryimage\",\"url\":\"https:\/\/www.visit-ulcinj.com\/blog\/wp-content\/uploads\/2011\/06\/kuranilutja.thumbnail.jpg\",\"contentUrl\":\"https:\/\/www.visit-ulcinj.com\/blog\/wp-content\/uploads\/2011\/06\/kuranilutja.thumbnail.jpg\",\"width\":\"250\",\"height\":\"195\"},{\"@type\":\"WebPage\",\"@id\":\"https:\/\/www.visit-ulcinj.com\/blog\/2014\/12\/22\/memoriam-ibrahim-luka-1944-2014\/#webpage\",\"url\":\"https:\/\/www.visit-ulcinj.com\/blog\/2014\/12\/22\/memoriam-ibrahim-luka-1944-2014\/\",\"name\":\"In Memoriam: Ibrahim Luka (1944-2014) - Lajme nga Ulqini\",\"isPartOf\":{\"@id\":\"https:\/\/www.visit-ulcinj.com\/blog\/#website\"},\"primaryImageOfPage\":{\"@id\":\"https:\/\/www.visit-ulcinj.com\/blog\/2014\/12\/22\/memoriam-ibrahim-luka-1944-2014\/#primaryimage\"},\"datePublished\":\"2014-12-22T22:11:35+00:00\",\"dateModified\":\"2014-12-22T22:11:35+00:00\",\"author\":{\"@id\":\"https:\/\/www.visit-ulcinj.com\/blog\/#\/schema\/person\/dcab619c614d3038751c63bc2aadc06d\"},\"description\":\"Dit\u00eb m\u00eb par\u00eb pik\u00ebrisht me 29 n\u00ebntor 2014\u00a0 vdiq n\u00eb Nju Jork Ibrahim Luka, arsimtar n\u00eb pension i artit figurativ. Ka lindur\u00a0\u00a0 me\u00a0 6 mars 1944 n\u00eb Brajsh\u00eb t\u00eb\",\"breadcrumb\":{\"@id\":\"https:\/\/www.visit-ulcinj.com\/blog\/2014\/12\/22\/memoriam-ibrahim-luka-1944-2014\/#breadcrumb\"},\"inLanguage\":\"en-US\",\"potentialAction\":[{\"@type\":\"ReadAction\",\"target\":[\"https:\/\/www.visit-ulcinj.com\/blog\/2014\/12\/22\/memoriam-ibrahim-luka-1944-2014\/\"]}]},{\"@type\":\"BreadcrumbList\",\"@id\":\"https:\/\/www.visit-ulcinj.com\/blog\/2014\/12\/22\/memoriam-ibrahim-luka-1944-2014\/#breadcrumb\",\"itemListElement\":[{\"@type\":\"ListItem\",\"position\":1,\"name\":\"In Memoriam: Ibrahim Luka (1944-2014)\"}]},{\"@type\":\"Person\",\"@id\":\"https:\/\/www.visit-ulcinj.com\/blog\/#\/schema\/person\/dcab619c614d3038751c63bc2aadc06d\",\"name\":\"ulqini\",\"sameAs\":[\"http:\/\/www.visit-ulcinj.com\"],\"url\":\"https:\/\/www.visit-ulcinj.com\/blog\/author\/admin\/\"}]}<\/script>\n<!-- \/ Yoast SEO plugin. -->","yoast_head_json":{"title":"In Memoriam: Ibrahim Luka (1944-2014) - Lajme nga Ulqini","description":"Dit\u00eb m\u00eb par\u00eb pik\u00ebrisht me 29 n\u00ebntor 2014\u00a0 vdiq n\u00eb Nju Jork Ibrahim Luka, arsimtar n\u00eb pension i artit figurativ. Ka lindur\u00a0\u00a0 me\u00a0 6 mars 1944 n\u00eb Brajsh\u00eb t\u00eb","robots":{"index":"index","follow":"follow","max-snippet":"max-snippet:-1","max-image-preview":"max-image-preview:large","max-video-preview":"max-video-preview:-1"},"canonical":"https:\/\/www.visit-ulcinj.com\/blog\/2014\/12\/22\/memoriam-ibrahim-luka-1944-2014\/","og_locale":"en_US","og_type":"article","og_title":"In Memoriam: Ibrahim Luka (1944-2014) - Lajme nga Ulqini","og_description":"Dit\u00eb m\u00eb par\u00eb pik\u00ebrisht me 29 n\u00ebntor 2014\u00a0 vdiq n\u00eb Nju Jork Ibrahim Luka, arsimtar n\u00eb pension i artit figurativ. Ka lindur\u00a0\u00a0 me\u00a0 6 mars 1944 n\u00eb Brajsh\u00eb t\u00eb","og_url":"https:\/\/www.visit-ulcinj.com\/blog\/2014\/12\/22\/memoriam-ibrahim-luka-1944-2014\/","og_site_name":"Lajme nga Ulqini","article_published_time":"2014-12-22T22:11:35+00:00","og_image":[{"url":"http:\/\/www.visit-ulcinj.com\/blog\/wp-content\/uploads\/2011\/06\/kuranilutja.thumbnail.jpg"}],"twitter_misc":{"Written by":"ulqini","Est. reading time":"3 minutes"},"schema":{"@context":"https:\/\/schema.org","@graph":[{"@type":"WebSite","@id":"https:\/\/www.visit-ulcinj.com\/blog\/#website","url":"https:\/\/www.visit-ulcinj.com\/blog\/","name":"Lajme nga Ulqini","description":"Lajme,Vijesti,Ulqini,Ulqin,Crna Gora,Mali i Zi","potentialAction":[{"@type":"SearchAction","target":{"@type":"EntryPoint","urlTemplate":"https:\/\/www.visit-ulcinj.com\/blog\/?s={search_term_string}"},"query-input":"required name=search_term_string"}],"inLanguage":"en-US"},{"@type":"ImageObject","inLanguage":"en-US","@id":"https:\/\/www.visit-ulcinj.com\/blog\/2014\/12\/22\/memoriam-ibrahim-luka-1944-2014\/#primaryimage","url":"https:\/\/www.visit-ulcinj.com\/blog\/wp-content\/uploads\/2011\/06\/kuranilutja.thumbnail.jpg","contentUrl":"https:\/\/www.visit-ulcinj.com\/blog\/wp-content\/uploads\/2011\/06\/kuranilutja.thumbnail.jpg","width":"250","height":"195"},{"@type":"WebPage","@id":"https:\/\/www.visit-ulcinj.com\/blog\/2014\/12\/22\/memoriam-ibrahim-luka-1944-2014\/#webpage","url":"https:\/\/www.visit-ulcinj.com\/blog\/2014\/12\/22\/memoriam-ibrahim-luka-1944-2014\/","name":"In Memoriam: Ibrahim Luka (1944-2014) - Lajme nga Ulqini","isPartOf":{"@id":"https:\/\/www.visit-ulcinj.com\/blog\/#website"},"primaryImageOfPage":{"@id":"https:\/\/www.visit-ulcinj.com\/blog\/2014\/12\/22\/memoriam-ibrahim-luka-1944-2014\/#primaryimage"},"datePublished":"2014-12-22T22:11:35+00:00","dateModified":"2014-12-22T22:11:35+00:00","author":{"@id":"https:\/\/www.visit-ulcinj.com\/blog\/#\/schema\/person\/dcab619c614d3038751c63bc2aadc06d"},"description":"Dit\u00eb m\u00eb par\u00eb pik\u00ebrisht me 29 n\u00ebntor 2014\u00a0 vdiq n\u00eb Nju Jork Ibrahim Luka, arsimtar n\u00eb pension i artit figurativ. Ka lindur\u00a0\u00a0 me\u00a0 6 mars 1944 n\u00eb Brajsh\u00eb t\u00eb","breadcrumb":{"@id":"https:\/\/www.visit-ulcinj.com\/blog\/2014\/12\/22\/memoriam-ibrahim-luka-1944-2014\/#breadcrumb"},"inLanguage":"en-US","potentialAction":[{"@type":"ReadAction","target":["https:\/\/www.visit-ulcinj.com\/blog\/2014\/12\/22\/memoriam-ibrahim-luka-1944-2014\/"]}]},{"@type":"BreadcrumbList","@id":"https:\/\/www.visit-ulcinj.com\/blog\/2014\/12\/22\/memoriam-ibrahim-luka-1944-2014\/#breadcrumb","itemListElement":[{"@type":"ListItem","position":1,"name":"In Memoriam: Ibrahim Luka (1944-2014)"}]},{"@type":"Person","@id":"https:\/\/www.visit-ulcinj.com\/blog\/#\/schema\/person\/dcab619c614d3038751c63bc2aadc06d","name":"ulqini","sameAs":["http:\/\/www.visit-ulcinj.com"],"url":"https:\/\/www.visit-ulcinj.com\/blog\/author\/admin\/"}]}},"jetpack_featured_media_url":"","jetpack_sharing_enabled":true,"jetpack_shortlink":"https:\/\/wp.me\/pe6lTn-mGl","_links":{"self":[{"href":"https:\/\/www.visit-ulcinj.com\/blog\/wp-json\/wp\/v2\/posts\/87193"}],"collection":[{"href":"https:\/\/www.visit-ulcinj.com\/blog\/wp-json\/wp\/v2\/posts"}],"about":[{"href":"https:\/\/www.visit-ulcinj.com\/blog\/wp-json\/wp\/v2\/types\/post"}],"author":[{"embeddable":true,"href":"https:\/\/www.visit-ulcinj.com\/blog\/wp-json\/wp\/v2\/users\/1"}],"replies":[{"embeddable":true,"href":"https:\/\/www.visit-ulcinj.com\/blog\/wp-json\/wp\/v2\/comments?post=87193"}],"version-history":[{"count":1,"href":"https:\/\/www.visit-ulcinj.com\/blog\/wp-json\/wp\/v2\/posts\/87193\/revisions"}],"predecessor-version":[{"id":87194,"href":"https:\/\/www.visit-ulcinj.com\/blog\/wp-json\/wp\/v2\/posts\/87193\/revisions\/87194"}],"wp:attachment":[{"href":"https:\/\/www.visit-ulcinj.com\/blog\/wp-json\/wp\/v2\/media?parent=87193"}],"wp:term":[{"taxonomy":"category","embeddable":true,"href":"https:\/\/www.visit-ulcinj.com\/blog\/wp-json\/wp\/v2\/categories?post=87193"},{"taxonomy":"post_tag","embeddable":true,"href":"https:\/\/www.visit-ulcinj.com\/blog\/wp-json\/wp\/v2\/tags?post=87193"}],"curies":[{"name":"wp","href":"https:\/\/api.w.org\/{rel}","templated":true}]}}