{"id":87198,"date":"2014-12-22T23:33:50","date_gmt":"2014-12-22T22:33:50","guid":{"rendered":"http:\/\/www.visit-ulcinj.com\/blog\/?p=87198"},"modified":"2014-12-22T23:33:50","modified_gmt":"2014-12-22T22:33:50","slug":"gradanski-pokret-se-predstavio-sa-svima-koji-su-za-promjene","status":"publish","type":"post","link":"https:\/\/www.visit-ulcinj.com\/blog\/2014\/12\/22\/gradanski-pokret-se-predstavio-sa-svima-koji-su-za-promjene\/","title":{"rendered":"Gra\u0111anski pokret se predstavio: Sa svima koji su za promjene"},"content":{"rendered":"<p><strong><a href=\"http:\/\/www.visit-ulcinj.com\/blog\/wp-content\/uploads\/2013\/07\/dritan-abazovic-skupstina.jpg\"><img loading=\"lazy\" class=\"alignleft wp-image-73916\" src=\"http:\/\/www.visit-ulcinj.com\/blog\/wp-content\/uploads\/2013\/07\/dritan-abazovic-skupstina.jpg\" alt=\"dritan-abazovic-skupstina\" width=\"508\" height=\"272\" srcset=\"https:\/\/www.visit-ulcinj.com\/blog\/wp-content\/uploads\/2013\/07\/dritan-abazovic-skupstina.jpg 560w, https:\/\/www.visit-ulcinj.com\/blog\/wp-content\/uploads\/2013\/07\/dritan-abazovic-skupstina-300x160.jpg 300w\" sizes=\"(max-width: 508px) 100vw, 508px\" \/><\/a>Na konferenciji je saop\u0161teno da se Gra\u0111anski pokret zala\u017ee za tri temeljna cilja &#8211; gra\u0111anska dr\u017eava, demokratska smjena vlasti i evroatlantske vrijednosti<\/strong><\/p>\n<p>Gra\u0111anski prokret zalaga\u0107e se za demokratsku i mirnu smjenu vlasti, kao klju\u010dni preduslov za politi\u010dki, dru\u0161tveni i ekonomsko socijalni oporavak i razvoj Crne Gore, poru\u010dio\u00a0je koordinator Inicijalnog odbora Gra\u0111anskog pokreta \u017darko Rak\u010devi\u0107. On je kazao da \u0107e osniva\u010dka skup\u0161tina GP biti za dva mjeseca, isti\u010du\u0107i da \u0107e se Pokret zalagati za gra\u0111ansku dr\u017eavu, demokratsku smjenu vlasti i evro-atlantske integracije. Poket \u0107e se, kako je kazao zalagati sistematske promjene na politi\u010dkom, pravnom i ekonomskom planu kao i rije\u0161avanje brojnih problema u dru\u0161tvu.<\/p>\n<p>\u201cNa\u0161a vizija Crne Gore nije dru\u0161to okovano strahom i siroma\u0161tvom, kriminalom, korupcijom i partitokratijom. \u010cetvrt vijeka od pada Berlinskog zida Crna Gora je dalja od EU nego tih godina. Apsolutna, su\u0161tinski ista, jednopartijska vlast je zarobila Crnu Goru i njene institucije. I bez afere \u201cSnmak\u201d znalo se za nedopustive izborne zloupotrebe, kapilarno zastra\u0161ivanje, i korupciju. Na\u0161 cilj je reforma\u00a0koja \u0107e dugoro\u010dno omogu\u0107iti demokratske i po\u0161tene izbore i politi\u010dku konkurenciju.\u00a0Bez periodi\u010dne smjene vlasti nema konsolidovane demokratije i slobodnog dru\u0161tva&#8221;, kazao je Rak\u010devi\u0107.<\/p>\n<p>Osim \u00a0Rak\u010devi\u0107a u Inicijalnom odboru GP su i Dritan Abazovi\u0107, Bo\u017eena Jelu\u0161i\u0107, Mladen Bojani\u0107, Rade Bojovi\u0107, Branko Lukovac, Milo\u0161 Konatar, Boban Batri\u0107evi\u0107, Emin Durakovi\u0107, \u0160erbo Rastoder, Rade Milo\u0161evi\u0107, Sla\u0111ana Kavari\u0107, Dragan \u0106iro Cvetkovi\u0107, Miro Perovi\u0107, Nihad Kr\u0161i\u0107 i Danilo Laki\u0107.<\/p>\n<p>Rak\u010devi\u0107 je kazao da bez periodi\u010dne smjene vlasti nema konsolidovane demokratrije, navode\u0107i da se uspje\u0161nost vlasti ne ogleda u prazim obe\u0107anjima ve\u0107 u djelima. On je kazao da treba dati podr\u0161ku realnoj ekonomiji, i odustati od koncepta neoliberalne.<\/p>\n<p>\u201cPodr\u0161ku treba dati onima koji stvaraju a ne podobnim partijskim vojnicima i ortacima sa me\u0111unarodnih potjernica. Da je samo dio pa\u017enje i milionskih poklona kojima su obasipani prijatelji, kumovi i podobni ortaci vlasti, oti\u0161ao kao kreditna podr\u0161ka malom i srednjem biznisu danas Crna Gora ne bi bila visokozadu\u017eena siroma\u0161na zemlja\u201d.<\/p>\n<p>Isti\u010du\u0107i da GP ne\u0107e sara\u0111ivati sa DPS-om, Abazovi\u0107 je kazao da su prirodni partneri Pokreta svi koji \u017eele promjene, navode\u0107i da \u0107e se oni sami prepoznati. Abazovi\u0107 je rekao i da \u0107e ubudu\u0107e u parlamentu nastupati kao predstavnik GP, navode\u0107i da Pokret ve\u0107 sad ima dva poslanika i 12 odbornika.<\/p>\n<p>\u201cStrate\u0161ki \u0107emo sara\u0111iati sa svima koji \u017eele promjene u dru\u0161tvu. To u ovo trenutku isklju\u010duje DPS, jer oni ne predstavljaju promjenu nego koninuitet. Mi ve\u0107 sada imamo dva poslanika, i ne bih da prejudiciram ali bi\u0107e iznena\u0111enja, s\u00a0obzirom da \u0107e se raditi o ljudima koji su u drugim subjektima a koji \u0107e se priklju\u010diti pokretu\u201d, kazao je Abazovi\u0107.<\/p>\n<p>Na pitanje da prokomentari\u0161e tvrdnje Neboj\u0161e Medojevi\u0107a iz DF da je GP direktno upreren protiv PzP i da iza njege stoje odre\u0111eni mediji, Abazovi\u0107 je kazao da ga takva izjava nije iznenadila.<\/p>\n<p>On je kazao da \u0107e se GP finanisrati u skladu sa zakoom kroz fondaciju koja \u0107e biti osnovana, jer se ne radi o politi\u010dkoj partiji.On je rekao da \u0107e kao gra\u0111anin podr\u017eati svaki vid protesta.<\/p>\n<p><strong>Crnoj Gori su potrebni ljudi sa integritetom<\/strong><\/p>\n<p>&#8220;Crnoj Gori je potrebno da \u0161to br\u017ee po\u010dne da zatrpava zjape\u0107u provaliju socijalnih razlika. I ova zemlja sasvim izvjesno ima jo\u0161 ljudi koji su akumulirali znanja i vje\u0161tine. Ima jo\u0161 odgovornih, istrajnih i optimisti\u010dnih. Za sve njih je \u0161iroki Gradjanski pokret mogu\u0107i poligon borbe sa sistemommeritornosti,, za dru\u0161tveno odgovorni prosvije\u0107eni kapitalizam li\u0161en pohlepe. I naro\u010dito za dostojanstvo rada.<\/p>\n<p>Na\u017ealost, moja generacija nije dovr\u0161ila poslove koje je trebalo da okon\u010da. Zato joj preostaje da nastavi tamo gdje je razvoj prekinut i da se izbori za dru\u0161tvo iz kojeg na\u0161a djeca i unu\u010dad ne\u0107e bje\u017eati&#8221;, kazala je prof. Bo\u017eena Jelu\u0161i\u0107.<\/p>\n<p>Crna Gora je, dodala je ona, zajednica \u017eestokih podjela i potrebno joj je da kona\u010dno pobjegne sa civilizacijske periferije.<\/p>\n<p>&#8220;Zato Crnoj Gori nisu potrebne samo spoljnje integracije, ve\u0107 joj je potreban naj\u0161iri gra\u0111anski pokret, koji \u0107e je iznutra integrisati, a ne dalje dijeliti. Na\u0161oj su zemlji potrebni ljudi koji imaju integritet, stru\u010dnost i gra\u0111anska hrabrost, a ne politi\u010dka elita koja je ve\u0107 postala talac opstanka na vlasti i oko vlasti&#8221;, kazala je Jelu\u0161i\u0107.<\/p>\n<p><strong>Izvor: Vijesti Online<\/strong><\/p>\n","protected":false},"excerpt":{"rendered":"<p>Na konferenciji je saop\u0161teno da se Gra\u0111anski pokret zala\u017ee za tri temeljna cilja &#8211; gra\u0111anska dr\u017eava, demokratska smjena vlasti i evroatlantske vrijednosti Gra\u0111anski prokret zalaga\u0107e se za demokratsku i mirnu smjenu vlasti, kao klju\u010dni preduslov za politi\u010dki, dru\u0161tveni i ekonomsko socijalni oporavak i razvoj Crne Gore, poru\u010dio\u00a0je koordinator Inicijalnog odbora Gra\u0111anskog pokreta \u017darko Rak\u010devi\u0107. On [&hellip;]<\/p>\n","protected":false},"author":1,"featured_media":0,"comment_status":"closed","ping_status":"closed","sticky":false,"template":"","format":"standard","meta":{"spay_email":"","jetpack_publicize_message":"","jetpack_is_tweetstorm":false,"jetpack_publicize_feature_enabled":true},"categories":[8337],"tags":[],"jetpack_publicize_connections":[],"yoast_head":"<!-- This site is optimized with the Yoast SEO plugin v19.1 - https:\/\/yoast.com\/wordpress\/plugins\/seo\/ -->\n<title>Gra\u0111anski pokret se predstavio: Sa svima koji su za promjene - Lajme nga Ulqini<\/title>\n<meta name=\"description\" content=\"Na konferenciji je saop\u0161teno da se Gra\u0111anski pokret zala\u017ee za tri temeljna cilja - gra\u0111anska dr\u017eava, demokratska smjena vlasti i evroatlantske vrijednosti\" \/>\n<meta name=\"robots\" content=\"index, follow, max-snippet:-1, max-image-preview:large, max-video-preview:-1\" \/>\n<link rel=\"canonical\" href=\"https:\/\/www.visit-ulcinj.com\/blog\/2014\/12\/22\/gradanski-pokret-se-predstavio-sa-svima-koji-su-za-promjene\/\" \/>\n<meta property=\"og:locale\" content=\"en_US\" \/>\n<meta property=\"og:type\" content=\"article\" \/>\n<meta property=\"og:title\" content=\"Gra\u0111anski pokret se predstavio: Sa svima koji su za promjene - Lajme nga Ulqini\" \/>\n<meta property=\"og:description\" content=\"Na konferenciji je saop\u0161teno da se Gra\u0111anski pokret zala\u017ee za tri temeljna cilja - gra\u0111anska dr\u017eava, demokratska smjena vlasti i evroatlantske vrijednosti\" \/>\n<meta property=\"og:url\" content=\"https:\/\/www.visit-ulcinj.com\/blog\/2014\/12\/22\/gradanski-pokret-se-predstavio-sa-svima-koji-su-za-promjene\/\" \/>\n<meta property=\"og:site_name\" content=\"Lajme nga Ulqini\" \/>\n<meta property=\"article:published_time\" content=\"2014-12-22T22:33:50+00:00\" \/>\n<meta property=\"og:image\" content=\"http:\/\/www.visit-ulcinj.com\/blog\/wp-content\/uploads\/2013\/07\/dritan-abazovic-skupstina.jpg\" \/>\n<meta name=\"twitter:label1\" content=\"Written by\" \/>\n\t<meta name=\"twitter:data1\" content=\"ulqini\" \/>\n\t<meta name=\"twitter:label2\" content=\"Est. reading time\" \/>\n\t<meta name=\"twitter:data2\" content=\"4 minutes\" \/>\n<script type=\"application\/ld+json\" class=\"yoast-schema-graph\">{\"@context\":\"https:\/\/schema.org\",\"@graph\":[{\"@type\":\"WebSite\",\"@id\":\"https:\/\/www.visit-ulcinj.com\/blog\/#website\",\"url\":\"https:\/\/www.visit-ulcinj.com\/blog\/\",\"name\":\"Lajme nga Ulqini\",\"description\":\"Lajme,Vijesti,Ulqini,Ulqin,Crna Gora,Mali i Zi\",\"potentialAction\":[{\"@type\":\"SearchAction\",\"target\":{\"@type\":\"EntryPoint\",\"urlTemplate\":\"https:\/\/www.visit-ulcinj.com\/blog\/?s={search_term_string}\"},\"query-input\":\"required name=search_term_string\"}],\"inLanguage\":\"en-US\"},{\"@type\":\"ImageObject\",\"inLanguage\":\"en-US\",\"@id\":\"https:\/\/www.visit-ulcinj.com\/blog\/2014\/12\/22\/gradanski-pokret-se-predstavio-sa-svima-koji-su-za-promjene\/#primaryimage\",\"url\":\"https:\/\/www.visit-ulcinj.com\/blog\/wp-content\/uploads\/2013\/07\/dritan-abazovic-skupstina.jpg\",\"contentUrl\":\"https:\/\/www.visit-ulcinj.com\/blog\/wp-content\/uploads\/2013\/07\/dritan-abazovic-skupstina.jpg\",\"width\":560,\"height\":300},{\"@type\":\"WebPage\",\"@id\":\"https:\/\/www.visit-ulcinj.com\/blog\/2014\/12\/22\/gradanski-pokret-se-predstavio-sa-svima-koji-su-za-promjene\/#webpage\",\"url\":\"https:\/\/www.visit-ulcinj.com\/blog\/2014\/12\/22\/gradanski-pokret-se-predstavio-sa-svima-koji-su-za-promjene\/\",\"name\":\"Gra\u0111anski pokret se predstavio: Sa svima koji su za promjene - Lajme nga Ulqini\",\"isPartOf\":{\"@id\":\"https:\/\/www.visit-ulcinj.com\/blog\/#website\"},\"primaryImageOfPage\":{\"@id\":\"https:\/\/www.visit-ulcinj.com\/blog\/2014\/12\/22\/gradanski-pokret-se-predstavio-sa-svima-koji-su-za-promjene\/#primaryimage\"},\"datePublished\":\"2014-12-22T22:33:50+00:00\",\"dateModified\":\"2014-12-22T22:33:50+00:00\",\"author\":{\"@id\":\"https:\/\/www.visit-ulcinj.com\/blog\/#\/schema\/person\/dcab619c614d3038751c63bc2aadc06d\"},\"description\":\"Na konferenciji je saop\u0161teno da se Gra\u0111anski pokret zala\u017ee za tri temeljna cilja - gra\u0111anska dr\u017eava, demokratska smjena vlasti i evroatlantske vrijednosti\",\"breadcrumb\":{\"@id\":\"https:\/\/www.visit-ulcinj.com\/blog\/2014\/12\/22\/gradanski-pokret-se-predstavio-sa-svima-koji-su-za-promjene\/#breadcrumb\"},\"inLanguage\":\"en-US\",\"potentialAction\":[{\"@type\":\"ReadAction\",\"target\":[\"https:\/\/www.visit-ulcinj.com\/blog\/2014\/12\/22\/gradanski-pokret-se-predstavio-sa-svima-koji-su-za-promjene\/\"]}]},{\"@type\":\"BreadcrumbList\",\"@id\":\"https:\/\/www.visit-ulcinj.com\/blog\/2014\/12\/22\/gradanski-pokret-se-predstavio-sa-svima-koji-su-za-promjene\/#breadcrumb\",\"itemListElement\":[{\"@type\":\"ListItem\",\"position\":1,\"name\":\"Gra\u0111anski pokret se predstavio: Sa svima koji su za promjene\"}]},{\"@type\":\"Person\",\"@id\":\"https:\/\/www.visit-ulcinj.com\/blog\/#\/schema\/person\/dcab619c614d3038751c63bc2aadc06d\",\"name\":\"ulqini\",\"sameAs\":[\"http:\/\/www.visit-ulcinj.com\"],\"url\":\"https:\/\/www.visit-ulcinj.com\/blog\/author\/admin\/\"}]}<\/script>\n<!-- \/ Yoast SEO plugin. -->","yoast_head_json":{"title":"Gra\u0111anski pokret se predstavio: Sa svima koji su za promjene - Lajme nga Ulqini","description":"Na konferenciji je saop\u0161teno da se Gra\u0111anski pokret zala\u017ee za tri temeljna cilja - gra\u0111anska dr\u017eava, demokratska smjena vlasti i evroatlantske vrijednosti","robots":{"index":"index","follow":"follow","max-snippet":"max-snippet:-1","max-image-preview":"max-image-preview:large","max-video-preview":"max-video-preview:-1"},"canonical":"https:\/\/www.visit-ulcinj.com\/blog\/2014\/12\/22\/gradanski-pokret-se-predstavio-sa-svima-koji-su-za-promjene\/","og_locale":"en_US","og_type":"article","og_title":"Gra\u0111anski pokret se predstavio: Sa svima koji su za promjene - Lajme nga Ulqini","og_description":"Na konferenciji je saop\u0161teno da se Gra\u0111anski pokret zala\u017ee za tri temeljna cilja - gra\u0111anska dr\u017eava, demokratska smjena vlasti i evroatlantske vrijednosti","og_url":"https:\/\/www.visit-ulcinj.com\/blog\/2014\/12\/22\/gradanski-pokret-se-predstavio-sa-svima-koji-su-za-promjene\/","og_site_name":"Lajme nga Ulqini","article_published_time":"2014-12-22T22:33:50+00:00","og_image":[{"url":"http:\/\/www.visit-ulcinj.com\/blog\/wp-content\/uploads\/2013\/07\/dritan-abazovic-skupstina.jpg"}],"twitter_misc":{"Written by":"ulqini","Est. reading time":"4 minutes"},"schema":{"@context":"https:\/\/schema.org","@graph":[{"@type":"WebSite","@id":"https:\/\/www.visit-ulcinj.com\/blog\/#website","url":"https:\/\/www.visit-ulcinj.com\/blog\/","name":"Lajme nga Ulqini","description":"Lajme,Vijesti,Ulqini,Ulqin,Crna Gora,Mali i Zi","potentialAction":[{"@type":"SearchAction","target":{"@type":"EntryPoint","urlTemplate":"https:\/\/www.visit-ulcinj.com\/blog\/?s={search_term_string}"},"query-input":"required name=search_term_string"}],"inLanguage":"en-US"},{"@type":"ImageObject","inLanguage":"en-US","@id":"https:\/\/www.visit-ulcinj.com\/blog\/2014\/12\/22\/gradanski-pokret-se-predstavio-sa-svima-koji-su-za-promjene\/#primaryimage","url":"https:\/\/www.visit-ulcinj.com\/blog\/wp-content\/uploads\/2013\/07\/dritan-abazovic-skupstina.jpg","contentUrl":"https:\/\/www.visit-ulcinj.com\/blog\/wp-content\/uploads\/2013\/07\/dritan-abazovic-skupstina.jpg","width":560,"height":300},{"@type":"WebPage","@id":"https:\/\/www.visit-ulcinj.com\/blog\/2014\/12\/22\/gradanski-pokret-se-predstavio-sa-svima-koji-su-za-promjene\/#webpage","url":"https:\/\/www.visit-ulcinj.com\/blog\/2014\/12\/22\/gradanski-pokret-se-predstavio-sa-svima-koji-su-za-promjene\/","name":"Gra\u0111anski pokret se predstavio: Sa svima koji su za promjene - Lajme nga Ulqini","isPartOf":{"@id":"https:\/\/www.visit-ulcinj.com\/blog\/#website"},"primaryImageOfPage":{"@id":"https:\/\/www.visit-ulcinj.com\/blog\/2014\/12\/22\/gradanski-pokret-se-predstavio-sa-svima-koji-su-za-promjene\/#primaryimage"},"datePublished":"2014-12-22T22:33:50+00:00","dateModified":"2014-12-22T22:33:50+00:00","author":{"@id":"https:\/\/www.visit-ulcinj.com\/blog\/#\/schema\/person\/dcab619c614d3038751c63bc2aadc06d"},"description":"Na konferenciji je saop\u0161teno da se Gra\u0111anski pokret zala\u017ee za tri temeljna cilja - gra\u0111anska dr\u017eava, demokratska smjena vlasti i evroatlantske vrijednosti","breadcrumb":{"@id":"https:\/\/www.visit-ulcinj.com\/blog\/2014\/12\/22\/gradanski-pokret-se-predstavio-sa-svima-koji-su-za-promjene\/#breadcrumb"},"inLanguage":"en-US","potentialAction":[{"@type":"ReadAction","target":["https:\/\/www.visit-ulcinj.com\/blog\/2014\/12\/22\/gradanski-pokret-se-predstavio-sa-svima-koji-su-za-promjene\/"]}]},{"@type":"BreadcrumbList","@id":"https:\/\/www.visit-ulcinj.com\/blog\/2014\/12\/22\/gradanski-pokret-se-predstavio-sa-svima-koji-su-za-promjene\/#breadcrumb","itemListElement":[{"@type":"ListItem","position":1,"name":"Gra\u0111anski pokret se predstavio: Sa svima koji su za promjene"}]},{"@type":"Person","@id":"https:\/\/www.visit-ulcinj.com\/blog\/#\/schema\/person\/dcab619c614d3038751c63bc2aadc06d","name":"ulqini","sameAs":["http:\/\/www.visit-ulcinj.com"],"url":"https:\/\/www.visit-ulcinj.com\/blog\/author\/admin\/"}]}},"jetpack_featured_media_url":"","jetpack_sharing_enabled":true,"jetpack_shortlink":"https:\/\/wp.me\/pe6lTn-mGq","_links":{"self":[{"href":"https:\/\/www.visit-ulcinj.com\/blog\/wp-json\/wp\/v2\/posts\/87198"}],"collection":[{"href":"https:\/\/www.visit-ulcinj.com\/blog\/wp-json\/wp\/v2\/posts"}],"about":[{"href":"https:\/\/www.visit-ulcinj.com\/blog\/wp-json\/wp\/v2\/types\/post"}],"author":[{"embeddable":true,"href":"https:\/\/www.visit-ulcinj.com\/blog\/wp-json\/wp\/v2\/users\/1"}],"replies":[{"embeddable":true,"href":"https:\/\/www.visit-ulcinj.com\/blog\/wp-json\/wp\/v2\/comments?post=87198"}],"version-history":[{"count":1,"href":"https:\/\/www.visit-ulcinj.com\/blog\/wp-json\/wp\/v2\/posts\/87198\/revisions"}],"predecessor-version":[{"id":87200,"href":"https:\/\/www.visit-ulcinj.com\/blog\/wp-json\/wp\/v2\/posts\/87198\/revisions\/87200"}],"wp:attachment":[{"href":"https:\/\/www.visit-ulcinj.com\/blog\/wp-json\/wp\/v2\/media?parent=87198"}],"wp:term":[{"taxonomy":"category","embeddable":true,"href":"https:\/\/www.visit-ulcinj.com\/blog\/wp-json\/wp\/v2\/categories?post=87198"},{"taxonomy":"post_tag","embeddable":true,"href":"https:\/\/www.visit-ulcinj.com\/blog\/wp-json\/wp\/v2\/tags?post=87198"}],"curies":[{"name":"wp","href":"https:\/\/api.w.org\/{rel}","templated":true}]}}