{"id":872,"date":"2008-03-11T14:50:28","date_gmt":"2008-03-11T19:50:28","guid":{"rendered":"http:\/\/www.visit-ulcinj.com\/blog\/2008\/03\/11\/forca-e-re-demokratike-i-ben-thirrje-qeverise-se-malit-te-zi\/"},"modified":"2008-06-23T16:41:47","modified_gmt":"2008-06-23T21:41:47","slug":"forca-e-re-demokratike-i-ben-thirrje-qeverise-se-malit-te-zi","status":"publish","type":"post","link":"https:\/\/www.visit-ulcinj.com\/blog\/2008\/03\/11\/forca-e-re-demokratike-i-ben-thirrje-qeverise-se-malit-te-zi\/","title":{"rendered":"Forca e Re Demokratike i b\u00ebn thirrje qeveris\u00eb s\u00eb Malit t\u00eb Zi"},"content":{"rendered":"<p><a title=\"forca e re demokratike-logo\" rel=\"lightbox[pics-1205264547]\" href=\"http:\/\/www.visit-ulcinj.com\/blog\/wp-content\/uploads\/2008\/02\/forca-e-re-demokratike-logo.gif\"><img loading=\"lazy\" src=\"http:\/\/www.visit-ulcinj.com\/blog\/wp-content\/uploads\/2008\/02\/forca-e-re-demokratike-logo.thumbnail.gif\" alt=\"forca e re demokratike-logo\" width=\"128\" height=\"128\" align=\"left\" \/><\/a><span><span style=\"font-family: Arial,Helvetica,Sans Serif; font-size: x-small;\"><strong>Ktheni pronar\u00ebve pronat n\u00eb <a title=\"Ulcinj-ulqini-ulqin,montenegro\" href=\"http:\/\/www.visit-ulcinj.com\/gallery\/main.php\" target=\"_blank\">Valdanos<\/a><\/strong><br \/>\n<a title=\"Ulcinj-ulqini-ulqin,montenegro\" href=\"http:\/\/www.visit-ulcinj.com\/gallery\/main.php\" target=\"_blank\"> Ulqin <\/a>&#8211; Forca e Re Demokratike i ka b\u00ebr\u00eb thirrje Qeveris\u00eb s\u00eb Malit t\u00eb Zi q\u00eb t`ua kthej\u00eb pronar\u00ebve sa m\u00eb par\u00eb pronat n\u00eb <a title=\"Ulcinj-ulqini-ulqin,montenegro\" href=\"http:\/\/www.visit-ulcinj.com\/gallery\/main.php\" target=\"_blank\">Valdanos<\/a>.<br \/>\n&#8220;Ne ftojm\u00eb qeverin\u00eb e posazgjedhur q\u00eb sa m\u00eb par\u00eb kjo pasuri t`u kthehet pronar\u00ebve dhe pastaj t\u00eb merret iniciativa q\u00eb n\u00eb partneritet me pronar\u00ebt privat\u00eb t`i ofrohet investitor\u00ebve si investim i p\u00ebrbashk\u00ebt&#8221;, ka th\u00ebn\u00eb n\u00eb nj\u00eb konferenc\u00eb shtypi t\u00eb premten Genci Nimanbegu, n\u00ebnkryetar i Forc\u00ebs s\u00eb Re Demokratike.<br \/>\nSipas tij, qeveria d\u00ebshiron ta privatizoj\u00eb Valdanosin n\u00eb m\u00ebnyr\u00eb jotransparente dhe n\u00eb kund\u00ebrshtim me ligjet n\u00eb fuqi. N\u00eb mb\u00ebshtetje t\u00eb k\u00ebsaj, Nimanbegu ka p\u00ebrmendur nj\u00eb dokument t\u00eb Qeveris\u00eb s\u00eb Malit t\u00eb Zi, t\u00eb titulluar &#8220;Mali i Zi &#8211; sfid\u00eb p\u00ebr investime&#8221;, ku <a title=\"Ulcinj-ulqini-ulqin,montenegro\" href=\"http:\/\/www.visit-ulcinj.com\/gallery\/main.php\" target=\"_blank\">Valdanosi<\/a> ofrohet p\u00ebr privatizim si pron\u00eb e shtetit.<\/span><\/span><a title=\"genc nimanbegu1\" rel=\"lightbox[pics-1205264547]\" href=\"http:\/\/www.visit-ulcinj.com\/blog\/wp-content\/uploads\/2008\/02\/genc-nimanbegu1-2.jpg\"><img loading=\"lazy\" src=\"http:\/\/www.visit-ulcinj.com\/blog\/wp-content\/uploads\/2008\/02\/genc-nimanbegu1-2.thumbnail.jpg\" alt=\"genc nimanbegu1\" width=\"118\" height=\"128\" align=\"right\" \/><\/a><br \/>\n<span><span style=\"font-family: Arial,Helvetica,Sans Serif; font-size: x-small;\">Nimanbegu ka th\u00ebn\u00eb se Ligji mbi restituimin nuk respektohet n\u00eb t\u00eb nj\u00ebjt\u00ebn m\u00ebnyr\u00eb n\u00eb t\u00ebr\u00eb republik\u00ebn.<br \/>\n&#8220;Si shembull mund t\u00eb marrim Vendimin e Ministris\u00eb p\u00ebr Financa, e cila e anuloi vendimin e Komisionit komunal p\u00ebr kthimin e pron\u00ebs n\u00eb <a title=\"Ulcinj-ulqini-ulqin,montenegro\" href=\"http:\/\/www.visit-ulcinj.com\/\" target=\"_blank\">Valdanos<\/a>. N\u00eb fakt ky komision ka vendosur vet\u00ebm p\u00ebr 13 ish pronar\u00eb&#8221;, ka th\u00ebn\u00eb ai, duke k\u00ebrkuar nga Komisioni komunal p\u00ebr kthimin e pron\u00ebs q\u00eb t\u00eb marr\u00eb vendim p\u00ebr kthimin e pron\u00ebs t\u00eb gjith\u00eb pronar\u00ebve n\u00eb <a title=\"Ulcinj-ulqini-ulqin,montenegro\" href=\"http:\/\/www.visit-ulcinj.com\/gallery\/main.php\" target=\"_blank\">Valdanos<\/a>.<br \/>\nAi ka shtuar se Forca do t\u00eb mbaj\u00eb premtimet parazgjedhore dhe do t\u00eb nd\u00ebrmarr\u00eb iniciativ\u00eb n\u00eb Kuvendin e<a title=\"Ulcinj-ulqini-ulqin,montenegro\" href=\"http:\/\/www.visit-ulcinj.com\/gallery\/main.php\" target=\"_blank\"> Ulqinit <\/a>q\u00eb pronat n\u00eb fjal\u00eb t`u kthehen pronar\u00ebve.<\/span><\/span><\/p>\n<!--YouTube Error: bad URL entered-->\n","protected":false},"excerpt":{"rendered":"<p><img loading=\"lazy\" src=\"http:\/\/www.visit-ulcinj.com\/blog\/wp-content\/uploads\/2008\/02\/forca-e-re-demokratike-logo.thumbnail.gif\" alt=\"forca e re demokratike-logo\" align=\"left\" height=\"140\" width=\"140\" \/><\/p>\n","protected":false},"author":1,"featured_media":0,"comment_status":"open","ping_status":"closed","sticky":false,"template":"","format":"standard","meta":{"spay_email":"","jetpack_publicize_message":"","jetpack_is_tweetstorm":false,"jetpack_publicize_feature_enabled":true},"categories":[5],"tags":[874,1073,200,18,136,561],"jetpack_publicize_connections":[],"yoast_head":"<!-- This site is optimized with the Yoast SEO plugin v19.1 - https:\/\/yoast.com\/wordpress\/plugins\/seo\/ -->\n<title>Forca e Re Demokratike i b\u00ebn thirrje qeveris\u00eb s\u00eb Malit t\u00eb Zi - Lajme nga Ulqini<\/title>\n<meta name=\"robots\" content=\"index, follow, max-snippet:-1, max-image-preview:large, max-video-preview:-1\" \/>\n<link rel=\"canonical\" href=\"https:\/\/www.visit-ulcinj.com\/blog\/2008\/03\/11\/forca-e-re-demokratike-i-ben-thirrje-qeverise-se-malit-te-zi\/\" \/>\n<meta property=\"og:locale\" content=\"en_US\" \/>\n<meta property=\"og:type\" content=\"article\" \/>\n<meta property=\"og:title\" content=\"Forca e Re Demokratike i b\u00ebn thirrje qeveris\u00eb s\u00eb Malit t\u00eb Zi - Lajme nga Ulqini\" \/>\n<meta property=\"og:url\" content=\"https:\/\/www.visit-ulcinj.com\/blog\/2008\/03\/11\/forca-e-re-demokratike-i-ben-thirrje-qeverise-se-malit-te-zi\/\" \/>\n<meta property=\"og:site_name\" content=\"Lajme nga Ulqini\" \/>\n<meta property=\"article:published_time\" content=\"2008-03-11T19:50:28+00:00\" \/>\n<meta property=\"article:modified_time\" content=\"2008-06-23T21:41:47+00:00\" \/>\n<meta property=\"og:image\" content=\"http:\/\/www.visit-ulcinj.com\/blog\/wp-content\/uploads\/2008\/02\/forca-e-re-demokratike-logo.thumbnail.gif\" \/>\n<meta name=\"twitter:label1\" content=\"Written by\" \/>\n\t<meta name=\"twitter:data1\" content=\"ulqini\" \/>\n\t<meta name=\"twitter:label2\" content=\"Est. reading time\" \/>\n\t<meta name=\"twitter:data2\" content=\"1 minute\" \/>\n<script type=\"application\/ld+json\" class=\"yoast-schema-graph\">{\"@context\":\"https:\/\/schema.org\",\"@graph\":[{\"@type\":\"WebSite\",\"@id\":\"https:\/\/www.visit-ulcinj.com\/blog\/#website\",\"url\":\"https:\/\/www.visit-ulcinj.com\/blog\/\",\"name\":\"Lajme nga Ulqini\",\"description\":\"Lajme,Vijesti,Ulqini,Ulqin,Crna Gora,Mali i Zi\",\"potentialAction\":[{\"@type\":\"SearchAction\",\"target\":{\"@type\":\"EntryPoint\",\"urlTemplate\":\"https:\/\/www.visit-ulcinj.com\/blog\/?s={search_term_string}\"},\"query-input\":\"required name=search_term_string\"}],\"inLanguage\":\"en-US\"},{\"@type\":\"ImageObject\",\"inLanguage\":\"en-US\",\"@id\":\"https:\/\/www.visit-ulcinj.com\/blog\/2008\/03\/11\/forca-e-re-demokratike-i-ben-thirrje-qeverise-se-malit-te-zi\/#primaryimage\",\"url\":\"http:\/\/www.visit-ulcinj.com\/blog\/wp-content\/uploads\/2008\/02\/forca-e-re-demokratike-logo.thumbnail.gif\",\"contentUrl\":\"http:\/\/www.visit-ulcinj.com\/blog\/wp-content\/uploads\/2008\/02\/forca-e-re-demokratike-logo.thumbnail.gif\"},{\"@type\":\"WebPage\",\"@id\":\"https:\/\/www.visit-ulcinj.com\/blog\/2008\/03\/11\/forca-e-re-demokratike-i-ben-thirrje-qeverise-se-malit-te-zi\/#webpage\",\"url\":\"https:\/\/www.visit-ulcinj.com\/blog\/2008\/03\/11\/forca-e-re-demokratike-i-ben-thirrje-qeverise-se-malit-te-zi\/\",\"name\":\"Forca e Re Demokratike i b\u00ebn thirrje qeveris\u00eb s\u00eb Malit t\u00eb Zi - Lajme nga Ulqini\",\"isPartOf\":{\"@id\":\"https:\/\/www.visit-ulcinj.com\/blog\/#website\"},\"primaryImageOfPage\":{\"@id\":\"https:\/\/www.visit-ulcinj.com\/blog\/2008\/03\/11\/forca-e-re-demokratike-i-ben-thirrje-qeverise-se-malit-te-zi\/#primaryimage\"},\"datePublished\":\"2008-03-11T19:50:28+00:00\",\"dateModified\":\"2008-06-23T21:41:47+00:00\",\"author\":{\"@id\":\"https:\/\/www.visit-ulcinj.com\/blog\/#\/schema\/person\/dcab619c614d3038751c63bc2aadc06d\"},\"breadcrumb\":{\"@id\":\"https:\/\/www.visit-ulcinj.com\/blog\/2008\/03\/11\/forca-e-re-demokratike-i-ben-thirrje-qeverise-se-malit-te-zi\/#breadcrumb\"},\"inLanguage\":\"en-US\",\"potentialAction\":[{\"@type\":\"ReadAction\",\"target\":[\"https:\/\/www.visit-ulcinj.com\/blog\/2008\/03\/11\/forca-e-re-demokratike-i-ben-thirrje-qeverise-se-malit-te-zi\/\"]}]},{\"@type\":\"BreadcrumbList\",\"@id\":\"https:\/\/www.visit-ulcinj.com\/blog\/2008\/03\/11\/forca-e-re-demokratike-i-ben-thirrje-qeverise-se-malit-te-zi\/#breadcrumb\",\"itemListElement\":[{\"@type\":\"ListItem\",\"position\":1,\"name\":\"Forca e Re Demokratike i b\u00ebn thirrje qeveris\u00eb s\u00eb Malit t\u00eb Zi\"}]},{\"@type\":\"Person\",\"@id\":\"https:\/\/www.visit-ulcinj.com\/blog\/#\/schema\/person\/dcab619c614d3038751c63bc2aadc06d\",\"name\":\"ulqini\",\"sameAs\":[\"http:\/\/www.visit-ulcinj.com\"],\"url\":\"https:\/\/www.visit-ulcinj.com\/blog\/author\/admin\/\"}]}<\/script>\n<!-- \/ Yoast SEO plugin. -->","yoast_head_json":{"title":"Forca e Re Demokratike i b\u00ebn thirrje qeveris\u00eb s\u00eb Malit t\u00eb Zi - Lajme nga Ulqini","robots":{"index":"index","follow":"follow","max-snippet":"max-snippet:-1","max-image-preview":"max-image-preview:large","max-video-preview":"max-video-preview:-1"},"canonical":"https:\/\/www.visit-ulcinj.com\/blog\/2008\/03\/11\/forca-e-re-demokratike-i-ben-thirrje-qeverise-se-malit-te-zi\/","og_locale":"en_US","og_type":"article","og_title":"Forca e Re Demokratike i b\u00ebn thirrje qeveris\u00eb s\u00eb Malit t\u00eb Zi - Lajme nga Ulqini","og_url":"https:\/\/www.visit-ulcinj.com\/blog\/2008\/03\/11\/forca-e-re-demokratike-i-ben-thirrje-qeverise-se-malit-te-zi\/","og_site_name":"Lajme nga Ulqini","article_published_time":"2008-03-11T19:50:28+00:00","article_modified_time":"2008-06-23T21:41:47+00:00","og_image":[{"url":"http:\/\/www.visit-ulcinj.com\/blog\/wp-content\/uploads\/2008\/02\/forca-e-re-demokratike-logo.thumbnail.gif"}],"twitter_misc":{"Written by":"ulqini","Est. reading time":"1 minute"},"schema":{"@context":"https:\/\/schema.org","@graph":[{"@type":"WebSite","@id":"https:\/\/www.visit-ulcinj.com\/blog\/#website","url":"https:\/\/www.visit-ulcinj.com\/blog\/","name":"Lajme nga Ulqini","description":"Lajme,Vijesti,Ulqini,Ulqin,Crna Gora,Mali i Zi","potentialAction":[{"@type":"SearchAction","target":{"@type":"EntryPoint","urlTemplate":"https:\/\/www.visit-ulcinj.com\/blog\/?s={search_term_string}"},"query-input":"required name=search_term_string"}],"inLanguage":"en-US"},{"@type":"ImageObject","inLanguage":"en-US","@id":"https:\/\/www.visit-ulcinj.com\/blog\/2008\/03\/11\/forca-e-re-demokratike-i-ben-thirrje-qeverise-se-malit-te-zi\/#primaryimage","url":"http:\/\/www.visit-ulcinj.com\/blog\/wp-content\/uploads\/2008\/02\/forca-e-re-demokratike-logo.thumbnail.gif","contentUrl":"http:\/\/www.visit-ulcinj.com\/blog\/wp-content\/uploads\/2008\/02\/forca-e-re-demokratike-logo.thumbnail.gif"},{"@type":"WebPage","@id":"https:\/\/www.visit-ulcinj.com\/blog\/2008\/03\/11\/forca-e-re-demokratike-i-ben-thirrje-qeverise-se-malit-te-zi\/#webpage","url":"https:\/\/www.visit-ulcinj.com\/blog\/2008\/03\/11\/forca-e-re-demokratike-i-ben-thirrje-qeverise-se-malit-te-zi\/","name":"Forca e Re Demokratike i b\u00ebn thirrje qeveris\u00eb s\u00eb Malit t\u00eb Zi - Lajme nga Ulqini","isPartOf":{"@id":"https:\/\/www.visit-ulcinj.com\/blog\/#website"},"primaryImageOfPage":{"@id":"https:\/\/www.visit-ulcinj.com\/blog\/2008\/03\/11\/forca-e-re-demokratike-i-ben-thirrje-qeverise-se-malit-te-zi\/#primaryimage"},"datePublished":"2008-03-11T19:50:28+00:00","dateModified":"2008-06-23T21:41:47+00:00","author":{"@id":"https:\/\/www.visit-ulcinj.com\/blog\/#\/schema\/person\/dcab619c614d3038751c63bc2aadc06d"},"breadcrumb":{"@id":"https:\/\/www.visit-ulcinj.com\/blog\/2008\/03\/11\/forca-e-re-demokratike-i-ben-thirrje-qeverise-se-malit-te-zi\/#breadcrumb"},"inLanguage":"en-US","potentialAction":[{"@type":"ReadAction","target":["https:\/\/www.visit-ulcinj.com\/blog\/2008\/03\/11\/forca-e-re-demokratike-i-ben-thirrje-qeverise-se-malit-te-zi\/"]}]},{"@type":"BreadcrumbList","@id":"https:\/\/www.visit-ulcinj.com\/blog\/2008\/03\/11\/forca-e-re-demokratike-i-ben-thirrje-qeverise-se-malit-te-zi\/#breadcrumb","itemListElement":[{"@type":"ListItem","position":1,"name":"Forca e Re Demokratike i b\u00ebn thirrje qeveris\u00eb s\u00eb Malit t\u00eb Zi"}]},{"@type":"Person","@id":"https:\/\/www.visit-ulcinj.com\/blog\/#\/schema\/person\/dcab619c614d3038751c63bc2aadc06d","name":"ulqini","sameAs":["http:\/\/www.visit-ulcinj.com"],"url":"https:\/\/www.visit-ulcinj.com\/blog\/author\/admin\/"}]}},"jetpack_featured_media_url":"","jetpack_sharing_enabled":true,"jetpack_shortlink":"https:\/\/wp.me\/pe6lTn-e4","_links":{"self":[{"href":"https:\/\/www.visit-ulcinj.com\/blog\/wp-json\/wp\/v2\/posts\/872"}],"collection":[{"href":"https:\/\/www.visit-ulcinj.com\/blog\/wp-json\/wp\/v2\/posts"}],"about":[{"href":"https:\/\/www.visit-ulcinj.com\/blog\/wp-json\/wp\/v2\/types\/post"}],"author":[{"embeddable":true,"href":"https:\/\/www.visit-ulcinj.com\/blog\/wp-json\/wp\/v2\/users\/1"}],"replies":[{"embeddable":true,"href":"https:\/\/www.visit-ulcinj.com\/blog\/wp-json\/wp\/v2\/comments?post=872"}],"version-history":[{"count":0,"href":"https:\/\/www.visit-ulcinj.com\/blog\/wp-json\/wp\/v2\/posts\/872\/revisions"}],"wp:attachment":[{"href":"https:\/\/www.visit-ulcinj.com\/blog\/wp-json\/wp\/v2\/media?parent=872"}],"wp:term":[{"taxonomy":"category","embeddable":true,"href":"https:\/\/www.visit-ulcinj.com\/blog\/wp-json\/wp\/v2\/categories?post=872"},{"taxonomy":"post_tag","embeddable":true,"href":"https:\/\/www.visit-ulcinj.com\/blog\/wp-json\/wp\/v2\/tags?post=872"}],"curies":[{"name":"wp","href":"https:\/\/api.w.org\/{rel}","templated":true}]}}