{"id":87201,"date":"2014-12-23T20:14:28","date_gmt":"2014-12-23T19:14:28","guid":{"rendered":"http:\/\/www.visit-ulcinj.com\/blog\/?p=87201"},"modified":"2014-12-24T17:44:21","modified_gmt":"2014-12-24T16:44:21","slug":"nika-ojq-te-te-mos-festojne-para-kohe-votimi-vendimit-per-ndarje-te-mjeteve-ishte-pa-ligjshem","status":"publish","type":"post","link":"https:\/\/www.visit-ulcinj.com\/blog\/2014\/12\/23\/nika-ojq-te-te-mos-festojne-para-kohe-votimi-vendimit-per-ndarje-te-mjeteve-ishte-pa-ligjshem\/","title":{"rendered":"Nika: OJQ-t\u00eb  t\u00eb mos festojn\u00eb para kohe&#8230;, votimi i vendimit p\u00ebr ndarje t\u00eb mjeteve ishte i pa ligjsh\u00ebm"},"content":{"rendered":"<p><strong>Shkruan: Muhmet Nika,<\/strong><\/p>\n<p><strong>Fillimisht n\u00eb gjurm\u00eb t\u00eb nj\u00eb\u00a0\u00a0 fotografie dhe shkurt- Kush jan\u00eb OJQ-t\u00eb?!! <\/strong><\/p>\n<p><a href=\"http:\/\/www.visit-ulcinj.com\/blog\/wp-content\/uploads\/2014\/12\/Sos-telefoni-Hatixhe-Nelaj.jpg\"><img loading=\"lazy\" class=\"alignleft wp-image-87190\" src=\"http:\/\/www.visit-ulcinj.com\/blog\/wp-content\/uploads\/2014\/12\/Sos-telefoni-Hatixhe-Nelaj.jpg\" alt=\"Sos telefoni-Hatixhe-Nelaj\" width=\"508\" height=\"381\" srcset=\"https:\/\/www.visit-ulcinj.com\/blog\/wp-content\/uploads\/2014\/12\/Sos-telefoni-Hatixhe-Nelaj.jpg 768w, https:\/\/www.visit-ulcinj.com\/blog\/wp-content\/uploads\/2014\/12\/Sos-telefoni-Hatixhe-Nelaj-300x225.jpg 300w\" sizes=\"(max-width: 508px) 100vw, 508px\" \/><\/a><\/p>\n<p><strong><em>Sos telefoni te kryetari Gjeka. <\/em>&#8211; N\u00ebnshkrimi i projektit t\u00eb tyre nga ana TIJ, siguron kalim t\u00eb projekteve 100% para t\u00eb huajve dhe vjelje t\u00eb hollash&#8230;.?!!! Kjo nuk ka asgj\u00eb t\u00eb keqe, dhe detyrimisht duhet p\u00ebrkrahur, por do t\u00eb duhej, q\u00eb p\u00ebr shembull n\u00eb k\u00ebt\u00eb situat\u00eb, n\u00eb vend t\u00eb n\u00ebnkryetares s\u00eb komun\u00ebs, Z. LIKA (si ekzekutiv), t\u00eb ishte ai i kuvendit, i cili me funksion , kryen kontrollin e pushtetit, n\u00eb p\u00ebrgjith\u00ebsi para qytetar\u00ebve, pra edhe t\u00eb sektorit civil n\u00eb k\u00ebt\u00eb situat\u00eb. Ai nj\u00ebkoh\u00ebsisht edhe vet\u00ebn n\u00eb k\u00ebt\u00eb situat\u00eb e\u00a0\u00a0 ngarkon me p\u00ebrgjegj\u00ebsi- t\u00eb pakt\u00ebn morale&#8230;?!!!<\/strong><\/p>\n<p>Diku pas viteve 90 , per\u00ebndimor\u00ebt me q\u00ebllim t\u00eb thyerjes s\u00eb monizmit krijuan dhe financuan sektorin jo qeveritar- kujto fondacionin Soros , p\u00ebr t\u2019i b\u00ebr\u00eb oponenc\u00eb politikave partiake , t\u00eb cilat krijoheshin n\u00eb frym\u00ebn e sistemit nj\u00eb partiak. Andaj edhe ky sektor u thirr No Goverment . Mir\u00ebpo nuk vonuan shum\u00eb dhe p\u00ebr t\u2019iu kund\u00ebrv\u00ebn\u00eb atyre , vet DPSI-i, formoi nj\u00eb mori shoqatash joqeveritare e k\u00ebshtu vepruan edhe pushtetet lokale. Thjesht, sot ata i bie t\u00eb financohen, nga disa burime: t\u00eb huajt , qeveria qendrore dhe nga pushteti lokal duke u b\u00ebr\u00eb k\u00ebshtu nj\u00eb industri n\u00eb vete. Madje nj\u00eb pjes\u00eb bukur e mir\u00eb e tyre mendon t\u00eb jetoj\u00eb nga t\u00eb ardhurat e k\u00ebtyre burimeve&#8230;?!!! \u00c7do pushtet pra edhe ky i k\u00ebtij sektori \u00ebsht\u00eb i korruptuesh\u00ebm , ose korrupton, kurse ata q\u00eb kan\u00eb mund\u00ebsi zgjedhjeje t\u00eb pushteteve( si puna e k\u00ebtij sektori), shkojn\u00eb atje ku paguhen m\u00eb mir\u00eb&#8230;.?!! Ky sektor n\u00eb Ulqin, ashtu si ai republikan, u p\u00ebrcaktua p\u00ebr lojalitet me t\u00eb huajt, andaj edhe ishin e jan\u00eb pro tyre dhe nuk preferonin qeverin\u00eb.<\/p>\n<p>Flitet se partia n\u00eb pushtet, atje kah fundi, kur ra n\u00eb havale me to , p\u00ebrmes shtypit t\u00eb vet ( q\u00eb ajo kontrollon- Informerit), filloi t\u00eb baltos\u00eb aktivistet e k\u00ebtij sektori, n\u00eb nivel republikan, madje edhe p\u00ebr imoralitet dhe perversitet seksual &#8230;?!!!<\/p>\n<p>N\u00eb fillet e krijimit t\u00eb tij , para nj\u00eb dekade, monitoruesit e huaj, e shikonin p\u00ebrmes gishtave , k\u00ebt\u00eb sektor, duke iu pranuar shum\u00eb l\u00ebshime n\u00eb pun\u00eb, e sidomos kur ishin\u00a0\u00a0 n\u00eb pyetje arsyetimi i mjeteve rreth pagesave e m\u00ebditjeve. Nd\u00ebrsa aktualisht , u k\u00ebrkojn\u00eb nj\u00eb llogari t\u00eb sakt\u00eb t\u00eb mjeteve t\u00eb dh\u00ebna dhe nj\u00ebkoh\u00ebsisht , u k\u00ebrkojn\u00eb edhe p\u00ebrkrahjen e komun\u00ebs dhe t\u00eb kuvendit \u2013 p\u00ebr ndryshe nuk ka mjete)?!!!Por nuk e di n\u00ebse k\u00ebt\u00eb pun\u00eb e din\u00eb k\u00ebshilltar\u00ebt e komun\u00ebs. N\u00eb koh\u00ebn time, nj\u00eb p\u00ebrfaq\u00ebsues i k\u00ebtij sektori, m\u00eb tha : Kam fituar nj\u00eb projekt nga Holanda,n\u00eb vler\u00eb prej 30 mij\u00eb eurove, por m\u00eb duhet n\u00ebnshkrimi jot p\u00ebr p\u00eblqim&#8230;?!! Kurse vet ia preva shkurt, ke keni pyetur p\u00ebr t\u00eb shkuar atje.?! Mir\u00eb q\u00eb shkuat, por projektin tuaj , n\u00ebse k\u00ebrkoni p\u00eblqimin tim , mua m\u00eb duhet t\u00eb pyes Kuvendin p\u00ebr p\u00eblqim, p\u00ebr ndryshe p\u00eblqim nuk ka?!!K\u00ebshtu mbet\u00ebm t\u00eb pa k\u00ebnaqur dhe p\u00ebr mua u tha se isha burr\u00eb i keq?!!!<\/p>\n<p><strong>Gjurmimi i nj\u00eb vendimi-Dy fjal\u00eb p\u00ebr procedur\u00ebn e votimit?!!<\/strong><\/p>\n<p>Mbledhja e kaluar e kuvendit d\u00ebshmoi se ai , pas k\u00ebtyre zgjedhjeve t\u00eb b\u00ebra po i kthehet efikasitetit dhe normalitetit q\u00eb kish dikur n\u00eb faz\u00ebn e par\u00eb t\u00eb tij pas viteve 90 dhe \u00e7\u2019\u00ebsht\u00eb e v\u00ebrteta, \u00ebsht\u00eb i pa krahasuar me koh\u00ebt e m\u00eb vonshme q\u00eb gjith\u00eb se si duhet \u00a0t\u00eb p\u00ebrsh\u00ebndetet , por n\u00eb pun\u00ebn e tij me gjith\u00eb at\u00eb nde ka shum\u00eb byk&#8230;?!!<\/p>\n<p>Byk i bie t\u00eb ishte kur me \u00e7el\u00ebs t\u00eb kritereve t\u00eb votuara n\u00eb vendim p\u00ebr ndarjen e mjeteve u p\u00ebrjashtuan nga procedura e konkurrimit p\u00ebr mjete, personat e dalluar me tituj e vepra shkencore t\u00eb kultur\u00ebs etj&#8230;?!!!Madje platforma e disave shkonte aq larg sa jam i detyruar t\u00eb shtoj edhe disa fjal\u00eb edhe pse me d\u00ebshir\u00ebn time e nxora k\u00ebt\u00eb vendim si ish kryetar i kk, kuptohet p\u00ebr her\u00eb t\u00eb par\u00eb n\u00eb kuvend p\u00ebr tu dal\u00eb sa do pak n\u00eb ndihm\u00eb krijuesve duke pasur plot\u00ebsisht mir\u00ebkuptim p\u00ebr pun\u00ebn e tyre.<\/p>\n<p>Por ama n\u00ebse d\u00ebshirojm\u00eb t\u00eb jemi t\u00eb k\u00ebnaqur me cil\u00ebsin\u00eb dhe mbrojtjen ton\u00eb nga pushteti lokal , na duhet doemos t\u00eb m\u00ebsohemi q\u00eb t\u00eb respektojm\u00eb marr\u00ebveshjet dhe procedurat. Si dhe t\u00eb vihemi n\u00eb mbrojtje t\u00eb tyre kur ata shkelen ose keqinterpretohen .<\/p>\n<p><strong>\u00a0<\/strong><\/p>\n<p>Sipas ligjit aktual zgjedhor komuna p\u00ebr t\u00eb p\u00ebrfaq\u00ebsuar popullin zgjedh 33 k\u00ebshilltar\u00eb kurse n\u00eb se nuk arrin t\u2019i zgjedh\u00eb t\u00eb gjith\u00eb p\u00ebr pun\u00eb t\u00eb p\u00ebr\u00e7arjeve dhe zgjedh vet\u00ebm 32 si n\u00eb koh\u00ebn e Skender Hixh\u00ebs, at\u00ebher\u00eb vendimet e tij jan\u00eb t\u00eb pa ligjshme.<\/p>\n<p>Gjithashtu dihet q\u00eb p\u00ebr t\u00eb vendosur rreth \u00e7\u00ebshtjeve, ai , pa tjet\u00ebr duhet t\u00eb punoj\u00eb me kuorum, q\u00eb do t\u00eb thot\u00eb se, nevojit\u00ebn shumica e gishtave-17 pro, nga gjithsej 33. Por n\u00eb se n\u00eb kuvend , marrin pjes\u00eb vet\u00ebm 17 k\u00ebshilltar\u00eb , at\u00ebher\u00eb nuk lejohet votimi i tyre n\u00eb pro dhe kundra , duke votuar , p\u00ebr t\u00eb nj\u00ebjt\u00ebn gj\u00eb dy her\u00eb si n\u00eb rastin konkret, kur u votua vendimi p\u00ebr ndarje t\u00eb mjeteve q\u00eb kish amandament.?!!!<\/p>\n<p>Pa hajgare, por k\u00ebsaj, po m\u00eb duket i bie , si puna e atij \u201csyfyri\u201d n\u00eb ushtri, n\u00eb koh\u00eb t\u00eb \u201ckralevin\u00ebs..\u201d , q\u00eb myslimanet e kishin t\u00eb lejuar agj\u00ebrimin edhe n\u00eb ushtri. Flitet, se n\u00eb at\u00eb koh\u00eb,bashk\u00eb me ta n\u00eb syfyr, \u00e7oheshin dhe do \u00a0ushtar\u00ebve ortodoks\u00eb e m\u00eb von\u00eb hynin edhe nj\u00eb her\u00eb n\u00eb rend p\u00ebr \u201c marend\u201d me t\u00eb tjer\u00ebt?!! Nd\u00ebrsa kur ngjante q\u00eb t\u00eb diktoheshin \u201c kapllari\u201d i kapte n\u00eb rrip..?!!!Ngjash\u00ebm hanin rrip edhe myslimanet, n\u00ebse diktoheshin n\u00eb marend\u00eb..?!!!<\/p>\n<p>N\u00eb k\u00ebto situata,kuvendi n\u00eb se , v\u00ebrejtjet (amendamentet) nuk i vler\u00ebsonte si t\u00eb pa ligjsh\u00ebm \u00ebsht\u00eb dashur doemos t\u2019i votoj\u00eb&#8230;?!!Thjesht\u00eb n\u00eb drejt\u00ebsi, nuk ekzistojn\u00eb 2 t\u00eb v\u00ebrteta \u2013Kuptohet sipas procedur\u00ebs ligjore.<\/p>\n<p>Bile sipas neve, m\u00eb tep\u00ebr kish vend t\u00eb flitej n\u00eb paligjshm\u00ebri t\u00eb vendimit t\u00eb propozuar se sa t\u00eb vet\u00eb amendamentit. Madje-madje, ve\u00e7ojm\u00eb se vendimi ishte i paligjsh\u00ebm, sepse n\u00eb mesin e 45 kritereve t\u00eb p\u00ebrcaktuara p\u00ebr m\u00ebnyr\u00ebn e ndarjes s\u00eb \u201c kolla\u00e7it\u201d- duke p\u00ebrjashtuar karakterin diskriminues &#8230;. , ai nuk\u00a0\u00a0 parasheh , <strong>as kriterin baz\u00eb p\u00ebr ndarje t\u00eb mjeteve, e q\u00eb do t\u00eb duhej t\u00eb ishte sigurimi i vendimit t\u00eb organit kolektiv t\u00eb OJQ-s\u00eb, me t\u00eb cilin d\u00ebshmohet se projekti konkurrues ka pap\u00ebrkrahjen e tij, n\u00eb raport ta z\u00ebm\u00eb \u00a0me nj\u00eb projekt tjet\u00ebr t\u00eb shoqat\u00ebs&#8230;?!!!! <\/strong><\/p>\n<p>K\u00ebshtu si \u00ebsht\u00eb i votuar vendimi, ka mund\u00ebsi t\u00eb plot\u00eb q\u00eb t\u00eb privatizohet ashtu si edhe vendimi p\u00ebr shpalljen e qytetar\u00ebve t\u00eb nderit,edhe vet\u00eb ndarja e mjeteve.- <strong>Ti merr mjete n\u00eb se \u201d t\u00eb don\u201d kryetari i shoqat\u00ebs e ndryshe jo &#8230;?!!<\/strong><\/p>\n<p><strong>A do ta lejoj\u00eb k\u00ebt\u00eb shkelje t\u00eb procedur\u00ebs \u201d derzhurni i DPS-it\u201d, n\u00eb Ulqin?!!!<\/strong><\/p>\n<p>Pas gjith\u00eb k\u00ebsaj q\u00eb ndodhi me dekompozim t\u00eb sken\u00ebs politike n\u00eb Ulqin, ku DPS, vet\u00ebm brenda 2 viteve u qit n\u00eb opozit\u00eb n\u00eb pushtet duke ia marr\u00eb at\u00eb nga partit\u00eb e koalicionit qeveris\u00ebs, \u00ebsht\u00eb komoditet i tepruar t\u00eb besosh q\u00eb edhe n\u00eb k\u00ebt\u00eb situat\u00eb, nuk do t\u00eb iniciojn\u00eb ligjshm\u00ebrin\u00eb e vendimit dhe votimit p\u00ebr ndarjen mjeteve. Dihet q\u00eb p\u00ebr k\u00ebt\u00eb pun\u00ebn jan\u00eb t\u00eb pa k\u00ebnaqur dhe kan\u00eb iniciuar disa pyetje t\u00eb k\u00ebshilltar\u00ebve, q\u00eb shum\u00eb leht\u00eb mund t\u00eb p\u00ebrfundojn\u00eb n\u00eb dis favor t\u00eb atyre q\u00eb e nxirren vendimin. Nd\u00ebrsa t\u00eb falsifikosh ,me ose pa vet\u00ebdije \u00e7\u00ebshtjen \u00ebsht\u00eb fare e pa mundur kur kem para sysh incizimet filmike t\u00eb kuvendit q\u00eb b\u00ebhen e ruhen n\u00eb 3 kopje&#8230;?!!!<\/p>\n<p><strong>Ja nj\u00eb d\u00ebshmi e ruajtjes filmike t\u00eb dokumentacionit( t\u00eb koh\u00ebs time si kryetar i KK), q\u00eb ruhet dhe \u00ebsht\u00eb nj\u00eb pasuri e tij. \u00cbsht\u00eb pyetje tjet\u00ebr se si ruhen k\u00ebto CD-e , n\u00eb \u00e7far\u00eb kushtesh dhe kush \u00ebsht\u00eb p\u00ebrgjegj\u00ebs , para kuvendit- cili n\u00ebpun\u00ebs me referat&#8230;?!!! Me k\u00ebta shum\u00eb zyrtar\u00ebve lokal , t\u00eb cil\u00ebt aktualisht jan\u00eb t\u00eb akuzuar do tu priteshin shum\u00eb miza n\u00eb gjykat\u00eb , ose kuptohet do tu shtoheshin ato, kur punuan kok\u00eb n\u00eb vete&#8230;?!!! Me k\u00ebto dokumente e raporte pune t\u00eb sektorit publik\u00eb q\u00eb themelon kuvendi, u p\u00ebrligjen shum\u00eb dyshime e thashe theme n\u00eb pun\u00ebn tyre nga Kuvendi i Ulqinit, me mbledhjen e jasht\u00ebzakonshme t\u00eb gushtit t\u00eb k\u00ebtij viti&#8230;?!!!!<\/strong><\/p>\n<p><a href=\"http:\/\/www.visit-ulcinj.com\/blog\/wp-content\/uploads\/2014\/12\/d\u00ebshmi-e-ruajtjes-filmike-t\u00eb-dokumentacionit-uLQIN.jpg\"><img loading=\"lazy\" class=\"alignleft wp-image-87202\" src=\"http:\/\/www.visit-ulcinj.com\/blog\/wp-content\/uploads\/2014\/12\/d\u00ebshmi-e-ruajtjes-filmike-t\u00eb-dokumentacionit-uLQIN.jpg\" alt=\"d\u00ebshmi e ruajtjes filmike t\u00eb dokumentacionit-uLQIN\" width=\"508\" height=\"469\" srcset=\"https:\/\/www.visit-ulcinj.com\/blog\/wp-content\/uploads\/2014\/12\/d\u00ebshmi-e-ruajtjes-filmike-t\u00eb-dokumentacionit-uLQIN.jpg 382w, https:\/\/www.visit-ulcinj.com\/blog\/wp-content\/uploads\/2014\/12\/d\u00ebshmi-e-ruajtjes-filmike-t\u00eb-dokumentacionit-uLQIN-300x277.jpg 300w\" sizes=\"(max-width: 508px) 100vw, 508px\" \/><\/a><\/p>\n","protected":false},"excerpt":{"rendered":"<p>Shkruan: Muhmet Nika, Fillimisht n\u00eb gjurm\u00eb t\u00eb nj\u00eb\u00a0\u00a0 fotografie dhe shkurt- Kush jan\u00eb OJQ-t\u00eb?!! Sos telefoni te kryetari Gjeka. &#8211; N\u00ebnshkrimi i projektit t\u00eb tyre nga ana TIJ, siguron kalim t\u00eb projekteve 100% para t\u00eb huajve dhe vjelje t\u00eb hollash&#8230;.?!!! Kjo nuk ka asgj\u00eb t\u00eb keqe, dhe detyrimisht duhet p\u00ebrkrahur, por do t\u00eb duhej, q\u00eb [&hellip;]<\/p>\n","protected":false},"author":1,"featured_media":0,"comment_status":"closed","ping_status":"closed","sticky":false,"template":"","format":"standard","meta":{"spay_email":"","jetpack_publicize_message":"","jetpack_is_tweetstorm":false,"jetpack_publicize_feature_enabled":true},"categories":[1,14249],"tags":[],"jetpack_publicize_connections":[],"yoast_head":"<!-- This site is optimized with the Yoast SEO plugin v19.1 - https:\/\/yoast.com\/wordpress\/plugins\/seo\/ -->\n<title>Nika: OJQ-t\u00eb t\u00eb mos festojn\u00eb para kohe..., votimi i vendimit p\u00ebr ndarje t\u00eb mjeteve ishte i pa ligjsh\u00ebm - Lajme nga Ulqini<\/title>\n<meta name=\"description\" content=\"Shkruan: Muhmet Nika, Fillimisht n\u00eb gjurm\u00eb t\u00eb nj\u00eb\u00a0\u00a0 fotografie dhe shkurt- Kush jan\u00eb OJQ-t\u00eb?!! Sos telefoni te kryetari Gjeka. - N\u00ebnshkrimi i projektit t\u00eb\" \/>\n<meta name=\"robots\" content=\"index, follow, max-snippet:-1, max-image-preview:large, max-video-preview:-1\" \/>\n<link rel=\"canonical\" href=\"https:\/\/www.visit-ulcinj.com\/blog\/2014\/12\/23\/nika-ojq-te-te-mos-festojne-para-kohe-votimi-vendimit-per-ndarje-te-mjeteve-ishte-pa-ligjshem\/\" \/>\n<meta property=\"og:locale\" content=\"en_US\" \/>\n<meta property=\"og:type\" content=\"article\" \/>\n<meta property=\"og:title\" content=\"Nika: OJQ-t\u00eb t\u00eb mos festojn\u00eb para kohe..., votimi i vendimit p\u00ebr ndarje t\u00eb mjeteve ishte i pa ligjsh\u00ebm - Lajme nga Ulqini\" \/>\n<meta property=\"og:description\" content=\"Shkruan: Muhmet Nika, Fillimisht n\u00eb gjurm\u00eb t\u00eb nj\u00eb\u00a0\u00a0 fotografie dhe shkurt- Kush jan\u00eb OJQ-t\u00eb?!! Sos telefoni te kryetari Gjeka. - N\u00ebnshkrimi i projektit t\u00eb\" \/>\n<meta property=\"og:url\" content=\"https:\/\/www.visit-ulcinj.com\/blog\/2014\/12\/23\/nika-ojq-te-te-mos-festojne-para-kohe-votimi-vendimit-per-ndarje-te-mjeteve-ishte-pa-ligjshem\/\" \/>\n<meta property=\"og:site_name\" content=\"Lajme nga Ulqini\" \/>\n<meta property=\"article:published_time\" content=\"2014-12-23T19:14:28+00:00\" \/>\n<meta property=\"article:modified_time\" content=\"2014-12-24T16:44:21+00:00\" \/>\n<meta property=\"og:image\" content=\"http:\/\/www.visit-ulcinj.com\/blog\/wp-content\/uploads\/2014\/12\/Sos-telefoni-Hatixhe-Nelaj.jpg\" \/>\n<meta name=\"twitter:label1\" content=\"Written by\" \/>\n\t<meta name=\"twitter:data1\" content=\"ulqini\" \/>\n\t<meta name=\"twitter:label2\" content=\"Est. reading time\" \/>\n\t<meta name=\"twitter:data2\" content=\"7 minutes\" \/>\n<script type=\"application\/ld+json\" class=\"yoast-schema-graph\">{\"@context\":\"https:\/\/schema.org\",\"@graph\":[{\"@type\":\"WebSite\",\"@id\":\"https:\/\/www.visit-ulcinj.com\/blog\/#website\",\"url\":\"https:\/\/www.visit-ulcinj.com\/blog\/\",\"name\":\"Lajme nga Ulqini\",\"description\":\"Lajme,Vijesti,Ulqini,Ulqin,Crna Gora,Mali i Zi\",\"potentialAction\":[{\"@type\":\"SearchAction\",\"target\":{\"@type\":\"EntryPoint\",\"urlTemplate\":\"https:\/\/www.visit-ulcinj.com\/blog\/?s={search_term_string}\"},\"query-input\":\"required name=search_term_string\"}],\"inLanguage\":\"en-US\"},{\"@type\":\"ImageObject\",\"inLanguage\":\"en-US\",\"@id\":\"https:\/\/www.visit-ulcinj.com\/blog\/2014\/12\/23\/nika-ojq-te-te-mos-festojne-para-kohe-votimi-vendimit-per-ndarje-te-mjeteve-ishte-pa-ligjshem\/#primaryimage\",\"url\":\"https:\/\/www.visit-ulcinj.com\/blog\/wp-content\/uploads\/2014\/12\/Sos-telefoni-Hatixhe-Nelaj.jpg\",\"contentUrl\":\"https:\/\/www.visit-ulcinj.com\/blog\/wp-content\/uploads\/2014\/12\/Sos-telefoni-Hatixhe-Nelaj.jpg\",\"width\":768,\"height\":576},{\"@type\":\"WebPage\",\"@id\":\"https:\/\/www.visit-ulcinj.com\/blog\/2014\/12\/23\/nika-ojq-te-te-mos-festojne-para-kohe-votimi-vendimit-per-ndarje-te-mjeteve-ishte-pa-ligjshem\/#webpage\",\"url\":\"https:\/\/www.visit-ulcinj.com\/blog\/2014\/12\/23\/nika-ojq-te-te-mos-festojne-para-kohe-votimi-vendimit-per-ndarje-te-mjeteve-ishte-pa-ligjshem\/\",\"name\":\"Nika: OJQ-t\u00eb t\u00eb mos festojn\u00eb para kohe..., votimi i vendimit p\u00ebr ndarje t\u00eb mjeteve ishte i pa ligjsh\u00ebm - Lajme nga Ulqini\",\"isPartOf\":{\"@id\":\"https:\/\/www.visit-ulcinj.com\/blog\/#website\"},\"primaryImageOfPage\":{\"@id\":\"https:\/\/www.visit-ulcinj.com\/blog\/2014\/12\/23\/nika-ojq-te-te-mos-festojne-para-kohe-votimi-vendimit-per-ndarje-te-mjeteve-ishte-pa-ligjshem\/#primaryimage\"},\"datePublished\":\"2014-12-23T19:14:28+00:00\",\"dateModified\":\"2014-12-24T16:44:21+00:00\",\"author\":{\"@id\":\"https:\/\/www.visit-ulcinj.com\/blog\/#\/schema\/person\/dcab619c614d3038751c63bc2aadc06d\"},\"description\":\"Shkruan: Muhmet Nika, Fillimisht n\u00eb gjurm\u00eb t\u00eb nj\u00eb\u00a0\u00a0 fotografie dhe shkurt- Kush jan\u00eb OJQ-t\u00eb?!! Sos telefoni te kryetari Gjeka. - N\u00ebnshkrimi i projektit t\u00eb\",\"breadcrumb\":{\"@id\":\"https:\/\/www.visit-ulcinj.com\/blog\/2014\/12\/23\/nika-ojq-te-te-mos-festojne-para-kohe-votimi-vendimit-per-ndarje-te-mjeteve-ishte-pa-ligjshem\/#breadcrumb\"},\"inLanguage\":\"en-US\",\"potentialAction\":[{\"@type\":\"ReadAction\",\"target\":[\"https:\/\/www.visit-ulcinj.com\/blog\/2014\/12\/23\/nika-ojq-te-te-mos-festojne-para-kohe-votimi-vendimit-per-ndarje-te-mjeteve-ishte-pa-ligjshem\/\"]}]},{\"@type\":\"BreadcrumbList\",\"@id\":\"https:\/\/www.visit-ulcinj.com\/blog\/2014\/12\/23\/nika-ojq-te-te-mos-festojne-para-kohe-votimi-vendimit-per-ndarje-te-mjeteve-ishte-pa-ligjshem\/#breadcrumb\",\"itemListElement\":[{\"@type\":\"ListItem\",\"position\":1,\"name\":\"Nika: OJQ-t\u00eb t\u00eb mos festojn\u00eb para kohe&#8230;, votimi i vendimit p\u00ebr ndarje t\u00eb mjeteve ishte i pa ligjsh\u00ebm\"}]},{\"@type\":\"Person\",\"@id\":\"https:\/\/www.visit-ulcinj.com\/blog\/#\/schema\/person\/dcab619c614d3038751c63bc2aadc06d\",\"name\":\"ulqini\",\"sameAs\":[\"http:\/\/www.visit-ulcinj.com\"],\"url\":\"https:\/\/www.visit-ulcinj.com\/blog\/author\/admin\/\"}]}<\/script>\n<!-- \/ Yoast SEO plugin. -->","yoast_head_json":{"title":"Nika: OJQ-t\u00eb t\u00eb mos festojn\u00eb para kohe..., votimi i vendimit p\u00ebr ndarje t\u00eb mjeteve ishte i pa ligjsh\u00ebm - Lajme nga Ulqini","description":"Shkruan: Muhmet Nika, Fillimisht n\u00eb gjurm\u00eb t\u00eb nj\u00eb\u00a0\u00a0 fotografie dhe shkurt- Kush jan\u00eb OJQ-t\u00eb?!! Sos telefoni te kryetari Gjeka. - N\u00ebnshkrimi i projektit t\u00eb","robots":{"index":"index","follow":"follow","max-snippet":"max-snippet:-1","max-image-preview":"max-image-preview:large","max-video-preview":"max-video-preview:-1"},"canonical":"https:\/\/www.visit-ulcinj.com\/blog\/2014\/12\/23\/nika-ojq-te-te-mos-festojne-para-kohe-votimi-vendimit-per-ndarje-te-mjeteve-ishte-pa-ligjshem\/","og_locale":"en_US","og_type":"article","og_title":"Nika: OJQ-t\u00eb t\u00eb mos festojn\u00eb para kohe..., votimi i vendimit p\u00ebr ndarje t\u00eb mjeteve ishte i pa ligjsh\u00ebm - Lajme nga Ulqini","og_description":"Shkruan: Muhmet Nika, Fillimisht n\u00eb gjurm\u00eb t\u00eb nj\u00eb\u00a0\u00a0 fotografie dhe shkurt- Kush jan\u00eb OJQ-t\u00eb?!! Sos telefoni te kryetari Gjeka. - N\u00ebnshkrimi i projektit t\u00eb","og_url":"https:\/\/www.visit-ulcinj.com\/blog\/2014\/12\/23\/nika-ojq-te-te-mos-festojne-para-kohe-votimi-vendimit-per-ndarje-te-mjeteve-ishte-pa-ligjshem\/","og_site_name":"Lajme nga Ulqini","article_published_time":"2014-12-23T19:14:28+00:00","article_modified_time":"2014-12-24T16:44:21+00:00","og_image":[{"url":"http:\/\/www.visit-ulcinj.com\/blog\/wp-content\/uploads\/2014\/12\/Sos-telefoni-Hatixhe-Nelaj.jpg"}],"twitter_misc":{"Written by":"ulqini","Est. reading time":"7 minutes"},"schema":{"@context":"https:\/\/schema.org","@graph":[{"@type":"WebSite","@id":"https:\/\/www.visit-ulcinj.com\/blog\/#website","url":"https:\/\/www.visit-ulcinj.com\/blog\/","name":"Lajme nga Ulqini","description":"Lajme,Vijesti,Ulqini,Ulqin,Crna Gora,Mali i Zi","potentialAction":[{"@type":"SearchAction","target":{"@type":"EntryPoint","urlTemplate":"https:\/\/www.visit-ulcinj.com\/blog\/?s={search_term_string}"},"query-input":"required name=search_term_string"}],"inLanguage":"en-US"},{"@type":"ImageObject","inLanguage":"en-US","@id":"https:\/\/www.visit-ulcinj.com\/blog\/2014\/12\/23\/nika-ojq-te-te-mos-festojne-para-kohe-votimi-vendimit-per-ndarje-te-mjeteve-ishte-pa-ligjshem\/#primaryimage","url":"https:\/\/www.visit-ulcinj.com\/blog\/wp-content\/uploads\/2014\/12\/Sos-telefoni-Hatixhe-Nelaj.jpg","contentUrl":"https:\/\/www.visit-ulcinj.com\/blog\/wp-content\/uploads\/2014\/12\/Sos-telefoni-Hatixhe-Nelaj.jpg","width":768,"height":576},{"@type":"WebPage","@id":"https:\/\/www.visit-ulcinj.com\/blog\/2014\/12\/23\/nika-ojq-te-te-mos-festojne-para-kohe-votimi-vendimit-per-ndarje-te-mjeteve-ishte-pa-ligjshem\/#webpage","url":"https:\/\/www.visit-ulcinj.com\/blog\/2014\/12\/23\/nika-ojq-te-te-mos-festojne-para-kohe-votimi-vendimit-per-ndarje-te-mjeteve-ishte-pa-ligjshem\/","name":"Nika: OJQ-t\u00eb t\u00eb mos festojn\u00eb para kohe..., votimi i vendimit p\u00ebr ndarje t\u00eb mjeteve ishte i pa ligjsh\u00ebm - Lajme nga Ulqini","isPartOf":{"@id":"https:\/\/www.visit-ulcinj.com\/blog\/#website"},"primaryImageOfPage":{"@id":"https:\/\/www.visit-ulcinj.com\/blog\/2014\/12\/23\/nika-ojq-te-te-mos-festojne-para-kohe-votimi-vendimit-per-ndarje-te-mjeteve-ishte-pa-ligjshem\/#primaryimage"},"datePublished":"2014-12-23T19:14:28+00:00","dateModified":"2014-12-24T16:44:21+00:00","author":{"@id":"https:\/\/www.visit-ulcinj.com\/blog\/#\/schema\/person\/dcab619c614d3038751c63bc2aadc06d"},"description":"Shkruan: Muhmet Nika, Fillimisht n\u00eb gjurm\u00eb t\u00eb nj\u00eb\u00a0\u00a0 fotografie dhe shkurt- Kush jan\u00eb OJQ-t\u00eb?!! Sos telefoni te kryetari Gjeka. - N\u00ebnshkrimi i projektit t\u00eb","breadcrumb":{"@id":"https:\/\/www.visit-ulcinj.com\/blog\/2014\/12\/23\/nika-ojq-te-te-mos-festojne-para-kohe-votimi-vendimit-per-ndarje-te-mjeteve-ishte-pa-ligjshem\/#breadcrumb"},"inLanguage":"en-US","potentialAction":[{"@type":"ReadAction","target":["https:\/\/www.visit-ulcinj.com\/blog\/2014\/12\/23\/nika-ojq-te-te-mos-festojne-para-kohe-votimi-vendimit-per-ndarje-te-mjeteve-ishte-pa-ligjshem\/"]}]},{"@type":"BreadcrumbList","@id":"https:\/\/www.visit-ulcinj.com\/blog\/2014\/12\/23\/nika-ojq-te-te-mos-festojne-para-kohe-votimi-vendimit-per-ndarje-te-mjeteve-ishte-pa-ligjshem\/#breadcrumb","itemListElement":[{"@type":"ListItem","position":1,"name":"Nika: OJQ-t\u00eb t\u00eb mos festojn\u00eb para kohe&#8230;, votimi i vendimit p\u00ebr ndarje t\u00eb mjeteve ishte i pa ligjsh\u00ebm"}]},{"@type":"Person","@id":"https:\/\/www.visit-ulcinj.com\/blog\/#\/schema\/person\/dcab619c614d3038751c63bc2aadc06d","name":"ulqini","sameAs":["http:\/\/www.visit-ulcinj.com"],"url":"https:\/\/www.visit-ulcinj.com\/blog\/author\/admin\/"}]}},"jetpack_featured_media_url":"","jetpack_sharing_enabled":true,"jetpack_shortlink":"https:\/\/wp.me\/pe6lTn-mGt","_links":{"self":[{"href":"https:\/\/www.visit-ulcinj.com\/blog\/wp-json\/wp\/v2\/posts\/87201"}],"collection":[{"href":"https:\/\/www.visit-ulcinj.com\/blog\/wp-json\/wp\/v2\/posts"}],"about":[{"href":"https:\/\/www.visit-ulcinj.com\/blog\/wp-json\/wp\/v2\/types\/post"}],"author":[{"embeddable":true,"href":"https:\/\/www.visit-ulcinj.com\/blog\/wp-json\/wp\/v2\/users\/1"}],"replies":[{"embeddable":true,"href":"https:\/\/www.visit-ulcinj.com\/blog\/wp-json\/wp\/v2\/comments?post=87201"}],"version-history":[{"count":1,"href":"https:\/\/www.visit-ulcinj.com\/blog\/wp-json\/wp\/v2\/posts\/87201\/revisions"}],"predecessor-version":[{"id":87203,"href":"https:\/\/www.visit-ulcinj.com\/blog\/wp-json\/wp\/v2\/posts\/87201\/revisions\/87203"}],"wp:attachment":[{"href":"https:\/\/www.visit-ulcinj.com\/blog\/wp-json\/wp\/v2\/media?parent=87201"}],"wp:term":[{"taxonomy":"category","embeddable":true,"href":"https:\/\/www.visit-ulcinj.com\/blog\/wp-json\/wp\/v2\/categories?post=87201"},{"taxonomy":"post_tag","embeddable":true,"href":"https:\/\/www.visit-ulcinj.com\/blog\/wp-json\/wp\/v2\/tags?post=87201"}],"curies":[{"name":"wp","href":"https:\/\/api.w.org\/{rel}","templated":true}]}}