{"id":87207,"date":"2014-12-23T20:32:30","date_gmt":"2014-12-23T19:32:30","guid":{"rendered":"http:\/\/www.visit-ulcinj.com\/blog\/?p=87207"},"modified":"2014-12-23T20:32:30","modified_gmt":"2014-12-23T19:32:30","slug":"ne-shqiptaret-e-tivarit-po-asimilohemi","status":"publish","type":"post","link":"https:\/\/www.visit-ulcinj.com\/blog\/2014\/12\/23\/ne-shqiptaret-e-tivarit-po-asimilohemi\/","title":{"rendered":"Ne, shqiptar\u00ebt e Tivarit, po asimilohemi!"},"content":{"rendered":"<p><strong><a href=\"http:\/\/www.visit-ulcinj.com\/blog\/wp-content\/uploads\/2014\/12\/harta-e-viseve-shqiptare.jpg\"><img loading=\"lazy\" class=\"alignleft wp-image-87208\" src=\"http:\/\/www.visit-ulcinj.com\/blog\/wp-content\/uploads\/2014\/12\/harta-e-viseve-shqiptare.jpg\" alt=\"harta-e-viseve-shqiptare\" width=\"508\" height=\"333\" srcset=\"https:\/\/www.visit-ulcinj.com\/blog\/wp-content\/uploads\/2014\/12\/harta-e-viseve-shqiptare.jpg 758w, https:\/\/www.visit-ulcinj.com\/blog\/wp-content\/uploads\/2014\/12\/harta-e-viseve-shqiptare-300x196.jpg 300w\" sizes=\"(max-width: 508px) 100vw, 508px\" \/><\/a>Ilirjan Koliqi<\/strong><\/p>\n<p>Shqiptar\u00ebt e Tivarit nd\u00ebr vite jan\u00eb p\u00ebrgjysmuar e p\u00ebrgjysmuar. Sot ata p\u00ebrb\u00ebjn\u00eb rreth 6 % t\u00eb popullsis\u00eb s\u00eb p\u00ebrgjithshme t\u00eb k\u00ebtij qyteti dhe banojn\u00eb kryesisht n\u00eb pjes\u00ebn e Kraj\u00ebs (zona e bregliqenit t\u00eb Shkodr\u00ebs q\u00eb i takon Malit t\u00eb Zi), nd\u00ebrsa nj\u00eb pjes\u00eb fare e vog\u00ebl jeton n\u00eb pjes\u00ebn urbane t\u00eb qytetit. P\u00ebrpos statistikave zyrtare, numri i shqiptar\u00ebve n\u00eb k\u00ebt\u00eb komun\u00eb nuk dihet sakt\u00ebsisht p\u00ebr shkak t\u00eb manipulimeve gjat\u00eb regjistrimit, gj\u00eb q\u00eb e v\u00ebrteton fakti se numri i shqiptar\u00ebve me numrin e atyre q\u00eb gjuh\u00eb amtar\u00eb kan\u00eb gjuh\u00ebn shqipe nuk p\u00ebrputhet!<\/p>\n<p>Pozita e tyre n\u00eb aspektin politik \u00ebsht\u00eb tejmase diskriminuese. Gjuha shqipe nuk lejohet t\u00eb p\u00ebrdoret n\u00eb administrat\u00ebn lokale edhe p\u00ebrpos konventave t\u00eb shumta nd\u00ebrkomb\u00ebtare, q\u00eb e sanksionojn\u00eb si t\u00eb drejt\u00eb p\u00ebrdorimin e gjuh\u00ebs prej pakicave komb\u00ebtare a etnike. Nd\u00ebrsa n\u00eb pjes\u00ebn urbane t\u00eb qytetit nuk ka asnj\u00eb shkol\u00eb n\u00eb gjuh\u00ebn shqipe dhe duke i privuar nga kjo e drejt\u00eb, banor\u00ebt shqiptar\u00eb jan\u00eb t\u00eb ekspozuar ndaj asimilimit, proces i cili po vazhdon edhe sot e gjith\u00eb dit\u00ebn.<\/p>\n<p>Emigrimi i vazhduesh\u00ebm i popullat\u00ebs dhe procesi i asimilimit, kan\u00eb rrezikuar seriozisht ekzistenc\u00ebn e komunitetit shqiptar. Partit\u00eb politike shqiptare kan\u00eb vet\u00ebm nj\u00eb p\u00ebrfaq\u00ebsues n\u00eb Asamblen\u00eb Komunale, gj\u00eb q\u00eb ka ardhur edhe si pasoj\u00eb e rrjedhjes s\u00eb votave shqiptare n\u00eb partit\u00eb malazeze. Ky fenomen ndodh sepse shoq\u00ebria \u00ebsht\u00eb tejmase e politizuar \u00a0dhe votuesit vot\u00ebn e p\u00ebrdorin p\u00ebr shkaqe pragmatiste. Nj\u00eb fenomen i till\u00eb po e zbeh influenc\u00ebn shqiptare n\u00eb k\u00ebt\u00eb komun\u00eb. Kraja, si zona e vetme e k\u00ebtij qyteti m\u00eb popullsi 100 % shqiptare, \u00ebsht\u00eb l\u00ebn\u00eb n\u00eb neglizhenc\u00eb t\u00eb plot\u00eb nga pushteti. Mungesa e investimeve ka rezultuar m\u00eb shp\u00ebrngulje t\u00eb vazhdueshme t\u00eb popullat\u00ebs. N\u00eb vazhd\u00ebn e shum\u00eb projekteve q\u00eb priten nd\u00ebr vite, m\u00eb jetikja p\u00ebr Kraj\u00ebn \u00ebsht\u00eb hapja e pik\u00ebs kufitare nd\u00ebrmjet Malit t\u00eb Zi dhe Shqip\u00ebris\u00eb, q\u00eb njihet gjegj\u00ebsisht si pika kufitare e Skje-Zogajt. Ky projekt, i cili nuk ka ndonj\u00eb kosto t\u00eb madhe financiare, meq\u00eb larg\u00ebsia nga Zogaj n\u00eb Hutaj (Skje) n\u00eb vij\u00eb ajrore s\u2019\u00ebsht\u00eb m\u00eb tep\u00ebr se nj\u00eb kilomet\u00ebr e gjysm\u00eb, pritet t\u00eb hap\u00eb nj\u00eb dritare p\u00ebr daljen nga izolimi t\u00eb k\u00ebsaj zone. P\u00ebrpos rikthimit t\u00eb lidhjes shpirt\u00ebrore dhe kulturore me Shkodr\u00ebn, kjo pik\u00eb kufitare do t\u00eb hap\u00eb mund\u00ebsi t\u00eb reja zhvillimore, do T\u00eb valorizonte t\u00eb gjith\u00eb potencialin ekonomik dhe kryesisht potencialin turistik.<\/p>\n<p>Angazhimi i Shqip\u00ebris\u00eb n\u00eb k\u00ebt\u00eb projekt \u00ebsht\u00eb jetik dhe ne shpresojm\u00eb q\u00eb ndjeshm\u00ebria komb\u00ebtare t\u00eb ndikoj\u00eb n\u00eb p\u00ebrshpejtimin e zbatimit t\u00eb k\u00ebtij projekti, i cili do t\u2019ia rikthej\u00eb dinjitetin e humbur k\u00ebsaj zone.\u00a0Fenomeni m\u00eb posht\u00ebrues q\u00eb po u ndodh banor\u00ebve t\u00eb Kraj\u00ebs, \u00ebsht\u00eb padyshim rrethimi i saj me objekte fetare nga kisha ortodokse serbe, si\u00e7 \u00ebsht\u00eb edhe vendosja e t\u00eb ashtuquajtur\u00ebs kish\u00eb n\u00eb malin e Rumis\u00eb, si edhe zaptimi i ujdhesave n\u00eb liqenin e Shkodr\u00ebs, t\u00eb cilat po zaptohen dita dit\u00ebs dhe q\u00eb vet\u00ebm karakter fetar nuk kan\u00eb. I gjithi ky proces po ndodh me bekimin e t\u00eb nj\u00ebjtit person q\u00eb pati bekuar edhe Arkanin p\u00ebr luft\u00ebrat e zhvilluara ne ish-Jugosllavi. Si\u00e7 duket, jehona a masakr\u00ebs s\u00eb Tivarit po i ndjek edhe sot shqiptar\u00ebt e k\u00ebtij qyteti, t\u00eb cil\u00ebt seriozisht po rrezikohen nga asimilimi.<\/p>\n","protected":false},"excerpt":{"rendered":"<p>Ilirjan Koliqi Shqiptar\u00ebt e Tivarit nd\u00ebr vite jan\u00eb p\u00ebrgjysmuar e p\u00ebrgjysmuar. Sot ata p\u00ebrb\u00ebjn\u00eb rreth 6 % t\u00eb popullsis\u00eb s\u00eb p\u00ebrgjithshme t\u00eb k\u00ebtij qyteti dhe banojn\u00eb kryesisht n\u00eb pjes\u00ebn e Kraj\u00ebs (zona e bregliqenit t\u00eb Shkodr\u00ebs q\u00eb i takon Malit t\u00eb Zi), nd\u00ebrsa nj\u00eb pjes\u00eb fare e vog\u00ebl jeton n\u00eb pjes\u00ebn urbane t\u00eb qytetit. P\u00ebrpos [&hellip;]<\/p>\n","protected":false},"author":1,"featured_media":0,"comment_status":"closed","ping_status":"closed","sticky":false,"template":"","format":"standard","meta":{"spay_email":"","jetpack_publicize_message":"","jetpack_is_tweetstorm":false,"jetpack_publicize_feature_enabled":true},"categories":[14],"tags":[],"jetpack_publicize_connections":[],"yoast_head":"<!-- This site is optimized with the Yoast SEO plugin v19.1 - https:\/\/yoast.com\/wordpress\/plugins\/seo\/ -->\n<title>Ne, shqiptar\u00ebt e Tivarit, po asimilohemi! - Lajme nga Ulqini<\/title>\n<meta name=\"description\" content=\"Ilirjan Koliqi Shqiptar\u00ebt e Tivarit nd\u00ebr vite jan\u00eb p\u00ebrgjysmuar e p\u00ebrgjysmuar. Sot ata p\u00ebrb\u00ebjn\u00eb rreth 6 % t\u00eb popullsis\u00eb s\u00eb p\u00ebrgjithshme t\u00eb k\u00ebtij qyteti dhe\" \/>\n<meta name=\"robots\" content=\"index, follow, max-snippet:-1, max-image-preview:large, max-video-preview:-1\" \/>\n<link rel=\"canonical\" href=\"https:\/\/www.visit-ulcinj.com\/blog\/2014\/12\/23\/ne-shqiptaret-e-tivarit-po-asimilohemi\/\" \/>\n<meta property=\"og:locale\" content=\"en_US\" \/>\n<meta property=\"og:type\" content=\"article\" \/>\n<meta property=\"og:title\" content=\"Ne, shqiptar\u00ebt e Tivarit, po asimilohemi! - Lajme nga Ulqini\" \/>\n<meta property=\"og:description\" content=\"Ilirjan Koliqi Shqiptar\u00ebt e Tivarit nd\u00ebr vite jan\u00eb p\u00ebrgjysmuar e p\u00ebrgjysmuar. Sot ata p\u00ebrb\u00ebjn\u00eb rreth 6 % t\u00eb popullsis\u00eb s\u00eb p\u00ebrgjithshme t\u00eb k\u00ebtij qyteti dhe\" \/>\n<meta property=\"og:url\" content=\"https:\/\/www.visit-ulcinj.com\/blog\/2014\/12\/23\/ne-shqiptaret-e-tivarit-po-asimilohemi\/\" \/>\n<meta property=\"og:site_name\" content=\"Lajme nga Ulqini\" \/>\n<meta property=\"article:published_time\" content=\"2014-12-23T19:32:30+00:00\" \/>\n<meta property=\"og:image\" content=\"http:\/\/www.visit-ulcinj.com\/blog\/wp-content\/uploads\/2014\/12\/harta-e-viseve-shqiptare.jpg\" \/>\n<meta name=\"twitter:label1\" content=\"Written by\" \/>\n\t<meta name=\"twitter:data1\" content=\"ulqini\" \/>\n\t<meta name=\"twitter:label2\" content=\"Est. reading time\" \/>\n\t<meta name=\"twitter:data2\" content=\"3 minutes\" \/>\n<script type=\"application\/ld+json\" class=\"yoast-schema-graph\">{\"@context\":\"https:\/\/schema.org\",\"@graph\":[{\"@type\":\"WebSite\",\"@id\":\"https:\/\/www.visit-ulcinj.com\/blog\/#website\",\"url\":\"https:\/\/www.visit-ulcinj.com\/blog\/\",\"name\":\"Lajme nga Ulqini\",\"description\":\"Lajme,Vijesti,Ulqini,Ulqin,Crna Gora,Mali i Zi\",\"potentialAction\":[{\"@type\":\"SearchAction\",\"target\":{\"@type\":\"EntryPoint\",\"urlTemplate\":\"https:\/\/www.visit-ulcinj.com\/blog\/?s={search_term_string}\"},\"query-input\":\"required name=search_term_string\"}],\"inLanguage\":\"en-US\"},{\"@type\":\"ImageObject\",\"inLanguage\":\"en-US\",\"@id\":\"https:\/\/www.visit-ulcinj.com\/blog\/2014\/12\/23\/ne-shqiptaret-e-tivarit-po-asimilohemi\/#primaryimage\",\"url\":\"https:\/\/www.visit-ulcinj.com\/blog\/wp-content\/uploads\/2014\/12\/harta-e-viseve-shqiptare.jpg\",\"contentUrl\":\"https:\/\/www.visit-ulcinj.com\/blog\/wp-content\/uploads\/2014\/12\/harta-e-viseve-shqiptare.jpg\",\"width\":758,\"height\":497},{\"@type\":\"WebPage\",\"@id\":\"https:\/\/www.visit-ulcinj.com\/blog\/2014\/12\/23\/ne-shqiptaret-e-tivarit-po-asimilohemi\/#webpage\",\"url\":\"https:\/\/www.visit-ulcinj.com\/blog\/2014\/12\/23\/ne-shqiptaret-e-tivarit-po-asimilohemi\/\",\"name\":\"Ne, shqiptar\u00ebt e Tivarit, po asimilohemi! - Lajme nga Ulqini\",\"isPartOf\":{\"@id\":\"https:\/\/www.visit-ulcinj.com\/blog\/#website\"},\"primaryImageOfPage\":{\"@id\":\"https:\/\/www.visit-ulcinj.com\/blog\/2014\/12\/23\/ne-shqiptaret-e-tivarit-po-asimilohemi\/#primaryimage\"},\"datePublished\":\"2014-12-23T19:32:30+00:00\",\"dateModified\":\"2014-12-23T19:32:30+00:00\",\"author\":{\"@id\":\"https:\/\/www.visit-ulcinj.com\/blog\/#\/schema\/person\/dcab619c614d3038751c63bc2aadc06d\"},\"description\":\"Ilirjan Koliqi Shqiptar\u00ebt e Tivarit nd\u00ebr vite jan\u00eb p\u00ebrgjysmuar e p\u00ebrgjysmuar. Sot ata p\u00ebrb\u00ebjn\u00eb rreth 6 % t\u00eb popullsis\u00eb s\u00eb p\u00ebrgjithshme t\u00eb k\u00ebtij qyteti dhe\",\"breadcrumb\":{\"@id\":\"https:\/\/www.visit-ulcinj.com\/blog\/2014\/12\/23\/ne-shqiptaret-e-tivarit-po-asimilohemi\/#breadcrumb\"},\"inLanguage\":\"en-US\",\"potentialAction\":[{\"@type\":\"ReadAction\",\"target\":[\"https:\/\/www.visit-ulcinj.com\/blog\/2014\/12\/23\/ne-shqiptaret-e-tivarit-po-asimilohemi\/\"]}]},{\"@type\":\"BreadcrumbList\",\"@id\":\"https:\/\/www.visit-ulcinj.com\/blog\/2014\/12\/23\/ne-shqiptaret-e-tivarit-po-asimilohemi\/#breadcrumb\",\"itemListElement\":[{\"@type\":\"ListItem\",\"position\":1,\"name\":\"Ne, shqiptar\u00ebt e Tivarit, po asimilohemi!\"}]},{\"@type\":\"Person\",\"@id\":\"https:\/\/www.visit-ulcinj.com\/blog\/#\/schema\/person\/dcab619c614d3038751c63bc2aadc06d\",\"name\":\"ulqini\",\"sameAs\":[\"http:\/\/www.visit-ulcinj.com\"],\"url\":\"https:\/\/www.visit-ulcinj.com\/blog\/author\/admin\/\"}]}<\/script>\n<!-- \/ Yoast SEO plugin. -->","yoast_head_json":{"title":"Ne, shqiptar\u00ebt e Tivarit, po asimilohemi! - Lajme nga Ulqini","description":"Ilirjan Koliqi Shqiptar\u00ebt e Tivarit nd\u00ebr vite jan\u00eb p\u00ebrgjysmuar e p\u00ebrgjysmuar. Sot ata p\u00ebrb\u00ebjn\u00eb rreth 6 % t\u00eb popullsis\u00eb s\u00eb p\u00ebrgjithshme t\u00eb k\u00ebtij qyteti dhe","robots":{"index":"index","follow":"follow","max-snippet":"max-snippet:-1","max-image-preview":"max-image-preview:large","max-video-preview":"max-video-preview:-1"},"canonical":"https:\/\/www.visit-ulcinj.com\/blog\/2014\/12\/23\/ne-shqiptaret-e-tivarit-po-asimilohemi\/","og_locale":"en_US","og_type":"article","og_title":"Ne, shqiptar\u00ebt e Tivarit, po asimilohemi! - Lajme nga Ulqini","og_description":"Ilirjan Koliqi Shqiptar\u00ebt e Tivarit nd\u00ebr vite jan\u00eb p\u00ebrgjysmuar e p\u00ebrgjysmuar. Sot ata p\u00ebrb\u00ebjn\u00eb rreth 6 % t\u00eb popullsis\u00eb s\u00eb p\u00ebrgjithshme t\u00eb k\u00ebtij qyteti dhe","og_url":"https:\/\/www.visit-ulcinj.com\/blog\/2014\/12\/23\/ne-shqiptaret-e-tivarit-po-asimilohemi\/","og_site_name":"Lajme nga Ulqini","article_published_time":"2014-12-23T19:32:30+00:00","og_image":[{"url":"http:\/\/www.visit-ulcinj.com\/blog\/wp-content\/uploads\/2014\/12\/harta-e-viseve-shqiptare.jpg"}],"twitter_misc":{"Written by":"ulqini","Est. reading time":"3 minutes"},"schema":{"@context":"https:\/\/schema.org","@graph":[{"@type":"WebSite","@id":"https:\/\/www.visit-ulcinj.com\/blog\/#website","url":"https:\/\/www.visit-ulcinj.com\/blog\/","name":"Lajme nga Ulqini","description":"Lajme,Vijesti,Ulqini,Ulqin,Crna Gora,Mali i Zi","potentialAction":[{"@type":"SearchAction","target":{"@type":"EntryPoint","urlTemplate":"https:\/\/www.visit-ulcinj.com\/blog\/?s={search_term_string}"},"query-input":"required name=search_term_string"}],"inLanguage":"en-US"},{"@type":"ImageObject","inLanguage":"en-US","@id":"https:\/\/www.visit-ulcinj.com\/blog\/2014\/12\/23\/ne-shqiptaret-e-tivarit-po-asimilohemi\/#primaryimage","url":"https:\/\/www.visit-ulcinj.com\/blog\/wp-content\/uploads\/2014\/12\/harta-e-viseve-shqiptare.jpg","contentUrl":"https:\/\/www.visit-ulcinj.com\/blog\/wp-content\/uploads\/2014\/12\/harta-e-viseve-shqiptare.jpg","width":758,"height":497},{"@type":"WebPage","@id":"https:\/\/www.visit-ulcinj.com\/blog\/2014\/12\/23\/ne-shqiptaret-e-tivarit-po-asimilohemi\/#webpage","url":"https:\/\/www.visit-ulcinj.com\/blog\/2014\/12\/23\/ne-shqiptaret-e-tivarit-po-asimilohemi\/","name":"Ne, shqiptar\u00ebt e Tivarit, po asimilohemi! - Lajme nga Ulqini","isPartOf":{"@id":"https:\/\/www.visit-ulcinj.com\/blog\/#website"},"primaryImageOfPage":{"@id":"https:\/\/www.visit-ulcinj.com\/blog\/2014\/12\/23\/ne-shqiptaret-e-tivarit-po-asimilohemi\/#primaryimage"},"datePublished":"2014-12-23T19:32:30+00:00","dateModified":"2014-12-23T19:32:30+00:00","author":{"@id":"https:\/\/www.visit-ulcinj.com\/blog\/#\/schema\/person\/dcab619c614d3038751c63bc2aadc06d"},"description":"Ilirjan Koliqi Shqiptar\u00ebt e Tivarit nd\u00ebr vite jan\u00eb p\u00ebrgjysmuar e p\u00ebrgjysmuar. Sot ata p\u00ebrb\u00ebjn\u00eb rreth 6 % t\u00eb popullsis\u00eb s\u00eb p\u00ebrgjithshme t\u00eb k\u00ebtij qyteti dhe","breadcrumb":{"@id":"https:\/\/www.visit-ulcinj.com\/blog\/2014\/12\/23\/ne-shqiptaret-e-tivarit-po-asimilohemi\/#breadcrumb"},"inLanguage":"en-US","potentialAction":[{"@type":"ReadAction","target":["https:\/\/www.visit-ulcinj.com\/blog\/2014\/12\/23\/ne-shqiptaret-e-tivarit-po-asimilohemi\/"]}]},{"@type":"BreadcrumbList","@id":"https:\/\/www.visit-ulcinj.com\/blog\/2014\/12\/23\/ne-shqiptaret-e-tivarit-po-asimilohemi\/#breadcrumb","itemListElement":[{"@type":"ListItem","position":1,"name":"Ne, shqiptar\u00ebt e Tivarit, po asimilohemi!"}]},{"@type":"Person","@id":"https:\/\/www.visit-ulcinj.com\/blog\/#\/schema\/person\/dcab619c614d3038751c63bc2aadc06d","name":"ulqini","sameAs":["http:\/\/www.visit-ulcinj.com"],"url":"https:\/\/www.visit-ulcinj.com\/blog\/author\/admin\/"}]}},"jetpack_featured_media_url":"","jetpack_sharing_enabled":true,"jetpack_shortlink":"https:\/\/wp.me\/pe6lTn-mGz","_links":{"self":[{"href":"https:\/\/www.visit-ulcinj.com\/blog\/wp-json\/wp\/v2\/posts\/87207"}],"collection":[{"href":"https:\/\/www.visit-ulcinj.com\/blog\/wp-json\/wp\/v2\/posts"}],"about":[{"href":"https:\/\/www.visit-ulcinj.com\/blog\/wp-json\/wp\/v2\/types\/post"}],"author":[{"embeddable":true,"href":"https:\/\/www.visit-ulcinj.com\/blog\/wp-json\/wp\/v2\/users\/1"}],"replies":[{"embeddable":true,"href":"https:\/\/www.visit-ulcinj.com\/blog\/wp-json\/wp\/v2\/comments?post=87207"}],"version-history":[{"count":1,"href":"https:\/\/www.visit-ulcinj.com\/blog\/wp-json\/wp\/v2\/posts\/87207\/revisions"}],"predecessor-version":[{"id":87209,"href":"https:\/\/www.visit-ulcinj.com\/blog\/wp-json\/wp\/v2\/posts\/87207\/revisions\/87209"}],"wp:attachment":[{"href":"https:\/\/www.visit-ulcinj.com\/blog\/wp-json\/wp\/v2\/media?parent=87207"}],"wp:term":[{"taxonomy":"category","embeddable":true,"href":"https:\/\/www.visit-ulcinj.com\/blog\/wp-json\/wp\/v2\/categories?post=87207"},{"taxonomy":"post_tag","embeddable":true,"href":"https:\/\/www.visit-ulcinj.com\/blog\/wp-json\/wp\/v2\/tags?post=87207"}],"curies":[{"name":"wp","href":"https:\/\/api.w.org\/{rel}","templated":true}]}}