{"id":87218,"date":"2014-12-24T17:42:51","date_gmt":"2014-12-24T16:42:51","guid":{"rendered":"http:\/\/www.visit-ulcinj.com\/blog\/?p=87218"},"modified":"2014-12-27T19:22:48","modified_gmt":"2014-12-27T18:22:48","slug":"fatmir-gjeka-uron-besimtaret-per-festen-e-krishtlindjeve","status":"publish","type":"post","link":"https:\/\/www.visit-ulcinj.com\/blog\/2014\/12\/24\/fatmir-gjeka-uron-besimtaret-per-festen-e-krishtlindjeve\/","title":{"rendered":"Fatmir Gjeka uron besimtar\u00ebt p\u00ebr fest\u00ebn e Krishtlindjeve"},"content":{"rendered":"<p><a href=\"http:\/\/www.visit-ulcinj.com\/blog\/wp-content\/uploads\/2014\/12\/gezuar-krishtlindjet.gif\"><img loading=\"lazy\" class=\"alignleft wp-image-87219\" src=\"http:\/\/www.visit-ulcinj.com\/blog\/wp-content\/uploads\/2014\/12\/gezuar-krishtlindjet.gif\" alt=\"gezuar-krishtlindjet\" width=\"508\" height=\"406\" \/><\/a>Kryetari I Komun\u00ebs s\u00eb Ulqinit Fatmir Gjeka\u00a0 uron besimtar\u00ebt e krishter\u00eb p\u00ebr Fest\u00ebn e Krishtlindjes. N\u00eb nj\u00eb mesazh drejtuar besimtar\u00ebve \u00a0katolik ,Arqipeshkvit\u00a0 t\u00eb Arqipeshkvis\u00eb t\u00ebTivarit\u00a0 Monsinjor Imzot, Zef Gashi dhe t\u00eb gjith\u00eb klerik\u00ebve\u00a0 Kryetari Gjeka\u00a0 p\u00ebrcjell urimin e tij p\u00ebr paqe,\u00a0 lumturi e begati.<\/p>\n<p>&nbsp;<\/p>\n<p>&nbsp;<\/p>\n<p>\u201cN\u00eb k\u00ebt\u00eb dit\u00eb t\u00eb shenjt\u00eb, Ju shpreh urimet e mia m\u00eb t\u00eb p\u00ebrzem\u00ebrta!<\/p>\n<p>Paci\u00a0 fat, mbar\u00ebsi , g\u00ebzim dhe\u00a0 lumturi.<\/p>\n<p>&nbsp;<\/p>\n<p>&nbsp;<\/p>\n<p>Sinqerisht I juaji<\/p>\n<p>&nbsp;<\/p>\n<p>&nbsp;<\/p>\n<p>Kryetari<\/p>\n<p>Fatmir Gjeka<\/p>\n<p><a href=\"http:\/\/www.visit-ulcinj.com\/blog\/wp-content\/uploads\/2014\/12\/gezuar-festat-komuna-ulqinit.jpg\"><img loading=\"lazy\" class=\"alignleft wp-image-87255\" src=\"http:\/\/www.visit-ulcinj.com\/blog\/wp-content\/uploads\/2014\/12\/gezuar-festat-komuna-ulqinit.jpg\" alt=\"gezuar-festat-komuna-ulqinit\" width=\"508\" height=\"205\" srcset=\"https:\/\/www.visit-ulcinj.com\/blog\/wp-content\/uploads\/2014\/12\/gezuar-festat-komuna-ulqinit.jpg 640w, https:\/\/www.visit-ulcinj.com\/blog\/wp-content\/uploads\/2014\/12\/gezuar-festat-komuna-ulqinit-300x120.jpg 300w\" sizes=\"(max-width: 508px) 100vw, 508px\" \/><\/a><\/p>\n","protected":false},"excerpt":{"rendered":"<p>Kryetari I Komun\u00ebs s\u00eb Ulqinit Fatmir Gjeka\u00a0 uron besimtar\u00ebt e krishter\u00eb p\u00ebr Fest\u00ebn e Krishtlindjes. N\u00eb nj\u00eb mesazh drejtuar besimtar\u00ebve \u00a0katolik ,Arqipeshkvit\u00a0 t\u00eb Arqipeshkvis\u00eb t\u00ebTivarit\u00a0 Monsinjor Imzot, Zef Gashi dhe t\u00eb gjith\u00eb klerik\u00ebve\u00a0 Kryetari Gjeka\u00a0 p\u00ebrcjell urimin e tij p\u00ebr paqe,\u00a0 lumturi e begati. &nbsp; &nbsp; \u201cN\u00eb k\u00ebt\u00eb dit\u00eb t\u00eb shenjt\u00eb, Ju shpreh urimet e [&hellip;]<\/p>\n","protected":false},"author":1,"featured_media":0,"comment_status":"closed","ping_status":"closed","sticky":false,"template":"","format":"standard","meta":{"spay_email":"","jetpack_publicize_message":"","jetpack_is_tweetstorm":false,"jetpack_publicize_feature_enabled":true},"categories":[1,6950],"tags":[],"jetpack_publicize_connections":[],"yoast_head":"<!-- This site is optimized with the Yoast SEO plugin v19.1 - https:\/\/yoast.com\/wordpress\/plugins\/seo\/ -->\n<title>Fatmir Gjeka uron besimtar\u00ebt p\u00ebr fest\u00ebn e Krishtlindjeve - Lajme nga Ulqini<\/title>\n<meta name=\"description\" content=\"Kryetari I Komun\u00ebs s\u00eb Ulqinit Fatmir Gjeka\u00a0 uron besimtar\u00ebt e krishter\u00eb p\u00ebr Fest\u00ebn e Krishtlindjes. N\u00eb nj\u00eb mesazh drejtuar besimtar\u00ebve \u00a0katolik\" \/>\n<meta name=\"robots\" content=\"index, follow, max-snippet:-1, max-image-preview:large, max-video-preview:-1\" \/>\n<link rel=\"canonical\" href=\"https:\/\/www.visit-ulcinj.com\/blog\/2014\/12\/24\/fatmir-gjeka-uron-besimtaret-per-festen-e-krishtlindjeve\/\" \/>\n<meta property=\"og:locale\" content=\"en_US\" \/>\n<meta property=\"og:type\" content=\"article\" \/>\n<meta property=\"og:title\" content=\"Fatmir Gjeka uron besimtar\u00ebt p\u00ebr fest\u00ebn e Krishtlindjeve - Lajme nga Ulqini\" \/>\n<meta property=\"og:description\" content=\"Kryetari I Komun\u00ebs s\u00eb Ulqinit Fatmir Gjeka\u00a0 uron besimtar\u00ebt e krishter\u00eb p\u00ebr Fest\u00ebn e Krishtlindjes. N\u00eb nj\u00eb mesazh drejtuar besimtar\u00ebve \u00a0katolik\" \/>\n<meta property=\"og:url\" content=\"https:\/\/www.visit-ulcinj.com\/blog\/2014\/12\/24\/fatmir-gjeka-uron-besimtaret-per-festen-e-krishtlindjeve\/\" \/>\n<meta property=\"og:site_name\" content=\"Lajme nga Ulqini\" \/>\n<meta property=\"article:published_time\" content=\"2014-12-24T16:42:51+00:00\" \/>\n<meta property=\"article:modified_time\" content=\"2014-12-27T18:22:48+00:00\" \/>\n<meta property=\"og:image\" content=\"http:\/\/www.visit-ulcinj.com\/blog\/wp-content\/uploads\/2014\/12\/gezuar-krishtlindjet.gif\" \/>\n<meta name=\"twitter:label1\" content=\"Written by\" \/>\n\t<meta name=\"twitter:data1\" content=\"ulqini\" \/>\n<script type=\"application\/ld+json\" class=\"yoast-schema-graph\">{\"@context\":\"https:\/\/schema.org\",\"@graph\":[{\"@type\":\"WebSite\",\"@id\":\"https:\/\/www.visit-ulcinj.com\/blog\/#website\",\"url\":\"https:\/\/www.visit-ulcinj.com\/blog\/\",\"name\":\"Lajme nga Ulqini\",\"description\":\"Lajme,Vijesti,Ulqini,Ulqin,Crna Gora,Mali i Zi\",\"potentialAction\":[{\"@type\":\"SearchAction\",\"target\":{\"@type\":\"EntryPoint\",\"urlTemplate\":\"https:\/\/www.visit-ulcinj.com\/blog\/?s={search_term_string}\"},\"query-input\":\"required name=search_term_string\"}],\"inLanguage\":\"en-US\"},{\"@type\":\"ImageObject\",\"inLanguage\":\"en-US\",\"@id\":\"https:\/\/www.visit-ulcinj.com\/blog\/2014\/12\/24\/fatmir-gjeka-uron-besimtaret-per-festen-e-krishtlindjeve\/#primaryimage\",\"url\":\"https:\/\/www.visit-ulcinj.com\/blog\/wp-content\/uploads\/2014\/12\/gezuar-krishtlindjet.gif\",\"contentUrl\":\"https:\/\/www.visit-ulcinj.com\/blog\/wp-content\/uploads\/2014\/12\/gezuar-krishtlindjet.gif\",\"width\":500,\"height\":400},{\"@type\":\"WebPage\",\"@id\":\"https:\/\/www.visit-ulcinj.com\/blog\/2014\/12\/24\/fatmir-gjeka-uron-besimtaret-per-festen-e-krishtlindjeve\/#webpage\",\"url\":\"https:\/\/www.visit-ulcinj.com\/blog\/2014\/12\/24\/fatmir-gjeka-uron-besimtaret-per-festen-e-krishtlindjeve\/\",\"name\":\"Fatmir Gjeka uron besimtar\u00ebt p\u00ebr fest\u00ebn e Krishtlindjeve - Lajme nga Ulqini\",\"isPartOf\":{\"@id\":\"https:\/\/www.visit-ulcinj.com\/blog\/#website\"},\"primaryImageOfPage\":{\"@id\":\"https:\/\/www.visit-ulcinj.com\/blog\/2014\/12\/24\/fatmir-gjeka-uron-besimtaret-per-festen-e-krishtlindjeve\/#primaryimage\"},\"datePublished\":\"2014-12-24T16:42:51+00:00\",\"dateModified\":\"2014-12-27T18:22:48+00:00\",\"author\":{\"@id\":\"https:\/\/www.visit-ulcinj.com\/blog\/#\/schema\/person\/dcab619c614d3038751c63bc2aadc06d\"},\"description\":\"Kryetari I Komun\u00ebs s\u00eb Ulqinit Fatmir Gjeka\u00a0 uron besimtar\u00ebt e krishter\u00eb p\u00ebr Fest\u00ebn e Krishtlindjes. N\u00eb nj\u00eb mesazh drejtuar besimtar\u00ebve \u00a0katolik\",\"breadcrumb\":{\"@id\":\"https:\/\/www.visit-ulcinj.com\/blog\/2014\/12\/24\/fatmir-gjeka-uron-besimtaret-per-festen-e-krishtlindjeve\/#breadcrumb\"},\"inLanguage\":\"en-US\",\"potentialAction\":[{\"@type\":\"ReadAction\",\"target\":[\"https:\/\/www.visit-ulcinj.com\/blog\/2014\/12\/24\/fatmir-gjeka-uron-besimtaret-per-festen-e-krishtlindjeve\/\"]}]},{\"@type\":\"BreadcrumbList\",\"@id\":\"https:\/\/www.visit-ulcinj.com\/blog\/2014\/12\/24\/fatmir-gjeka-uron-besimtaret-per-festen-e-krishtlindjeve\/#breadcrumb\",\"itemListElement\":[{\"@type\":\"ListItem\",\"position\":1,\"name\":\"Fatmir Gjeka uron besimtar\u00ebt p\u00ebr fest\u00ebn e Krishtlindjeve\"}]},{\"@type\":\"Person\",\"@id\":\"https:\/\/www.visit-ulcinj.com\/blog\/#\/schema\/person\/dcab619c614d3038751c63bc2aadc06d\",\"name\":\"ulqini\",\"sameAs\":[\"http:\/\/www.visit-ulcinj.com\"],\"url\":\"https:\/\/www.visit-ulcinj.com\/blog\/author\/admin\/\"}]}<\/script>\n<!-- \/ Yoast SEO plugin. -->","yoast_head_json":{"title":"Fatmir Gjeka uron besimtar\u00ebt p\u00ebr fest\u00ebn e Krishtlindjeve - Lajme nga Ulqini","description":"Kryetari I Komun\u00ebs s\u00eb Ulqinit Fatmir Gjeka\u00a0 uron besimtar\u00ebt e krishter\u00eb p\u00ebr Fest\u00ebn e Krishtlindjes. N\u00eb nj\u00eb mesazh drejtuar besimtar\u00ebve \u00a0katolik","robots":{"index":"index","follow":"follow","max-snippet":"max-snippet:-1","max-image-preview":"max-image-preview:large","max-video-preview":"max-video-preview:-1"},"canonical":"https:\/\/www.visit-ulcinj.com\/blog\/2014\/12\/24\/fatmir-gjeka-uron-besimtaret-per-festen-e-krishtlindjeve\/","og_locale":"en_US","og_type":"article","og_title":"Fatmir Gjeka uron besimtar\u00ebt p\u00ebr fest\u00ebn e Krishtlindjeve - Lajme nga Ulqini","og_description":"Kryetari I Komun\u00ebs s\u00eb Ulqinit Fatmir Gjeka\u00a0 uron besimtar\u00ebt e krishter\u00eb p\u00ebr Fest\u00ebn e Krishtlindjes. N\u00eb nj\u00eb mesazh drejtuar besimtar\u00ebve \u00a0katolik","og_url":"https:\/\/www.visit-ulcinj.com\/blog\/2014\/12\/24\/fatmir-gjeka-uron-besimtaret-per-festen-e-krishtlindjeve\/","og_site_name":"Lajme nga Ulqini","article_published_time":"2014-12-24T16:42:51+00:00","article_modified_time":"2014-12-27T18:22:48+00:00","og_image":[{"url":"http:\/\/www.visit-ulcinj.com\/blog\/wp-content\/uploads\/2014\/12\/gezuar-krishtlindjet.gif"}],"twitter_misc":{"Written by":"ulqini"},"schema":{"@context":"https:\/\/schema.org","@graph":[{"@type":"WebSite","@id":"https:\/\/www.visit-ulcinj.com\/blog\/#website","url":"https:\/\/www.visit-ulcinj.com\/blog\/","name":"Lajme nga Ulqini","description":"Lajme,Vijesti,Ulqini,Ulqin,Crna Gora,Mali i Zi","potentialAction":[{"@type":"SearchAction","target":{"@type":"EntryPoint","urlTemplate":"https:\/\/www.visit-ulcinj.com\/blog\/?s={search_term_string}"},"query-input":"required name=search_term_string"}],"inLanguage":"en-US"},{"@type":"ImageObject","inLanguage":"en-US","@id":"https:\/\/www.visit-ulcinj.com\/blog\/2014\/12\/24\/fatmir-gjeka-uron-besimtaret-per-festen-e-krishtlindjeve\/#primaryimage","url":"https:\/\/www.visit-ulcinj.com\/blog\/wp-content\/uploads\/2014\/12\/gezuar-krishtlindjet.gif","contentUrl":"https:\/\/www.visit-ulcinj.com\/blog\/wp-content\/uploads\/2014\/12\/gezuar-krishtlindjet.gif","width":500,"height":400},{"@type":"WebPage","@id":"https:\/\/www.visit-ulcinj.com\/blog\/2014\/12\/24\/fatmir-gjeka-uron-besimtaret-per-festen-e-krishtlindjeve\/#webpage","url":"https:\/\/www.visit-ulcinj.com\/blog\/2014\/12\/24\/fatmir-gjeka-uron-besimtaret-per-festen-e-krishtlindjeve\/","name":"Fatmir Gjeka uron besimtar\u00ebt p\u00ebr fest\u00ebn e Krishtlindjeve - Lajme nga Ulqini","isPartOf":{"@id":"https:\/\/www.visit-ulcinj.com\/blog\/#website"},"primaryImageOfPage":{"@id":"https:\/\/www.visit-ulcinj.com\/blog\/2014\/12\/24\/fatmir-gjeka-uron-besimtaret-per-festen-e-krishtlindjeve\/#primaryimage"},"datePublished":"2014-12-24T16:42:51+00:00","dateModified":"2014-12-27T18:22:48+00:00","author":{"@id":"https:\/\/www.visit-ulcinj.com\/blog\/#\/schema\/person\/dcab619c614d3038751c63bc2aadc06d"},"description":"Kryetari I Komun\u00ebs s\u00eb Ulqinit Fatmir Gjeka\u00a0 uron besimtar\u00ebt e krishter\u00eb p\u00ebr Fest\u00ebn e Krishtlindjes. N\u00eb nj\u00eb mesazh drejtuar besimtar\u00ebve \u00a0katolik","breadcrumb":{"@id":"https:\/\/www.visit-ulcinj.com\/blog\/2014\/12\/24\/fatmir-gjeka-uron-besimtaret-per-festen-e-krishtlindjeve\/#breadcrumb"},"inLanguage":"en-US","potentialAction":[{"@type":"ReadAction","target":["https:\/\/www.visit-ulcinj.com\/blog\/2014\/12\/24\/fatmir-gjeka-uron-besimtaret-per-festen-e-krishtlindjeve\/"]}]},{"@type":"BreadcrumbList","@id":"https:\/\/www.visit-ulcinj.com\/blog\/2014\/12\/24\/fatmir-gjeka-uron-besimtaret-per-festen-e-krishtlindjeve\/#breadcrumb","itemListElement":[{"@type":"ListItem","position":1,"name":"Fatmir Gjeka uron besimtar\u00ebt p\u00ebr fest\u00ebn e Krishtlindjeve"}]},{"@type":"Person","@id":"https:\/\/www.visit-ulcinj.com\/blog\/#\/schema\/person\/dcab619c614d3038751c63bc2aadc06d","name":"ulqini","sameAs":["http:\/\/www.visit-ulcinj.com"],"url":"https:\/\/www.visit-ulcinj.com\/blog\/author\/admin\/"}]}},"jetpack_featured_media_url":"","jetpack_sharing_enabled":true,"jetpack_shortlink":"https:\/\/wp.me\/pe6lTn-mGK","_links":{"self":[{"href":"https:\/\/www.visit-ulcinj.com\/blog\/wp-json\/wp\/v2\/posts\/87218"}],"collection":[{"href":"https:\/\/www.visit-ulcinj.com\/blog\/wp-json\/wp\/v2\/posts"}],"about":[{"href":"https:\/\/www.visit-ulcinj.com\/blog\/wp-json\/wp\/v2\/types\/post"}],"author":[{"embeddable":true,"href":"https:\/\/www.visit-ulcinj.com\/blog\/wp-json\/wp\/v2\/users\/1"}],"replies":[{"embeddable":true,"href":"https:\/\/www.visit-ulcinj.com\/blog\/wp-json\/wp\/v2\/comments?post=87218"}],"version-history":[{"count":2,"href":"https:\/\/www.visit-ulcinj.com\/blog\/wp-json\/wp\/v2\/posts\/87218\/revisions"}],"predecessor-version":[{"id":87256,"href":"https:\/\/www.visit-ulcinj.com\/blog\/wp-json\/wp\/v2\/posts\/87218\/revisions\/87256"}],"wp:attachment":[{"href":"https:\/\/www.visit-ulcinj.com\/blog\/wp-json\/wp\/v2\/media?parent=87218"}],"wp:term":[{"taxonomy":"category","embeddable":true,"href":"https:\/\/www.visit-ulcinj.com\/blog\/wp-json\/wp\/v2\/categories?post=87218"},{"taxonomy":"post_tag","embeddable":true,"href":"https:\/\/www.visit-ulcinj.com\/blog\/wp-json\/wp\/v2\/tags?post=87218"}],"curies":[{"name":"wp","href":"https:\/\/api.w.org\/{rel}","templated":true}]}}