{"id":87224,"date":"2014-12-24T18:12:20","date_gmt":"2014-12-24T17:12:20","guid":{"rendered":"http:\/\/www.visit-ulcinj.com\/blog\/?p=87224"},"modified":"2014-12-24T18:12:20","modified_gmt":"2014-12-24T17:12:20","slug":"edhe-ne-ulqin-nafta-perqindje-te-larte-si-ne-kuvajt","status":"publish","type":"post","link":"https:\/\/www.visit-ulcinj.com\/blog\/2014\/12\/24\/edhe-ne-ulqin-nafta-perqindje-te-larte-si-ne-kuvajt\/","title":{"rendered":"Edhe n\u00eb Ulqin, nafta me p\u00ebrqindje t\u00eb lart\u00eb si ne Kuvajt"},"content":{"rendered":"<p><a href=\"http:\/\/www.visit-ulcinj.com\/blog\/wp-content\/uploads\/2014\/06\/Ulcinj-Nafta-Gaz.jpg\"><img loading=\"lazy\" class=\"alignleft wp-image-83121\" src=\"http:\/\/www.visit-ulcinj.com\/blog\/wp-content\/uploads\/2014\/06\/Ulcinj-Nafta-Gaz.jpg\" alt=\"Ulcinj-Nafta-Gaz\" width=\"508\" height=\"353\" srcset=\"https:\/\/www.visit-ulcinj.com\/blog\/wp-content\/uploads\/2014\/06\/Ulcinj-Nafta-Gaz.jpg 729w, https:\/\/www.visit-ulcinj.com\/blog\/wp-content\/uploads\/2014\/06\/Ulcinj-Nafta-Gaz-300x208.jpg 300w\" sizes=\"(max-width: 508px) 100vw, 508px\" \/><\/a>Sic shkruan gazeta Novosti, qeveria e Malit t\u00eb Zi, ka miratuar platform\u00ebn e marrveshjes me subjektet q\u00eb kan\u00eb b\u00ebr\u00eb ofertat p\u00ebr ndarjen e koncesioneve n\u00eb n\u00ebndetin e Ulqinit.Keto koncesione do t\u00eb ndahen p\u00ebr prodhimin e gazit,raporton Portali Lajme.me.<\/p>\n<p>Interesim kan\u00eb paraqitur 6 kompani, te cilat kan\u00eb b\u00ebr\u00eb 3 oferta: Maraton Oil (SHBA) dhe OMV (Austria), Eni (Italia) dhe Novatek (Rusia), Energin (Greqia) dhe Mediteran Oil (Britania e Madhe). Te ghitha keto kompani kan\u00eb profit vjetor mbi 10 miliard\u00eb dollar\u00eb.<\/p>\n<p>Tenderi \u00ebsht\u00eb publikuar m\u00eb 7 gusht 2013 dhe p\u00ebrfshin 13 blloqe n\u00eb detin Adriatik pran\u00eb Ulqinit, dhe vitet e ardhsh\u00ebm do t\u00eb tregojn\u00eb n\u00ebse Mali i Zi do t\u00eb b\u00ebhet nj\u00eb \u201cKuvajt i vogel\u201d.<\/p>\n<p>Potencialet nuk jan\u00eb t\u00eb nj\u00ebjta si n\u00eb at\u00eb te ketij vendi t\u00eb larg\u00ebt, dhe ka pak gjasa q\u00eb deti pran\u00eb Ulqinit \u00a0te ket\u00eb depozita t\u00eb m\u00ebdha t\u00eb naft\u00ebs dhe gazit \u2013 tha per \u00a0\u201cNovosti\u201d Vladan Dubljeviq nga Ministria e Ekonomis\u00eb.<\/p>\n<p>Mendohet se profiti i par\u00eb mund t\u00eb arrihet diku pas tre viteve, dhe se ai mund t\u00eb shkoj\u00eb deri n\u00eb 1 milione euro n\u00eb vit p\u00ebr Malin e Zi, vet\u00ebm nga koncesionet.<\/p>\n<p>Dhe derisa analizat p\u00ebr naft\u00eb dhe gaz vazhdojn\u00eb, analiza se si k\u00ebto do t\u00eb ndikojn\u00eb n\u00eb turiz\u00ebm, nuk ka.<\/p>\n","protected":false},"excerpt":{"rendered":"<p>Sic shkruan gazeta Novosti, qeveria e Malit t\u00eb Zi, ka miratuar platform\u00ebn e marrveshjes me subjektet q\u00eb kan\u00eb b\u00ebr\u00eb ofertat p\u00ebr ndarjen e koncesioneve n\u00eb n\u00ebndetin e Ulqinit.Keto koncesione do t\u00eb ndahen p\u00ebr prodhimin e gazit,raporton Portali Lajme.me. Interesim kan\u00eb paraqitur 6 kompani, te cilat kan\u00eb b\u00ebr\u00eb 3 oferta: Maraton Oil (SHBA) dhe OMV (Austria), [&hellip;]<\/p>\n","protected":false},"author":1,"featured_media":0,"comment_status":"closed","ping_status":"closed","sticky":false,"template":"","format":"standard","meta":{"spay_email":"","jetpack_publicize_message":"","jetpack_is_tweetstorm":false,"jetpack_publicize_feature_enabled":true},"categories":[12],"tags":[],"jetpack_publicize_connections":[],"yoast_head":"<!-- This site is optimized with the Yoast SEO plugin v19.1 - https:\/\/yoast.com\/wordpress\/plugins\/seo\/ -->\n<title>Edhe n\u00eb Ulqin, nafta me p\u00ebrqindje t\u00eb lart\u00eb si ne Kuvajt - Lajme nga Ulqini<\/title>\n<meta name=\"description\" content=\"Sic shkruan gazeta Novosti, qeveria e Malit t\u00eb Zi, ka miratuar platform\u00ebn e marrveshjes me subjektet q\u00eb kan\u00eb b\u00ebr\u00eb ofertat p\u00ebr ndarjen e koncesioneve n\u00eb\" \/>\n<meta name=\"robots\" content=\"index, follow, max-snippet:-1, max-image-preview:large, max-video-preview:-1\" \/>\n<link rel=\"canonical\" href=\"https:\/\/www.visit-ulcinj.com\/blog\/2014\/12\/24\/edhe-ne-ulqin-nafta-perqindje-te-larte-si-ne-kuvajt\/\" \/>\n<meta property=\"og:locale\" content=\"en_US\" \/>\n<meta property=\"og:type\" content=\"article\" \/>\n<meta property=\"og:title\" content=\"Edhe n\u00eb Ulqin, nafta me p\u00ebrqindje t\u00eb lart\u00eb si ne Kuvajt - Lajme nga Ulqini\" \/>\n<meta property=\"og:description\" content=\"Sic shkruan gazeta Novosti, qeveria e Malit t\u00eb Zi, ka miratuar platform\u00ebn e marrveshjes me subjektet q\u00eb kan\u00eb b\u00ebr\u00eb ofertat p\u00ebr ndarjen e koncesioneve n\u00eb\" \/>\n<meta property=\"og:url\" content=\"https:\/\/www.visit-ulcinj.com\/blog\/2014\/12\/24\/edhe-ne-ulqin-nafta-perqindje-te-larte-si-ne-kuvajt\/\" \/>\n<meta property=\"og:site_name\" content=\"Lajme nga Ulqini\" \/>\n<meta property=\"article:published_time\" content=\"2014-12-24T17:12:20+00:00\" \/>\n<meta property=\"og:image\" content=\"http:\/\/www.visit-ulcinj.com\/blog\/wp-content\/uploads\/2014\/06\/Ulcinj-Nafta-Gaz.jpg\" \/>\n<meta name=\"twitter:label1\" content=\"Written by\" \/>\n\t<meta name=\"twitter:data1\" content=\"ulqini\" \/>\n\t<meta name=\"twitter:label2\" content=\"Est. reading time\" \/>\n\t<meta name=\"twitter:data2\" content=\"1 minute\" \/>\n<script type=\"application\/ld+json\" class=\"yoast-schema-graph\">{\"@context\":\"https:\/\/schema.org\",\"@graph\":[{\"@type\":\"WebSite\",\"@id\":\"https:\/\/www.visit-ulcinj.com\/blog\/#website\",\"url\":\"https:\/\/www.visit-ulcinj.com\/blog\/\",\"name\":\"Lajme nga Ulqini\",\"description\":\"Lajme,Vijesti,Ulqini,Ulqin,Crna Gora,Mali i Zi\",\"potentialAction\":[{\"@type\":\"SearchAction\",\"target\":{\"@type\":\"EntryPoint\",\"urlTemplate\":\"https:\/\/www.visit-ulcinj.com\/blog\/?s={search_term_string}\"},\"query-input\":\"required name=search_term_string\"}],\"inLanguage\":\"en-US\"},{\"@type\":\"ImageObject\",\"inLanguage\":\"en-US\",\"@id\":\"https:\/\/www.visit-ulcinj.com\/blog\/2014\/12\/24\/edhe-ne-ulqin-nafta-perqindje-te-larte-si-ne-kuvajt\/#primaryimage\",\"url\":\"https:\/\/www.visit-ulcinj.com\/blog\/wp-content\/uploads\/2014\/06\/Ulcinj-Nafta-Gaz.jpg\",\"contentUrl\":\"https:\/\/www.visit-ulcinj.com\/blog\/wp-content\/uploads\/2014\/06\/Ulcinj-Nafta-Gaz.jpg\",\"width\":729,\"height\":506},{\"@type\":\"WebPage\",\"@id\":\"https:\/\/www.visit-ulcinj.com\/blog\/2014\/12\/24\/edhe-ne-ulqin-nafta-perqindje-te-larte-si-ne-kuvajt\/#webpage\",\"url\":\"https:\/\/www.visit-ulcinj.com\/blog\/2014\/12\/24\/edhe-ne-ulqin-nafta-perqindje-te-larte-si-ne-kuvajt\/\",\"name\":\"Edhe n\u00eb Ulqin, nafta me p\u00ebrqindje t\u00eb lart\u00eb si ne Kuvajt - Lajme nga Ulqini\",\"isPartOf\":{\"@id\":\"https:\/\/www.visit-ulcinj.com\/blog\/#website\"},\"primaryImageOfPage\":{\"@id\":\"https:\/\/www.visit-ulcinj.com\/blog\/2014\/12\/24\/edhe-ne-ulqin-nafta-perqindje-te-larte-si-ne-kuvajt\/#primaryimage\"},\"datePublished\":\"2014-12-24T17:12:20+00:00\",\"dateModified\":\"2014-12-24T17:12:20+00:00\",\"author\":{\"@id\":\"https:\/\/www.visit-ulcinj.com\/blog\/#\/schema\/person\/dcab619c614d3038751c63bc2aadc06d\"},\"description\":\"Sic shkruan gazeta Novosti, qeveria e Malit t\u00eb Zi, ka miratuar platform\u00ebn e marrveshjes me subjektet q\u00eb kan\u00eb b\u00ebr\u00eb ofertat p\u00ebr ndarjen e koncesioneve n\u00eb\",\"breadcrumb\":{\"@id\":\"https:\/\/www.visit-ulcinj.com\/blog\/2014\/12\/24\/edhe-ne-ulqin-nafta-perqindje-te-larte-si-ne-kuvajt\/#breadcrumb\"},\"inLanguage\":\"en-US\",\"potentialAction\":[{\"@type\":\"ReadAction\",\"target\":[\"https:\/\/www.visit-ulcinj.com\/blog\/2014\/12\/24\/edhe-ne-ulqin-nafta-perqindje-te-larte-si-ne-kuvajt\/\"]}]},{\"@type\":\"BreadcrumbList\",\"@id\":\"https:\/\/www.visit-ulcinj.com\/blog\/2014\/12\/24\/edhe-ne-ulqin-nafta-perqindje-te-larte-si-ne-kuvajt\/#breadcrumb\",\"itemListElement\":[{\"@type\":\"ListItem\",\"position\":1,\"name\":\"Edhe n\u00eb Ulqin, nafta me p\u00ebrqindje t\u00eb lart\u00eb si ne Kuvajt\"}]},{\"@type\":\"Person\",\"@id\":\"https:\/\/www.visit-ulcinj.com\/blog\/#\/schema\/person\/dcab619c614d3038751c63bc2aadc06d\",\"name\":\"ulqini\",\"sameAs\":[\"http:\/\/www.visit-ulcinj.com\"],\"url\":\"https:\/\/www.visit-ulcinj.com\/blog\/author\/admin\/\"}]}<\/script>\n<!-- \/ Yoast SEO plugin. -->","yoast_head_json":{"title":"Edhe n\u00eb Ulqin, nafta me p\u00ebrqindje t\u00eb lart\u00eb si ne Kuvajt - Lajme nga Ulqini","description":"Sic shkruan gazeta Novosti, qeveria e Malit t\u00eb Zi, ka miratuar platform\u00ebn e marrveshjes me subjektet q\u00eb kan\u00eb b\u00ebr\u00eb ofertat p\u00ebr ndarjen e koncesioneve n\u00eb","robots":{"index":"index","follow":"follow","max-snippet":"max-snippet:-1","max-image-preview":"max-image-preview:large","max-video-preview":"max-video-preview:-1"},"canonical":"https:\/\/www.visit-ulcinj.com\/blog\/2014\/12\/24\/edhe-ne-ulqin-nafta-perqindje-te-larte-si-ne-kuvajt\/","og_locale":"en_US","og_type":"article","og_title":"Edhe n\u00eb Ulqin, nafta me p\u00ebrqindje t\u00eb lart\u00eb si ne Kuvajt - Lajme nga Ulqini","og_description":"Sic shkruan gazeta Novosti, qeveria e Malit t\u00eb Zi, ka miratuar platform\u00ebn e marrveshjes me subjektet q\u00eb kan\u00eb b\u00ebr\u00eb ofertat p\u00ebr ndarjen e koncesioneve n\u00eb","og_url":"https:\/\/www.visit-ulcinj.com\/blog\/2014\/12\/24\/edhe-ne-ulqin-nafta-perqindje-te-larte-si-ne-kuvajt\/","og_site_name":"Lajme nga Ulqini","article_published_time":"2014-12-24T17:12:20+00:00","og_image":[{"url":"http:\/\/www.visit-ulcinj.com\/blog\/wp-content\/uploads\/2014\/06\/Ulcinj-Nafta-Gaz.jpg"}],"twitter_misc":{"Written by":"ulqini","Est. reading time":"1 minute"},"schema":{"@context":"https:\/\/schema.org","@graph":[{"@type":"WebSite","@id":"https:\/\/www.visit-ulcinj.com\/blog\/#website","url":"https:\/\/www.visit-ulcinj.com\/blog\/","name":"Lajme nga Ulqini","description":"Lajme,Vijesti,Ulqini,Ulqin,Crna Gora,Mali i Zi","potentialAction":[{"@type":"SearchAction","target":{"@type":"EntryPoint","urlTemplate":"https:\/\/www.visit-ulcinj.com\/blog\/?s={search_term_string}"},"query-input":"required name=search_term_string"}],"inLanguage":"en-US"},{"@type":"ImageObject","inLanguage":"en-US","@id":"https:\/\/www.visit-ulcinj.com\/blog\/2014\/12\/24\/edhe-ne-ulqin-nafta-perqindje-te-larte-si-ne-kuvajt\/#primaryimage","url":"https:\/\/www.visit-ulcinj.com\/blog\/wp-content\/uploads\/2014\/06\/Ulcinj-Nafta-Gaz.jpg","contentUrl":"https:\/\/www.visit-ulcinj.com\/blog\/wp-content\/uploads\/2014\/06\/Ulcinj-Nafta-Gaz.jpg","width":729,"height":506},{"@type":"WebPage","@id":"https:\/\/www.visit-ulcinj.com\/blog\/2014\/12\/24\/edhe-ne-ulqin-nafta-perqindje-te-larte-si-ne-kuvajt\/#webpage","url":"https:\/\/www.visit-ulcinj.com\/blog\/2014\/12\/24\/edhe-ne-ulqin-nafta-perqindje-te-larte-si-ne-kuvajt\/","name":"Edhe n\u00eb Ulqin, nafta me p\u00ebrqindje t\u00eb lart\u00eb si ne Kuvajt - Lajme nga Ulqini","isPartOf":{"@id":"https:\/\/www.visit-ulcinj.com\/blog\/#website"},"primaryImageOfPage":{"@id":"https:\/\/www.visit-ulcinj.com\/blog\/2014\/12\/24\/edhe-ne-ulqin-nafta-perqindje-te-larte-si-ne-kuvajt\/#primaryimage"},"datePublished":"2014-12-24T17:12:20+00:00","dateModified":"2014-12-24T17:12:20+00:00","author":{"@id":"https:\/\/www.visit-ulcinj.com\/blog\/#\/schema\/person\/dcab619c614d3038751c63bc2aadc06d"},"description":"Sic shkruan gazeta Novosti, qeveria e Malit t\u00eb Zi, ka miratuar platform\u00ebn e marrveshjes me subjektet q\u00eb kan\u00eb b\u00ebr\u00eb ofertat p\u00ebr ndarjen e koncesioneve n\u00eb","breadcrumb":{"@id":"https:\/\/www.visit-ulcinj.com\/blog\/2014\/12\/24\/edhe-ne-ulqin-nafta-perqindje-te-larte-si-ne-kuvajt\/#breadcrumb"},"inLanguage":"en-US","potentialAction":[{"@type":"ReadAction","target":["https:\/\/www.visit-ulcinj.com\/blog\/2014\/12\/24\/edhe-ne-ulqin-nafta-perqindje-te-larte-si-ne-kuvajt\/"]}]},{"@type":"BreadcrumbList","@id":"https:\/\/www.visit-ulcinj.com\/blog\/2014\/12\/24\/edhe-ne-ulqin-nafta-perqindje-te-larte-si-ne-kuvajt\/#breadcrumb","itemListElement":[{"@type":"ListItem","position":1,"name":"Edhe n\u00eb Ulqin, nafta me p\u00ebrqindje t\u00eb lart\u00eb si ne Kuvajt"}]},{"@type":"Person","@id":"https:\/\/www.visit-ulcinj.com\/blog\/#\/schema\/person\/dcab619c614d3038751c63bc2aadc06d","name":"ulqini","sameAs":["http:\/\/www.visit-ulcinj.com"],"url":"https:\/\/www.visit-ulcinj.com\/blog\/author\/admin\/"}]}},"jetpack_featured_media_url":"","jetpack_sharing_enabled":true,"jetpack_shortlink":"https:\/\/wp.me\/pe6lTn-mGQ","_links":{"self":[{"href":"https:\/\/www.visit-ulcinj.com\/blog\/wp-json\/wp\/v2\/posts\/87224"}],"collection":[{"href":"https:\/\/www.visit-ulcinj.com\/blog\/wp-json\/wp\/v2\/posts"}],"about":[{"href":"https:\/\/www.visit-ulcinj.com\/blog\/wp-json\/wp\/v2\/types\/post"}],"author":[{"embeddable":true,"href":"https:\/\/www.visit-ulcinj.com\/blog\/wp-json\/wp\/v2\/users\/1"}],"replies":[{"embeddable":true,"href":"https:\/\/www.visit-ulcinj.com\/blog\/wp-json\/wp\/v2\/comments?post=87224"}],"version-history":[{"count":1,"href":"https:\/\/www.visit-ulcinj.com\/blog\/wp-json\/wp\/v2\/posts\/87224\/revisions"}],"predecessor-version":[{"id":87225,"href":"https:\/\/www.visit-ulcinj.com\/blog\/wp-json\/wp\/v2\/posts\/87224\/revisions\/87225"}],"wp:attachment":[{"href":"https:\/\/www.visit-ulcinj.com\/blog\/wp-json\/wp\/v2\/media?parent=87224"}],"wp:term":[{"taxonomy":"category","embeddable":true,"href":"https:\/\/www.visit-ulcinj.com\/blog\/wp-json\/wp\/v2\/categories?post=87224"},{"taxonomy":"post_tag","embeddable":true,"href":"https:\/\/www.visit-ulcinj.com\/blog\/wp-json\/wp\/v2\/tags?post=87224"}],"curies":[{"name":"wp","href":"https:\/\/api.w.org\/{rel}","templated":true}]}}