{"id":87229,"date":"2014-12-25T16:05:41","date_gmt":"2014-12-25T15:05:41","guid":{"rendered":"http:\/\/www.visit-ulcinj.com\/blog\/?p=87229"},"modified":"2014-12-25T16:33:58","modified_gmt":"2014-12-25T15:33:58","slug":"ldk-mz-urim-kryetarit-mustafa-per-25-vjetorin-e-ldk-se","status":"publish","type":"post","link":"https:\/\/www.visit-ulcinj.com\/blog\/2014\/12\/25\/ldk-mz-urim-kryetarit-mustafa-per-25-vjetorin-e-ldk-se\/","title":{"rendered":"LDK-MZ: Urim kryetarit I.Mustafa p\u00ebr 25-vjetorin e LDK-s\u00eb"},"content":{"rendered":"<p style=\"text-align: left;\"><a href=\"http:\/\/www.visit-ulcinj.com\/blog\/wp-content\/uploads\/2012\/12\/LDMZ-JU-URON-FEST\u00cbN-E-K\u00cbRSH\u00cbNDELLAVE.jpg\"><img loading=\"lazy\" class=\"alignleft wp-image-67166 size-medium\" src=\"http:\/\/www.visit-ulcinj.com\/blog\/wp-content\/uploads\/2012\/12\/LDMZ-JU-URON-FEST\u00cbN-E-K\u00cbRSH\u00cbNDELLAVE-229x300.jpg\" alt=\"LDMZ - JU URON  FEST\u00cbN E K\u00cbRSH\u00cbNDELLAVE\" width=\"229\" height=\"300\" srcset=\"https:\/\/www.visit-ulcinj.com\/blog\/wp-content\/uploads\/2012\/12\/LDMZ-JU-URON-FEST\u00cbN-E-K\u00cbRSH\u00cbNDELLAVE-229x300.jpg 229w, https:\/\/www.visit-ulcinj.com\/blog\/wp-content\/uploads\/2012\/12\/LDMZ-JU-URON-FEST\u00cbN-E-K\u00cbRSH\u00cbNDELLAVE.jpg 459w\" sizes=\"(max-width: 229px) 100vw, 229px\" \/><\/a><\/p>\n<p style=\"text-align: center;\"><strong>LIDHJA DEMOKRATIKE N\u00cb MAL T\u00cb ZI<\/strong><\/p>\n<p>\u00a0\u00a0\u00a0\u00a0\u00a0\u00a0\u00a0\u00a0\u00a0\u00a0\u00a0\u00a0\u00a0\u00a0\u00a0\u00a0\u00a0\u00a0\u00a0\u00a0\u00a0\u00a0 <strong>\u00a0\u00a0\u00a0\u00a0\u00a0\u00a0\u00a0\u00a0\u00a0\u00a0\u00a0\u00a0\u00a0\u00a0\u00a0\u00a0\u00a0\u00a0\u00a0\u00a0\u00a0\u00a0\u00a0<\/strong><\/p>\n<h3><\/h3>\n<h3>\u00a0\u00a0\u00a0\u00a0\u00a0\u00a0\u00a0\u00a0\u00a0\u00a0\u00a0\u00a0\u00a0\u00a0\u00a0\u00a0\u00a0\u00a0\u00a0\u00a0\u00a0\u00a0\u00a0\u00a0\u00a0\u00a0\u00a0\u00a0\u00a0\u00a0\u00a0\u00a0 \u00a0\u00a0\u00a0\u00a0\u00a0\u00a0\u00a0\u00a0\u00a0\u00a0\u00a0\u00a0\u00a0\u00a0\u00a0\u00a0 Ulqin &#8211; An\u00eb t\u00eb Malit, Kraj\u00eb \u2013Tivar,<\/h3>\n<p><strong>\u00a0\u00a0\u00a0\u00a0\u00a0\u00a0\u00a0\u00a0\u00a0\u00a0\u00a0\u00a0\u00a0\u00a0\u00a0\u00a0\u00a0\u00a0\u00a0\u00a0\u00a0\u00a0\u00a0\u00a0\u00a0\u00a0\u00a0\u00a0\u00a0\u00a0\u00a0\u00a0\u00a0\u00a0\u00a0\u00a0\u00a0\u00a0\u00a0\u00a0\u00a0\u00a0\u00a0\u00a0 \u00a0\u00a0\u00a0\u00a0\u00a0\u00a0\u00a0\u00a0\u00a0\u00a0\u00a0\u00a0\u00a0<\/strong><strong>Mal\u00ebsi -Tuz , Plav\u00eb e Guci dhe Rozhaj\u00eb<\/strong><\/p>\n<p><strong>\u00a0\u00a0\u00a0\u00a0\u00a0\u00a0\u00a0\u00a0\u00a0\u00a0\u00a0\u00a0\u00a0\u00a0\u00a0\u00a0\u00a0\u00a0\u00a0\u00a0\u00a0\u00a0\u00a0\u00a0\u00a0\u00a0\u00a0\u00a0\u00a0\u00a0\u00a0\u00a0\u00a0\u00a0\u00a0\u00a0\u00a0\u00a0\u00a0\u00a0\u00a0\u00a0\u00a0\u00a0\u00a0\u00a0\u00a0\u00a0\u00a0\u00a0\u00a0\u00a0\u00a0\u00a0\u00a0\u00a0\u00a0\u00a0\u00a0\u00a0\u00a0\u00a0\u00a0\u00a0\u00a0\u00a0\u00a0\u00a0\u00a0\u00a0\u00a0\u00a0\u00a0\u00a0\u00a0\u00a0\u00a0\u00a0\u00a0\u00a0\u00a0\u00a0 <\/strong><\/p>\n<p><strong>\u00a0\u00a0\u00a0\u00a0\u00a0\u00a0\u00a0\u00a0\u00a0\u00a0\u00a0\u00a0\u00a0\u00a0\u00a0\u00a0\u00a0\u00a0\u00a0\u00a0\u00a0\u00a0\u00a0\u00a0\u00a0\u00a0\u00a0\u00a0\u00a0\u00a0\u00a0\u00a0\u00a0\u00a0\u00a0\u00a0\u00a0\u00a0 \u00a0\u00a0\u00a0\u00a0\u00a0\u00a0\u00a0\u00a0\u00a0\u00a0\u00a0\u00a0\u00a0\u00a0\u00a0\u00a0\u00a0\u00a0M\u00eb\u00a0\u00a0 23. 12. 2014<\/strong><\/p>\n<p><strong>\u00a0<\/strong><\/p>\n<p><strong>LIDHJA DEMOKRATIKE E KOSOV\u00cbS<\/strong><\/p>\n<p><strong>Kryetarit Prof.dr. Isa Mustafa<\/strong><\/p>\n<p><strong>\u00a0<\/strong><\/p>\n<p><strong>P r i s h t i n \u00eb<\/strong><\/p>\n<p><strong>\u00a0<\/strong><\/p>\n<p><strong>I nderuari zotni kryetar i LDK-s\u00eb<\/strong><\/p>\n<p><strong>T\u00eb nderuar an\u00ebtar\u00ebe udh\u00ebheq\u00ebsi e LDK-s\u00eb,<\/strong><\/p>\n<p><strong>T\u00eb nderuar themelues t\u00eb LDK-s\u00eb,<\/strong><\/p>\n<p>&nbsp;<\/p>\n<p>Me rastin e 25-vjetorit t\u00eb formimit t\u00eb Lidhjes Demokratike t\u00eb Kosov\u00ebs, partis\u00eb s\u00eb par\u00eb politike shqiptare n\u00eb shum\u00ebpartiak\u00ebsi, pas r\u00ebnies s\u00eb Murit t\u00eb Berlinit, t\u00eb cil\u00ebs i priu me sukses kryetari \u2013 lideri historik dr. Ibrahim Rugova, me lejoni q\u00eb n\u00eb em\u00ebr t\u00eb Lidhjes Demokratike n\u00eb Mal t\u00eb Zi, t\u00eb an\u00ebtar\u00ebve e p\u00ebrkrah\u00ebsve t\u00eb saj, t\u00eb udh\u00ebheq\u00ebsis\u00eb s\u00eb saj, simotr\u00ebs s\u00eb LDK-s\u00eb, t\u00eb nj\u00ebr\u00ebs nga themelet e sht\u00ebpis\u00eb shum\u00ebpartiake shqiptare n\u00eb fillim t\u00eb viteve t\u00eb \u201990-ta, subjektit t\u00eb par\u00eb politik t\u00eb shqiptar\u00ebve, sot n\u00eb Malin e Zi, t\u2019ju uroj k\u00ebt\u00eb jubile \u00e7erekshekullor, q\u00eb t\u00eb keni suksese n\u00eb realizimin e objektivave n\u00eb ekonomi, n\u00eb arsim, kultur\u00eb, shkenc\u00eb, sh\u00ebndet\u00ebsi etj. n\u00eb funksionim e shtetit t\u00eb s\u00eb drejt\u00ebs, p\u00ebr mir\u00ebqenien e popullit t\u00eb shum\u00ebvuajtur si edhe n\u00eb sfer\u00ebn nd\u00ebrkomb\u00ebtare, n\u00eb njohjen e pavar\u00ebsis\u00eb s\u00eb shtetit t\u00eb Kosov\u00ebs nga t\u00eb gjitha an\u00ebtaret e UE-s\u00eb dhe m\u00eb gjer\u00eb n\u00eb bot\u00eb, deri n\u00eb an\u00ebtar\u00ebsimin n\u00eb NATO, UE dhe OKB.<\/p>\n<p>LDK, n\u00eb krye me kryetarin dr. Rugova, vuri themelet programore e institucionale t\u00eb pavar\u00ebsis\u00eb s\u00eb Kosov\u00ebs. Priu dhe koordinoi n\u00eb vendosjes dhe funksionimin e institucioneve t\u00eb pavarura n\u00eb arsim, me profesor\u00ebt e nderuar dr.Fehmi Agani, dr. Mark Krasniqi e shum\u00eb t\u00eb tjer\u00eb, n\u00eb l\u00ebmin e sh\u00ebndet\u00ebsis\u00eb etj. E nd\u00ebrkomb\u00ebtarizoi me sukses \u00e7\u00ebshtjen shqiptare, t\u00eb cil\u00ebt me dekada po kund\u00ebrshtonin okupimin serbo-sllav, deri n\u00eb pavar\u00ebsi, jo vet\u00ebm n\u00eb Kosov\u00eb.<\/p>\n<p>LDK n\u00eb krye me kryetarin dr. Rugova ishte ajo q\u00eb kultivoi dhe koordinoi me sukses bashk\u00ebpunimin dhe bashk\u00ebveprimin n\u00eb mes t\u00eb subjekteve politike shqiptare, brenda dhe jasht\u00eb n\u00eb aren\u00ebn nd\u00ebrkomb\u00ebtare. Formuam K\u00ebshillin Koordinues t\u00eb Partive Politike Shqiptare n\u00eb krye me dr. Rugov\u00ebn. LDK n\u00eb krye me dr. Rugov\u00ebn na priu n\u00eb bisedime n\u00eb Bruksel, Gjenev\u00eb po edhe n\u00eb Konferenc\u00ebn e Londr\u00ebs n\u00eb fillim t\u00eb viteve t\u00eb \u201990-ta, ku p\u00ebr her\u00eb t\u00eb par\u00eb ishim bashk\u00eb p\u00ebrfaq\u00ebsuesit legjitim t\u00eb t\u00eb gjitha trojeve shqiptare, po edhe n\u00eb SHBA.<\/p>\n<p>Ishte LDK-ja e dr. Rugova q\u00eb me Qendr\u00ebn Informative t\u00eb Kosov\u00ebs (QIK-un) shp\u00ebrndan\u00eb me shum\u00eb sukses t\u00eb v\u00ebrtetat p\u00ebr Kosov\u00ebn dhe shqiptar\u00ebt n\u00ebn okupimin serbo-sllav, p\u00ebr p\u00ebrpjekjet e veprimet politike p\u00ebr liri. Udh\u00ebheq\u00ebsit e Qendr\u00ebs dhe gazetar\u00ebt e bashk\u00ebpun\u00ebtor\u00ebt e saj, duhet t\u00eb mos harrohen asnj\u00ebher\u00eb. Po mjek\u00ebt, motrat medicinale, mamit\u00eb etj. puna e tyre n\u00eb ato koh\u00ebra shum\u00eb t\u00eb v\u00ebshtira shtuan shpresat dhe dhan\u00eb jet\u00eb.<\/p>\n<p>&nbsp;<\/p>\n<p>I nderuari zotni kryetar, LDK-ja duhet t\u00eb jet\u00eb prij\u00ebse edhe n\u00eb t\u00eb ardhmen, duke ruajtur, kultivua dhe zbatua frym\u00ebn rugoviane, dhe me i dal\u00eb zot e p\u00ebrkrah angazhimin e shqiptar\u00ebve n\u00eb trojet p\u00ebr realizimin e t\u00eb drejtave, p\u00ebr me vendos t\u00eb pavarur p\u00ebr zhvillimet ekonomike dhe marr\u00ebdh\u00ebniet politike, liri e zhvillime demokratike.<\/p>\n<p>\u00cbsht\u00eb amaneti i t\u00eb par\u00ebve, \u00ebsht\u00eb amaneti i PRESIDENTIT HISTORIK DR. IBRAHIM RUGOVA.<\/p>\n<p>&nbsp;<\/p>\n<p><strong>Me respekt.<\/strong><\/p>\n<p><strong>Mehmet BARDHI, profesor, kryetar i LD n\u00eb MZ<\/strong><\/p>\n<p>&nbsp;<\/p>\n","protected":false},"excerpt":{"rendered":"<p>LIDHJA DEMOKRATIKE N\u00cb MAL T\u00cb ZI \u00a0\u00a0\u00a0\u00a0\u00a0\u00a0\u00a0\u00a0\u00a0\u00a0\u00a0\u00a0\u00a0\u00a0\u00a0\u00a0\u00a0\u00a0\u00a0\u00a0\u00a0\u00a0 \u00a0\u00a0\u00a0\u00a0\u00a0\u00a0\u00a0\u00a0\u00a0\u00a0\u00a0\u00a0\u00a0\u00a0\u00a0\u00a0\u00a0\u00a0\u00a0\u00a0\u00a0\u00a0\u00a0 \u00a0\u00a0\u00a0\u00a0\u00a0\u00a0\u00a0\u00a0\u00a0\u00a0\u00a0\u00a0\u00a0\u00a0\u00a0\u00a0\u00a0\u00a0\u00a0\u00a0\u00a0\u00a0\u00a0\u00a0\u00a0\u00a0\u00a0\u00a0\u00a0\u00a0\u00a0\u00a0 \u00a0\u00a0\u00a0\u00a0\u00a0\u00a0\u00a0\u00a0\u00a0\u00a0\u00a0\u00a0\u00a0\u00a0\u00a0\u00a0 Ulqin &#8211; An\u00eb t\u00eb Malit, Kraj\u00eb \u2013Tivar, \u00a0\u00a0\u00a0\u00a0\u00a0\u00a0\u00a0\u00a0\u00a0\u00a0\u00a0\u00a0\u00a0\u00a0\u00a0\u00a0\u00a0\u00a0\u00a0\u00a0\u00a0\u00a0\u00a0\u00a0\u00a0\u00a0\u00a0\u00a0\u00a0\u00a0\u00a0\u00a0\u00a0\u00a0\u00a0\u00a0\u00a0\u00a0\u00a0\u00a0\u00a0\u00a0\u00a0\u00a0 \u00a0\u00a0\u00a0\u00a0\u00a0\u00a0\u00a0\u00a0\u00a0\u00a0\u00a0\u00a0\u00a0Mal\u00ebsi -Tuz , Plav\u00eb e Guci dhe Rozhaj\u00eb \u00a0\u00a0\u00a0\u00a0\u00a0\u00a0\u00a0\u00a0\u00a0\u00a0\u00a0\u00a0\u00a0\u00a0\u00a0\u00a0\u00a0\u00a0\u00a0\u00a0\u00a0\u00a0\u00a0\u00a0\u00a0\u00a0\u00a0\u00a0\u00a0\u00a0\u00a0\u00a0\u00a0\u00a0\u00a0\u00a0\u00a0\u00a0\u00a0\u00a0\u00a0\u00a0\u00a0\u00a0\u00a0\u00a0\u00a0\u00a0\u00a0\u00a0\u00a0\u00a0\u00a0\u00a0\u00a0\u00a0\u00a0\u00a0\u00a0\u00a0\u00a0\u00a0\u00a0\u00a0\u00a0\u00a0\u00a0\u00a0\u00a0\u00a0\u00a0\u00a0\u00a0\u00a0\u00a0\u00a0\u00a0\u00a0\u00a0\u00a0\u00a0\u00a0 \u00a0\u00a0\u00a0\u00a0\u00a0\u00a0\u00a0\u00a0\u00a0\u00a0\u00a0\u00a0\u00a0\u00a0\u00a0\u00a0\u00a0\u00a0\u00a0\u00a0\u00a0\u00a0\u00a0\u00a0\u00a0\u00a0\u00a0\u00a0\u00a0\u00a0\u00a0\u00a0\u00a0\u00a0\u00a0\u00a0\u00a0\u00a0 \u00a0\u00a0\u00a0\u00a0\u00a0\u00a0\u00a0\u00a0\u00a0\u00a0\u00a0\u00a0\u00a0\u00a0\u00a0\u00a0\u00a0\u00a0M\u00eb\u00a0\u00a0 23. 12. 2014 \u00a0 LIDHJA DEMOKRATIKE E KOSOV\u00cbS Kryetarit Prof.dr. Isa Mustafa \u00a0 P r i s h t i n \u00eb \u00a0 I nderuari zotni [&hellip;]<\/p>\n","protected":false},"author":1,"featured_media":0,"comment_status":"closed","ping_status":"closed","sticky":false,"template":"","format":"standard","meta":{"spay_email":"","jetpack_publicize_message":"","jetpack_is_tweetstorm":false,"jetpack_publicize_feature_enabled":true},"categories":[1,2451],"tags":[],"jetpack_publicize_connections":[],"yoast_head":"<!-- This site is optimized with the Yoast SEO plugin v19.1 - https:\/\/yoast.com\/wordpress\/plugins\/seo\/ -->\n<title>LDK-MZ: Urim kryetarit I.Mustafa p\u00ebr 25-vjetorin e LDK-s\u00eb - Lajme nga Ulqini<\/title>\n<meta name=\"description\" content=\"LIDHJA DEMOKRATIKE N\u00cb MAL T\u00cb ZI \u00a0\u00a0\u00a0\u00a0\u00a0\u00a0\u00a0\u00a0\u00a0\u00a0\u00a0\u00a0\u00a0\u00a0\u00a0\u00a0\u00a0\u00a0\u00a0\u00a0\u00a0\u00a0 \u00a0\u00a0\u00a0\u00a0\u00a0\u00a0\u00a0\u00a0\u00a0\u00a0\u00a0\u00a0\u00a0\u00a0\u00a0\u00a0\u00a0\u00a0\u00a0\u00a0\u00a0\u00a0\u00a0 \u00a0\u00a0\u00a0\u00a0\u00a0\u00a0\u00a0\u00a0\u00a0\u00a0\u00a0\u00a0\u00a0\u00a0\u00a0\u00a0\u00a0\u00a0\u00a0\u00a0\u00a0\u00a0\u00a0\u00a0\u00a0\u00a0\u00a0\u00a0\u00a0\u00a0\u00a0\u00a0 \u00a0\u00a0\u00a0\u00a0\u00a0\u00a0\u00a0\u00a0\u00a0\u00a0\u00a0\u00a0\u00a0\u00a0\u00a0\u00a0 Ulqin - An\u00eb t\u00eb Malit,\" \/>\n<meta name=\"robots\" content=\"index, follow, max-snippet:-1, max-image-preview:large, max-video-preview:-1\" \/>\n<link rel=\"canonical\" href=\"https:\/\/www.visit-ulcinj.com\/blog\/2014\/12\/25\/ldk-mz-urim-kryetarit-mustafa-per-25-vjetorin-e-ldk-se\/\" \/>\n<meta property=\"og:locale\" content=\"en_US\" \/>\n<meta property=\"og:type\" content=\"article\" \/>\n<meta property=\"og:title\" content=\"LDK-MZ: Urim kryetarit I.Mustafa p\u00ebr 25-vjetorin e LDK-s\u00eb - Lajme nga Ulqini\" \/>\n<meta property=\"og:description\" content=\"LIDHJA DEMOKRATIKE N\u00cb MAL T\u00cb ZI \u00a0\u00a0\u00a0\u00a0\u00a0\u00a0\u00a0\u00a0\u00a0\u00a0\u00a0\u00a0\u00a0\u00a0\u00a0\u00a0\u00a0\u00a0\u00a0\u00a0\u00a0\u00a0 \u00a0\u00a0\u00a0\u00a0\u00a0\u00a0\u00a0\u00a0\u00a0\u00a0\u00a0\u00a0\u00a0\u00a0\u00a0\u00a0\u00a0\u00a0\u00a0\u00a0\u00a0\u00a0\u00a0 \u00a0\u00a0\u00a0\u00a0\u00a0\u00a0\u00a0\u00a0\u00a0\u00a0\u00a0\u00a0\u00a0\u00a0\u00a0\u00a0\u00a0\u00a0\u00a0\u00a0\u00a0\u00a0\u00a0\u00a0\u00a0\u00a0\u00a0\u00a0\u00a0\u00a0\u00a0\u00a0 \u00a0\u00a0\u00a0\u00a0\u00a0\u00a0\u00a0\u00a0\u00a0\u00a0\u00a0\u00a0\u00a0\u00a0\u00a0\u00a0 Ulqin - An\u00eb t\u00eb Malit,\" \/>\n<meta property=\"og:url\" content=\"https:\/\/www.visit-ulcinj.com\/blog\/2014\/12\/25\/ldk-mz-urim-kryetarit-mustafa-per-25-vjetorin-e-ldk-se\/\" \/>\n<meta property=\"og:site_name\" content=\"Lajme nga Ulqini\" \/>\n<meta property=\"article:published_time\" content=\"2014-12-25T15:05:41+00:00\" \/>\n<meta property=\"article:modified_time\" content=\"2014-12-25T15:33:58+00:00\" \/>\n<meta name=\"twitter:label1\" content=\"Written by\" \/>\n\t<meta name=\"twitter:data1\" content=\"ulqini\" \/>\n\t<meta name=\"twitter:label2\" content=\"Est. reading time\" \/>\n\t<meta name=\"twitter:data2\" content=\"3 minutes\" \/>\n<script type=\"application\/ld+json\" class=\"yoast-schema-graph\">{\"@context\":\"https:\/\/schema.org\",\"@graph\":[{\"@type\":\"WebSite\",\"@id\":\"https:\/\/www.visit-ulcinj.com\/blog\/#website\",\"url\":\"https:\/\/www.visit-ulcinj.com\/blog\/\",\"name\":\"Lajme nga Ulqini\",\"description\":\"Lajme,Vijesti,Ulqini,Ulqin,Crna Gora,Mali i Zi\",\"potentialAction\":[{\"@type\":\"SearchAction\",\"target\":{\"@type\":\"EntryPoint\",\"urlTemplate\":\"https:\/\/www.visit-ulcinj.com\/blog\/?s={search_term_string}\"},\"query-input\":\"required name=search_term_string\"}],\"inLanguage\":\"en-US\"},{\"@type\":\"WebPage\",\"@id\":\"https:\/\/www.visit-ulcinj.com\/blog\/2014\/12\/25\/ldk-mz-urim-kryetarit-mustafa-per-25-vjetorin-e-ldk-se\/#webpage\",\"url\":\"https:\/\/www.visit-ulcinj.com\/blog\/2014\/12\/25\/ldk-mz-urim-kryetarit-mustafa-per-25-vjetorin-e-ldk-se\/\",\"name\":\"LDK-MZ: Urim kryetarit I.Mustafa p\u00ebr 25-vjetorin e LDK-s\u00eb - Lajme nga Ulqini\",\"isPartOf\":{\"@id\":\"https:\/\/www.visit-ulcinj.com\/blog\/#website\"},\"datePublished\":\"2014-12-25T15:05:41+00:00\",\"dateModified\":\"2014-12-25T15:33:58+00:00\",\"author\":{\"@id\":\"https:\/\/www.visit-ulcinj.com\/blog\/#\/schema\/person\/dcab619c614d3038751c63bc2aadc06d\"},\"description\":\"LIDHJA DEMOKRATIKE N\u00cb MAL T\u00cb ZI \u00a0\u00a0\u00a0\u00a0\u00a0\u00a0\u00a0\u00a0\u00a0\u00a0\u00a0\u00a0\u00a0\u00a0\u00a0\u00a0\u00a0\u00a0\u00a0\u00a0\u00a0\u00a0 \u00a0\u00a0\u00a0\u00a0\u00a0\u00a0\u00a0\u00a0\u00a0\u00a0\u00a0\u00a0\u00a0\u00a0\u00a0\u00a0\u00a0\u00a0\u00a0\u00a0\u00a0\u00a0\u00a0 \u00a0\u00a0\u00a0\u00a0\u00a0\u00a0\u00a0\u00a0\u00a0\u00a0\u00a0\u00a0\u00a0\u00a0\u00a0\u00a0\u00a0\u00a0\u00a0\u00a0\u00a0\u00a0\u00a0\u00a0\u00a0\u00a0\u00a0\u00a0\u00a0\u00a0\u00a0\u00a0 \u00a0\u00a0\u00a0\u00a0\u00a0\u00a0\u00a0\u00a0\u00a0\u00a0\u00a0\u00a0\u00a0\u00a0\u00a0\u00a0 Ulqin - An\u00eb t\u00eb Malit,\",\"breadcrumb\":{\"@id\":\"https:\/\/www.visit-ulcinj.com\/blog\/2014\/12\/25\/ldk-mz-urim-kryetarit-mustafa-per-25-vjetorin-e-ldk-se\/#breadcrumb\"},\"inLanguage\":\"en-US\",\"potentialAction\":[{\"@type\":\"ReadAction\",\"target\":[\"https:\/\/www.visit-ulcinj.com\/blog\/2014\/12\/25\/ldk-mz-urim-kryetarit-mustafa-per-25-vjetorin-e-ldk-se\/\"]}]},{\"@type\":\"BreadcrumbList\",\"@id\":\"https:\/\/www.visit-ulcinj.com\/blog\/2014\/12\/25\/ldk-mz-urim-kryetarit-mustafa-per-25-vjetorin-e-ldk-se\/#breadcrumb\",\"itemListElement\":[{\"@type\":\"ListItem\",\"position\":1,\"name\":\"LDK-MZ: Urim kryetarit I.Mustafa p\u00ebr 25-vjetorin e LDK-s\u00eb\"}]},{\"@type\":\"Person\",\"@id\":\"https:\/\/www.visit-ulcinj.com\/blog\/#\/schema\/person\/dcab619c614d3038751c63bc2aadc06d\",\"name\":\"ulqini\",\"sameAs\":[\"http:\/\/www.visit-ulcinj.com\"],\"url\":\"https:\/\/www.visit-ulcinj.com\/blog\/author\/admin\/\"}]}<\/script>\n<!-- \/ Yoast SEO plugin. -->","yoast_head_json":{"title":"LDK-MZ: Urim kryetarit I.Mustafa p\u00ebr 25-vjetorin e LDK-s\u00eb - Lajme nga Ulqini","description":"LIDHJA DEMOKRATIKE N\u00cb MAL T\u00cb ZI \u00a0\u00a0\u00a0\u00a0\u00a0\u00a0\u00a0\u00a0\u00a0\u00a0\u00a0\u00a0\u00a0\u00a0\u00a0\u00a0\u00a0\u00a0\u00a0\u00a0\u00a0\u00a0 \u00a0\u00a0\u00a0\u00a0\u00a0\u00a0\u00a0\u00a0\u00a0\u00a0\u00a0\u00a0\u00a0\u00a0\u00a0\u00a0\u00a0\u00a0\u00a0\u00a0\u00a0\u00a0\u00a0 \u00a0\u00a0\u00a0\u00a0\u00a0\u00a0\u00a0\u00a0\u00a0\u00a0\u00a0\u00a0\u00a0\u00a0\u00a0\u00a0\u00a0\u00a0\u00a0\u00a0\u00a0\u00a0\u00a0\u00a0\u00a0\u00a0\u00a0\u00a0\u00a0\u00a0\u00a0\u00a0 \u00a0\u00a0\u00a0\u00a0\u00a0\u00a0\u00a0\u00a0\u00a0\u00a0\u00a0\u00a0\u00a0\u00a0\u00a0\u00a0 Ulqin - An\u00eb t\u00eb Malit,","robots":{"index":"index","follow":"follow","max-snippet":"max-snippet:-1","max-image-preview":"max-image-preview:large","max-video-preview":"max-video-preview:-1"},"canonical":"https:\/\/www.visit-ulcinj.com\/blog\/2014\/12\/25\/ldk-mz-urim-kryetarit-mustafa-per-25-vjetorin-e-ldk-se\/","og_locale":"en_US","og_type":"article","og_title":"LDK-MZ: Urim kryetarit I.Mustafa p\u00ebr 25-vjetorin e LDK-s\u00eb - Lajme nga Ulqini","og_description":"LIDHJA DEMOKRATIKE N\u00cb MAL T\u00cb ZI \u00a0\u00a0\u00a0\u00a0\u00a0\u00a0\u00a0\u00a0\u00a0\u00a0\u00a0\u00a0\u00a0\u00a0\u00a0\u00a0\u00a0\u00a0\u00a0\u00a0\u00a0\u00a0 \u00a0\u00a0\u00a0\u00a0\u00a0\u00a0\u00a0\u00a0\u00a0\u00a0\u00a0\u00a0\u00a0\u00a0\u00a0\u00a0\u00a0\u00a0\u00a0\u00a0\u00a0\u00a0\u00a0 \u00a0\u00a0\u00a0\u00a0\u00a0\u00a0\u00a0\u00a0\u00a0\u00a0\u00a0\u00a0\u00a0\u00a0\u00a0\u00a0\u00a0\u00a0\u00a0\u00a0\u00a0\u00a0\u00a0\u00a0\u00a0\u00a0\u00a0\u00a0\u00a0\u00a0\u00a0\u00a0 \u00a0\u00a0\u00a0\u00a0\u00a0\u00a0\u00a0\u00a0\u00a0\u00a0\u00a0\u00a0\u00a0\u00a0\u00a0\u00a0 Ulqin - An\u00eb t\u00eb Malit,","og_url":"https:\/\/www.visit-ulcinj.com\/blog\/2014\/12\/25\/ldk-mz-urim-kryetarit-mustafa-per-25-vjetorin-e-ldk-se\/","og_site_name":"Lajme nga Ulqini","article_published_time":"2014-12-25T15:05:41+00:00","article_modified_time":"2014-12-25T15:33:58+00:00","twitter_misc":{"Written by":"ulqini","Est. reading time":"3 minutes"},"schema":{"@context":"https:\/\/schema.org","@graph":[{"@type":"WebSite","@id":"https:\/\/www.visit-ulcinj.com\/blog\/#website","url":"https:\/\/www.visit-ulcinj.com\/blog\/","name":"Lajme nga Ulqini","description":"Lajme,Vijesti,Ulqini,Ulqin,Crna Gora,Mali i Zi","potentialAction":[{"@type":"SearchAction","target":{"@type":"EntryPoint","urlTemplate":"https:\/\/www.visit-ulcinj.com\/blog\/?s={search_term_string}"},"query-input":"required name=search_term_string"}],"inLanguage":"en-US"},{"@type":"WebPage","@id":"https:\/\/www.visit-ulcinj.com\/blog\/2014\/12\/25\/ldk-mz-urim-kryetarit-mustafa-per-25-vjetorin-e-ldk-se\/#webpage","url":"https:\/\/www.visit-ulcinj.com\/blog\/2014\/12\/25\/ldk-mz-urim-kryetarit-mustafa-per-25-vjetorin-e-ldk-se\/","name":"LDK-MZ: Urim kryetarit I.Mustafa p\u00ebr 25-vjetorin e LDK-s\u00eb - Lajme nga Ulqini","isPartOf":{"@id":"https:\/\/www.visit-ulcinj.com\/blog\/#website"},"datePublished":"2014-12-25T15:05:41+00:00","dateModified":"2014-12-25T15:33:58+00:00","author":{"@id":"https:\/\/www.visit-ulcinj.com\/blog\/#\/schema\/person\/dcab619c614d3038751c63bc2aadc06d"},"description":"LIDHJA DEMOKRATIKE N\u00cb MAL T\u00cb ZI \u00a0\u00a0\u00a0\u00a0\u00a0\u00a0\u00a0\u00a0\u00a0\u00a0\u00a0\u00a0\u00a0\u00a0\u00a0\u00a0\u00a0\u00a0\u00a0\u00a0\u00a0\u00a0 \u00a0\u00a0\u00a0\u00a0\u00a0\u00a0\u00a0\u00a0\u00a0\u00a0\u00a0\u00a0\u00a0\u00a0\u00a0\u00a0\u00a0\u00a0\u00a0\u00a0\u00a0\u00a0\u00a0 \u00a0\u00a0\u00a0\u00a0\u00a0\u00a0\u00a0\u00a0\u00a0\u00a0\u00a0\u00a0\u00a0\u00a0\u00a0\u00a0\u00a0\u00a0\u00a0\u00a0\u00a0\u00a0\u00a0\u00a0\u00a0\u00a0\u00a0\u00a0\u00a0\u00a0\u00a0\u00a0 \u00a0\u00a0\u00a0\u00a0\u00a0\u00a0\u00a0\u00a0\u00a0\u00a0\u00a0\u00a0\u00a0\u00a0\u00a0\u00a0 Ulqin - An\u00eb t\u00eb Malit,","breadcrumb":{"@id":"https:\/\/www.visit-ulcinj.com\/blog\/2014\/12\/25\/ldk-mz-urim-kryetarit-mustafa-per-25-vjetorin-e-ldk-se\/#breadcrumb"},"inLanguage":"en-US","potentialAction":[{"@type":"ReadAction","target":["https:\/\/www.visit-ulcinj.com\/blog\/2014\/12\/25\/ldk-mz-urim-kryetarit-mustafa-per-25-vjetorin-e-ldk-se\/"]}]},{"@type":"BreadcrumbList","@id":"https:\/\/www.visit-ulcinj.com\/blog\/2014\/12\/25\/ldk-mz-urim-kryetarit-mustafa-per-25-vjetorin-e-ldk-se\/#breadcrumb","itemListElement":[{"@type":"ListItem","position":1,"name":"LDK-MZ: Urim kryetarit I.Mustafa p\u00ebr 25-vjetorin e LDK-s\u00eb"}]},{"@type":"Person","@id":"https:\/\/www.visit-ulcinj.com\/blog\/#\/schema\/person\/dcab619c614d3038751c63bc2aadc06d","name":"ulqini","sameAs":["http:\/\/www.visit-ulcinj.com"],"url":"https:\/\/www.visit-ulcinj.com\/blog\/author\/admin\/"}]}},"jetpack_featured_media_url":"","jetpack_sharing_enabled":true,"jetpack_shortlink":"https:\/\/wp.me\/pe6lTn-mGV","_links":{"self":[{"href":"https:\/\/www.visit-ulcinj.com\/blog\/wp-json\/wp\/v2\/posts\/87229"}],"collection":[{"href":"https:\/\/www.visit-ulcinj.com\/blog\/wp-json\/wp\/v2\/posts"}],"about":[{"href":"https:\/\/www.visit-ulcinj.com\/blog\/wp-json\/wp\/v2\/types\/post"}],"author":[{"embeddable":true,"href":"https:\/\/www.visit-ulcinj.com\/blog\/wp-json\/wp\/v2\/users\/1"}],"replies":[{"embeddable":true,"href":"https:\/\/www.visit-ulcinj.com\/blog\/wp-json\/wp\/v2\/comments?post=87229"}],"version-history":[{"count":3,"href":"https:\/\/www.visit-ulcinj.com\/blog\/wp-json\/wp\/v2\/posts\/87229\/revisions"}],"predecessor-version":[{"id":87232,"href":"https:\/\/www.visit-ulcinj.com\/blog\/wp-json\/wp\/v2\/posts\/87229\/revisions\/87232"}],"wp:attachment":[{"href":"https:\/\/www.visit-ulcinj.com\/blog\/wp-json\/wp\/v2\/media?parent=87229"}],"wp:term":[{"taxonomy":"category","embeddable":true,"href":"https:\/\/www.visit-ulcinj.com\/blog\/wp-json\/wp\/v2\/categories?post=87229"},{"taxonomy":"post_tag","embeddable":true,"href":"https:\/\/www.visit-ulcinj.com\/blog\/wp-json\/wp\/v2\/tags?post=87229"}],"curies":[{"name":"wp","href":"https:\/\/api.w.org\/{rel}","templated":true}]}}