{"id":87250,"date":"2014-12-25T16:56:55","date_gmt":"2014-12-25T15:56:55","guid":{"rendered":"http:\/\/www.visit-ulcinj.com\/blog\/?p=87250"},"modified":"2014-12-25T16:56:55","modified_gmt":"2014-12-25T15:56:55","slug":"cungu-pakenaqur-pjesemarrjen-ne-qeveri","status":"publish","type":"post","link":"https:\/\/www.visit-ulcinj.com\/blog\/2014\/12\/25\/cungu-pakenaqur-pjesemarrjen-ne-qeveri\/","title":{"rendered":"Cungu i pak\u00ebnaqur me pjes\u00ebmarrjen n\u00eb qeveri"},"content":{"rendered":"<p><a href=\"http:\/\/www.visit-ulcinj.com\/blog\/wp-content\/uploads\/2013\/05\/Djukanovic-inaguracija-mosta-Port-Milena-Ulcinj-Brajovic-Cungu.9.jpg\"><img loading=\"lazy\" class=\"alignleft wp-image-71506\" src=\"http:\/\/www.visit-ulcinj.com\/blog\/wp-content\/uploads\/2013\/05\/Djukanovic-inaguracija-mosta-Port-Milena-Ulcinj-Brajovic-Cungu.9.jpg\" alt=\"Djukanovic inaguracija mosta Port Milena-Ulcinj - Brajovic-Cungu.9\" width=\"508\" height=\"338\" srcset=\"https:\/\/www.visit-ulcinj.com\/blog\/wp-content\/uploads\/2013\/05\/Djukanovic-inaguracija-mosta-Port-Milena-Ulcinj-Brajovic-Cungu.9.jpg 795w, https:\/\/www.visit-ulcinj.com\/blog\/wp-content\/uploads\/2013\/05\/Djukanovic-inaguracija-mosta-Port-Milena-Ulcinj-Brajovic-Cungu.9-300x199.jpg 300w\" sizes=\"(max-width: 508px) 100vw, 508px\" \/><\/a>P\u00ebrfaq\u00ebsuesit e partive shqiptare n\u00eb Mal t\u00eb Zi akoma nuk e kan\u00eb marr\u00eb ftes\u00ebn e kryeministrit Millo Gjukanoviq p\u00ebr bisedime rreth rikonstruktimit t\u00eb paralajm\u00ebruar t\u00eb Qeveris\u00eb, por presin q\u00eb ajo t\u00eb vij\u00eb deri n\u00eb fund t\u00eb muajit, tha p\u00ebr Antena M kryetari i Forc\u00ebs s\u00eb re demokratike Nazif Cungu, njofton Portali Ul.info.<\/p>\n<p>\u201cPresim q\u00eb k\u00ebto dit\u00eb t\u00eb marrim ftes\u00ebn p\u00ebr bisedime. Ftesa duhet t\u00eb vij\u00eb deri n\u00eb fund t\u00eb vitit\u201d, tha ai.<\/p>\n<p>Cungu shtoi q\u00eb nuk jan\u00eb t\u00eb k\u00ebnaqur me realizimin e marr\u00ebveshjes q\u00eb kan\u00eb n\u00eb nivel shtet\u00ebror. \u201cSipas marr\u00ebveshjes kishim t\u00eb parapar\u00eb q\u00eb t\u00eb caktohen disa vende q\u00eb duhet ti ndahen an\u00ebtar\u00ebve tan\u00eb. Mir\u00ebpo, kjo akoma nuk \u00ebsht\u00eb realizuar dhe p\u00ebr k\u00ebt\u00eb arsye ne nuk mund t\u00eb jemi t\u00eb k\u00ebnaqur. Prandaj do t\u00eb shohim p\u00ebrgjigjet lidhur me k\u00ebt\u00eb dhe si mund ta kryejm\u00eb k\u00ebt\u00eb gj\u00eb\u201d, tha lideri i Forc\u00ebs.<\/p>\n","protected":false},"excerpt":{"rendered":"<p>P\u00ebrfaq\u00ebsuesit e partive shqiptare n\u00eb Mal t\u00eb Zi akoma nuk e kan\u00eb marr\u00eb ftes\u00ebn e kryeministrit Millo Gjukanoviq p\u00ebr bisedime rreth rikonstruktimit t\u00eb paralajm\u00ebruar t\u00eb Qeveris\u00eb, por presin q\u00eb ajo t\u00eb vij\u00eb deri n\u00eb fund t\u00eb muajit, tha p\u00ebr Antena M kryetari i Forc\u00ebs s\u00eb re demokratike Nazif Cungu, njofton Portali Ul.info. \u201cPresim q\u00eb k\u00ebto [&hellip;]<\/p>\n","protected":false},"author":1,"featured_media":0,"comment_status":"closed","ping_status":"closed","sticky":false,"template":"","format":"standard","meta":{"spay_email":"","jetpack_publicize_message":"","jetpack_is_tweetstorm":false,"jetpack_publicize_feature_enabled":true},"categories":[2451],"tags":[],"jetpack_publicize_connections":[],"yoast_head":"<!-- This site is optimized with the Yoast SEO plugin v19.1 - https:\/\/yoast.com\/wordpress\/plugins\/seo\/ -->\n<title>Cungu i pak\u00ebnaqur me pjes\u00ebmarrjen n\u00eb qeveri - Lajme nga Ulqini<\/title>\n<meta name=\"description\" content=\"P\u00ebrfaq\u00ebsuesit e partive shqiptare n\u00eb Mal t\u00eb Zi akoma nuk e kan\u00eb marr\u00eb ftes\u00ebn e kryeministrit Millo Gjukanoviq p\u00ebr bisedime rreth rikonstruktimit t\u00eb\" \/>\n<meta name=\"robots\" content=\"index, follow, max-snippet:-1, max-image-preview:large, max-video-preview:-1\" \/>\n<link rel=\"canonical\" href=\"https:\/\/www.visit-ulcinj.com\/blog\/2014\/12\/25\/cungu-pakenaqur-pjesemarrjen-ne-qeveri\/\" \/>\n<meta property=\"og:locale\" content=\"en_US\" \/>\n<meta property=\"og:type\" content=\"article\" \/>\n<meta property=\"og:title\" content=\"Cungu i pak\u00ebnaqur me pjes\u00ebmarrjen n\u00eb qeveri - Lajme nga Ulqini\" \/>\n<meta property=\"og:description\" content=\"P\u00ebrfaq\u00ebsuesit e partive shqiptare n\u00eb Mal t\u00eb Zi akoma nuk e kan\u00eb marr\u00eb ftes\u00ebn e kryeministrit Millo Gjukanoviq p\u00ebr bisedime rreth rikonstruktimit t\u00eb\" \/>\n<meta property=\"og:url\" content=\"https:\/\/www.visit-ulcinj.com\/blog\/2014\/12\/25\/cungu-pakenaqur-pjesemarrjen-ne-qeveri\/\" \/>\n<meta property=\"og:site_name\" content=\"Lajme nga Ulqini\" \/>\n<meta property=\"article:published_time\" content=\"2014-12-25T15:56:55+00:00\" \/>\n<meta property=\"og:image\" content=\"http:\/\/www.visit-ulcinj.com\/blog\/wp-content\/uploads\/2013\/05\/Djukanovic-inaguracija-mosta-Port-Milena-Ulcinj-Brajovic-Cungu.9.jpg\" \/>\n<meta name=\"twitter:label1\" content=\"Written by\" \/>\n\t<meta name=\"twitter:data1\" content=\"ulqini\" \/>\n\t<meta name=\"twitter:label2\" content=\"Est. reading time\" \/>\n\t<meta name=\"twitter:data2\" content=\"1 minute\" \/>\n<script type=\"application\/ld+json\" class=\"yoast-schema-graph\">{\"@context\":\"https:\/\/schema.org\",\"@graph\":[{\"@type\":\"WebSite\",\"@id\":\"https:\/\/www.visit-ulcinj.com\/blog\/#website\",\"url\":\"https:\/\/www.visit-ulcinj.com\/blog\/\",\"name\":\"Lajme nga Ulqini\",\"description\":\"Lajme,Vijesti,Ulqini,Ulqin,Crna Gora,Mali i Zi\",\"potentialAction\":[{\"@type\":\"SearchAction\",\"target\":{\"@type\":\"EntryPoint\",\"urlTemplate\":\"https:\/\/www.visit-ulcinj.com\/blog\/?s={search_term_string}\"},\"query-input\":\"required name=search_term_string\"}],\"inLanguage\":\"en-US\"},{\"@type\":\"ImageObject\",\"inLanguage\":\"en-US\",\"@id\":\"https:\/\/www.visit-ulcinj.com\/blog\/2014\/12\/25\/cungu-pakenaqur-pjesemarrjen-ne-qeveri\/#primaryimage\",\"url\":\"https:\/\/www.visit-ulcinj.com\/blog\/wp-content\/uploads\/2013\/05\/Djukanovic-inaguracija-mosta-Port-Milena-Ulcinj-Brajovic-Cungu.9.jpg\",\"contentUrl\":\"https:\/\/www.visit-ulcinj.com\/blog\/wp-content\/uploads\/2013\/05\/Djukanovic-inaguracija-mosta-Port-Milena-Ulcinj-Brajovic-Cungu.9.jpg\",\"width\":795,\"height\":529},{\"@type\":\"WebPage\",\"@id\":\"https:\/\/www.visit-ulcinj.com\/blog\/2014\/12\/25\/cungu-pakenaqur-pjesemarrjen-ne-qeveri\/#webpage\",\"url\":\"https:\/\/www.visit-ulcinj.com\/blog\/2014\/12\/25\/cungu-pakenaqur-pjesemarrjen-ne-qeveri\/\",\"name\":\"Cungu i pak\u00ebnaqur me pjes\u00ebmarrjen n\u00eb qeveri - Lajme nga Ulqini\",\"isPartOf\":{\"@id\":\"https:\/\/www.visit-ulcinj.com\/blog\/#website\"},\"primaryImageOfPage\":{\"@id\":\"https:\/\/www.visit-ulcinj.com\/blog\/2014\/12\/25\/cungu-pakenaqur-pjesemarrjen-ne-qeveri\/#primaryimage\"},\"datePublished\":\"2014-12-25T15:56:55+00:00\",\"dateModified\":\"2014-12-25T15:56:55+00:00\",\"author\":{\"@id\":\"https:\/\/www.visit-ulcinj.com\/blog\/#\/schema\/person\/dcab619c614d3038751c63bc2aadc06d\"},\"description\":\"P\u00ebrfaq\u00ebsuesit e partive shqiptare n\u00eb Mal t\u00eb Zi akoma nuk e kan\u00eb marr\u00eb ftes\u00ebn e kryeministrit Millo Gjukanoviq p\u00ebr bisedime rreth rikonstruktimit t\u00eb\",\"breadcrumb\":{\"@id\":\"https:\/\/www.visit-ulcinj.com\/blog\/2014\/12\/25\/cungu-pakenaqur-pjesemarrjen-ne-qeveri\/#breadcrumb\"},\"inLanguage\":\"en-US\",\"potentialAction\":[{\"@type\":\"ReadAction\",\"target\":[\"https:\/\/www.visit-ulcinj.com\/blog\/2014\/12\/25\/cungu-pakenaqur-pjesemarrjen-ne-qeveri\/\"]}]},{\"@type\":\"BreadcrumbList\",\"@id\":\"https:\/\/www.visit-ulcinj.com\/blog\/2014\/12\/25\/cungu-pakenaqur-pjesemarrjen-ne-qeveri\/#breadcrumb\",\"itemListElement\":[{\"@type\":\"ListItem\",\"position\":1,\"name\":\"Cungu i pak\u00ebnaqur me pjes\u00ebmarrjen n\u00eb qeveri\"}]},{\"@type\":\"Person\",\"@id\":\"https:\/\/www.visit-ulcinj.com\/blog\/#\/schema\/person\/dcab619c614d3038751c63bc2aadc06d\",\"name\":\"ulqini\",\"sameAs\":[\"http:\/\/www.visit-ulcinj.com\"],\"url\":\"https:\/\/www.visit-ulcinj.com\/blog\/author\/admin\/\"}]}<\/script>\n<!-- \/ Yoast SEO plugin. -->","yoast_head_json":{"title":"Cungu i pak\u00ebnaqur me pjes\u00ebmarrjen n\u00eb qeveri - Lajme nga Ulqini","description":"P\u00ebrfaq\u00ebsuesit e partive shqiptare n\u00eb Mal t\u00eb Zi akoma nuk e kan\u00eb marr\u00eb ftes\u00ebn e kryeministrit Millo Gjukanoviq p\u00ebr bisedime rreth rikonstruktimit t\u00eb","robots":{"index":"index","follow":"follow","max-snippet":"max-snippet:-1","max-image-preview":"max-image-preview:large","max-video-preview":"max-video-preview:-1"},"canonical":"https:\/\/www.visit-ulcinj.com\/blog\/2014\/12\/25\/cungu-pakenaqur-pjesemarrjen-ne-qeveri\/","og_locale":"en_US","og_type":"article","og_title":"Cungu i pak\u00ebnaqur me pjes\u00ebmarrjen n\u00eb qeveri - Lajme nga Ulqini","og_description":"P\u00ebrfaq\u00ebsuesit e partive shqiptare n\u00eb Mal t\u00eb Zi akoma nuk e kan\u00eb marr\u00eb ftes\u00ebn e kryeministrit Millo Gjukanoviq p\u00ebr bisedime rreth rikonstruktimit t\u00eb","og_url":"https:\/\/www.visit-ulcinj.com\/blog\/2014\/12\/25\/cungu-pakenaqur-pjesemarrjen-ne-qeveri\/","og_site_name":"Lajme nga Ulqini","article_published_time":"2014-12-25T15:56:55+00:00","og_image":[{"url":"http:\/\/www.visit-ulcinj.com\/blog\/wp-content\/uploads\/2013\/05\/Djukanovic-inaguracija-mosta-Port-Milena-Ulcinj-Brajovic-Cungu.9.jpg"}],"twitter_misc":{"Written by":"ulqini","Est. reading time":"1 minute"},"schema":{"@context":"https:\/\/schema.org","@graph":[{"@type":"WebSite","@id":"https:\/\/www.visit-ulcinj.com\/blog\/#website","url":"https:\/\/www.visit-ulcinj.com\/blog\/","name":"Lajme nga Ulqini","description":"Lajme,Vijesti,Ulqini,Ulqin,Crna Gora,Mali i Zi","potentialAction":[{"@type":"SearchAction","target":{"@type":"EntryPoint","urlTemplate":"https:\/\/www.visit-ulcinj.com\/blog\/?s={search_term_string}"},"query-input":"required name=search_term_string"}],"inLanguage":"en-US"},{"@type":"ImageObject","inLanguage":"en-US","@id":"https:\/\/www.visit-ulcinj.com\/blog\/2014\/12\/25\/cungu-pakenaqur-pjesemarrjen-ne-qeveri\/#primaryimage","url":"https:\/\/www.visit-ulcinj.com\/blog\/wp-content\/uploads\/2013\/05\/Djukanovic-inaguracija-mosta-Port-Milena-Ulcinj-Brajovic-Cungu.9.jpg","contentUrl":"https:\/\/www.visit-ulcinj.com\/blog\/wp-content\/uploads\/2013\/05\/Djukanovic-inaguracija-mosta-Port-Milena-Ulcinj-Brajovic-Cungu.9.jpg","width":795,"height":529},{"@type":"WebPage","@id":"https:\/\/www.visit-ulcinj.com\/blog\/2014\/12\/25\/cungu-pakenaqur-pjesemarrjen-ne-qeveri\/#webpage","url":"https:\/\/www.visit-ulcinj.com\/blog\/2014\/12\/25\/cungu-pakenaqur-pjesemarrjen-ne-qeveri\/","name":"Cungu i pak\u00ebnaqur me pjes\u00ebmarrjen n\u00eb qeveri - Lajme nga Ulqini","isPartOf":{"@id":"https:\/\/www.visit-ulcinj.com\/blog\/#website"},"primaryImageOfPage":{"@id":"https:\/\/www.visit-ulcinj.com\/blog\/2014\/12\/25\/cungu-pakenaqur-pjesemarrjen-ne-qeveri\/#primaryimage"},"datePublished":"2014-12-25T15:56:55+00:00","dateModified":"2014-12-25T15:56:55+00:00","author":{"@id":"https:\/\/www.visit-ulcinj.com\/blog\/#\/schema\/person\/dcab619c614d3038751c63bc2aadc06d"},"description":"P\u00ebrfaq\u00ebsuesit e partive shqiptare n\u00eb Mal t\u00eb Zi akoma nuk e kan\u00eb marr\u00eb ftes\u00ebn e kryeministrit Millo Gjukanoviq p\u00ebr bisedime rreth rikonstruktimit t\u00eb","breadcrumb":{"@id":"https:\/\/www.visit-ulcinj.com\/blog\/2014\/12\/25\/cungu-pakenaqur-pjesemarrjen-ne-qeveri\/#breadcrumb"},"inLanguage":"en-US","potentialAction":[{"@type":"ReadAction","target":["https:\/\/www.visit-ulcinj.com\/blog\/2014\/12\/25\/cungu-pakenaqur-pjesemarrjen-ne-qeveri\/"]}]},{"@type":"BreadcrumbList","@id":"https:\/\/www.visit-ulcinj.com\/blog\/2014\/12\/25\/cungu-pakenaqur-pjesemarrjen-ne-qeveri\/#breadcrumb","itemListElement":[{"@type":"ListItem","position":1,"name":"Cungu i pak\u00ebnaqur me pjes\u00ebmarrjen n\u00eb qeveri"}]},{"@type":"Person","@id":"https:\/\/www.visit-ulcinj.com\/blog\/#\/schema\/person\/dcab619c614d3038751c63bc2aadc06d","name":"ulqini","sameAs":["http:\/\/www.visit-ulcinj.com"],"url":"https:\/\/www.visit-ulcinj.com\/blog\/author\/admin\/"}]}},"jetpack_featured_media_url":"","jetpack_sharing_enabled":true,"jetpack_shortlink":"https:\/\/wp.me\/pe6lTn-mHg","_links":{"self":[{"href":"https:\/\/www.visit-ulcinj.com\/blog\/wp-json\/wp\/v2\/posts\/87250"}],"collection":[{"href":"https:\/\/www.visit-ulcinj.com\/blog\/wp-json\/wp\/v2\/posts"}],"about":[{"href":"https:\/\/www.visit-ulcinj.com\/blog\/wp-json\/wp\/v2\/types\/post"}],"author":[{"embeddable":true,"href":"https:\/\/www.visit-ulcinj.com\/blog\/wp-json\/wp\/v2\/users\/1"}],"replies":[{"embeddable":true,"href":"https:\/\/www.visit-ulcinj.com\/blog\/wp-json\/wp\/v2\/comments?post=87250"}],"version-history":[{"count":1,"href":"https:\/\/www.visit-ulcinj.com\/blog\/wp-json\/wp\/v2\/posts\/87250\/revisions"}],"predecessor-version":[{"id":87251,"href":"https:\/\/www.visit-ulcinj.com\/blog\/wp-json\/wp\/v2\/posts\/87250\/revisions\/87251"}],"wp:attachment":[{"href":"https:\/\/www.visit-ulcinj.com\/blog\/wp-json\/wp\/v2\/media?parent=87250"}],"wp:term":[{"taxonomy":"category","embeddable":true,"href":"https:\/\/www.visit-ulcinj.com\/blog\/wp-json\/wp\/v2\/categories?post=87250"},{"taxonomy":"post_tag","embeddable":true,"href":"https:\/\/www.visit-ulcinj.com\/blog\/wp-json\/wp\/v2\/tags?post=87250"}],"curies":[{"name":"wp","href":"https:\/\/api.w.org\/{rel}","templated":true}]}}