{"id":87260,"date":"2014-12-27T19:40:13","date_gmt":"2014-12-27T18:40:13","guid":{"rendered":"http:\/\/www.visit-ulcinj.com\/blog\/?p=87260"},"modified":"2014-12-30T09:49:34","modified_gmt":"2014-12-30T08:49:34","slug":"luigj-shkrela-dergoi-telegram-urimi-fatmir-gjekes","status":"publish","type":"post","link":"https:\/\/www.visit-ulcinj.com\/blog\/2014\/12\/27\/luigj-shkrela-dergoi-telegram-urimi-fatmir-gjekes\/","title":{"rendered":"Luigj Shkrela i d\u00ebrgoi telegram urimi Fatmir Gjek\u00ebs"},"content":{"rendered":"<p><a href=\"http:\/\/www.visit-ulcinj.com\/blog\/wp-content\/uploads\/2012\/12\/Shkrelja_Gjeka-100-vjetori-i-pavarsise.1.jpg\"><img loading=\"lazy\" class=\"alignleft wp-image-66317\" src=\"http:\/\/www.visit-ulcinj.com\/blog\/wp-content\/uploads\/2012\/12\/Shkrelja_Gjeka-100-vjetori-i-pavarsise.1.jpg\" alt=\"Shkrelja_Gjeka - 100 vjetori i pavarsise.1\" width=\"508\" height=\"338\" srcset=\"https:\/\/www.visit-ulcinj.com\/blog\/wp-content\/uploads\/2012\/12\/Shkrelja_Gjeka-100-vjetori-i-pavarsise.1.jpg 960w, https:\/\/www.visit-ulcinj.com\/blog\/wp-content\/uploads\/2012\/12\/Shkrelja_Gjeka-100-vjetori-i-pavarsise.1-300x199.jpg 300w\" sizes=\"(max-width: 508px) 100vw, 508px\" \/><\/a>Deputeti i Partis\u00eb demokratike t\u00eb socialist\u00ebve n\u00eb Kuvendin e Malit t\u00eb Zi Luigj Shkrela i d\u00ebrgoi telegram kryetarit t\u00eb Partis\u00eb demokratike Fatmir Gjeka me rastin e trevjetorit t\u00eb formimit t\u00eb partis\u00eb s\u00eb tij, raporton Portali Ul.info.<\/p>\n<p>\u201cMe rastin e formimit t\u00eb subjektit politik shqiptar t\u00eb cilin ju me sukses e drejtoni, nd\u00ebrsa n\u00eb pamund\u00ebsi q\u00eb personalisht t\u00eb jem i pranish\u00ebm n\u00eb kremtim, m\u00eb lejoni q\u00eb juve personalisht, kryetar Gjeka, si dhe t\u00eb gjith\u00eb an\u00ebtareve dhe an\u00ebtar\u00ebve t\u00eb PD-s\u00eb t\u2019i d\u00ebrgoi urimet m\u00eb t\u00eb sinqerta dhe t\u2019iu d\u00ebshiroi suksese t\u00eb m\u00ebtejme n\u00eb pun\u00ebn dhe afirmimin e interesave t\u00eb p\u00ebrgjithsh\u00ebm t\u00eb komun\u00ebs ton\u00eb dhe m\u00eb gjer\u00eb\u201d, thuhet n\u00eb urimin e Shkrel\u00ebs.<\/p>\n","protected":false},"excerpt":{"rendered":"<p>Deputeti i Partis\u00eb demokratike t\u00eb socialist\u00ebve n\u00eb Kuvendin e Malit t\u00eb Zi Luigj Shkrela i d\u00ebrgoi telegram kryetarit t\u00eb Partis\u00eb demokratike Fatmir Gjeka me rastin e trevjetorit t\u00eb formimit t\u00eb partis\u00eb s\u00eb tij, raporton Portali Ul.info. \u201cMe rastin e formimit t\u00eb subjektit politik shqiptar t\u00eb cilin ju me sukses e drejtoni, nd\u00ebrsa n\u00eb pamund\u00ebsi q\u00eb [&hellip;]<\/p>\n","protected":false},"author":1,"featured_media":0,"comment_status":"closed","ping_status":"closed","sticky":false,"template":"","format":"standard","meta":{"spay_email":"","jetpack_publicize_message":"","jetpack_is_tweetstorm":false,"jetpack_publicize_feature_enabled":true},"categories":[6,2451],"tags":[],"jetpack_publicize_connections":[],"yoast_head":"<!-- This site is optimized with the Yoast SEO plugin v19.1 - https:\/\/yoast.com\/wordpress\/plugins\/seo\/ -->\n<title>Luigj Shkrela i d\u00ebrgoi telegram urimi Fatmir Gjek\u00ebs - Lajme nga Ulqini<\/title>\n<meta name=\"description\" content=\"Deputeti i Partis\u00eb demokratike t\u00eb socialist\u00ebve n\u00eb Kuvendin e Malit t\u00eb Zi Luigj Shkrela i d\u00ebrgoi telegram kryetarit t\u00eb Partis\u00eb demokratike Fatmir Gjeka me\" \/>\n<meta name=\"robots\" content=\"index, follow, max-snippet:-1, max-image-preview:large, max-video-preview:-1\" \/>\n<link rel=\"canonical\" href=\"https:\/\/www.visit-ulcinj.com\/blog\/2014\/12\/27\/luigj-shkrela-dergoi-telegram-urimi-fatmir-gjekes\/\" \/>\n<meta property=\"og:locale\" content=\"en_US\" \/>\n<meta property=\"og:type\" content=\"article\" \/>\n<meta property=\"og:title\" content=\"Luigj Shkrela i d\u00ebrgoi telegram urimi Fatmir Gjek\u00ebs - Lajme nga Ulqini\" \/>\n<meta property=\"og:description\" content=\"Deputeti i Partis\u00eb demokratike t\u00eb socialist\u00ebve n\u00eb Kuvendin e Malit t\u00eb Zi Luigj Shkrela i d\u00ebrgoi telegram kryetarit t\u00eb Partis\u00eb demokratike Fatmir Gjeka me\" \/>\n<meta property=\"og:url\" content=\"https:\/\/www.visit-ulcinj.com\/blog\/2014\/12\/27\/luigj-shkrela-dergoi-telegram-urimi-fatmir-gjekes\/\" \/>\n<meta property=\"og:site_name\" content=\"Lajme nga Ulqini\" \/>\n<meta property=\"article:published_time\" content=\"2014-12-27T18:40:13+00:00\" \/>\n<meta property=\"article:modified_time\" content=\"2014-12-30T08:49:34+00:00\" \/>\n<meta property=\"og:image\" content=\"http:\/\/www.visit-ulcinj.com\/blog\/wp-content\/uploads\/2012\/12\/Shkrelja_Gjeka-100-vjetori-i-pavarsise.1.jpg\" \/>\n<meta name=\"twitter:label1\" content=\"Written by\" \/>\n\t<meta name=\"twitter:data1\" content=\"ulqini\" \/>\n\t<meta name=\"twitter:label2\" content=\"Est. reading time\" \/>\n\t<meta name=\"twitter:data2\" content=\"1 minute\" \/>\n<script type=\"application\/ld+json\" class=\"yoast-schema-graph\">{\"@context\":\"https:\/\/schema.org\",\"@graph\":[{\"@type\":\"WebSite\",\"@id\":\"https:\/\/www.visit-ulcinj.com\/blog\/#website\",\"url\":\"https:\/\/www.visit-ulcinj.com\/blog\/\",\"name\":\"Lajme nga Ulqini\",\"description\":\"Lajme,Vijesti,Ulqini,Ulqin,Crna Gora,Mali i Zi\",\"potentialAction\":[{\"@type\":\"SearchAction\",\"target\":{\"@type\":\"EntryPoint\",\"urlTemplate\":\"https:\/\/www.visit-ulcinj.com\/blog\/?s={search_term_string}\"},\"query-input\":\"required name=search_term_string\"}],\"inLanguage\":\"en-US\"},{\"@type\":\"ImageObject\",\"inLanguage\":\"en-US\",\"@id\":\"https:\/\/www.visit-ulcinj.com\/blog\/2014\/12\/27\/luigj-shkrela-dergoi-telegram-urimi-fatmir-gjekes\/#primaryimage\",\"url\":\"https:\/\/www.visit-ulcinj.com\/blog\/wp-content\/uploads\/2012\/12\/Shkrelja_Gjeka-100-vjetori-i-pavarsise.1.jpg\",\"contentUrl\":\"https:\/\/www.visit-ulcinj.com\/blog\/wp-content\/uploads\/2012\/12\/Shkrelja_Gjeka-100-vjetori-i-pavarsise.1.jpg\",\"width\":\"960\",\"height\":\"638\"},{\"@type\":\"WebPage\",\"@id\":\"https:\/\/www.visit-ulcinj.com\/blog\/2014\/12\/27\/luigj-shkrela-dergoi-telegram-urimi-fatmir-gjekes\/#webpage\",\"url\":\"https:\/\/www.visit-ulcinj.com\/blog\/2014\/12\/27\/luigj-shkrela-dergoi-telegram-urimi-fatmir-gjekes\/\",\"name\":\"Luigj Shkrela i d\u00ebrgoi telegram urimi Fatmir Gjek\u00ebs - Lajme nga Ulqini\",\"isPartOf\":{\"@id\":\"https:\/\/www.visit-ulcinj.com\/blog\/#website\"},\"primaryImageOfPage\":{\"@id\":\"https:\/\/www.visit-ulcinj.com\/blog\/2014\/12\/27\/luigj-shkrela-dergoi-telegram-urimi-fatmir-gjekes\/#primaryimage\"},\"datePublished\":\"2014-12-27T18:40:13+00:00\",\"dateModified\":\"2014-12-30T08:49:34+00:00\",\"author\":{\"@id\":\"https:\/\/www.visit-ulcinj.com\/blog\/#\/schema\/person\/dcab619c614d3038751c63bc2aadc06d\"},\"description\":\"Deputeti i Partis\u00eb demokratike t\u00eb socialist\u00ebve n\u00eb Kuvendin e Malit t\u00eb Zi Luigj Shkrela i d\u00ebrgoi telegram kryetarit t\u00eb Partis\u00eb demokratike Fatmir Gjeka me\",\"breadcrumb\":{\"@id\":\"https:\/\/www.visit-ulcinj.com\/blog\/2014\/12\/27\/luigj-shkrela-dergoi-telegram-urimi-fatmir-gjekes\/#breadcrumb\"},\"inLanguage\":\"en-US\",\"potentialAction\":[{\"@type\":\"ReadAction\",\"target\":[\"https:\/\/www.visit-ulcinj.com\/blog\/2014\/12\/27\/luigj-shkrela-dergoi-telegram-urimi-fatmir-gjekes\/\"]}]},{\"@type\":\"BreadcrumbList\",\"@id\":\"https:\/\/www.visit-ulcinj.com\/blog\/2014\/12\/27\/luigj-shkrela-dergoi-telegram-urimi-fatmir-gjekes\/#breadcrumb\",\"itemListElement\":[{\"@type\":\"ListItem\",\"position\":1,\"name\":\"Luigj Shkrela i d\u00ebrgoi telegram urimi Fatmir Gjek\u00ebs\"}]},{\"@type\":\"Person\",\"@id\":\"https:\/\/www.visit-ulcinj.com\/blog\/#\/schema\/person\/dcab619c614d3038751c63bc2aadc06d\",\"name\":\"ulqini\",\"sameAs\":[\"http:\/\/www.visit-ulcinj.com\"],\"url\":\"https:\/\/www.visit-ulcinj.com\/blog\/author\/admin\/\"}]}<\/script>\n<!-- \/ Yoast SEO plugin. -->","yoast_head_json":{"title":"Luigj Shkrela i d\u00ebrgoi telegram urimi Fatmir Gjek\u00ebs - Lajme nga Ulqini","description":"Deputeti i Partis\u00eb demokratike t\u00eb socialist\u00ebve n\u00eb Kuvendin e Malit t\u00eb Zi Luigj Shkrela i d\u00ebrgoi telegram kryetarit t\u00eb Partis\u00eb demokratike Fatmir Gjeka me","robots":{"index":"index","follow":"follow","max-snippet":"max-snippet:-1","max-image-preview":"max-image-preview:large","max-video-preview":"max-video-preview:-1"},"canonical":"https:\/\/www.visit-ulcinj.com\/blog\/2014\/12\/27\/luigj-shkrela-dergoi-telegram-urimi-fatmir-gjekes\/","og_locale":"en_US","og_type":"article","og_title":"Luigj Shkrela i d\u00ebrgoi telegram urimi Fatmir Gjek\u00ebs - Lajme nga Ulqini","og_description":"Deputeti i Partis\u00eb demokratike t\u00eb socialist\u00ebve n\u00eb Kuvendin e Malit t\u00eb Zi Luigj Shkrela i d\u00ebrgoi telegram kryetarit t\u00eb Partis\u00eb demokratike Fatmir Gjeka me","og_url":"https:\/\/www.visit-ulcinj.com\/blog\/2014\/12\/27\/luigj-shkrela-dergoi-telegram-urimi-fatmir-gjekes\/","og_site_name":"Lajme nga Ulqini","article_published_time":"2014-12-27T18:40:13+00:00","article_modified_time":"2014-12-30T08:49:34+00:00","og_image":[{"url":"http:\/\/www.visit-ulcinj.com\/blog\/wp-content\/uploads\/2012\/12\/Shkrelja_Gjeka-100-vjetori-i-pavarsise.1.jpg"}],"twitter_misc":{"Written by":"ulqini","Est. reading time":"1 minute"},"schema":{"@context":"https:\/\/schema.org","@graph":[{"@type":"WebSite","@id":"https:\/\/www.visit-ulcinj.com\/blog\/#website","url":"https:\/\/www.visit-ulcinj.com\/blog\/","name":"Lajme nga Ulqini","description":"Lajme,Vijesti,Ulqini,Ulqin,Crna Gora,Mali i Zi","potentialAction":[{"@type":"SearchAction","target":{"@type":"EntryPoint","urlTemplate":"https:\/\/www.visit-ulcinj.com\/blog\/?s={search_term_string}"},"query-input":"required name=search_term_string"}],"inLanguage":"en-US"},{"@type":"ImageObject","inLanguage":"en-US","@id":"https:\/\/www.visit-ulcinj.com\/blog\/2014\/12\/27\/luigj-shkrela-dergoi-telegram-urimi-fatmir-gjekes\/#primaryimage","url":"https:\/\/www.visit-ulcinj.com\/blog\/wp-content\/uploads\/2012\/12\/Shkrelja_Gjeka-100-vjetori-i-pavarsise.1.jpg","contentUrl":"https:\/\/www.visit-ulcinj.com\/blog\/wp-content\/uploads\/2012\/12\/Shkrelja_Gjeka-100-vjetori-i-pavarsise.1.jpg","width":"960","height":"638"},{"@type":"WebPage","@id":"https:\/\/www.visit-ulcinj.com\/blog\/2014\/12\/27\/luigj-shkrela-dergoi-telegram-urimi-fatmir-gjekes\/#webpage","url":"https:\/\/www.visit-ulcinj.com\/blog\/2014\/12\/27\/luigj-shkrela-dergoi-telegram-urimi-fatmir-gjekes\/","name":"Luigj Shkrela i d\u00ebrgoi telegram urimi Fatmir Gjek\u00ebs - Lajme nga Ulqini","isPartOf":{"@id":"https:\/\/www.visit-ulcinj.com\/blog\/#website"},"primaryImageOfPage":{"@id":"https:\/\/www.visit-ulcinj.com\/blog\/2014\/12\/27\/luigj-shkrela-dergoi-telegram-urimi-fatmir-gjekes\/#primaryimage"},"datePublished":"2014-12-27T18:40:13+00:00","dateModified":"2014-12-30T08:49:34+00:00","author":{"@id":"https:\/\/www.visit-ulcinj.com\/blog\/#\/schema\/person\/dcab619c614d3038751c63bc2aadc06d"},"description":"Deputeti i Partis\u00eb demokratike t\u00eb socialist\u00ebve n\u00eb Kuvendin e Malit t\u00eb Zi Luigj Shkrela i d\u00ebrgoi telegram kryetarit t\u00eb Partis\u00eb demokratike Fatmir Gjeka me","breadcrumb":{"@id":"https:\/\/www.visit-ulcinj.com\/blog\/2014\/12\/27\/luigj-shkrela-dergoi-telegram-urimi-fatmir-gjekes\/#breadcrumb"},"inLanguage":"en-US","potentialAction":[{"@type":"ReadAction","target":["https:\/\/www.visit-ulcinj.com\/blog\/2014\/12\/27\/luigj-shkrela-dergoi-telegram-urimi-fatmir-gjekes\/"]}]},{"@type":"BreadcrumbList","@id":"https:\/\/www.visit-ulcinj.com\/blog\/2014\/12\/27\/luigj-shkrela-dergoi-telegram-urimi-fatmir-gjekes\/#breadcrumb","itemListElement":[{"@type":"ListItem","position":1,"name":"Luigj Shkrela i d\u00ebrgoi telegram urimi Fatmir Gjek\u00ebs"}]},{"@type":"Person","@id":"https:\/\/www.visit-ulcinj.com\/blog\/#\/schema\/person\/dcab619c614d3038751c63bc2aadc06d","name":"ulqini","sameAs":["http:\/\/www.visit-ulcinj.com"],"url":"https:\/\/www.visit-ulcinj.com\/blog\/author\/admin\/"}]}},"jetpack_featured_media_url":"","jetpack_sharing_enabled":true,"jetpack_shortlink":"https:\/\/wp.me\/pe6lTn-mHq","_links":{"self":[{"href":"https:\/\/www.visit-ulcinj.com\/blog\/wp-json\/wp\/v2\/posts\/87260"}],"collection":[{"href":"https:\/\/www.visit-ulcinj.com\/blog\/wp-json\/wp\/v2\/posts"}],"about":[{"href":"https:\/\/www.visit-ulcinj.com\/blog\/wp-json\/wp\/v2\/types\/post"}],"author":[{"embeddable":true,"href":"https:\/\/www.visit-ulcinj.com\/blog\/wp-json\/wp\/v2\/users\/1"}],"replies":[{"embeddable":true,"href":"https:\/\/www.visit-ulcinj.com\/blog\/wp-json\/wp\/v2\/comments?post=87260"}],"version-history":[{"count":1,"href":"https:\/\/www.visit-ulcinj.com\/blog\/wp-json\/wp\/v2\/posts\/87260\/revisions"}],"predecessor-version":[{"id":87261,"href":"https:\/\/www.visit-ulcinj.com\/blog\/wp-json\/wp\/v2\/posts\/87260\/revisions\/87261"}],"wp:attachment":[{"href":"https:\/\/www.visit-ulcinj.com\/blog\/wp-json\/wp\/v2\/media?parent=87260"}],"wp:term":[{"taxonomy":"category","embeddable":true,"href":"https:\/\/www.visit-ulcinj.com\/blog\/wp-json\/wp\/v2\/categories?post=87260"},{"taxonomy":"post_tag","embeddable":true,"href":"https:\/\/www.visit-ulcinj.com\/blog\/wp-json\/wp\/v2\/tags?post=87260"}],"curies":[{"name":"wp","href":"https:\/\/api.w.org\/{rel}","templated":true}]}}