{"id":87262,"date":"2014-12-27T19:51:05","date_gmt":"2014-12-27T18:51:05","guid":{"rendered":"http:\/\/www.visit-ulcinj.com\/blog\/?p=87262"},"modified":"2014-12-27T19:51:05","modified_gmt":"2014-12-27T18:51:05","slug":"forca-kokteji-fundvitit-2014-anulohet","status":"publish","type":"post","link":"https:\/\/www.visit-ulcinj.com\/blog\/2014\/12\/27\/forca-kokteji-fundvitit-2014-anulohet\/","title":{"rendered":"Forca: Kokteji i Fundvitit 2014 anulohet"},"content":{"rendered":"<p><a href=\"http:\/\/www.visit-ulcinj.com\/blog\/wp-content\/uploads\/2014\/12\/Kokteji-i-Fundvitit-Novogodisnji-Koktel.jpg\"><img loading=\"lazy\" class=\"alignleft wp-image-87263\" src=\"http:\/\/www.visit-ulcinj.com\/blog\/wp-content\/uploads\/2014\/12\/Kokteji-i-Fundvitit-Novogodisnji-Koktel.jpg\" alt=\"Kokteji-i-Fundvitit-Novogodisnji-Koktel\" width=\"508\" height=\"279\" srcset=\"https:\/\/www.visit-ulcinj.com\/blog\/wp-content\/uploads\/2014\/12\/Kokteji-i-Fundvitit-Novogodisnji-Koktel.jpg 500w, https:\/\/www.visit-ulcinj.com\/blog\/wp-content\/uploads\/2014\/12\/Kokteji-i-Fundvitit-Novogodisnji-Koktel-300x165.jpg 300w\" sizes=\"(max-width: 508px) 100vw, 508px\" \/><\/a>Ulqin, m\u00eb 27.12.2014<\/p>\n<p style=\"text-align: center;\"><strong>\u00a0<\/strong><\/p>\n<p style=\"text-align: center;\"><strong><em>Kumtes\u00eb p\u00ebr media<\/em><\/strong><\/p>\n<p>&nbsp;<\/p>\n<p>Me rastin e festave t\u00eb fundvitit Forca e Re Demokratike njofton t\u00eb gjith\u00eb qytetar\u00ebt q\u00eb Kokteji i fundvitit i cili me tradicionalitet organizohet p\u00ebr plot\u00eb tet\u00eb vite me rradh\u00eb, anulohet k\u00ebt\u00eb vit p\u00ebr shkak t\u00eb gjendjes s\u00eb r\u00ebnd\u00eb financiare dhe ekonomike t\u00eb qytetit ton\u00eb dhe q\u00eb mjetet e parapara p\u00ebr k\u00ebt\u00eb eveniment do t\u00ebjen\u00eb t\u00eb dhuruara familjeve n\u00eb nevoj\u00eb.<\/p>\n<p>\u00cbshte m\u00eb se e nevojshme q\u00eb n\u00eb keto dit\u00eb festash t\u00eb kemi nj\u00eb senzibilizim sa m\u00eb t\u00eb madh p\u00ebr ato t\u00eb cil\u00ebt jan\u00eb n\u00eb gj\u00ebndje t\u00eb r\u00ebnd\u00eb ekonomike. Kjo nuk duhet t\u00eb jet\u00eb obligim vet\u00ebm i organizatave bamir\u00ebse, por i \u00e7do subjekti politik apo ekonomik, privat apo publik, obligim i cdo nj\u00ebrit nga ne.<\/p>\n<p>Dhurata m\u00eb e shtrenjt\u00eb q\u00eb mund t\u00eb dhurohet, pamvar\u00ebsisht rasti, kremtimi apo evenimenti, \u00ebsht\u00eb padyshim p\u00ebrkushtimi dhe senzibiliteti i mir\u00ebkuptimit n\u00eb jet\u00eb.<\/p>\n<p>Urojm\u00eb q\u00eb ky vit i ri t\u00eb sjell\u00eb paqe, harmoni dhe begati n\u00eb sht\u00ebpit\u00eb tuaja.<\/p>\n<p>Edhe nj\u00ebher\u00eb g\u00ebzuar dhe p\u00ebr shum mot festat e fundvitit!<\/p>\n<p>Forca e Re Demokratike<\/p>\n","protected":false},"excerpt":{"rendered":"<p>Ulqin, m\u00eb 27.12.2014 \u00a0 Kumtes\u00eb p\u00ebr media &nbsp; Me rastin e festave t\u00eb fundvitit Forca e Re Demokratike njofton t\u00eb gjith\u00eb qytetar\u00ebt q\u00eb Kokteji i fundvitit i cili me tradicionalitet organizohet p\u00ebr plot\u00eb tet\u00eb vite me rradh\u00eb, anulohet k\u00ebt\u00eb vit p\u00ebr shkak t\u00eb gjendjes s\u00eb r\u00ebnd\u00eb financiare dhe ekonomike t\u00eb qytetit ton\u00eb dhe q\u00eb mjetet [&hellip;]<\/p>\n","protected":false},"author":1,"featured_media":0,"comment_status":"closed","ping_status":"closed","sticky":false,"template":"","format":"standard","meta":{"spay_email":"","jetpack_publicize_message":"","jetpack_is_tweetstorm":false,"jetpack_publicize_feature_enabled":true},"categories":[2451],"tags":[],"jetpack_publicize_connections":[],"yoast_head":"<!-- This site is optimized with the Yoast SEO plugin v19.1 - https:\/\/yoast.com\/wordpress\/plugins\/seo\/ -->\n<title>Forca: Kokteji i Fundvitit 2014 anulohet - Lajme nga Ulqini<\/title>\n<meta name=\"description\" content=\"Ulqin, m\u00eb 27.12.2014 \u00a0 Kumtes\u00eb p\u00ebr media &nbsp; Me rastin e festave t\u00eb fundvitit Forca e Re Demokratike njofton t\u00eb gjith\u00eb qytetar\u00ebt q\u00eb Kokteji i fundvitit\" \/>\n<meta name=\"robots\" content=\"index, follow, max-snippet:-1, max-image-preview:large, max-video-preview:-1\" \/>\n<link rel=\"canonical\" href=\"https:\/\/www.visit-ulcinj.com\/blog\/2014\/12\/27\/forca-kokteji-fundvitit-2014-anulohet\/\" \/>\n<meta property=\"og:locale\" content=\"en_US\" \/>\n<meta property=\"og:type\" content=\"article\" \/>\n<meta property=\"og:title\" content=\"Forca: Kokteji i Fundvitit 2014 anulohet - Lajme nga Ulqini\" \/>\n<meta property=\"og:description\" content=\"Ulqin, m\u00eb 27.12.2014 \u00a0 Kumtes\u00eb p\u00ebr media &nbsp; Me rastin e festave t\u00eb fundvitit Forca e Re Demokratike njofton t\u00eb gjith\u00eb qytetar\u00ebt q\u00eb Kokteji i fundvitit\" \/>\n<meta property=\"og:url\" content=\"https:\/\/www.visit-ulcinj.com\/blog\/2014\/12\/27\/forca-kokteji-fundvitit-2014-anulohet\/\" \/>\n<meta property=\"og:site_name\" content=\"Lajme nga Ulqini\" \/>\n<meta property=\"article:published_time\" content=\"2014-12-27T18:51:05+00:00\" \/>\n<meta property=\"og:image\" content=\"http:\/\/www.visit-ulcinj.com\/blog\/wp-content\/uploads\/2014\/12\/Kokteji-i-Fundvitit-Novogodisnji-Koktel.jpg\" \/>\n<meta name=\"twitter:label1\" content=\"Written by\" \/>\n\t<meta name=\"twitter:data1\" content=\"ulqini\" \/>\n\t<meta name=\"twitter:label2\" content=\"Est. reading time\" \/>\n\t<meta name=\"twitter:data2\" content=\"1 minute\" \/>\n<script type=\"application\/ld+json\" class=\"yoast-schema-graph\">{\"@context\":\"https:\/\/schema.org\",\"@graph\":[{\"@type\":\"WebSite\",\"@id\":\"https:\/\/www.visit-ulcinj.com\/blog\/#website\",\"url\":\"https:\/\/www.visit-ulcinj.com\/blog\/\",\"name\":\"Lajme nga Ulqini\",\"description\":\"Lajme,Vijesti,Ulqini,Ulqin,Crna Gora,Mali i Zi\",\"potentialAction\":[{\"@type\":\"SearchAction\",\"target\":{\"@type\":\"EntryPoint\",\"urlTemplate\":\"https:\/\/www.visit-ulcinj.com\/blog\/?s={search_term_string}\"},\"query-input\":\"required name=search_term_string\"}],\"inLanguage\":\"en-US\"},{\"@type\":\"ImageObject\",\"inLanguage\":\"en-US\",\"@id\":\"https:\/\/www.visit-ulcinj.com\/blog\/2014\/12\/27\/forca-kokteji-fundvitit-2014-anulohet\/#primaryimage\",\"url\":\"https:\/\/www.visit-ulcinj.com\/blog\/wp-content\/uploads\/2014\/12\/Kokteji-i-Fundvitit-Novogodisnji-Koktel.jpg\",\"contentUrl\":\"https:\/\/www.visit-ulcinj.com\/blog\/wp-content\/uploads\/2014\/12\/Kokteji-i-Fundvitit-Novogodisnji-Koktel.jpg\",\"width\":500,\"height\":275},{\"@type\":\"WebPage\",\"@id\":\"https:\/\/www.visit-ulcinj.com\/blog\/2014\/12\/27\/forca-kokteji-fundvitit-2014-anulohet\/#webpage\",\"url\":\"https:\/\/www.visit-ulcinj.com\/blog\/2014\/12\/27\/forca-kokteji-fundvitit-2014-anulohet\/\",\"name\":\"Forca: Kokteji i Fundvitit 2014 anulohet - Lajme nga Ulqini\",\"isPartOf\":{\"@id\":\"https:\/\/www.visit-ulcinj.com\/blog\/#website\"},\"primaryImageOfPage\":{\"@id\":\"https:\/\/www.visit-ulcinj.com\/blog\/2014\/12\/27\/forca-kokteji-fundvitit-2014-anulohet\/#primaryimage\"},\"datePublished\":\"2014-12-27T18:51:05+00:00\",\"dateModified\":\"2014-12-27T18:51:05+00:00\",\"author\":{\"@id\":\"https:\/\/www.visit-ulcinj.com\/blog\/#\/schema\/person\/dcab619c614d3038751c63bc2aadc06d\"},\"description\":\"Ulqin, m\u00eb 27.12.2014 \u00a0 Kumtes\u00eb p\u00ebr media &nbsp; Me rastin e festave t\u00eb fundvitit Forca e Re Demokratike njofton t\u00eb gjith\u00eb qytetar\u00ebt q\u00eb Kokteji i fundvitit\",\"breadcrumb\":{\"@id\":\"https:\/\/www.visit-ulcinj.com\/blog\/2014\/12\/27\/forca-kokteji-fundvitit-2014-anulohet\/#breadcrumb\"},\"inLanguage\":\"en-US\",\"potentialAction\":[{\"@type\":\"ReadAction\",\"target\":[\"https:\/\/www.visit-ulcinj.com\/blog\/2014\/12\/27\/forca-kokteji-fundvitit-2014-anulohet\/\"]}]},{\"@type\":\"BreadcrumbList\",\"@id\":\"https:\/\/www.visit-ulcinj.com\/blog\/2014\/12\/27\/forca-kokteji-fundvitit-2014-anulohet\/#breadcrumb\",\"itemListElement\":[{\"@type\":\"ListItem\",\"position\":1,\"name\":\"Forca: Kokteji i Fundvitit 2014 anulohet\"}]},{\"@type\":\"Person\",\"@id\":\"https:\/\/www.visit-ulcinj.com\/blog\/#\/schema\/person\/dcab619c614d3038751c63bc2aadc06d\",\"name\":\"ulqini\",\"sameAs\":[\"http:\/\/www.visit-ulcinj.com\"],\"url\":\"https:\/\/www.visit-ulcinj.com\/blog\/author\/admin\/\"}]}<\/script>\n<!-- \/ Yoast SEO plugin. -->","yoast_head_json":{"title":"Forca: Kokteji i Fundvitit 2014 anulohet - Lajme nga Ulqini","description":"Ulqin, m\u00eb 27.12.2014 \u00a0 Kumtes\u00eb p\u00ebr media &nbsp; Me rastin e festave t\u00eb fundvitit Forca e Re Demokratike njofton t\u00eb gjith\u00eb qytetar\u00ebt q\u00eb Kokteji i fundvitit","robots":{"index":"index","follow":"follow","max-snippet":"max-snippet:-1","max-image-preview":"max-image-preview:large","max-video-preview":"max-video-preview:-1"},"canonical":"https:\/\/www.visit-ulcinj.com\/blog\/2014\/12\/27\/forca-kokteji-fundvitit-2014-anulohet\/","og_locale":"en_US","og_type":"article","og_title":"Forca: Kokteji i Fundvitit 2014 anulohet - Lajme nga Ulqini","og_description":"Ulqin, m\u00eb 27.12.2014 \u00a0 Kumtes\u00eb p\u00ebr media &nbsp; Me rastin e festave t\u00eb fundvitit Forca e Re Demokratike njofton t\u00eb gjith\u00eb qytetar\u00ebt q\u00eb Kokteji i fundvitit","og_url":"https:\/\/www.visit-ulcinj.com\/blog\/2014\/12\/27\/forca-kokteji-fundvitit-2014-anulohet\/","og_site_name":"Lajme nga Ulqini","article_published_time":"2014-12-27T18:51:05+00:00","og_image":[{"url":"http:\/\/www.visit-ulcinj.com\/blog\/wp-content\/uploads\/2014\/12\/Kokteji-i-Fundvitit-Novogodisnji-Koktel.jpg"}],"twitter_misc":{"Written by":"ulqini","Est. reading time":"1 minute"},"schema":{"@context":"https:\/\/schema.org","@graph":[{"@type":"WebSite","@id":"https:\/\/www.visit-ulcinj.com\/blog\/#website","url":"https:\/\/www.visit-ulcinj.com\/blog\/","name":"Lajme nga Ulqini","description":"Lajme,Vijesti,Ulqini,Ulqin,Crna Gora,Mali i Zi","potentialAction":[{"@type":"SearchAction","target":{"@type":"EntryPoint","urlTemplate":"https:\/\/www.visit-ulcinj.com\/blog\/?s={search_term_string}"},"query-input":"required name=search_term_string"}],"inLanguage":"en-US"},{"@type":"ImageObject","inLanguage":"en-US","@id":"https:\/\/www.visit-ulcinj.com\/blog\/2014\/12\/27\/forca-kokteji-fundvitit-2014-anulohet\/#primaryimage","url":"https:\/\/www.visit-ulcinj.com\/blog\/wp-content\/uploads\/2014\/12\/Kokteji-i-Fundvitit-Novogodisnji-Koktel.jpg","contentUrl":"https:\/\/www.visit-ulcinj.com\/blog\/wp-content\/uploads\/2014\/12\/Kokteji-i-Fundvitit-Novogodisnji-Koktel.jpg","width":500,"height":275},{"@type":"WebPage","@id":"https:\/\/www.visit-ulcinj.com\/blog\/2014\/12\/27\/forca-kokteji-fundvitit-2014-anulohet\/#webpage","url":"https:\/\/www.visit-ulcinj.com\/blog\/2014\/12\/27\/forca-kokteji-fundvitit-2014-anulohet\/","name":"Forca: Kokteji i Fundvitit 2014 anulohet - Lajme nga Ulqini","isPartOf":{"@id":"https:\/\/www.visit-ulcinj.com\/blog\/#website"},"primaryImageOfPage":{"@id":"https:\/\/www.visit-ulcinj.com\/blog\/2014\/12\/27\/forca-kokteji-fundvitit-2014-anulohet\/#primaryimage"},"datePublished":"2014-12-27T18:51:05+00:00","dateModified":"2014-12-27T18:51:05+00:00","author":{"@id":"https:\/\/www.visit-ulcinj.com\/blog\/#\/schema\/person\/dcab619c614d3038751c63bc2aadc06d"},"description":"Ulqin, m\u00eb 27.12.2014 \u00a0 Kumtes\u00eb p\u00ebr media &nbsp; Me rastin e festave t\u00eb fundvitit Forca e Re Demokratike njofton t\u00eb gjith\u00eb qytetar\u00ebt q\u00eb Kokteji i fundvitit","breadcrumb":{"@id":"https:\/\/www.visit-ulcinj.com\/blog\/2014\/12\/27\/forca-kokteji-fundvitit-2014-anulohet\/#breadcrumb"},"inLanguage":"en-US","potentialAction":[{"@type":"ReadAction","target":["https:\/\/www.visit-ulcinj.com\/blog\/2014\/12\/27\/forca-kokteji-fundvitit-2014-anulohet\/"]}]},{"@type":"BreadcrumbList","@id":"https:\/\/www.visit-ulcinj.com\/blog\/2014\/12\/27\/forca-kokteji-fundvitit-2014-anulohet\/#breadcrumb","itemListElement":[{"@type":"ListItem","position":1,"name":"Forca: Kokteji i Fundvitit 2014 anulohet"}]},{"@type":"Person","@id":"https:\/\/www.visit-ulcinj.com\/blog\/#\/schema\/person\/dcab619c614d3038751c63bc2aadc06d","name":"ulqini","sameAs":["http:\/\/www.visit-ulcinj.com"],"url":"https:\/\/www.visit-ulcinj.com\/blog\/author\/admin\/"}]}},"jetpack_featured_media_url":"","jetpack_sharing_enabled":true,"jetpack_shortlink":"https:\/\/wp.me\/pe6lTn-mHs","_links":{"self":[{"href":"https:\/\/www.visit-ulcinj.com\/blog\/wp-json\/wp\/v2\/posts\/87262"}],"collection":[{"href":"https:\/\/www.visit-ulcinj.com\/blog\/wp-json\/wp\/v2\/posts"}],"about":[{"href":"https:\/\/www.visit-ulcinj.com\/blog\/wp-json\/wp\/v2\/types\/post"}],"author":[{"embeddable":true,"href":"https:\/\/www.visit-ulcinj.com\/blog\/wp-json\/wp\/v2\/users\/1"}],"replies":[{"embeddable":true,"href":"https:\/\/www.visit-ulcinj.com\/blog\/wp-json\/wp\/v2\/comments?post=87262"}],"version-history":[{"count":1,"href":"https:\/\/www.visit-ulcinj.com\/blog\/wp-json\/wp\/v2\/posts\/87262\/revisions"}],"predecessor-version":[{"id":87264,"href":"https:\/\/www.visit-ulcinj.com\/blog\/wp-json\/wp\/v2\/posts\/87262\/revisions\/87264"}],"wp:attachment":[{"href":"https:\/\/www.visit-ulcinj.com\/blog\/wp-json\/wp\/v2\/media?parent=87262"}],"wp:term":[{"taxonomy":"category","embeddable":true,"href":"https:\/\/www.visit-ulcinj.com\/blog\/wp-json\/wp\/v2\/categories?post=87262"},{"taxonomy":"post_tag","embeddable":true,"href":"https:\/\/www.visit-ulcinj.com\/blog\/wp-json\/wp\/v2\/tags?post=87262"}],"curies":[{"name":"wp","href":"https:\/\/api.w.org\/{rel}","templated":true}]}}