{"id":87265,"date":"2014-12-27T20:10:29","date_gmt":"2014-12-27T19:10:29","guid":{"rendered":"http:\/\/www.visit-ulcinj.com\/blog\/?p=87265"},"modified":"2014-12-28T13:13:50","modified_gmt":"2014-12-28T12:13:50","slug":"komuna-e-ulqinit-fton-qytetaret-te-presin-vitin-e-ri-2015-ne-rane","status":"publish","type":"post","link":"https:\/\/www.visit-ulcinj.com\/blog\/2014\/12\/27\/komuna-e-ulqinit-fton-qytetaret-te-presin-vitin-e-ri-2015-ne-rane\/","title":{"rendered":"Komuna e Ulqinit fton qytetar\u00ebt t\u00eb presin Vitin e Ri 2015 n\u00eb Ran\u00eb"},"content":{"rendered":"<p><a href=\"http:\/\/www.visit-ulcinj.com\/blog\/wp-content\/uploads\/2014\/12\/Koncert\u00eb-Viti-i-Ri-Ulqin-2015.jpg\"><img loading=\"lazy\" class=\"alignleft wp-image-87266\" src=\"http:\/\/www.visit-ulcinj.com\/blog\/wp-content\/uploads\/2014\/12\/Koncert\u00eb-Viti-i-Ri-Ulqin-2015.jpg\" alt=\"Koncert\u00eb Viti-i-Ri-Ulqin 2015\" width=\"508\" height=\"380\" srcset=\"https:\/\/www.visit-ulcinj.com\/blog\/wp-content\/uploads\/2014\/12\/Koncert\u00eb-Viti-i-Ri-Ulqin-2015.jpg 960w, https:\/\/www.visit-ulcinj.com\/blog\/wp-content\/uploads\/2014\/12\/Koncert\u00eb-Viti-i-Ri-Ulqin-2015-300x224.jpg 300w\" sizes=\"(max-width: 508px) 100vw, 508px\" \/><\/a>Ju njoftojm\u00eb se me rastin e fest\u00ebs s\u00eb nd\u00ebrrimit t\u00eb viteve, Komuna e Ulqinit organizon koncert festiv, n\u00eb Ran\u00eb. Koncerti do t\u00eb filloj\u00eb prej or\u00ebs 18:00, ku para publikut ulqinak dhe t\u00eb tjer\u00ebve do t\u00eb performojn\u00eb k\u00ebng\u00ebtar\u00eb nga Kosova, Serbia, Ulqini dhe rrethina si dhe mysafir\u00eb t\u00eb tjer\u00eb. Komuna e Ulqinit fton t\u00eb gjith\u00eb qytetar\u00ebt e saj, q\u00eb Vitin e Ri 2015 ta presim t\u00eb gjith\u00eb s\u00eb bashku n\u00eb Ran\u00eb.<\/p>\n<p>N\u00eb program \u00ebsht\u00eb parapar\u00eb edhe ceremonia solemne e nd\u00ebrrimit t\u00eb viteve, me l\u00ebshimin e fishekzjarreve t\u00eb llojllojshme q\u00eb do t\u2019i japin ngjyr\u00eb dhe do t\u00eb shtojn\u00eb atmosfer\u00ebn n\u00eb k\u00ebt\u00eb dit\u00eb feste.<\/p>\n<p>Programi festiv do t\u00eb vazhdoj\u00eb deri n\u00eb or\u00ebt e para t\u00eb 1 Janarit 2015<\/p>\n<p><strong>N\u00eb\u00a0 pritjen solemne e Vitit t\u00eb ri 2015,\u00a0 mysafir\u00ebt do ti arg\u00ebtojn\u00eb yjet regjionale: Genta Ismajli, Leonora Jakupi dhe Slagjana Delibashiq, Adrian Lulgjuraj dhe Armend Milla.<\/strong><\/p>\n","protected":false},"excerpt":{"rendered":"<p>Ju njoftojm\u00eb se me rastin e fest\u00ebs s\u00eb nd\u00ebrrimit t\u00eb viteve, Komuna e Ulqinit organizon koncert festiv, n\u00eb Ran\u00eb. Koncerti do t\u00eb filloj\u00eb prej or\u00ebs 18:00, ku para publikut ulqinak dhe t\u00eb tjer\u00ebve do t\u00eb performojn\u00eb k\u00ebng\u00ebtar\u00eb nga Kosova, Serbia, Ulqini dhe rrethina si dhe mysafir\u00eb t\u00eb tjer\u00eb. Komuna e Ulqinit fton t\u00eb gjith\u00eb qytetar\u00ebt [&hellip;]<\/p>\n","protected":false},"author":1,"featured_media":0,"comment_status":"closed","ping_status":"closed","sticky":false,"template":"","format":"standard","meta":{"spay_email":"","jetpack_publicize_message":"","jetpack_is_tweetstorm":false,"jetpack_publicize_feature_enabled":true},"categories":[1],"tags":[],"jetpack_publicize_connections":[],"yoast_head":"<!-- This site is optimized with the Yoast SEO plugin v19.1 - https:\/\/yoast.com\/wordpress\/plugins\/seo\/ -->\n<title>Komuna e Ulqinit fton qytetar\u00ebt t\u00eb presin Vitin e Ri 2015 n\u00eb Ran\u00eb - Lajme nga Ulqini<\/title>\n<meta name=\"description\" content=\"Ju njoftojm\u00eb se me rastin e fest\u00ebs s\u00eb nd\u00ebrrimit t\u00eb viteve, Komuna e Ulqinit organizon koncert festiv, n\u00eb Ran\u00eb. Koncerti do t\u00eb filloj\u00eb prej or\u00ebs 18:00, ku\" \/>\n<meta name=\"robots\" content=\"index, follow, max-snippet:-1, max-image-preview:large, max-video-preview:-1\" \/>\n<link rel=\"canonical\" href=\"https:\/\/www.visit-ulcinj.com\/blog\/2014\/12\/27\/komuna-e-ulqinit-fton-qytetaret-te-presin-vitin-e-ri-2015-ne-rane\/\" \/>\n<meta property=\"og:locale\" content=\"en_US\" \/>\n<meta property=\"og:type\" content=\"article\" \/>\n<meta property=\"og:title\" content=\"Komuna e Ulqinit fton qytetar\u00ebt t\u00eb presin Vitin e Ri 2015 n\u00eb Ran\u00eb - Lajme nga Ulqini\" \/>\n<meta property=\"og:description\" content=\"Ju njoftojm\u00eb se me rastin e fest\u00ebs s\u00eb nd\u00ebrrimit t\u00eb viteve, Komuna e Ulqinit organizon koncert festiv, n\u00eb Ran\u00eb. Koncerti do t\u00eb filloj\u00eb prej or\u00ebs 18:00, ku\" \/>\n<meta property=\"og:url\" content=\"https:\/\/www.visit-ulcinj.com\/blog\/2014\/12\/27\/komuna-e-ulqinit-fton-qytetaret-te-presin-vitin-e-ri-2015-ne-rane\/\" \/>\n<meta property=\"og:site_name\" content=\"Lajme nga Ulqini\" \/>\n<meta property=\"article:published_time\" content=\"2014-12-27T19:10:29+00:00\" \/>\n<meta property=\"article:modified_time\" content=\"2014-12-28T12:13:50+00:00\" \/>\n<meta name=\"twitter:label1\" content=\"Written by\" \/>\n\t<meta name=\"twitter:data1\" content=\"ulqini\" \/>\n\t<meta name=\"twitter:label2\" content=\"Est. reading time\" \/>\n\t<meta name=\"twitter:data2\" content=\"1 minute\" \/>\n<script type=\"application\/ld+json\" class=\"yoast-schema-graph\">{\"@context\":\"https:\/\/schema.org\",\"@graph\":[{\"@type\":\"WebSite\",\"@id\":\"https:\/\/www.visit-ulcinj.com\/blog\/#website\",\"url\":\"https:\/\/www.visit-ulcinj.com\/blog\/\",\"name\":\"Lajme nga Ulqini\",\"description\":\"Lajme,Vijesti,Ulqini,Ulqin,Crna Gora,Mali i Zi\",\"potentialAction\":[{\"@type\":\"SearchAction\",\"target\":{\"@type\":\"EntryPoint\",\"urlTemplate\":\"https:\/\/www.visit-ulcinj.com\/blog\/?s={search_term_string}\"},\"query-input\":\"required name=search_term_string\"}],\"inLanguage\":\"en-US\"},{\"@type\":\"WebPage\",\"@id\":\"https:\/\/www.visit-ulcinj.com\/blog\/2014\/12\/27\/komuna-e-ulqinit-fton-qytetaret-te-presin-vitin-e-ri-2015-ne-rane\/#webpage\",\"url\":\"https:\/\/www.visit-ulcinj.com\/blog\/2014\/12\/27\/komuna-e-ulqinit-fton-qytetaret-te-presin-vitin-e-ri-2015-ne-rane\/\",\"name\":\"Komuna e Ulqinit fton qytetar\u00ebt t\u00eb presin Vitin e Ri 2015 n\u00eb Ran\u00eb - Lajme nga Ulqini\",\"isPartOf\":{\"@id\":\"https:\/\/www.visit-ulcinj.com\/blog\/#website\"},\"datePublished\":\"2014-12-27T19:10:29+00:00\",\"dateModified\":\"2014-12-28T12:13:50+00:00\",\"author\":{\"@id\":\"https:\/\/www.visit-ulcinj.com\/blog\/#\/schema\/person\/dcab619c614d3038751c63bc2aadc06d\"},\"description\":\"Ju njoftojm\u00eb se me rastin e fest\u00ebs s\u00eb nd\u00ebrrimit t\u00eb viteve, Komuna e Ulqinit organizon koncert festiv, n\u00eb Ran\u00eb. Koncerti do t\u00eb filloj\u00eb prej or\u00ebs 18:00, ku\",\"breadcrumb\":{\"@id\":\"https:\/\/www.visit-ulcinj.com\/blog\/2014\/12\/27\/komuna-e-ulqinit-fton-qytetaret-te-presin-vitin-e-ri-2015-ne-rane\/#breadcrumb\"},\"inLanguage\":\"en-US\",\"potentialAction\":[{\"@type\":\"ReadAction\",\"target\":[\"https:\/\/www.visit-ulcinj.com\/blog\/2014\/12\/27\/komuna-e-ulqinit-fton-qytetaret-te-presin-vitin-e-ri-2015-ne-rane\/\"]}]},{\"@type\":\"BreadcrumbList\",\"@id\":\"https:\/\/www.visit-ulcinj.com\/blog\/2014\/12\/27\/komuna-e-ulqinit-fton-qytetaret-te-presin-vitin-e-ri-2015-ne-rane\/#breadcrumb\",\"itemListElement\":[{\"@type\":\"ListItem\",\"position\":1,\"name\":\"Komuna e Ulqinit fton qytetar\u00ebt t\u00eb presin Vitin e Ri 2015 n\u00eb Ran\u00eb\"}]},{\"@type\":\"Person\",\"@id\":\"https:\/\/www.visit-ulcinj.com\/blog\/#\/schema\/person\/dcab619c614d3038751c63bc2aadc06d\",\"name\":\"ulqini\",\"sameAs\":[\"http:\/\/www.visit-ulcinj.com\"],\"url\":\"https:\/\/www.visit-ulcinj.com\/blog\/author\/admin\/\"}]}<\/script>\n<!-- \/ Yoast SEO plugin. -->","yoast_head_json":{"title":"Komuna e Ulqinit fton qytetar\u00ebt t\u00eb presin Vitin e Ri 2015 n\u00eb Ran\u00eb - Lajme nga Ulqini","description":"Ju njoftojm\u00eb se me rastin e fest\u00ebs s\u00eb nd\u00ebrrimit t\u00eb viteve, Komuna e Ulqinit organizon koncert festiv, n\u00eb Ran\u00eb. Koncerti do t\u00eb filloj\u00eb prej or\u00ebs 18:00, ku","robots":{"index":"index","follow":"follow","max-snippet":"max-snippet:-1","max-image-preview":"max-image-preview:large","max-video-preview":"max-video-preview:-1"},"canonical":"https:\/\/www.visit-ulcinj.com\/blog\/2014\/12\/27\/komuna-e-ulqinit-fton-qytetaret-te-presin-vitin-e-ri-2015-ne-rane\/","og_locale":"en_US","og_type":"article","og_title":"Komuna e Ulqinit fton qytetar\u00ebt t\u00eb presin Vitin e Ri 2015 n\u00eb Ran\u00eb - Lajme nga Ulqini","og_description":"Ju njoftojm\u00eb se me rastin e fest\u00ebs s\u00eb nd\u00ebrrimit t\u00eb viteve, Komuna e Ulqinit organizon koncert festiv, n\u00eb Ran\u00eb. Koncerti do t\u00eb filloj\u00eb prej or\u00ebs 18:00, ku","og_url":"https:\/\/www.visit-ulcinj.com\/blog\/2014\/12\/27\/komuna-e-ulqinit-fton-qytetaret-te-presin-vitin-e-ri-2015-ne-rane\/","og_site_name":"Lajme nga Ulqini","article_published_time":"2014-12-27T19:10:29+00:00","article_modified_time":"2014-12-28T12:13:50+00:00","twitter_misc":{"Written by":"ulqini","Est. reading time":"1 minute"},"schema":{"@context":"https:\/\/schema.org","@graph":[{"@type":"WebSite","@id":"https:\/\/www.visit-ulcinj.com\/blog\/#website","url":"https:\/\/www.visit-ulcinj.com\/blog\/","name":"Lajme nga Ulqini","description":"Lajme,Vijesti,Ulqini,Ulqin,Crna Gora,Mali i Zi","potentialAction":[{"@type":"SearchAction","target":{"@type":"EntryPoint","urlTemplate":"https:\/\/www.visit-ulcinj.com\/blog\/?s={search_term_string}"},"query-input":"required name=search_term_string"}],"inLanguage":"en-US"},{"@type":"WebPage","@id":"https:\/\/www.visit-ulcinj.com\/blog\/2014\/12\/27\/komuna-e-ulqinit-fton-qytetaret-te-presin-vitin-e-ri-2015-ne-rane\/#webpage","url":"https:\/\/www.visit-ulcinj.com\/blog\/2014\/12\/27\/komuna-e-ulqinit-fton-qytetaret-te-presin-vitin-e-ri-2015-ne-rane\/","name":"Komuna e Ulqinit fton qytetar\u00ebt t\u00eb presin Vitin e Ri 2015 n\u00eb Ran\u00eb - Lajme nga Ulqini","isPartOf":{"@id":"https:\/\/www.visit-ulcinj.com\/blog\/#website"},"datePublished":"2014-12-27T19:10:29+00:00","dateModified":"2014-12-28T12:13:50+00:00","author":{"@id":"https:\/\/www.visit-ulcinj.com\/blog\/#\/schema\/person\/dcab619c614d3038751c63bc2aadc06d"},"description":"Ju njoftojm\u00eb se me rastin e fest\u00ebs s\u00eb nd\u00ebrrimit t\u00eb viteve, Komuna e Ulqinit organizon koncert festiv, n\u00eb Ran\u00eb. Koncerti do t\u00eb filloj\u00eb prej or\u00ebs 18:00, ku","breadcrumb":{"@id":"https:\/\/www.visit-ulcinj.com\/blog\/2014\/12\/27\/komuna-e-ulqinit-fton-qytetaret-te-presin-vitin-e-ri-2015-ne-rane\/#breadcrumb"},"inLanguage":"en-US","potentialAction":[{"@type":"ReadAction","target":["https:\/\/www.visit-ulcinj.com\/blog\/2014\/12\/27\/komuna-e-ulqinit-fton-qytetaret-te-presin-vitin-e-ri-2015-ne-rane\/"]}]},{"@type":"BreadcrumbList","@id":"https:\/\/www.visit-ulcinj.com\/blog\/2014\/12\/27\/komuna-e-ulqinit-fton-qytetaret-te-presin-vitin-e-ri-2015-ne-rane\/#breadcrumb","itemListElement":[{"@type":"ListItem","position":1,"name":"Komuna e Ulqinit fton qytetar\u00ebt t\u00eb presin Vitin e Ri 2015 n\u00eb Ran\u00eb"}]},{"@type":"Person","@id":"https:\/\/www.visit-ulcinj.com\/blog\/#\/schema\/person\/dcab619c614d3038751c63bc2aadc06d","name":"ulqini","sameAs":["http:\/\/www.visit-ulcinj.com"],"url":"https:\/\/www.visit-ulcinj.com\/blog\/author\/admin\/"}]}},"jetpack_featured_media_url":"","jetpack_sharing_enabled":true,"jetpack_shortlink":"https:\/\/wp.me\/pe6lTn-mHv","_links":{"self":[{"href":"https:\/\/www.visit-ulcinj.com\/blog\/wp-json\/wp\/v2\/posts\/87265"}],"collection":[{"href":"https:\/\/www.visit-ulcinj.com\/blog\/wp-json\/wp\/v2\/posts"}],"about":[{"href":"https:\/\/www.visit-ulcinj.com\/blog\/wp-json\/wp\/v2\/types\/post"}],"author":[{"embeddable":true,"href":"https:\/\/www.visit-ulcinj.com\/blog\/wp-json\/wp\/v2\/users\/1"}],"replies":[{"embeddable":true,"href":"https:\/\/www.visit-ulcinj.com\/blog\/wp-json\/wp\/v2\/comments?post=87265"}],"version-history":[{"count":1,"href":"https:\/\/www.visit-ulcinj.com\/blog\/wp-json\/wp\/v2\/posts\/87265\/revisions"}],"predecessor-version":[{"id":87267,"href":"https:\/\/www.visit-ulcinj.com\/blog\/wp-json\/wp\/v2\/posts\/87265\/revisions\/87267"}],"wp:attachment":[{"href":"https:\/\/www.visit-ulcinj.com\/blog\/wp-json\/wp\/v2\/media?parent=87265"}],"wp:term":[{"taxonomy":"category","embeddable":true,"href":"https:\/\/www.visit-ulcinj.com\/blog\/wp-json\/wp\/v2\/categories?post=87265"},{"taxonomy":"post_tag","embeddable":true,"href":"https:\/\/www.visit-ulcinj.com\/blog\/wp-json\/wp\/v2\/tags?post=87265"}],"curies":[{"name":"wp","href":"https:\/\/api.w.org\/{rel}","templated":true}]}}