{"id":87277,"date":"2014-12-27T20:59:54","date_gmt":"2014-12-27T19:59:54","guid":{"rendered":"http:\/\/www.visit-ulcinj.com\/blog\/?p=87277"},"modified":"2014-12-27T20:59:54","modified_gmt":"2014-12-27T19:59:54","slug":"fuad-lamezevic-celnici-ulcinja-da-isplate-zaostale-zarade-radnicima","status":"publish","type":"post","link":"https:\/\/www.visit-ulcinj.com\/blog\/2014\/12\/27\/fuad-lamezevic-celnici-ulcinja-da-isplate-zaostale-zarade-radnicima\/","title":{"rendered":"Fuad Lame\u017eevi\u0107: \u010celnici Ulcinja da isplate zaostale zarade radnicima"},"content":{"rendered":"<p><a href=\"http:\/\/www.visit-ulcinj.com\/blog\/wp-content\/uploads\/2014\/12\/Fuad-Lamezevic.jpg\"><img loading=\"lazy\" class=\"alignleft wp-image-87278 size-medium\" src=\"http:\/\/www.visit-ulcinj.com\/blog\/wp-content\/uploads\/2014\/12\/Fuad-Lamezevic-264x300.jpg\" alt=\"Fuad Lamezevic\" width=\"264\" height=\"300\" srcset=\"https:\/\/www.visit-ulcinj.com\/blog\/wp-content\/uploads\/2014\/12\/Fuad-Lamezevic-264x300.jpg 264w, https:\/\/www.visit-ulcinj.com\/blog\/wp-content\/uploads\/2014\/12\/Fuad-Lamezevic.jpg 513w\" sizes=\"(max-width: 264px) 100vw, 264px\" \/><\/a>\u010celnici Ulcinja moraju u \u0161to kra\u0107em roku ispuniti zakonske obaveze, te izmiriti zaostalo plate radnicima Javnih preduze\u0107a, budu\u0107i da je Optina podigla kredit od 1.2 miliona eura, koji je najve\u0107im dijelom planiran za isplatu istih, ocijenio je \u010dlan Glavnog odbora Pozitivne Crne Gore u ovom gradu Fuad Lame\u017eevi\u0107.<\/p>\n<div class=\"body-text\">\n<p>On je konstatovao da mu nije jasno zbog \u010dega Op\u0161tina Ulcinj ne\u0107e da ispuni svoje preuzete obaveze i izmiri zaostale plate.<\/p>\n<p>&#8220;Tako\u0111e, dovodi se u pitanje i realizacija zna\u010dajnih projekata, konkretno preduze\u0107a Vodovod i kanalizacije u saradnji sa njema\u010dkom KFW bankom oko rekonstrukcije kanalizacije i odvo\u0111enja otpadnih voda \u0161to je od izuzetnog zna\u010daja za na\u0161 grad. Iz planiranog Bud\u017eeta za narednu godinu treba da se izdvoje sredstva za \u00a0podsticanje razvojnih projekata i otvaranje novih radnih mijesta, a sve u cilju da se Op\u0161tina Ulcinj vi\u0161e kreditno ne zadu\u017euje, a da isplata zarada zaposlenih ne zavisi od odobravanja novih kredita&#8221;, ocijenio je on.<\/p>\n<p><strong>Izvor: Kodex.me<\/strong><\/p>\n<\/div>\n","protected":false},"excerpt":{"rendered":"<p>\u010celnici Ulcinja moraju u \u0161to kra\u0107em roku ispuniti zakonske obaveze, te izmiriti zaostalo plate radnicima Javnih preduze\u0107a, budu\u0107i da je Optina podigla kredit od 1.2 miliona eura, koji je najve\u0107im dijelom planiran za isplatu istih, ocijenio je \u010dlan Glavnog odbora Pozitivne Crne Gore u ovom gradu Fuad Lame\u017eevi\u0107. On je konstatovao da mu nije jasno [&hellip;]<\/p>\n","protected":false},"author":1,"featured_media":0,"comment_status":"closed","ping_status":"closed","sticky":false,"template":"","format":"standard","meta":{"spay_email":"","jetpack_publicize_message":"","jetpack_is_tweetstorm":false,"jetpack_publicize_feature_enabled":true},"categories":[6950],"tags":[],"jetpack_publicize_connections":[],"yoast_head":"<!-- This site is optimized with the Yoast SEO plugin v19.1 - https:\/\/yoast.com\/wordpress\/plugins\/seo\/ -->\n<title>Fuad Lame\u017eevi\u0107: \u010celnici Ulcinja da isplate zaostale zarade radnicima - Lajme nga Ulqini<\/title>\n<meta name=\"description\" content=\"\u010celnici Ulcinja moraju u \u0161to kra\u0107em roku ispuniti zakonske obaveze, te izmiriti zaostalo plate radnicima Javnih preduze\u0107a, budu\u0107i da je Optina podigla\" \/>\n<meta name=\"robots\" content=\"index, follow, max-snippet:-1, max-image-preview:large, max-video-preview:-1\" \/>\n<link rel=\"canonical\" href=\"https:\/\/www.visit-ulcinj.com\/blog\/2014\/12\/27\/fuad-lamezevic-celnici-ulcinja-da-isplate-zaostale-zarade-radnicima\/\" \/>\n<meta property=\"og:locale\" content=\"en_US\" \/>\n<meta property=\"og:type\" content=\"article\" \/>\n<meta property=\"og:title\" content=\"Fuad Lame\u017eevi\u0107: \u010celnici Ulcinja da isplate zaostale zarade radnicima - Lajme nga Ulqini\" \/>\n<meta property=\"og:description\" content=\"\u010celnici Ulcinja moraju u \u0161to kra\u0107em roku ispuniti zakonske obaveze, te izmiriti zaostalo plate radnicima Javnih preduze\u0107a, budu\u0107i da je Optina podigla\" \/>\n<meta property=\"og:url\" content=\"https:\/\/www.visit-ulcinj.com\/blog\/2014\/12\/27\/fuad-lamezevic-celnici-ulcinja-da-isplate-zaostale-zarade-radnicima\/\" \/>\n<meta property=\"og:site_name\" content=\"Lajme nga Ulqini\" \/>\n<meta property=\"article:published_time\" content=\"2014-12-27T19:59:54+00:00\" \/>\n<meta property=\"og:image\" content=\"http:\/\/www.visit-ulcinj.com\/blog\/wp-content\/uploads\/2014\/12\/Fuad-Lamezevic-264x300.jpg\" \/>\n<meta name=\"twitter:label1\" content=\"Written by\" \/>\n\t<meta name=\"twitter:data1\" content=\"ulqini\" \/>\n\t<meta name=\"twitter:label2\" content=\"Est. reading time\" \/>\n\t<meta name=\"twitter:data2\" content=\"1 minute\" \/>\n<script type=\"application\/ld+json\" class=\"yoast-schema-graph\">{\"@context\":\"https:\/\/schema.org\",\"@graph\":[{\"@type\":\"WebSite\",\"@id\":\"https:\/\/www.visit-ulcinj.com\/blog\/#website\",\"url\":\"https:\/\/www.visit-ulcinj.com\/blog\/\",\"name\":\"Lajme nga Ulqini\",\"description\":\"Lajme,Vijesti,Ulqini,Ulqin,Crna Gora,Mali i Zi\",\"potentialAction\":[{\"@type\":\"SearchAction\",\"target\":{\"@type\":\"EntryPoint\",\"urlTemplate\":\"https:\/\/www.visit-ulcinj.com\/blog\/?s={search_term_string}\"},\"query-input\":\"required name=search_term_string\"}],\"inLanguage\":\"en-US\"},{\"@type\":\"ImageObject\",\"inLanguage\":\"en-US\",\"@id\":\"https:\/\/www.visit-ulcinj.com\/blog\/2014\/12\/27\/fuad-lamezevic-celnici-ulcinja-da-isplate-zaostale-zarade-radnicima\/#primaryimage\",\"url\":\"https:\/\/www.visit-ulcinj.com\/blog\/wp-content\/uploads\/2014\/12\/Fuad-Lamezevic.jpg\",\"contentUrl\":\"https:\/\/www.visit-ulcinj.com\/blog\/wp-content\/uploads\/2014\/12\/Fuad-Lamezevic.jpg\",\"width\":513,\"height\":582},{\"@type\":\"WebPage\",\"@id\":\"https:\/\/www.visit-ulcinj.com\/blog\/2014\/12\/27\/fuad-lamezevic-celnici-ulcinja-da-isplate-zaostale-zarade-radnicima\/#webpage\",\"url\":\"https:\/\/www.visit-ulcinj.com\/blog\/2014\/12\/27\/fuad-lamezevic-celnici-ulcinja-da-isplate-zaostale-zarade-radnicima\/\",\"name\":\"Fuad Lame\u017eevi\u0107: \u010celnici Ulcinja da isplate zaostale zarade radnicima - Lajme nga Ulqini\",\"isPartOf\":{\"@id\":\"https:\/\/www.visit-ulcinj.com\/blog\/#website\"},\"primaryImageOfPage\":{\"@id\":\"https:\/\/www.visit-ulcinj.com\/blog\/2014\/12\/27\/fuad-lamezevic-celnici-ulcinja-da-isplate-zaostale-zarade-radnicima\/#primaryimage\"},\"datePublished\":\"2014-12-27T19:59:54+00:00\",\"dateModified\":\"2014-12-27T19:59:54+00:00\",\"author\":{\"@id\":\"https:\/\/www.visit-ulcinj.com\/blog\/#\/schema\/person\/dcab619c614d3038751c63bc2aadc06d\"},\"description\":\"\u010celnici Ulcinja moraju u \u0161to kra\u0107em roku ispuniti zakonske obaveze, te izmiriti zaostalo plate radnicima Javnih preduze\u0107a, budu\u0107i da je Optina podigla\",\"breadcrumb\":{\"@id\":\"https:\/\/www.visit-ulcinj.com\/blog\/2014\/12\/27\/fuad-lamezevic-celnici-ulcinja-da-isplate-zaostale-zarade-radnicima\/#breadcrumb\"},\"inLanguage\":\"en-US\",\"potentialAction\":[{\"@type\":\"ReadAction\",\"target\":[\"https:\/\/www.visit-ulcinj.com\/blog\/2014\/12\/27\/fuad-lamezevic-celnici-ulcinja-da-isplate-zaostale-zarade-radnicima\/\"]}]},{\"@type\":\"BreadcrumbList\",\"@id\":\"https:\/\/www.visit-ulcinj.com\/blog\/2014\/12\/27\/fuad-lamezevic-celnici-ulcinja-da-isplate-zaostale-zarade-radnicima\/#breadcrumb\",\"itemListElement\":[{\"@type\":\"ListItem\",\"position\":1,\"name\":\"Fuad Lame\u017eevi\u0107: \u010celnici Ulcinja da isplate zaostale zarade radnicima\"}]},{\"@type\":\"Person\",\"@id\":\"https:\/\/www.visit-ulcinj.com\/blog\/#\/schema\/person\/dcab619c614d3038751c63bc2aadc06d\",\"name\":\"ulqini\",\"sameAs\":[\"http:\/\/www.visit-ulcinj.com\"],\"url\":\"https:\/\/www.visit-ulcinj.com\/blog\/author\/admin\/\"}]}<\/script>\n<!-- \/ Yoast SEO plugin. -->","yoast_head_json":{"title":"Fuad Lame\u017eevi\u0107: \u010celnici Ulcinja da isplate zaostale zarade radnicima - Lajme nga Ulqini","description":"\u010celnici Ulcinja moraju u \u0161to kra\u0107em roku ispuniti zakonske obaveze, te izmiriti zaostalo plate radnicima Javnih preduze\u0107a, budu\u0107i da je Optina podigla","robots":{"index":"index","follow":"follow","max-snippet":"max-snippet:-1","max-image-preview":"max-image-preview:large","max-video-preview":"max-video-preview:-1"},"canonical":"https:\/\/www.visit-ulcinj.com\/blog\/2014\/12\/27\/fuad-lamezevic-celnici-ulcinja-da-isplate-zaostale-zarade-radnicima\/","og_locale":"en_US","og_type":"article","og_title":"Fuad Lame\u017eevi\u0107: \u010celnici Ulcinja da isplate zaostale zarade radnicima - Lajme nga Ulqini","og_description":"\u010celnici Ulcinja moraju u \u0161to kra\u0107em roku ispuniti zakonske obaveze, te izmiriti zaostalo plate radnicima Javnih preduze\u0107a, budu\u0107i da je Optina podigla","og_url":"https:\/\/www.visit-ulcinj.com\/blog\/2014\/12\/27\/fuad-lamezevic-celnici-ulcinja-da-isplate-zaostale-zarade-radnicima\/","og_site_name":"Lajme nga Ulqini","article_published_time":"2014-12-27T19:59:54+00:00","og_image":[{"url":"http:\/\/www.visit-ulcinj.com\/blog\/wp-content\/uploads\/2014\/12\/Fuad-Lamezevic-264x300.jpg"}],"twitter_misc":{"Written by":"ulqini","Est. reading time":"1 minute"},"schema":{"@context":"https:\/\/schema.org","@graph":[{"@type":"WebSite","@id":"https:\/\/www.visit-ulcinj.com\/blog\/#website","url":"https:\/\/www.visit-ulcinj.com\/blog\/","name":"Lajme nga Ulqini","description":"Lajme,Vijesti,Ulqini,Ulqin,Crna Gora,Mali i Zi","potentialAction":[{"@type":"SearchAction","target":{"@type":"EntryPoint","urlTemplate":"https:\/\/www.visit-ulcinj.com\/blog\/?s={search_term_string}"},"query-input":"required name=search_term_string"}],"inLanguage":"en-US"},{"@type":"ImageObject","inLanguage":"en-US","@id":"https:\/\/www.visit-ulcinj.com\/blog\/2014\/12\/27\/fuad-lamezevic-celnici-ulcinja-da-isplate-zaostale-zarade-radnicima\/#primaryimage","url":"https:\/\/www.visit-ulcinj.com\/blog\/wp-content\/uploads\/2014\/12\/Fuad-Lamezevic.jpg","contentUrl":"https:\/\/www.visit-ulcinj.com\/blog\/wp-content\/uploads\/2014\/12\/Fuad-Lamezevic.jpg","width":513,"height":582},{"@type":"WebPage","@id":"https:\/\/www.visit-ulcinj.com\/blog\/2014\/12\/27\/fuad-lamezevic-celnici-ulcinja-da-isplate-zaostale-zarade-radnicima\/#webpage","url":"https:\/\/www.visit-ulcinj.com\/blog\/2014\/12\/27\/fuad-lamezevic-celnici-ulcinja-da-isplate-zaostale-zarade-radnicima\/","name":"Fuad Lame\u017eevi\u0107: \u010celnici Ulcinja da isplate zaostale zarade radnicima - Lajme nga Ulqini","isPartOf":{"@id":"https:\/\/www.visit-ulcinj.com\/blog\/#website"},"primaryImageOfPage":{"@id":"https:\/\/www.visit-ulcinj.com\/blog\/2014\/12\/27\/fuad-lamezevic-celnici-ulcinja-da-isplate-zaostale-zarade-radnicima\/#primaryimage"},"datePublished":"2014-12-27T19:59:54+00:00","dateModified":"2014-12-27T19:59:54+00:00","author":{"@id":"https:\/\/www.visit-ulcinj.com\/blog\/#\/schema\/person\/dcab619c614d3038751c63bc2aadc06d"},"description":"\u010celnici Ulcinja moraju u \u0161to kra\u0107em roku ispuniti zakonske obaveze, te izmiriti zaostalo plate radnicima Javnih preduze\u0107a, budu\u0107i da je Optina podigla","breadcrumb":{"@id":"https:\/\/www.visit-ulcinj.com\/blog\/2014\/12\/27\/fuad-lamezevic-celnici-ulcinja-da-isplate-zaostale-zarade-radnicima\/#breadcrumb"},"inLanguage":"en-US","potentialAction":[{"@type":"ReadAction","target":["https:\/\/www.visit-ulcinj.com\/blog\/2014\/12\/27\/fuad-lamezevic-celnici-ulcinja-da-isplate-zaostale-zarade-radnicima\/"]}]},{"@type":"BreadcrumbList","@id":"https:\/\/www.visit-ulcinj.com\/blog\/2014\/12\/27\/fuad-lamezevic-celnici-ulcinja-da-isplate-zaostale-zarade-radnicima\/#breadcrumb","itemListElement":[{"@type":"ListItem","position":1,"name":"Fuad Lame\u017eevi\u0107: \u010celnici Ulcinja da isplate zaostale zarade radnicima"}]},{"@type":"Person","@id":"https:\/\/www.visit-ulcinj.com\/blog\/#\/schema\/person\/dcab619c614d3038751c63bc2aadc06d","name":"ulqini","sameAs":["http:\/\/www.visit-ulcinj.com"],"url":"https:\/\/www.visit-ulcinj.com\/blog\/author\/admin\/"}]}},"jetpack_featured_media_url":"","jetpack_sharing_enabled":true,"jetpack_shortlink":"https:\/\/wp.me\/pe6lTn-mHH","_links":{"self":[{"href":"https:\/\/www.visit-ulcinj.com\/blog\/wp-json\/wp\/v2\/posts\/87277"}],"collection":[{"href":"https:\/\/www.visit-ulcinj.com\/blog\/wp-json\/wp\/v2\/posts"}],"about":[{"href":"https:\/\/www.visit-ulcinj.com\/blog\/wp-json\/wp\/v2\/types\/post"}],"author":[{"embeddable":true,"href":"https:\/\/www.visit-ulcinj.com\/blog\/wp-json\/wp\/v2\/users\/1"}],"replies":[{"embeddable":true,"href":"https:\/\/www.visit-ulcinj.com\/blog\/wp-json\/wp\/v2\/comments?post=87277"}],"version-history":[{"count":1,"href":"https:\/\/www.visit-ulcinj.com\/blog\/wp-json\/wp\/v2\/posts\/87277\/revisions"}],"predecessor-version":[{"id":87279,"href":"https:\/\/www.visit-ulcinj.com\/blog\/wp-json\/wp\/v2\/posts\/87277\/revisions\/87279"}],"wp:attachment":[{"href":"https:\/\/www.visit-ulcinj.com\/blog\/wp-json\/wp\/v2\/media?parent=87277"}],"wp:term":[{"taxonomy":"category","embeddable":true,"href":"https:\/\/www.visit-ulcinj.com\/blog\/wp-json\/wp\/v2\/categories?post=87277"},{"taxonomy":"post_tag","embeddable":true,"href":"https:\/\/www.visit-ulcinj.com\/blog\/wp-json\/wp\/v2\/tags?post=87277"}],"curies":[{"name":"wp","href":"https:\/\/api.w.org\/{rel}","templated":true}]}}