{"id":87284,"date":"2014-12-27T20:11:12","date_gmt":"2014-12-27T19:11:12","guid":{"rendered":"http:\/\/www.visit-ulcinj.com\/blog\/?p=87284"},"modified":"2014-12-27T21:16:37","modified_gmt":"2014-12-27T20:16:37","slug":"ulcinj-polozen-kamen-temeljac-za-zgradu-u-pinjesu","status":"publish","type":"post","link":"https:\/\/www.visit-ulcinj.com\/blog\/2014\/12\/27\/ulcinj-polozen-kamen-temeljac-za-zgradu-u-pinjesu\/","title":{"rendered":"Ulcinj: Polo\u017een kamen temeljac za zgradu u Pinje\u0161u"},"content":{"rendered":"<p><a href=\"http:\/\/www.visit-ulcinj.com\/blog\/wp-content\/uploads\/2014\/12\/Kamen-Temeljac-Fatmir-Djeka.jpg\"><img loading=\"lazy\" class=\"alignleft wp-image-87285\" src=\"http:\/\/www.visit-ulcinj.com\/blog\/wp-content\/uploads\/2014\/12\/Kamen-Temeljac-Fatmir-Djeka.jpg\" alt=\"Kamen-Temeljac-Fatmir-Djeka\" width=\"508\" height=\"381\" srcset=\"https:\/\/www.visit-ulcinj.com\/blog\/wp-content\/uploads\/2014\/12\/Kamen-Temeljac-Fatmir-Djeka.jpg 640w, https:\/\/www.visit-ulcinj.com\/blog\/wp-content\/uploads\/2014\/12\/Kamen-Temeljac-Fatmir-Djeka-300x225.jpg 300w\" sizes=\"(max-width: 508px) 100vw, 508px\" \/><\/a>&#8220;Vjerujem da \u0107emo uskoro na\u0107i investitora za Jadran&#8221;, kazao je \u0110eka i poru\u010dio potencijalnim investitorima da ne postoji problem sa familijama na Suki ukoliko \u017eele da odmah po\u010dnu da grade<\/p>\n<p><strong><span class=\"credits__author\"> Autor: Samir Adrovi\u0107 <\/span><\/strong><\/p>\n<p>\u010celnici ulcinjske Op\u0161tine danas su polo\u017eili kamen temeljac za izgradnju stambenog objekta u Pinje\u0161u, za potrebe trinaest familija koje trenutno \u017eive na poluostrva Suka u monta\u017enim barakama. Time su stvoreni preduslovi da ve\u010d naredne godine po\u010dnu priprmni radovi za gradnju hotela Jadran na tom poluostrvu\u00a0budu\u0107i da je jedan od zahtjeva prvog zakupca prostora i nesu\u0111enog investitora, firme Montenegrostar, bio da Suka bude oslobo\u0111ena od ljudi i stvari.<\/p>\n<p>Zgrada na Pinje\u0161u ima\u0107e 16 stambenih jedinica i bi\u0107e u vlasni\u0161tvu Op\u0161tine. Trinaest stanova rezervisano je za familije sa Suke, jedan za Udru\u017eenje invalida a dva \u0107e pripasti Op\u0161tini. Investicija je vrijedna 600 hiljada eura od \u010dega Vlada, odnosno Morsko dobro snose pola miliona a Op\u0161tina sto hiljada. Predjsednik Op\u0161tine Fatmir \u0110eka zahvalio se Vladi i Morskom dobru \u0161to u\u010de\u0161\u0107em u toj investiciji omogu\u0107uju br\u017eu realizaciju projekta izgradnje Jadrana.<\/p>\n<p>&#8220;Ukoliko se dogovorimo sa Holan\u0111anima, vjerujem da \u0107emo vrlo brzo imati jo\u0161 jedan kamen temeljac&#8221;, kazao je \u0110eka aludiraju\u0107i na pregovore koje vodi Op\u0161tina, Ministarstvo i Montengrostars sa izvjesnom holandskom kompanijom zainteresovanom za Jadran. Holan\u0111ani su poslali\u00a0mapu puta i tra\u017eili ve\u0107e gabarite hotela u odnose na one koje precizira idejno rje\u0161enje.<\/p>\n<p>Gradnju Jadrana Montenegrostars i resorno ministarstvo najavljivali su nekoliko puta u poslednjih nekoliko godina a crnogorsko- njema\u010dki konzorcijum u tom poslu je od kraja pro\u0161log vijeka.<\/p>\n<p>Prema projektu, koji Holan\u0111ani ho\u0107e da revidiraju, hotel \u0107e imati oko 150 le\u017eajeva u 114 soba, ra\u010dunaju\u0107i i one u pet rezidencijalnih vila. Na prostoru od 26.000 kvadrata tada\u0161nji investitor planirao je da izgradi restorane, kongresne sale, bazene, kazino, fitnes centra i sve ono \u0161to podrzumijeva prate\u0107i sadr\u017eaj za hotel od pet zvjezdica.<\/p>\n<p>U me\u0111uvremenu, Montenegrostars je upao i probleme i kao Vladin strate\u0161ki investitor, po\u010deo je da tra\u017ei za sebe strate\u0161kog partnera koji bi mogao iznijeti investiciju vrijednu desetine miliona eura. Zbog\u00a0sopstvenih interesa sada je i Op\u0161tina primorana da bude u tom kolu.<\/p>\n<p>&#8220;Vjerujem da \u0107emo uskoro na\u0107i investitora za Jadran&#8221;, kazao je \u0110eka i poru\u010dio potencijalnim investitorima da ne postoji problem sa familijama na Suki ukoliko \u017eele da odmah po\u010dnu da grade.<\/p>\n<p>&#8220;Stanovi \u0107e biti zavr\u0161eni u oktobru naredne godine ali mi smo spremni da za familije na\u0111emo i privatni smje\u0161taj do tada samo da po\u010dne realizacija projekta&#8221;, kazao je \u0110eka.<\/p>\n<p>Iz Vlade, Vijestima je prije skoro dvije godine re\u010deno da hotel mora biti u funkciji najkasnije do polovine 2016.godine.<\/p>\n<p>&#8220;Svako nepo\u0161tovanje zadatih rokova, zna\u010dilo bi direktan raskid ugovora&#8221;, saop\u0161teno je tada Vijestima u Vladi. Rok za po\u010detak radova istekao je prije vi\u0161e od godinu.<\/p>\n<p><strong>Izvor: Vijesti Online<\/strong><\/p>\n","protected":false},"excerpt":{"rendered":"<p>&#8220;Vjerujem da \u0107emo uskoro na\u0107i investitora za Jadran&#8221;, kazao je \u0110eka i poru\u010dio potencijalnim investitorima da ne postoji problem sa familijama na Suki ukoliko \u017eele da odmah po\u010dnu da grade Autor: Samir Adrovi\u0107 \u010celnici ulcinjske Op\u0161tine danas su polo\u017eili kamen temeljac za izgradnju stambenog objekta u Pinje\u0161u, za potrebe trinaest familija koje trenutno \u017eive na [&hellip;]<\/p>\n","protected":false},"author":1,"featured_media":0,"comment_status":"closed","ping_status":"closed","sticky":false,"template":"","format":"standard","meta":{"spay_email":"","jetpack_publicize_message":"","jetpack_is_tweetstorm":false,"jetpack_publicize_feature_enabled":true},"categories":[6950],"tags":[],"jetpack_publicize_connections":[],"yoast_head":"<!-- This site is optimized with the Yoast SEO plugin v19.1 - https:\/\/yoast.com\/wordpress\/plugins\/seo\/ -->\n<title>Ulcinj: Polo\u017een kamen temeljac za zgradu u Pinje\u0161u - Lajme nga Ulqini<\/title>\n<meta name=\"description\" content=\"&quot;Vjerujem da \u0107emo uskoro na\u0107i investitora za Jadran&quot;, kazao je \u0110eka i poru\u010dio potencijalnim investitorima da ne postoji problem sa familijama na Suki\" \/>\n<meta name=\"robots\" content=\"index, follow, max-snippet:-1, max-image-preview:large, max-video-preview:-1\" \/>\n<link rel=\"canonical\" href=\"https:\/\/www.visit-ulcinj.com\/blog\/2014\/12\/27\/ulcinj-polozen-kamen-temeljac-za-zgradu-u-pinjesu\/\" \/>\n<meta property=\"og:locale\" content=\"en_US\" \/>\n<meta property=\"og:type\" content=\"article\" \/>\n<meta property=\"og:title\" content=\"Ulcinj: Polo\u017een kamen temeljac za zgradu u Pinje\u0161u - Lajme nga Ulqini\" \/>\n<meta property=\"og:description\" content=\"&quot;Vjerujem da \u0107emo uskoro na\u0107i investitora za Jadran&quot;, kazao je \u0110eka i poru\u010dio potencijalnim investitorima da ne postoji problem sa familijama na Suki\" \/>\n<meta property=\"og:url\" content=\"https:\/\/www.visit-ulcinj.com\/blog\/2014\/12\/27\/ulcinj-polozen-kamen-temeljac-za-zgradu-u-pinjesu\/\" \/>\n<meta property=\"og:site_name\" content=\"Lajme nga Ulqini\" \/>\n<meta property=\"article:published_time\" content=\"2014-12-27T19:11:12+00:00\" \/>\n<meta property=\"article:modified_time\" content=\"2014-12-27T20:16:37+00:00\" \/>\n<meta property=\"og:image\" content=\"http:\/\/www.visit-ulcinj.com\/blog\/wp-content\/uploads\/2014\/12\/Kamen-Temeljac-Fatmir-Djeka.jpg\" \/>\n<meta name=\"twitter:label1\" content=\"Written by\" \/>\n\t<meta name=\"twitter:data1\" content=\"ulqini\" \/>\n\t<meta name=\"twitter:label2\" content=\"Est. reading time\" \/>\n\t<meta name=\"twitter:data2\" content=\"3 minutes\" \/>\n<script type=\"application\/ld+json\" class=\"yoast-schema-graph\">{\"@context\":\"https:\/\/schema.org\",\"@graph\":[{\"@type\":\"WebSite\",\"@id\":\"https:\/\/www.visit-ulcinj.com\/blog\/#website\",\"url\":\"https:\/\/www.visit-ulcinj.com\/blog\/\",\"name\":\"Lajme nga Ulqini\",\"description\":\"Lajme,Vijesti,Ulqini,Ulqin,Crna Gora,Mali i Zi\",\"potentialAction\":[{\"@type\":\"SearchAction\",\"target\":{\"@type\":\"EntryPoint\",\"urlTemplate\":\"https:\/\/www.visit-ulcinj.com\/blog\/?s={search_term_string}\"},\"query-input\":\"required name=search_term_string\"}],\"inLanguage\":\"en-US\"},{\"@type\":\"ImageObject\",\"inLanguage\":\"en-US\",\"@id\":\"https:\/\/www.visit-ulcinj.com\/blog\/2014\/12\/27\/ulcinj-polozen-kamen-temeljac-za-zgradu-u-pinjesu\/#primaryimage\",\"url\":\"https:\/\/www.visit-ulcinj.com\/blog\/wp-content\/uploads\/2014\/12\/Kamen-Temeljac-Fatmir-Djeka.jpg\",\"contentUrl\":\"https:\/\/www.visit-ulcinj.com\/blog\/wp-content\/uploads\/2014\/12\/Kamen-Temeljac-Fatmir-Djeka.jpg\",\"width\":640,\"height\":480},{\"@type\":\"WebPage\",\"@id\":\"https:\/\/www.visit-ulcinj.com\/blog\/2014\/12\/27\/ulcinj-polozen-kamen-temeljac-za-zgradu-u-pinjesu\/#webpage\",\"url\":\"https:\/\/www.visit-ulcinj.com\/blog\/2014\/12\/27\/ulcinj-polozen-kamen-temeljac-za-zgradu-u-pinjesu\/\",\"name\":\"Ulcinj: Polo\u017een kamen temeljac za zgradu u Pinje\u0161u - Lajme nga Ulqini\",\"isPartOf\":{\"@id\":\"https:\/\/www.visit-ulcinj.com\/blog\/#website\"},\"primaryImageOfPage\":{\"@id\":\"https:\/\/www.visit-ulcinj.com\/blog\/2014\/12\/27\/ulcinj-polozen-kamen-temeljac-za-zgradu-u-pinjesu\/#primaryimage\"},\"datePublished\":\"2014-12-27T19:11:12+00:00\",\"dateModified\":\"2014-12-27T20:16:37+00:00\",\"author\":{\"@id\":\"https:\/\/www.visit-ulcinj.com\/blog\/#\/schema\/person\/dcab619c614d3038751c63bc2aadc06d\"},\"description\":\"\\\"Vjerujem da \u0107emo uskoro na\u0107i investitora za Jadran\\\", kazao je \u0110eka i poru\u010dio potencijalnim investitorima da ne postoji problem sa familijama na Suki\",\"breadcrumb\":{\"@id\":\"https:\/\/www.visit-ulcinj.com\/blog\/2014\/12\/27\/ulcinj-polozen-kamen-temeljac-za-zgradu-u-pinjesu\/#breadcrumb\"},\"inLanguage\":\"en-US\",\"potentialAction\":[{\"@type\":\"ReadAction\",\"target\":[\"https:\/\/www.visit-ulcinj.com\/blog\/2014\/12\/27\/ulcinj-polozen-kamen-temeljac-za-zgradu-u-pinjesu\/\"]}]},{\"@type\":\"BreadcrumbList\",\"@id\":\"https:\/\/www.visit-ulcinj.com\/blog\/2014\/12\/27\/ulcinj-polozen-kamen-temeljac-za-zgradu-u-pinjesu\/#breadcrumb\",\"itemListElement\":[{\"@type\":\"ListItem\",\"position\":1,\"name\":\"Ulcinj: Polo\u017een kamen temeljac za zgradu u Pinje\u0161u\"}]},{\"@type\":\"Person\",\"@id\":\"https:\/\/www.visit-ulcinj.com\/blog\/#\/schema\/person\/dcab619c614d3038751c63bc2aadc06d\",\"name\":\"ulqini\",\"sameAs\":[\"http:\/\/www.visit-ulcinj.com\"],\"url\":\"https:\/\/www.visit-ulcinj.com\/blog\/author\/admin\/\"}]}<\/script>\n<!-- \/ Yoast SEO plugin. -->","yoast_head_json":{"title":"Ulcinj: Polo\u017een kamen temeljac za zgradu u Pinje\u0161u - Lajme nga Ulqini","description":"\"Vjerujem da \u0107emo uskoro na\u0107i investitora za Jadran\", kazao je \u0110eka i poru\u010dio potencijalnim investitorima da ne postoji problem sa familijama na Suki","robots":{"index":"index","follow":"follow","max-snippet":"max-snippet:-1","max-image-preview":"max-image-preview:large","max-video-preview":"max-video-preview:-1"},"canonical":"https:\/\/www.visit-ulcinj.com\/blog\/2014\/12\/27\/ulcinj-polozen-kamen-temeljac-za-zgradu-u-pinjesu\/","og_locale":"en_US","og_type":"article","og_title":"Ulcinj: Polo\u017een kamen temeljac za zgradu u Pinje\u0161u - Lajme nga Ulqini","og_description":"\"Vjerujem da \u0107emo uskoro na\u0107i investitora za Jadran\", kazao je \u0110eka i poru\u010dio potencijalnim investitorima da ne postoji problem sa familijama na Suki","og_url":"https:\/\/www.visit-ulcinj.com\/blog\/2014\/12\/27\/ulcinj-polozen-kamen-temeljac-za-zgradu-u-pinjesu\/","og_site_name":"Lajme nga Ulqini","article_published_time":"2014-12-27T19:11:12+00:00","article_modified_time":"2014-12-27T20:16:37+00:00","og_image":[{"url":"http:\/\/www.visit-ulcinj.com\/blog\/wp-content\/uploads\/2014\/12\/Kamen-Temeljac-Fatmir-Djeka.jpg"}],"twitter_misc":{"Written by":"ulqini","Est. reading time":"3 minutes"},"schema":{"@context":"https:\/\/schema.org","@graph":[{"@type":"WebSite","@id":"https:\/\/www.visit-ulcinj.com\/blog\/#website","url":"https:\/\/www.visit-ulcinj.com\/blog\/","name":"Lajme nga Ulqini","description":"Lajme,Vijesti,Ulqini,Ulqin,Crna Gora,Mali i Zi","potentialAction":[{"@type":"SearchAction","target":{"@type":"EntryPoint","urlTemplate":"https:\/\/www.visit-ulcinj.com\/blog\/?s={search_term_string}"},"query-input":"required name=search_term_string"}],"inLanguage":"en-US"},{"@type":"ImageObject","inLanguage":"en-US","@id":"https:\/\/www.visit-ulcinj.com\/blog\/2014\/12\/27\/ulcinj-polozen-kamen-temeljac-za-zgradu-u-pinjesu\/#primaryimage","url":"https:\/\/www.visit-ulcinj.com\/blog\/wp-content\/uploads\/2014\/12\/Kamen-Temeljac-Fatmir-Djeka.jpg","contentUrl":"https:\/\/www.visit-ulcinj.com\/blog\/wp-content\/uploads\/2014\/12\/Kamen-Temeljac-Fatmir-Djeka.jpg","width":640,"height":480},{"@type":"WebPage","@id":"https:\/\/www.visit-ulcinj.com\/blog\/2014\/12\/27\/ulcinj-polozen-kamen-temeljac-za-zgradu-u-pinjesu\/#webpage","url":"https:\/\/www.visit-ulcinj.com\/blog\/2014\/12\/27\/ulcinj-polozen-kamen-temeljac-za-zgradu-u-pinjesu\/","name":"Ulcinj: Polo\u017een kamen temeljac za zgradu u Pinje\u0161u - Lajme nga Ulqini","isPartOf":{"@id":"https:\/\/www.visit-ulcinj.com\/blog\/#website"},"primaryImageOfPage":{"@id":"https:\/\/www.visit-ulcinj.com\/blog\/2014\/12\/27\/ulcinj-polozen-kamen-temeljac-za-zgradu-u-pinjesu\/#primaryimage"},"datePublished":"2014-12-27T19:11:12+00:00","dateModified":"2014-12-27T20:16:37+00:00","author":{"@id":"https:\/\/www.visit-ulcinj.com\/blog\/#\/schema\/person\/dcab619c614d3038751c63bc2aadc06d"},"description":"\"Vjerujem da \u0107emo uskoro na\u0107i investitora za Jadran\", kazao je \u0110eka i poru\u010dio potencijalnim investitorima da ne postoji problem sa familijama na Suki","breadcrumb":{"@id":"https:\/\/www.visit-ulcinj.com\/blog\/2014\/12\/27\/ulcinj-polozen-kamen-temeljac-za-zgradu-u-pinjesu\/#breadcrumb"},"inLanguage":"en-US","potentialAction":[{"@type":"ReadAction","target":["https:\/\/www.visit-ulcinj.com\/blog\/2014\/12\/27\/ulcinj-polozen-kamen-temeljac-za-zgradu-u-pinjesu\/"]}]},{"@type":"BreadcrumbList","@id":"https:\/\/www.visit-ulcinj.com\/blog\/2014\/12\/27\/ulcinj-polozen-kamen-temeljac-za-zgradu-u-pinjesu\/#breadcrumb","itemListElement":[{"@type":"ListItem","position":1,"name":"Ulcinj: Polo\u017een kamen temeljac za zgradu u Pinje\u0161u"}]},{"@type":"Person","@id":"https:\/\/www.visit-ulcinj.com\/blog\/#\/schema\/person\/dcab619c614d3038751c63bc2aadc06d","name":"ulqini","sameAs":["http:\/\/www.visit-ulcinj.com"],"url":"https:\/\/www.visit-ulcinj.com\/blog\/author\/admin\/"}]}},"jetpack_featured_media_url":"","jetpack_sharing_enabled":true,"jetpack_shortlink":"https:\/\/wp.me\/pe6lTn-mHO","_links":{"self":[{"href":"https:\/\/www.visit-ulcinj.com\/blog\/wp-json\/wp\/v2\/posts\/87284"}],"collection":[{"href":"https:\/\/www.visit-ulcinj.com\/blog\/wp-json\/wp\/v2\/posts"}],"about":[{"href":"https:\/\/www.visit-ulcinj.com\/blog\/wp-json\/wp\/v2\/types\/post"}],"author":[{"embeddable":true,"href":"https:\/\/www.visit-ulcinj.com\/blog\/wp-json\/wp\/v2\/users\/1"}],"replies":[{"embeddable":true,"href":"https:\/\/www.visit-ulcinj.com\/blog\/wp-json\/wp\/v2\/comments?post=87284"}],"version-history":[{"count":1,"href":"https:\/\/www.visit-ulcinj.com\/blog\/wp-json\/wp\/v2\/posts\/87284\/revisions"}],"predecessor-version":[{"id":87286,"href":"https:\/\/www.visit-ulcinj.com\/blog\/wp-json\/wp\/v2\/posts\/87284\/revisions\/87286"}],"wp:attachment":[{"href":"https:\/\/www.visit-ulcinj.com\/blog\/wp-json\/wp\/v2\/media?parent=87284"}],"wp:term":[{"taxonomy":"category","embeddable":true,"href":"https:\/\/www.visit-ulcinj.com\/blog\/wp-json\/wp\/v2\/categories?post=87284"},{"taxonomy":"post_tag","embeddable":true,"href":"https:\/\/www.visit-ulcinj.com\/blog\/wp-json\/wp\/v2\/tags?post=87284"}],"curies":[{"name":"wp","href":"https:\/\/api.w.org\/{rel}","templated":true}]}}