{"id":873,"date":"2008-03-12T02:54:37","date_gmt":"2008-03-12T07:54:37","guid":{"rendered":"http:\/\/www.visit-ulcinj.com\/blog\/2008\/03\/12\/konferencija-za-medije-valdanos\/"},"modified":"2008-03-12T14:26:56","modified_gmt":"2008-03-12T19:26:56","slug":"konferencija-za-medije-valdanos","status":"publish","type":"post","link":"https:\/\/www.visit-ulcinj.com\/blog\/2008\/03\/12\/konferencija-za-medije-valdanos\/","title":{"rendered":"Konferencija za Medije &#8211; Valdanos"},"content":{"rendered":"<p><a href=\"http:\/\/www.visit-ulcinj.com\/blog\/wp-content\/uploads\/2008\/03\/valdanos-buchtulcin1.jpg\" rel=\"lightbox[pics873]\" title=\"Valdanos Bucht_ulcinj1\"><img loading=\"lazy\" src=\"http:\/\/www.visit-ulcinj.com\/blog\/wp-content\/uploads\/2008\/03\/valdanos-buchtulcin1.thumbnail.jpg\" alt=\"Valdanos Bucht_ulcinj1\" align=\"left\" height=\"146\" width=\"200\" \/><\/a><strong><a href=\"http:\/\/www.visit-ulcinj.com\/gallery\/main.php\" title=\"Ulcinj-ulqini-ulqin,montenegro\" target=\"_blank\">Ulcinj<\/a>:<\/strong>Prilikom pro\u0161lonedjeljne posjete <a href=\"http:\/\/www.visit-ulcinj.com\/gallery\/main.php\" title=\"Ulcinj-ulqini-ulqin,montenegro\" target=\"_blank\">Ulcinju<\/a>, kandidat za prdsjednika Crne Gore, g-din Filip Vujanovi?, kao zna?ajan dio politi?ke kampanje, realizovao je i posjetu uvali <a href=\"http:\/\/www.visit-ulcinj.com\/gallery\/main.php\" title=\"Ulcinj-ulqini-ulqin,montenegro\" target=\"_blank\">Valdanos<\/a>.<br \/>\nI pored toga \u0161to je na Skup\u0161tini op\u0161tine <a href=\"http:\/\/www.visit-ulcinj.com\/gallery\/main.php\" title=\"Ulcinj-ulqini-ulqin,montenegro\" target=\"_blank\">Ulcinj<\/a>, na zahtjev biv\u0161ih vlasnika, jednoglasno donijeta Odluka o povra?aju odnosno deeksproprijaciji maslinjaka \u201eMaslinada <a href=\"http:\/\/www.visit-ulcinj.com\/gallery\/main.php\" title=\"Ulcinj-ulqini-ulqin,montenegro\" target=\"_blank\">Valdanos<\/a>\u201c(Sl.list CG, op\u0161tinski propisi br.18., od 18.05.2007. godine.);<br \/>\ni pored poznatog stava biv\u0161ih vlasnika koji je jednoglasno donijet na skupu  odr\u017eanom u Sali SO Ulcinj, dana 15.12.2007. godine, sa nedvosmislenim zaklju?cima, citiram:<\/p>\n<ul>\n<li>   1.  Ne prihvata se najvljena ponuda o zakupu, odnosno ograni?enom kori\u0161?enju maslinjaka \u201cMaslinada Valdanos\u201d.<\/li>\n<\/ul>\n<ul>\n<li>   2. Zahtjeva se vra?anje prava svojine biv\u0161m vlasnicima.<\/li>\n<\/ul>\n<ul>\n<li>   3. Zahtjevamo da se dr\u017eavni organi i Predsjednik op\u0161tine Ulcinj izjasne o pokrenutom postupku deeksproprijacije, obzirom na obaveze sadr\u017eane u Odluci SO-e Ulcinj o povra?aju odnosno deeksproprijaciji (Sl.list CG, op\u0161tinski propisi br.18., od 18.05.2007. godine.)<\/li>\n<\/ul>\n<ul>\n<li>   4. Zahtjevamo da nadle\u017eni dr\u017eavni organi omogu?e slobodan pristup maslinjaku biv\u0161im vlasnicima i njihovim nasljednicima, bez bilo kakvog ugovora o zakupu i ograni?enja, sve do pravosna\u017enog okon?anja pokrenutih postupaka za deeksproprijaciju i restituciju, koji se vode kod dr\u017eavnih i medjunarodnih sudskih organa.<\/li>\n<\/ul>\n<p>Nagla\u0161avam da sam u svojstvu Predsjednika SO <a href=\"http:\/\/www.visit-ulcinj.com\/gallery\/main.php\" title=\"Ulcinj-ulqini-ulqin,montenegro\" target=\"_blank\">Ulcinj<\/a>, dopisom br. 02-1159\/2, od<a href=\"http:\/\/www.visit-ulcinj.com\/blog\/wp-content\/uploads\/2008\/03\/dzaudet-cakuli-2.jpg\" rel=\"lightbox[pics873]\" title=\"D\u017eaudet Cakuli_ulcinj\"><img loading=\"lazy\" src=\"http:\/\/www.visit-ulcinj.com\/blog\/wp-content\/uploads\/2008\/03\/dzaudet-cakuli-2.thumbnail.jpg\" alt=\"D\u017eaudet Cakuli_ulcinj\" align=\"right\" height=\"195\" width=\"200\" \/><\/a>  23.05.2007. godine obavijestio Predsjednika Republike, g-dina Vujanovi?a o sadr\u017eaju te Odluke i predlagao da se odr\u017ei zajedni?ki sastanak na kojem bismo dogovorili postupak realizacije ove Odluke, medjutim od Predsjednika nikad nijesam dobio nikakav odgovor.<br \/>\nStoga je u najmanju ruku ?udan i politi?ki neodgovoran odnos kandidata za predsjednika da za maslinjak Valdanos biv\u0161im vlasnicima ponuditi vi\u0161edecenijski zakup uz simboli?nu nadoknadu. Podr\u0161ku za ovo nalazi kod politi?kih istomi\u0161ljenika, koji su ga pratili prilikom posjete <a href=\"http:\/\/www.visit-ulcinj.com\/gallery\/main.php\" title=\"Ulcinj-ulqini-ulqin,montenegro\" target=\"_blank\">Valdanosu<\/a>.<br \/>\nZakon o eksproprijaciji je jasan u pogledu deeksproprijacije, a kandidat za Predsednika prenebregava tu ?injenicu i nudi biv\u0161im vlasnicima da budu zakupci na svojoj imovini, kako bi oni na taj na?in potvrdili legitimitet nezakonitom odnosu prema ovim gradjanima i njihovoj imovini.<br \/>\nNe smijemo zaboraviti da se u ovom slu?aju radi i o preko 2 miliona m2 op\u0161tinske imovine u <a href=\"http:\/\/www.visit-ulcinj.com\/gallery\/main.php\" title=\"Ulcinj-ulqini-ulqin,montenegro\" target=\"_blank\">Valdanosu<\/a> i brdu \u201eMendra\u201c kojim gazduje Vlada, da se u Podgorici govori o tome da je to obe?ano francuzima, i da <a href=\"http:\/\/www.visit-ulcinj.com\/gallery\/main.php\" title=\"Ulcinj-ulqini-ulqin,montenegro\" target=\"_blank\">Op\u0161tina Ulcinj<\/a> i njen bud\u017eet od toga ne?e imati ni centa.<br \/>\nNije bitno da li ?e to biti francuzi, englezi, italijani, rusi&#8230;, ve? je bitno kako ?e se to odraziti na socijalni status gradjana i lokalne samouprave i njeno funkcionisanje. Ovakvim stavom, odnosno statiranjem op\u0161tine u svim tim procesima i ba\u0161tovanskom funkcijom biv\u0161ih vlasnika koji predla\u017ee dr\u017eavni vrh, a prihvata aktuelna vlast u op\u0161tini, sigurno je da ?e socijalni status i jednih i drugih biti za \u017ealjenje.<\/p>\n<p><strong>Podpredsjednik Force,<br \/>\nD\u017eaudet Cakuli<\/strong><\/p>\n<p><a href=\"http:\/\/forcaere.org\/images\/stories\/audio\/10-02-2008_Shqip.mp3\" target=\"_blank\" title=\"Audio Snimak\">Audio Snimak<\/a><\/p>\n","protected":false},"excerpt":{"rendered":"<p><img loading=\"lazy\" src=\"http:\/\/www.visit-ulcinj.com\/blog\/wp-content\/uploads\/2008\/03\/valdanos-buchtulcin1.thumbnail.jpg\" alt=\"Valdanos Bucht_ulcinj1\" align=\"left\" height=\"140\" width=\"140\" \/><\/p>\n","protected":false},"author":1,"featured_media":0,"comment_status":"open","ping_status":"closed","sticky":false,"template":"","format":"standard","meta":{"spay_email":"","jetpack_publicize_message":"","jetpack_is_tweetstorm":false,"jetpack_publicize_feature_enabled":true},"categories":[1],"tags":[],"jetpack_publicize_connections":[],"yoast_head":"<!-- This site is optimized with the Yoast SEO plugin v19.1 - https:\/\/yoast.com\/wordpress\/plugins\/seo\/ -->\n<title>Konferencija za Medije - Valdanos - Lajme nga Ulqini<\/title>\n<meta name=\"robots\" content=\"index, follow, max-snippet:-1, max-image-preview:large, max-video-preview:-1\" \/>\n<link rel=\"canonical\" href=\"https:\/\/www.visit-ulcinj.com\/blog\/2008\/03\/12\/konferencija-za-medije-valdanos\/\" \/>\n<meta property=\"og:locale\" content=\"en_US\" \/>\n<meta property=\"og:type\" content=\"article\" \/>\n<meta property=\"og:title\" content=\"Konferencija za Medije - Valdanos - Lajme nga Ulqini\" \/>\n<meta property=\"og:url\" content=\"https:\/\/www.visit-ulcinj.com\/blog\/2008\/03\/12\/konferencija-za-medije-valdanos\/\" \/>\n<meta property=\"og:site_name\" content=\"Lajme nga Ulqini\" \/>\n<meta property=\"article:published_time\" content=\"2008-03-12T07:54:37+00:00\" \/>\n<meta property=\"article:modified_time\" content=\"2008-03-12T19:26:56+00:00\" \/>\n<meta property=\"og:image\" content=\"http:\/\/www.visit-ulcinj.com\/blog\/wp-content\/uploads\/2008\/03\/valdanos-buchtulcin1.thumbnail.jpg\" \/>\n<meta name=\"twitter:label1\" content=\"Written by\" \/>\n\t<meta name=\"twitter:data1\" content=\"ulqini\" \/>\n\t<meta name=\"twitter:label2\" content=\"Est. reading time\" \/>\n\t<meta name=\"twitter:data2\" content=\"2 minutes\" \/>\n<script type=\"application\/ld+json\" class=\"yoast-schema-graph\">{\"@context\":\"https:\/\/schema.org\",\"@graph\":[{\"@type\":\"WebSite\",\"@id\":\"https:\/\/www.visit-ulcinj.com\/blog\/#website\",\"url\":\"https:\/\/www.visit-ulcinj.com\/blog\/\",\"name\":\"Lajme nga Ulqini\",\"description\":\"Lajme,Vijesti,Ulqini,Ulqin,Crna Gora,Mali i Zi\",\"potentialAction\":[{\"@type\":\"SearchAction\",\"target\":{\"@type\":\"EntryPoint\",\"urlTemplate\":\"https:\/\/www.visit-ulcinj.com\/blog\/?s={search_term_string}\"},\"query-input\":\"required name=search_term_string\"}],\"inLanguage\":\"en-US\"},{\"@type\":\"ImageObject\",\"inLanguage\":\"en-US\",\"@id\":\"https:\/\/www.visit-ulcinj.com\/blog\/2008\/03\/12\/konferencija-za-medije-valdanos\/#primaryimage\",\"url\":\"http:\/\/www.visit-ulcinj.com\/blog\/wp-content\/uploads\/2008\/03\/valdanos-buchtulcin1.thumbnail.jpg\",\"contentUrl\":\"http:\/\/www.visit-ulcinj.com\/blog\/wp-content\/uploads\/2008\/03\/valdanos-buchtulcin1.thumbnail.jpg\"},{\"@type\":\"WebPage\",\"@id\":\"https:\/\/www.visit-ulcinj.com\/blog\/2008\/03\/12\/konferencija-za-medije-valdanos\/#webpage\",\"url\":\"https:\/\/www.visit-ulcinj.com\/blog\/2008\/03\/12\/konferencija-za-medije-valdanos\/\",\"name\":\"Konferencija za Medije - Valdanos - Lajme nga Ulqini\",\"isPartOf\":{\"@id\":\"https:\/\/www.visit-ulcinj.com\/blog\/#website\"},\"primaryImageOfPage\":{\"@id\":\"https:\/\/www.visit-ulcinj.com\/blog\/2008\/03\/12\/konferencija-za-medije-valdanos\/#primaryimage\"},\"datePublished\":\"2008-03-12T07:54:37+00:00\",\"dateModified\":\"2008-03-12T19:26:56+00:00\",\"author\":{\"@id\":\"https:\/\/www.visit-ulcinj.com\/blog\/#\/schema\/person\/dcab619c614d3038751c63bc2aadc06d\"},\"breadcrumb\":{\"@id\":\"https:\/\/www.visit-ulcinj.com\/blog\/2008\/03\/12\/konferencija-za-medije-valdanos\/#breadcrumb\"},\"inLanguage\":\"en-US\",\"potentialAction\":[{\"@type\":\"ReadAction\",\"target\":[\"https:\/\/www.visit-ulcinj.com\/blog\/2008\/03\/12\/konferencija-za-medije-valdanos\/\"]}]},{\"@type\":\"BreadcrumbList\",\"@id\":\"https:\/\/www.visit-ulcinj.com\/blog\/2008\/03\/12\/konferencija-za-medije-valdanos\/#breadcrumb\",\"itemListElement\":[{\"@type\":\"ListItem\",\"position\":1,\"name\":\"Konferencija za Medije &#8211; Valdanos\"}]},{\"@type\":\"Person\",\"@id\":\"https:\/\/www.visit-ulcinj.com\/blog\/#\/schema\/person\/dcab619c614d3038751c63bc2aadc06d\",\"name\":\"ulqini\",\"sameAs\":[\"http:\/\/www.visit-ulcinj.com\"],\"url\":\"https:\/\/www.visit-ulcinj.com\/blog\/author\/admin\/\"}]}<\/script>\n<!-- \/ Yoast SEO plugin. -->","yoast_head_json":{"title":"Konferencija za Medije - Valdanos - Lajme nga Ulqini","robots":{"index":"index","follow":"follow","max-snippet":"max-snippet:-1","max-image-preview":"max-image-preview:large","max-video-preview":"max-video-preview:-1"},"canonical":"https:\/\/www.visit-ulcinj.com\/blog\/2008\/03\/12\/konferencija-za-medije-valdanos\/","og_locale":"en_US","og_type":"article","og_title":"Konferencija za Medije - Valdanos - Lajme nga Ulqini","og_url":"https:\/\/www.visit-ulcinj.com\/blog\/2008\/03\/12\/konferencija-za-medije-valdanos\/","og_site_name":"Lajme nga Ulqini","article_published_time":"2008-03-12T07:54:37+00:00","article_modified_time":"2008-03-12T19:26:56+00:00","og_image":[{"url":"http:\/\/www.visit-ulcinj.com\/blog\/wp-content\/uploads\/2008\/03\/valdanos-buchtulcin1.thumbnail.jpg"}],"twitter_misc":{"Written by":"ulqini","Est. reading time":"2 minutes"},"schema":{"@context":"https:\/\/schema.org","@graph":[{"@type":"WebSite","@id":"https:\/\/www.visit-ulcinj.com\/blog\/#website","url":"https:\/\/www.visit-ulcinj.com\/blog\/","name":"Lajme nga Ulqini","description":"Lajme,Vijesti,Ulqini,Ulqin,Crna Gora,Mali i Zi","potentialAction":[{"@type":"SearchAction","target":{"@type":"EntryPoint","urlTemplate":"https:\/\/www.visit-ulcinj.com\/blog\/?s={search_term_string}"},"query-input":"required name=search_term_string"}],"inLanguage":"en-US"},{"@type":"ImageObject","inLanguage":"en-US","@id":"https:\/\/www.visit-ulcinj.com\/blog\/2008\/03\/12\/konferencija-za-medije-valdanos\/#primaryimage","url":"http:\/\/www.visit-ulcinj.com\/blog\/wp-content\/uploads\/2008\/03\/valdanos-buchtulcin1.thumbnail.jpg","contentUrl":"http:\/\/www.visit-ulcinj.com\/blog\/wp-content\/uploads\/2008\/03\/valdanos-buchtulcin1.thumbnail.jpg"},{"@type":"WebPage","@id":"https:\/\/www.visit-ulcinj.com\/blog\/2008\/03\/12\/konferencija-za-medije-valdanos\/#webpage","url":"https:\/\/www.visit-ulcinj.com\/blog\/2008\/03\/12\/konferencija-za-medije-valdanos\/","name":"Konferencija za Medije - Valdanos - Lajme nga Ulqini","isPartOf":{"@id":"https:\/\/www.visit-ulcinj.com\/blog\/#website"},"primaryImageOfPage":{"@id":"https:\/\/www.visit-ulcinj.com\/blog\/2008\/03\/12\/konferencija-za-medije-valdanos\/#primaryimage"},"datePublished":"2008-03-12T07:54:37+00:00","dateModified":"2008-03-12T19:26:56+00:00","author":{"@id":"https:\/\/www.visit-ulcinj.com\/blog\/#\/schema\/person\/dcab619c614d3038751c63bc2aadc06d"},"breadcrumb":{"@id":"https:\/\/www.visit-ulcinj.com\/blog\/2008\/03\/12\/konferencija-za-medije-valdanos\/#breadcrumb"},"inLanguage":"en-US","potentialAction":[{"@type":"ReadAction","target":["https:\/\/www.visit-ulcinj.com\/blog\/2008\/03\/12\/konferencija-za-medije-valdanos\/"]}]},{"@type":"BreadcrumbList","@id":"https:\/\/www.visit-ulcinj.com\/blog\/2008\/03\/12\/konferencija-za-medije-valdanos\/#breadcrumb","itemListElement":[{"@type":"ListItem","position":1,"name":"Konferencija za Medije &#8211; Valdanos"}]},{"@type":"Person","@id":"https:\/\/www.visit-ulcinj.com\/blog\/#\/schema\/person\/dcab619c614d3038751c63bc2aadc06d","name":"ulqini","sameAs":["http:\/\/www.visit-ulcinj.com"],"url":"https:\/\/www.visit-ulcinj.com\/blog\/author\/admin\/"}]}},"jetpack_featured_media_url":"","jetpack_sharing_enabled":true,"jetpack_shortlink":"https:\/\/wp.me\/pe6lTn-e5","_links":{"self":[{"href":"https:\/\/www.visit-ulcinj.com\/blog\/wp-json\/wp\/v2\/posts\/873"}],"collection":[{"href":"https:\/\/www.visit-ulcinj.com\/blog\/wp-json\/wp\/v2\/posts"}],"about":[{"href":"https:\/\/www.visit-ulcinj.com\/blog\/wp-json\/wp\/v2\/types\/post"}],"author":[{"embeddable":true,"href":"https:\/\/www.visit-ulcinj.com\/blog\/wp-json\/wp\/v2\/users\/1"}],"replies":[{"embeddable":true,"href":"https:\/\/www.visit-ulcinj.com\/blog\/wp-json\/wp\/v2\/comments?post=873"}],"version-history":[{"count":0,"href":"https:\/\/www.visit-ulcinj.com\/blog\/wp-json\/wp\/v2\/posts\/873\/revisions"}],"wp:attachment":[{"href":"https:\/\/www.visit-ulcinj.com\/blog\/wp-json\/wp\/v2\/media?parent=873"}],"wp:term":[{"taxonomy":"category","embeddable":true,"href":"https:\/\/www.visit-ulcinj.com\/blog\/wp-json\/wp\/v2\/categories?post=873"},{"taxonomy":"post_tag","embeddable":true,"href":"https:\/\/www.visit-ulcinj.com\/blog\/wp-json\/wp\/v2\/tags?post=873"}],"curies":[{"name":"wp","href":"https:\/\/api.w.org\/{rel}","templated":true}]}}