{"id":87300,"date":"2014-12-27T22:06:07","date_gmt":"2014-12-27T21:06:07","guid":{"rendered":"http:\/\/www.visit-ulcinj.com\/blog\/?p=87300"},"modified":"2014-12-27T22:06:07","modified_gmt":"2014-12-27T21:06:07","slug":"numri-punetoreve-ne-komunen-e-ulqinit-zvoglohet-per-20","status":"publish","type":"post","link":"https:\/\/www.visit-ulcinj.com\/blog\/2014\/12\/27\/numri-punetoreve-ne-komunen-e-ulqinit-zvoglohet-per-20\/","title":{"rendered":"Numri i pun\u00ebtor\u00ebve n\u00eb komunen e Ulqinit zvoglohet per 20&#8230;.."},"content":{"rendered":"<p class=\"post-title\"><strong><a href=\"http:\/\/www.visit-ulcinj.com\/blog\/wp-content\/uploads\/2013\/12\/opstina-ulcinj.jpg\"><img loading=\"lazy\" class=\"alignleft wp-image-77143\" src=\"http:\/\/www.visit-ulcinj.com\/blog\/wp-content\/uploads\/2013\/12\/opstina-ulcinj.jpg\" alt=\"opstina-ulcinj\" width=\"508\" height=\"381\" srcset=\"https:\/\/www.visit-ulcinj.com\/blog\/wp-content\/uploads\/2013\/12\/opstina-ulcinj.jpg 1000w, https:\/\/www.visit-ulcinj.com\/blog\/wp-content\/uploads\/2013\/12\/opstina-ulcinj-300x225.jpg 300w\" sizes=\"(max-width: 508px) 100vw, 508px\" \/><\/a>N\u00eb pension 20 pun\u00ebtor<\/strong><\/p>\n<p class=\"post-title\">Numri i pun\u00ebtor\u00ebve n\u00eb komun\u00ebn e Ulqinit zvoglohet p\u00ebr 20 veta, me q\u00eb me ta \u00ebsht\u00eb arritur marr\u00ebveshje p\u00ebr t\u00eb vajtur n\u00eb pension, raporton Portali Tv Teuta.<\/p>\n<p class=\"post-title\">Ky \u00ebsht\u00eb rrezultati i dakordimit me Ministrin e financave dhe komun\u00ebn e Ulqinit, n\u00eb kuad\u00ebr t\u00eb planit t\u00eb sanimit. N\u00ebpun\u00ebsve t\u00eb cil\u00ebt shkojn\u00eb n\u00eb pension do t\u00eb u shlyhen t\u00eb gjitha borxhet, paguhen kontributet dhe obligimet tjera.<\/p>\n","protected":false},"excerpt":{"rendered":"<p>N\u00eb pension 20 pun\u00ebtor Numri i pun\u00ebtor\u00ebve n\u00eb komun\u00ebn e Ulqinit zvoglohet p\u00ebr 20 veta, me q\u00eb me ta \u00ebsht\u00eb arritur marr\u00ebveshje p\u00ebr t\u00eb vajtur n\u00eb pension, raporton Portali Tv Teuta. Ky \u00ebsht\u00eb rrezultati i dakordimit me Ministrin e financave dhe komun\u00ebn e Ulqinit, n\u00eb kuad\u00ebr t\u00eb planit t\u00eb sanimit. N\u00ebpun\u00ebsve t\u00eb cil\u00ebt shkojn\u00eb n\u00eb [&hellip;]<\/p>\n","protected":false},"author":1,"featured_media":0,"comment_status":"closed","ping_status":"closed","sticky":false,"template":"","format":"standard","meta":{"spay_email":"","jetpack_publicize_message":"","jetpack_is_tweetstorm":false,"jetpack_publicize_feature_enabled":true},"categories":[2451],"tags":[],"jetpack_publicize_connections":[],"yoast_head":"<!-- This site is optimized with the Yoast SEO plugin v19.1 - https:\/\/yoast.com\/wordpress\/plugins\/seo\/ -->\n<title>Numri i pun\u00ebtor\u00ebve n\u00eb komunen e Ulqinit zvoglohet per 20..... - Lajme nga Ulqini<\/title>\n<meta name=\"description\" content=\"N\u00eb pension 20 pun\u00ebtor Numri i pun\u00ebtor\u00ebve n\u00eb komun\u00ebn e Ulqinit zvoglohet p\u00ebr 20 veta, me q\u00eb me ta \u00ebsht\u00eb arritur marr\u00ebveshje p\u00ebr t\u00eb vajtur n\u00eb pension,\" \/>\n<meta name=\"robots\" content=\"index, follow, max-snippet:-1, max-image-preview:large, max-video-preview:-1\" \/>\n<link rel=\"canonical\" href=\"https:\/\/www.visit-ulcinj.com\/blog\/2014\/12\/27\/numri-punetoreve-ne-komunen-e-ulqinit-zvoglohet-per-20\/\" \/>\n<meta property=\"og:locale\" content=\"en_US\" \/>\n<meta property=\"og:type\" content=\"article\" \/>\n<meta property=\"og:title\" content=\"Numri i pun\u00ebtor\u00ebve n\u00eb komunen e Ulqinit zvoglohet per 20..... - Lajme nga Ulqini\" \/>\n<meta property=\"og:description\" content=\"N\u00eb pension 20 pun\u00ebtor Numri i pun\u00ebtor\u00ebve n\u00eb komun\u00ebn e Ulqinit zvoglohet p\u00ebr 20 veta, me q\u00eb me ta \u00ebsht\u00eb arritur marr\u00ebveshje p\u00ebr t\u00eb vajtur n\u00eb pension,\" \/>\n<meta property=\"og:url\" content=\"https:\/\/www.visit-ulcinj.com\/blog\/2014\/12\/27\/numri-punetoreve-ne-komunen-e-ulqinit-zvoglohet-per-20\/\" \/>\n<meta property=\"og:site_name\" content=\"Lajme nga Ulqini\" \/>\n<meta property=\"article:published_time\" content=\"2014-12-27T21:06:07+00:00\" \/>\n<meta property=\"og:image\" content=\"http:\/\/www.visit-ulcinj.com\/blog\/wp-content\/uploads\/2013\/12\/opstina-ulcinj.jpg\" \/>\n<meta name=\"twitter:label1\" content=\"Written by\" \/>\n\t<meta name=\"twitter:data1\" content=\"ulqini\" \/>\n<script type=\"application\/ld+json\" class=\"yoast-schema-graph\">{\"@context\":\"https:\/\/schema.org\",\"@graph\":[{\"@type\":\"WebSite\",\"@id\":\"https:\/\/www.visit-ulcinj.com\/blog\/#website\",\"url\":\"https:\/\/www.visit-ulcinj.com\/blog\/\",\"name\":\"Lajme nga Ulqini\",\"description\":\"Lajme,Vijesti,Ulqini,Ulqin,Crna Gora,Mali i Zi\",\"potentialAction\":[{\"@type\":\"SearchAction\",\"target\":{\"@type\":\"EntryPoint\",\"urlTemplate\":\"https:\/\/www.visit-ulcinj.com\/blog\/?s={search_term_string}\"},\"query-input\":\"required name=search_term_string\"}],\"inLanguage\":\"en-US\"},{\"@type\":\"ImageObject\",\"inLanguage\":\"en-US\",\"@id\":\"https:\/\/www.visit-ulcinj.com\/blog\/2014\/12\/27\/numri-punetoreve-ne-komunen-e-ulqinit-zvoglohet-per-20\/#primaryimage\",\"url\":\"https:\/\/www.visit-ulcinj.com\/blog\/wp-content\/uploads\/2013\/12\/opstina-ulcinj.jpg\",\"contentUrl\":\"https:\/\/www.visit-ulcinj.com\/blog\/wp-content\/uploads\/2013\/12\/opstina-ulcinj.jpg\",\"width\":1000,\"height\":750},{\"@type\":\"WebPage\",\"@id\":\"https:\/\/www.visit-ulcinj.com\/blog\/2014\/12\/27\/numri-punetoreve-ne-komunen-e-ulqinit-zvoglohet-per-20\/#webpage\",\"url\":\"https:\/\/www.visit-ulcinj.com\/blog\/2014\/12\/27\/numri-punetoreve-ne-komunen-e-ulqinit-zvoglohet-per-20\/\",\"name\":\"Numri i pun\u00ebtor\u00ebve n\u00eb komunen e Ulqinit zvoglohet per 20..... - Lajme nga Ulqini\",\"isPartOf\":{\"@id\":\"https:\/\/www.visit-ulcinj.com\/blog\/#website\"},\"primaryImageOfPage\":{\"@id\":\"https:\/\/www.visit-ulcinj.com\/blog\/2014\/12\/27\/numri-punetoreve-ne-komunen-e-ulqinit-zvoglohet-per-20\/#primaryimage\"},\"datePublished\":\"2014-12-27T21:06:07+00:00\",\"dateModified\":\"2014-12-27T21:06:07+00:00\",\"author\":{\"@id\":\"https:\/\/www.visit-ulcinj.com\/blog\/#\/schema\/person\/dcab619c614d3038751c63bc2aadc06d\"},\"description\":\"N\u00eb pension 20 pun\u00ebtor Numri i pun\u00ebtor\u00ebve n\u00eb komun\u00ebn e Ulqinit zvoglohet p\u00ebr 20 veta, me q\u00eb me ta \u00ebsht\u00eb arritur marr\u00ebveshje p\u00ebr t\u00eb vajtur n\u00eb pension,\",\"breadcrumb\":{\"@id\":\"https:\/\/www.visit-ulcinj.com\/blog\/2014\/12\/27\/numri-punetoreve-ne-komunen-e-ulqinit-zvoglohet-per-20\/#breadcrumb\"},\"inLanguage\":\"en-US\",\"potentialAction\":[{\"@type\":\"ReadAction\",\"target\":[\"https:\/\/www.visit-ulcinj.com\/blog\/2014\/12\/27\/numri-punetoreve-ne-komunen-e-ulqinit-zvoglohet-per-20\/\"]}]},{\"@type\":\"BreadcrumbList\",\"@id\":\"https:\/\/www.visit-ulcinj.com\/blog\/2014\/12\/27\/numri-punetoreve-ne-komunen-e-ulqinit-zvoglohet-per-20\/#breadcrumb\",\"itemListElement\":[{\"@type\":\"ListItem\",\"position\":1,\"name\":\"Numri i pun\u00ebtor\u00ebve n\u00eb komunen e Ulqinit zvoglohet per 20&#8230;..\"}]},{\"@type\":\"Person\",\"@id\":\"https:\/\/www.visit-ulcinj.com\/blog\/#\/schema\/person\/dcab619c614d3038751c63bc2aadc06d\",\"name\":\"ulqini\",\"sameAs\":[\"http:\/\/www.visit-ulcinj.com\"],\"url\":\"https:\/\/www.visit-ulcinj.com\/blog\/author\/admin\/\"}]}<\/script>\n<!-- \/ Yoast SEO plugin. -->","yoast_head_json":{"title":"Numri i pun\u00ebtor\u00ebve n\u00eb komunen e Ulqinit zvoglohet per 20..... - Lajme nga Ulqini","description":"N\u00eb pension 20 pun\u00ebtor Numri i pun\u00ebtor\u00ebve n\u00eb komun\u00ebn e Ulqinit zvoglohet p\u00ebr 20 veta, me q\u00eb me ta \u00ebsht\u00eb arritur marr\u00ebveshje p\u00ebr t\u00eb vajtur n\u00eb pension,","robots":{"index":"index","follow":"follow","max-snippet":"max-snippet:-1","max-image-preview":"max-image-preview:large","max-video-preview":"max-video-preview:-1"},"canonical":"https:\/\/www.visit-ulcinj.com\/blog\/2014\/12\/27\/numri-punetoreve-ne-komunen-e-ulqinit-zvoglohet-per-20\/","og_locale":"en_US","og_type":"article","og_title":"Numri i pun\u00ebtor\u00ebve n\u00eb komunen e Ulqinit zvoglohet per 20..... - Lajme nga Ulqini","og_description":"N\u00eb pension 20 pun\u00ebtor Numri i pun\u00ebtor\u00ebve n\u00eb komun\u00ebn e Ulqinit zvoglohet p\u00ebr 20 veta, me q\u00eb me ta \u00ebsht\u00eb arritur marr\u00ebveshje p\u00ebr t\u00eb vajtur n\u00eb pension,","og_url":"https:\/\/www.visit-ulcinj.com\/blog\/2014\/12\/27\/numri-punetoreve-ne-komunen-e-ulqinit-zvoglohet-per-20\/","og_site_name":"Lajme nga Ulqini","article_published_time":"2014-12-27T21:06:07+00:00","og_image":[{"url":"http:\/\/www.visit-ulcinj.com\/blog\/wp-content\/uploads\/2013\/12\/opstina-ulcinj.jpg"}],"twitter_misc":{"Written by":"ulqini"},"schema":{"@context":"https:\/\/schema.org","@graph":[{"@type":"WebSite","@id":"https:\/\/www.visit-ulcinj.com\/blog\/#website","url":"https:\/\/www.visit-ulcinj.com\/blog\/","name":"Lajme nga Ulqini","description":"Lajme,Vijesti,Ulqini,Ulqin,Crna Gora,Mali i Zi","potentialAction":[{"@type":"SearchAction","target":{"@type":"EntryPoint","urlTemplate":"https:\/\/www.visit-ulcinj.com\/blog\/?s={search_term_string}"},"query-input":"required name=search_term_string"}],"inLanguage":"en-US"},{"@type":"ImageObject","inLanguage":"en-US","@id":"https:\/\/www.visit-ulcinj.com\/blog\/2014\/12\/27\/numri-punetoreve-ne-komunen-e-ulqinit-zvoglohet-per-20\/#primaryimage","url":"https:\/\/www.visit-ulcinj.com\/blog\/wp-content\/uploads\/2013\/12\/opstina-ulcinj.jpg","contentUrl":"https:\/\/www.visit-ulcinj.com\/blog\/wp-content\/uploads\/2013\/12\/opstina-ulcinj.jpg","width":1000,"height":750},{"@type":"WebPage","@id":"https:\/\/www.visit-ulcinj.com\/blog\/2014\/12\/27\/numri-punetoreve-ne-komunen-e-ulqinit-zvoglohet-per-20\/#webpage","url":"https:\/\/www.visit-ulcinj.com\/blog\/2014\/12\/27\/numri-punetoreve-ne-komunen-e-ulqinit-zvoglohet-per-20\/","name":"Numri i pun\u00ebtor\u00ebve n\u00eb komunen e Ulqinit zvoglohet per 20..... - Lajme nga Ulqini","isPartOf":{"@id":"https:\/\/www.visit-ulcinj.com\/blog\/#website"},"primaryImageOfPage":{"@id":"https:\/\/www.visit-ulcinj.com\/blog\/2014\/12\/27\/numri-punetoreve-ne-komunen-e-ulqinit-zvoglohet-per-20\/#primaryimage"},"datePublished":"2014-12-27T21:06:07+00:00","dateModified":"2014-12-27T21:06:07+00:00","author":{"@id":"https:\/\/www.visit-ulcinj.com\/blog\/#\/schema\/person\/dcab619c614d3038751c63bc2aadc06d"},"description":"N\u00eb pension 20 pun\u00ebtor Numri i pun\u00ebtor\u00ebve n\u00eb komun\u00ebn e Ulqinit zvoglohet p\u00ebr 20 veta, me q\u00eb me ta \u00ebsht\u00eb arritur marr\u00ebveshje p\u00ebr t\u00eb vajtur n\u00eb pension,","breadcrumb":{"@id":"https:\/\/www.visit-ulcinj.com\/blog\/2014\/12\/27\/numri-punetoreve-ne-komunen-e-ulqinit-zvoglohet-per-20\/#breadcrumb"},"inLanguage":"en-US","potentialAction":[{"@type":"ReadAction","target":["https:\/\/www.visit-ulcinj.com\/blog\/2014\/12\/27\/numri-punetoreve-ne-komunen-e-ulqinit-zvoglohet-per-20\/"]}]},{"@type":"BreadcrumbList","@id":"https:\/\/www.visit-ulcinj.com\/blog\/2014\/12\/27\/numri-punetoreve-ne-komunen-e-ulqinit-zvoglohet-per-20\/#breadcrumb","itemListElement":[{"@type":"ListItem","position":1,"name":"Numri i pun\u00ebtor\u00ebve n\u00eb komunen e Ulqinit zvoglohet per 20&#8230;.."}]},{"@type":"Person","@id":"https:\/\/www.visit-ulcinj.com\/blog\/#\/schema\/person\/dcab619c614d3038751c63bc2aadc06d","name":"ulqini","sameAs":["http:\/\/www.visit-ulcinj.com"],"url":"https:\/\/www.visit-ulcinj.com\/blog\/author\/admin\/"}]}},"jetpack_featured_media_url":"","jetpack_sharing_enabled":true,"jetpack_shortlink":"https:\/\/wp.me\/pe6lTn-mI4","_links":{"self":[{"href":"https:\/\/www.visit-ulcinj.com\/blog\/wp-json\/wp\/v2\/posts\/87300"}],"collection":[{"href":"https:\/\/www.visit-ulcinj.com\/blog\/wp-json\/wp\/v2\/posts"}],"about":[{"href":"https:\/\/www.visit-ulcinj.com\/blog\/wp-json\/wp\/v2\/types\/post"}],"author":[{"embeddable":true,"href":"https:\/\/www.visit-ulcinj.com\/blog\/wp-json\/wp\/v2\/users\/1"}],"replies":[{"embeddable":true,"href":"https:\/\/www.visit-ulcinj.com\/blog\/wp-json\/wp\/v2\/comments?post=87300"}],"version-history":[{"count":1,"href":"https:\/\/www.visit-ulcinj.com\/blog\/wp-json\/wp\/v2\/posts\/87300\/revisions"}],"predecessor-version":[{"id":87301,"href":"https:\/\/www.visit-ulcinj.com\/blog\/wp-json\/wp\/v2\/posts\/87300\/revisions\/87301"}],"wp:attachment":[{"href":"https:\/\/www.visit-ulcinj.com\/blog\/wp-json\/wp\/v2\/media?parent=87300"}],"wp:term":[{"taxonomy":"category","embeddable":true,"href":"https:\/\/www.visit-ulcinj.com\/blog\/wp-json\/wp\/v2\/categories?post=87300"},{"taxonomy":"post_tag","embeddable":true,"href":"https:\/\/www.visit-ulcinj.com\/blog\/wp-json\/wp\/v2\/tags?post=87300"}],"curies":[{"name":"wp","href":"https:\/\/api.w.org\/{rel}","templated":true}]}}