{"id":87315,"date":"2014-12-28T13:12:18","date_gmt":"2014-12-28T12:12:18","guid":{"rendered":"http:\/\/www.visit-ulcinj.com\/blog\/?p=87315"},"modified":"2014-12-28T19:39:31","modified_gmt":"2014-12-28T18:39:31","slug":"ilirijana-gjoni-ne-ulqin-koncert-recital","status":"publish","type":"post","link":"https:\/\/www.visit-ulcinj.com\/blog\/2014\/12\/28\/ilirijana-gjoni-ne-ulqin-koncert-recital\/","title":{"rendered":"Ilirijana Gjoni n\u00eb Ulqin, koncert recital + Foto"},"content":{"rendered":"<p><a href=\"http:\/\/www.visit-ulcinj.com\/blog\/wp-content\/uploads\/2014\/12\/Ilirijana-Gjoni-n\u00eb-Ulqin-koncert-recital.jpg\"><img loading=\"lazy\" class=\"alignleft wp-image-87316\" src=\"http:\/\/www.visit-ulcinj.com\/blog\/wp-content\/uploads\/2014\/12\/Ilirijana-Gjoni-n\u00eb-Ulqin-koncert-recital.jpg\" alt=\"Ilirijana Gjoni n\u00eb Ulqin-koncert recital\" width=\"508\" height=\"381\" srcset=\"https:\/\/www.visit-ulcinj.com\/blog\/wp-content\/uploads\/2014\/12\/Ilirijana-Gjoni-n\u00eb-Ulqin-koncert-recital.jpg 960w, https:\/\/www.visit-ulcinj.com\/blog\/wp-content\/uploads\/2014\/12\/Ilirijana-Gjoni-n\u00eb-Ulqin-koncert-recital-300x225.jpg 300w\" sizes=\"(max-width: 508px) 100vw, 508px\" \/><\/a>N\u00eb Shkoll\u00ebn e muzik\u00ebs t\u00eb qytetit t\u00eb saj, n\u00eb shkoll\u00ebn ku e ka filluar rrug\u00ebn e saj t\u00eb muzik\u00ebs, mbr\u00ebm\u00eb, pas nj\u00eb rruge t\u00eb gjat\u00eb studioze n\u00eb Karlsruhe n\u00eb Gjermani, Ilirijana Gjoni ka dh\u00ebn\u00eb nj\u00eb koncert n\u00eb piano.<\/p>\n<p>Ato t\u00eb cil\u00ebt kan\u00eb qen\u00eb t\u00eb pranish\u00ebm kan\u00eb pasur privilegj\u00eb t\u00eb jen\u00eb d\u00ebshmitar\u00eb t\u00eb nj\u00eb virtuoze t\u00eb muzik\u00ebs klasike n\u00eb piano me p\u00ebrmasa komb\u00ebtare.<\/p>\n<p><a href=\"http:\/\/www.visit-ulcinj.com\/blog\/wp-content\/uploads\/2014\/12\/Ilirijana-Gjoni-n\u00eb-Ulqin-koncert-recital-1.jpg\"><img loading=\"lazy\" class=\"alignleft wp-image-87317\" src=\"http:\/\/www.visit-ulcinj.com\/blog\/wp-content\/uploads\/2014\/12\/Ilirijana-Gjoni-n\u00eb-Ulqin-koncert-recital-1.jpg\" alt=\"Ilirijana Gjoni n\u00eb Ulqin-koncert recital-1\" width=\"508\" height=\"381\" srcset=\"https:\/\/www.visit-ulcinj.com\/blog\/wp-content\/uploads\/2014\/12\/Ilirijana-Gjoni-n\u00eb-Ulqin-koncert-recital-1.jpg 960w, https:\/\/www.visit-ulcinj.com\/blog\/wp-content\/uploads\/2014\/12\/Ilirijana-Gjoni-n\u00eb-Ulqin-koncert-recital-1-300x225.jpg 300w\" sizes=\"(max-width: 508px) 100vw, 508px\" \/><\/a><\/p>\n<p>Titulli \u201cMaster of Music \u2013 Chamber Musik\u201d \u00ebsht\u00eb dega ku edhe i ka p\u00ebrfunduar studimet, kjo vajz\u00eb t\u00eb cil\u00ebn e ka qendisur Perendia me dor\u00eb t\u00eb vet\u00eb, duke ia dhuruar talentin, pun\u00ebn dhe disciplin\u00ebn gjermane p\u00ebr t\u00eb arritur nj\u00eb sukses\u00eb t\u00eb till\u00eb.<\/p>\n<p><a href=\"https:\/\/www.facebook.com\/ismet.karamanaga?fref=ts\" target=\"_blank\"><strong>Tekst dhe foto: I. Karamanaga Facebook<\/strong><\/a><\/p>\n\n\t\t<style type=\"text\/css\">\n\t\t\t#gallery-1 {\n\t\t\t\tmargin: auto;\n\t\t\t}\n\t\t\t#gallery-1 .gallery-item {\n\t\t\t\tfloat: left;\n\t\t\t\tmargin-top: 10px;\n\t\t\t\ttext-align: center;\n\t\t\t\twidth: 33%;\n\t\t\t}\n\t\t\t#gallery-1 img {\n\t\t\t\tborder: 2px solid #cfcfcf;\n\t\t\t}\n\t\t\t#gallery-1 .gallery-caption {\n\t\t\t\tmargin-left: 0;\n\t\t\t}\n\t\t\t\/* see gallery_shortcode() in wp-includes\/media.php *\/\n\t\t<\/style>\n\t\t<div id='gallery-1' class='gallery galleryid-87315 gallery-columns-3 gallery-size-thumbnail'><dl class='gallery-item'>\n\t\t\t<dt class='gallery-icon landscape'>\n\t\t\t\t<a href='https:\/\/www.visit-ulcinj.com\/blog\/2014\/12\/28\/ilirijana-gjoni-ne-ulqin-koncert-recital\/ilirijana-gjoni-ne-ulqin-koncert-recital-7\/'><img width=\"150\" height=\"150\" src=\"https:\/\/www.visit-ulcinj.com\/blog\/wp-content\/uploads\/2014\/12\/Ilirijana-Gjoni-n\u00eb-Ulqin-koncert-recital-7-150x150.jpg\" class=\"attachment-thumbnail size-thumbnail\" alt=\"\" loading=\"lazy\" \/><\/a>\n\t\t\t<\/dt><\/dl><dl class='gallery-item'>\n\t\t\t<dt class='gallery-icon landscape'>\n\t\t\t\t<a href='https:\/\/www.visit-ulcinj.com\/blog\/2014\/12\/28\/ilirijana-gjoni-ne-ulqin-koncert-recital\/ilirijana-gjoni-ne-ulqin-koncert-recital-6\/'><img width=\"150\" height=\"150\" src=\"https:\/\/www.visit-ulcinj.com\/blog\/wp-content\/uploads\/2014\/12\/Ilirijana-Gjoni-n\u00eb-Ulqin-koncert-recital-6-150x150.jpg\" class=\"attachment-thumbnail size-thumbnail\" alt=\"\" loading=\"lazy\" \/><\/a>\n\t\t\t<\/dt><\/dl><dl class='gallery-item'>\n\t\t\t<dt class='gallery-icon landscape'>\n\t\t\t\t<a href='https:\/\/www.visit-ulcinj.com\/blog\/2014\/12\/28\/ilirijana-gjoni-ne-ulqin-koncert-recital\/ilirijana-gjoni-ne-ulqin-koncert-recital-5\/'><img width=\"150\" height=\"150\" src=\"https:\/\/www.visit-ulcinj.com\/blog\/wp-content\/uploads\/2014\/12\/Ilirijana-Gjoni-n\u00eb-Ulqin-koncert-recital-5-150x150.jpg\" class=\"attachment-thumbnail size-thumbnail\" alt=\"\" loading=\"lazy\" \/><\/a>\n\t\t\t<\/dt><\/dl><br style=\"clear: both\" \/><dl class='gallery-item'>\n\t\t\t<dt class='gallery-icon landscape'>\n\t\t\t\t<a href='https:\/\/www.visit-ulcinj.com\/blog\/2014\/12\/28\/ilirijana-gjoni-ne-ulqin-koncert-recital\/ilirijana-gjoni-ne-ulqin-koncert-recital-4\/'><img width=\"150\" height=\"150\" src=\"https:\/\/www.visit-ulcinj.com\/blog\/wp-content\/uploads\/2014\/12\/Ilirijana-Gjoni-n\u00eb-Ulqin-koncert-recital-4-150x150.jpg\" class=\"attachment-thumbnail size-thumbnail\" alt=\"\" loading=\"lazy\" \/><\/a>\n\t\t\t<\/dt><\/dl><dl class='gallery-item'>\n\t\t\t<dt class='gallery-icon landscape'>\n\t\t\t\t<a href='https:\/\/www.visit-ulcinj.com\/blog\/2014\/12\/28\/ilirijana-gjoni-ne-ulqin-koncert-recital\/ilirijana-gjoni-ne-ulqin-koncert-recital-3\/'><img width=\"150\" height=\"150\" src=\"https:\/\/www.visit-ulcinj.com\/blog\/wp-content\/uploads\/2014\/12\/Ilirijana-Gjoni-n\u00eb-Ulqin-koncert-recital-3-150x150.jpg\" class=\"attachment-thumbnail size-thumbnail\" alt=\"\" loading=\"lazy\" \/><\/a>\n\t\t\t<\/dt><\/dl><dl class='gallery-item'>\n\t\t\t<dt class='gallery-icon landscape'>\n\t\t\t\t<a href='https:\/\/www.visit-ulcinj.com\/blog\/2014\/12\/28\/ilirijana-gjoni-ne-ulqin-koncert-recital\/ilirijana-gjoni-ne-ulqin-koncert-recital-2-2\/'><img width=\"150\" height=\"150\" src=\"https:\/\/www.visit-ulcinj.com\/blog\/wp-content\/uploads\/2014\/12\/Ilirijana-Gjoni-n\u00eb-Ulqin-koncert-recital-2-150x150.jpg\" class=\"attachment-thumbnail size-thumbnail\" alt=\"\" loading=\"lazy\" \/><\/a>\n\t\t\t<\/dt><\/dl><br style=\"clear: both\" \/>\n\t\t<\/div>\n\n<p>&nbsp;<\/p>\n","protected":false},"excerpt":{"rendered":"<p>N\u00eb Shkoll\u00ebn e muzik\u00ebs t\u00eb qytetit t\u00eb saj, n\u00eb shkoll\u00ebn ku e ka filluar rrug\u00ebn e saj t\u00eb muzik\u00ebs, mbr\u00ebm\u00eb, pas nj\u00eb rruge t\u00eb gjat\u00eb studioze n\u00eb Karlsruhe n\u00eb Gjermani, Ilirijana Gjoni ka dh\u00ebn\u00eb nj\u00eb koncert n\u00eb piano. Ato t\u00eb cil\u00ebt kan\u00eb qen\u00eb t\u00eb pranish\u00ebm kan\u00eb pasur privilegj\u00eb t\u00eb jen\u00eb d\u00ebshmitar\u00eb t\u00eb nj\u00eb virtuoze t\u00eb [&hellip;]<\/p>\n","protected":false},"author":1,"featured_media":0,"comment_status":"closed","ping_status":"closed","sticky":false,"template":"","format":"standard","meta":{"spay_email":"","jetpack_publicize_message":"","jetpack_is_tweetstorm":false,"jetpack_publicize_feature_enabled":true},"categories":[1],"tags":[],"jetpack_publicize_connections":[],"yoast_head":"<!-- This site is optimized with the Yoast SEO plugin v19.1 - https:\/\/yoast.com\/wordpress\/plugins\/seo\/ -->\n<title>Ilirijana Gjoni n\u00eb Ulqin, koncert recital + Foto - Lajme nga Ulqini<\/title>\n<meta name=\"description\" content=\"N\u00eb Shkoll\u00ebn e muzik\u00ebs t\u00eb qytetit t\u00eb saj, n\u00eb shkoll\u00ebn ku e ka filluar rrug\u00ebn e saj t\u00eb muzik\u00ebs, mbr\u00ebm\u00eb, pas nj\u00eb rruge t\u00eb gjat\u00eb studioze n\u00eb Karlsruhe n\u00eb\" \/>\n<meta name=\"robots\" content=\"index, follow, max-snippet:-1, max-image-preview:large, max-video-preview:-1\" \/>\n<link rel=\"canonical\" href=\"https:\/\/www.visit-ulcinj.com\/blog\/2014\/12\/28\/ilirijana-gjoni-ne-ulqin-koncert-recital\/\" \/>\n<meta property=\"og:locale\" content=\"en_US\" \/>\n<meta property=\"og:type\" content=\"article\" \/>\n<meta property=\"og:title\" content=\"Ilirijana Gjoni n\u00eb Ulqin, koncert recital + Foto - Lajme nga Ulqini\" \/>\n<meta property=\"og:description\" content=\"N\u00eb Shkoll\u00ebn e muzik\u00ebs t\u00eb qytetit t\u00eb saj, n\u00eb shkoll\u00ebn ku e ka filluar rrug\u00ebn e saj t\u00eb muzik\u00ebs, mbr\u00ebm\u00eb, pas nj\u00eb rruge t\u00eb gjat\u00eb studioze n\u00eb Karlsruhe n\u00eb\" \/>\n<meta property=\"og:url\" content=\"https:\/\/www.visit-ulcinj.com\/blog\/2014\/12\/28\/ilirijana-gjoni-ne-ulqin-koncert-recital\/\" \/>\n<meta property=\"og:site_name\" content=\"Lajme nga Ulqini\" \/>\n<meta property=\"article:published_time\" content=\"2014-12-28T12:12:18+00:00\" \/>\n<meta property=\"article:modified_time\" content=\"2014-12-28T18:39:31+00:00\" \/>\n<meta property=\"og:image\" content=\"https:\/\/www.visit-ulcinj.com\/blog\/wp-content\/uploads\/2014\/12\/Ilirijana-Gjoni-n\u00eb-Ulqin-koncert-recital-7-150x150.jpg\" \/>\n<meta name=\"twitter:label1\" content=\"Written by\" \/>\n\t<meta name=\"twitter:data1\" content=\"ulqini\" \/>\n\t<meta name=\"twitter:label2\" content=\"Est. reading time\" \/>\n\t<meta name=\"twitter:data2\" content=\"1 minute\" \/>\n<script type=\"application\/ld+json\" class=\"yoast-schema-graph\">{\"@context\":\"https:\/\/schema.org\",\"@graph\":[{\"@type\":\"WebSite\",\"@id\":\"https:\/\/www.visit-ulcinj.com\/blog\/#website\",\"url\":\"https:\/\/www.visit-ulcinj.com\/blog\/\",\"name\":\"Lajme nga Ulqini\",\"description\":\"Lajme,Vijesti,Ulqini,Ulqin,Crna Gora,Mali i Zi\",\"potentialAction\":[{\"@type\":\"SearchAction\",\"target\":{\"@type\":\"EntryPoint\",\"urlTemplate\":\"https:\/\/www.visit-ulcinj.com\/blog\/?s={search_term_string}\"},\"query-input\":\"required name=search_term_string\"}],\"inLanguage\":\"en-US\"},{\"@type\":\"WebPage\",\"@id\":\"https:\/\/www.visit-ulcinj.com\/blog\/2014\/12\/28\/ilirijana-gjoni-ne-ulqin-koncert-recital\/#webpage\",\"url\":\"https:\/\/www.visit-ulcinj.com\/blog\/2014\/12\/28\/ilirijana-gjoni-ne-ulqin-koncert-recital\/\",\"name\":\"Ilirijana Gjoni n\u00eb Ulqin, koncert recital + Foto - Lajme nga Ulqini\",\"isPartOf\":{\"@id\":\"https:\/\/www.visit-ulcinj.com\/blog\/#website\"},\"datePublished\":\"2014-12-28T12:12:18+00:00\",\"dateModified\":\"2014-12-28T18:39:31+00:00\",\"author\":{\"@id\":\"https:\/\/www.visit-ulcinj.com\/blog\/#\/schema\/person\/dcab619c614d3038751c63bc2aadc06d\"},\"description\":\"N\u00eb Shkoll\u00ebn e muzik\u00ebs t\u00eb qytetit t\u00eb saj, n\u00eb shkoll\u00ebn ku e ka filluar rrug\u00ebn e saj t\u00eb muzik\u00ebs, mbr\u00ebm\u00eb, pas nj\u00eb rruge t\u00eb gjat\u00eb studioze n\u00eb Karlsruhe n\u00eb\",\"breadcrumb\":{\"@id\":\"https:\/\/www.visit-ulcinj.com\/blog\/2014\/12\/28\/ilirijana-gjoni-ne-ulqin-koncert-recital\/#breadcrumb\"},\"inLanguage\":\"en-US\",\"potentialAction\":[{\"@type\":\"ReadAction\",\"target\":[\"https:\/\/www.visit-ulcinj.com\/blog\/2014\/12\/28\/ilirijana-gjoni-ne-ulqin-koncert-recital\/\"]}]},{\"@type\":\"BreadcrumbList\",\"@id\":\"https:\/\/www.visit-ulcinj.com\/blog\/2014\/12\/28\/ilirijana-gjoni-ne-ulqin-koncert-recital\/#breadcrumb\",\"itemListElement\":[{\"@type\":\"ListItem\",\"position\":1,\"name\":\"Ilirijana Gjoni n\u00eb Ulqin, koncert recital + Foto\"}]},{\"@type\":\"Person\",\"@id\":\"https:\/\/www.visit-ulcinj.com\/blog\/#\/schema\/person\/dcab619c614d3038751c63bc2aadc06d\",\"name\":\"ulqini\",\"sameAs\":[\"http:\/\/www.visit-ulcinj.com\"],\"url\":\"https:\/\/www.visit-ulcinj.com\/blog\/author\/admin\/\"}]}<\/script>\n<!-- \/ Yoast SEO plugin. -->","yoast_head_json":{"title":"Ilirijana Gjoni n\u00eb Ulqin, koncert recital + Foto - Lajme nga Ulqini","description":"N\u00eb Shkoll\u00ebn e muzik\u00ebs t\u00eb qytetit t\u00eb saj, n\u00eb shkoll\u00ebn ku e ka filluar rrug\u00ebn e saj t\u00eb muzik\u00ebs, mbr\u00ebm\u00eb, pas nj\u00eb rruge t\u00eb gjat\u00eb studioze n\u00eb Karlsruhe n\u00eb","robots":{"index":"index","follow":"follow","max-snippet":"max-snippet:-1","max-image-preview":"max-image-preview:large","max-video-preview":"max-video-preview:-1"},"canonical":"https:\/\/www.visit-ulcinj.com\/blog\/2014\/12\/28\/ilirijana-gjoni-ne-ulqin-koncert-recital\/","og_locale":"en_US","og_type":"article","og_title":"Ilirijana Gjoni n\u00eb Ulqin, koncert recital + Foto - Lajme nga Ulqini","og_description":"N\u00eb Shkoll\u00ebn e muzik\u00ebs t\u00eb qytetit t\u00eb saj, n\u00eb shkoll\u00ebn ku e ka filluar rrug\u00ebn e saj t\u00eb muzik\u00ebs, mbr\u00ebm\u00eb, pas nj\u00eb rruge t\u00eb gjat\u00eb studioze n\u00eb Karlsruhe n\u00eb","og_url":"https:\/\/www.visit-ulcinj.com\/blog\/2014\/12\/28\/ilirijana-gjoni-ne-ulqin-koncert-recital\/","og_site_name":"Lajme nga Ulqini","article_published_time":"2014-12-28T12:12:18+00:00","article_modified_time":"2014-12-28T18:39:31+00:00","og_image":[{"url":"https:\/\/www.visit-ulcinj.com\/blog\/wp-content\/uploads\/2014\/12\/Ilirijana-Gjoni-n\u00eb-Ulqin-koncert-recital-7-150x150.jpg"}],"twitter_misc":{"Written by":"ulqini","Est. reading time":"1 minute"},"schema":{"@context":"https:\/\/schema.org","@graph":[{"@type":"WebSite","@id":"https:\/\/www.visit-ulcinj.com\/blog\/#website","url":"https:\/\/www.visit-ulcinj.com\/blog\/","name":"Lajme nga Ulqini","description":"Lajme,Vijesti,Ulqini,Ulqin,Crna Gora,Mali i Zi","potentialAction":[{"@type":"SearchAction","target":{"@type":"EntryPoint","urlTemplate":"https:\/\/www.visit-ulcinj.com\/blog\/?s={search_term_string}"},"query-input":"required name=search_term_string"}],"inLanguage":"en-US"},{"@type":"WebPage","@id":"https:\/\/www.visit-ulcinj.com\/blog\/2014\/12\/28\/ilirijana-gjoni-ne-ulqin-koncert-recital\/#webpage","url":"https:\/\/www.visit-ulcinj.com\/blog\/2014\/12\/28\/ilirijana-gjoni-ne-ulqin-koncert-recital\/","name":"Ilirijana Gjoni n\u00eb Ulqin, koncert recital + Foto - Lajme nga Ulqini","isPartOf":{"@id":"https:\/\/www.visit-ulcinj.com\/blog\/#website"},"datePublished":"2014-12-28T12:12:18+00:00","dateModified":"2014-12-28T18:39:31+00:00","author":{"@id":"https:\/\/www.visit-ulcinj.com\/blog\/#\/schema\/person\/dcab619c614d3038751c63bc2aadc06d"},"description":"N\u00eb Shkoll\u00ebn e muzik\u00ebs t\u00eb qytetit t\u00eb saj, n\u00eb shkoll\u00ebn ku e ka filluar rrug\u00ebn e saj t\u00eb muzik\u00ebs, mbr\u00ebm\u00eb, pas nj\u00eb rruge t\u00eb gjat\u00eb studioze n\u00eb Karlsruhe n\u00eb","breadcrumb":{"@id":"https:\/\/www.visit-ulcinj.com\/blog\/2014\/12\/28\/ilirijana-gjoni-ne-ulqin-koncert-recital\/#breadcrumb"},"inLanguage":"en-US","potentialAction":[{"@type":"ReadAction","target":["https:\/\/www.visit-ulcinj.com\/blog\/2014\/12\/28\/ilirijana-gjoni-ne-ulqin-koncert-recital\/"]}]},{"@type":"BreadcrumbList","@id":"https:\/\/www.visit-ulcinj.com\/blog\/2014\/12\/28\/ilirijana-gjoni-ne-ulqin-koncert-recital\/#breadcrumb","itemListElement":[{"@type":"ListItem","position":1,"name":"Ilirijana Gjoni n\u00eb Ulqin, koncert recital + Foto"}]},{"@type":"Person","@id":"https:\/\/www.visit-ulcinj.com\/blog\/#\/schema\/person\/dcab619c614d3038751c63bc2aadc06d","name":"ulqini","sameAs":["http:\/\/www.visit-ulcinj.com"],"url":"https:\/\/www.visit-ulcinj.com\/blog\/author\/admin\/"}]}},"jetpack_featured_media_url":"","jetpack_sharing_enabled":true,"jetpack_shortlink":"https:\/\/wp.me\/pe6lTn-mIj","_links":{"self":[{"href":"https:\/\/www.visit-ulcinj.com\/blog\/wp-json\/wp\/v2\/posts\/87315"}],"collection":[{"href":"https:\/\/www.visit-ulcinj.com\/blog\/wp-json\/wp\/v2\/posts"}],"about":[{"href":"https:\/\/www.visit-ulcinj.com\/blog\/wp-json\/wp\/v2\/types\/post"}],"author":[{"embeddable":true,"href":"https:\/\/www.visit-ulcinj.com\/blog\/wp-json\/wp\/v2\/users\/1"}],"replies":[{"embeddable":true,"href":"https:\/\/www.visit-ulcinj.com\/blog\/wp-json\/wp\/v2\/comments?post=87315"}],"version-history":[{"count":1,"href":"https:\/\/www.visit-ulcinj.com\/blog\/wp-json\/wp\/v2\/posts\/87315\/revisions"}],"predecessor-version":[{"id":87324,"href":"https:\/\/www.visit-ulcinj.com\/blog\/wp-json\/wp\/v2\/posts\/87315\/revisions\/87324"}],"wp:attachment":[{"href":"https:\/\/www.visit-ulcinj.com\/blog\/wp-json\/wp\/v2\/media?parent=87315"}],"wp:term":[{"taxonomy":"category","embeddable":true,"href":"https:\/\/www.visit-ulcinj.com\/blog\/wp-json\/wp\/v2\/categories?post=87315"},{"taxonomy":"post_tag","embeddable":true,"href":"https:\/\/www.visit-ulcinj.com\/blog\/wp-json\/wp\/v2\/tags?post=87315"}],"curies":[{"name":"wp","href":"https:\/\/api.w.org\/{rel}","templated":true}]}}