{"id":87325,"date":"2014-12-28T13:24:28","date_gmt":"2014-12-28T12:24:28","guid":{"rendered":"http:\/\/www.visit-ulcinj.com\/blog\/?p=87325"},"modified":"2014-12-28T13:25:19","modified_gmt":"2014-12-28T12:25:19","slug":"mustafa-canka-sto-ocekivati-od-naredne-turisticke-sezone","status":"publish","type":"post","link":"https:\/\/www.visit-ulcinj.com\/blog\/2014\/12\/28\/mustafa-canka-sto-ocekivati-od-naredne-turisticke-sezone\/","title":{"rendered":"Mustafa Canka: Sto ocekivati od naredne turisticke sezone?"},"content":{"rendered":"<p><a href=\"http:\/\/www.visit-ulcinj.com\/blog\/wp-content\/uploads\/2014\/12\/easyjet-wiser-ryanair.jpg\"><img loading=\"lazy\" class=\"alignleft wp-image-87326\" src=\"http:\/\/www.visit-ulcinj.com\/blog\/wp-content\/uploads\/2014\/12\/easyjet-wiser-ryanair.jpg\" alt=\"easyjet, wiser, ryanair\" width=\"508\" height=\"310\" srcset=\"https:\/\/www.visit-ulcinj.com\/blog\/wp-content\/uploads\/2014\/12\/easyjet-wiser-ryanair.jpg 468w, https:\/\/www.visit-ulcinj.com\/blog\/wp-content\/uploads\/2014\/12\/easyjet-wiser-ryanair-300x183.jpg 300w\" sizes=\"(max-width: 508px) 100vw, 508px\" \/><\/a>-Do\u0161ao sam od Ciriha do Dubrovnika za samo 15 eura. Zato je logi\u010dno da je taj grad stalno pun turista. Siguran sam da bi tako bilo i ovdje kada bi se ve\u0107em broju lou cost kompanija dozvolilo da slije\u0107u\u201c, ka\u017ee nam Ulcinjanin koji ve\u0107 38 godina radi u \u0160vajcarskoj, prenosi Portal Ul.info.<\/p>\n<p>Upravo navode\u0107i primjer Dubrovnika ovih dana turisti\u010dki radnici u Crnoj Gori tvrde da \u0107e se na pitanju uspjeha dovo\u0111enja tzv. niskobud\u017eetnih avio-kompanija prelomiti naredna turisti\u010dka sezona. \u201eUkoliko se u najskorijem roku ne\u0161to ne preduzme na tom polju, 2015. \u0107e biti veoma te\u0161ka za turizam, mnogo slo\u017eenija od ovogodi\u0161nje\u201c, ka\u017ee predsjednik <em>Crnogorskog turisti\u010dkog udru\u017eenja<\/em> <strong>\u017darko Radulovi\u0107<\/strong>. On isti\u010de da treba na\u0107i sredstva da se te kompanije animiraju da lete prema na\u0161oj zemlji, i procjenjuje da bi one mogle ovdje dovesti jo\u0161 700 hiljada turista.<\/p>\n<p>U crnogorskoj Vladi su, \u010dini se, postali svjesni te\u017eine situacije, ali su njihovi potezi spori i neodlu\u010dni. Direktorka Nacionalne turisti\u010dke organizacije <strong>\u017deljka Radak-Kukavi\u010di\u0107<\/strong> je turisti\u010dkim poslenicima tek poru\u010dila da je dr\u017eava za dolazak novih lou cost kompanija \u201eopredjelila odre\u0111ena sredstva\u201c. Dodala je da sezonu produ\u017eavaju posebno gosti sa njema\u010dkog i skandinavskog tr\u017ei\u0161ta.<\/p>\n<p>Zato bi se moglo kazati da se nakon 25-ogodi\u0161njeg lutanja crnogorski turizam, simboli\u010dki, ponovo vratio tamo \u0111e je nekada bio. No, mnogo se stvari u me\u0111uvremenu promijenilo, prije svega u samoj Crnoj Gori, da bi sve bilo kao ranije. Na promjenu kursa malo njih se odlu\u010duje svojom voljom, ve\u0107 nu\u017eno\u0161\u0107u povijesnih silnica.<\/p>\n<p>Jedna od njih je svakako realni gubitak znatnog broja ruskih turista, koji su do ove godine \u010dinili procentualno najve\u0107i broj stranih gostiju u Crnoj Gori. Samo u ovoj godini oni su ostvarili oko 2,5 miliona no\u0107enja, ili oko 30 odsto od ukupnog broja evidentiranih no\u0107enja. Oni su tako\u0111e bili najbolji potro\u0161a\u010di, jer su na odmoru u prosjeku tro\u0161ili 855 eura. Od ruskih turista u crnogorsku dr\u017eavnu kasu se slilo oko pola milijarde eura, procjenjuju ruski zvani\u010dnici.<\/p>\n<p>Ali, nakon \u0161to se Crna Gora pridru\u017eila sankcijama SAD i EU prema Rusiji, u Kremlju su odlu\u010dili da okrenu plo\u010du prema Podgorici. Bliski saradnik <strong>Vladimira Putina<\/strong>, njegov savjetnik za ekonomiju <strong>Sergej Glazjev<\/strong>, rekao je da Crna Gora vodi antirusku politiku i zatra\u017eio je da se smanji broj \u010darter letova prema Tivtu i Podgorici.<\/p>\n<p>Provladin dnevnik \u201eRuska gazeta\u201c navodi da se \u201eRusi odavno tiho u Crnoj Gori istiskuju iz gotovo svih sfera \u017eivota\u201c. \u201eOduzima im se imovina iz velikih industrijskih giganata i preprodaje, plijeni imovina na\u0161ih sugra\u0111ana\u201c, pi\u0161e taj moskovski list.<\/p>\n<p>Na smanjivanje entuzijazma Rusa da do\u0111u u Crnu Goru jo\u0161 vi\u0161e \u0107e uticati niz drugih faktora, kao \u0161to su slabljenje rublje, smanjenje kupovne mo\u0107i i bankroti turisti\u010dkih operatera u toj zemlji. To su, ina\u010de, ve\u0107 osjetili zimski turisti\u010dki centri u Evropi koji su prethodnih godina bili puna Rusa.<\/p>\n<p>Ni njima sada nije lako da nadoknade te minuse iako je na globalnom planu, turizam iza\u0161ao iz recesije. Naime, podaci Svjetske turisti\u010dke organizacije pokazuju da je broj putovanja\u00a0doma\u0107ih turista u turisti\u010dkim zemljama dostigao cifre od prije ekonomske krize, dok broj inostranih gostiju raste za oko 4,5 odsto godi\u0161nje.<br \/>\nPrognoze za 2015. godinu su sjajne i ka\u017eu kako \u0107e taj rast biti pet odsto ve\u0107i nego ove godine, odnosno da \u0107e svijetom na putovanja krenuti 1,1 milijarda ljudi, 50 miliona vi\u0161e nego 2014.<\/p>\n<p>U tom svojevrsnom bumu turisti\u010dkih kretanja koja obilje\u017eavaju sve kontinente, najve\u0107i udio i dalje ima Evropa, u kojoj je 2014. godinu obilje\u017eio sna\u017ean rast privatnog smje\u0161taja. Upravo ono \u0161to ve\u0107ini Primoraca, uz gradnju i obnovu hotela, treba.<\/p>\n<p>Interesantno je svakako da su uz lou cost najnoviji trend \u201cniskobud\u017eetni kreveti\u201d, koji se rezervi\u0161u zajedno s niskobud\u017eetnim avionskim kartama. Rije\u010d je o hotelskim krevetima koji se prodaju po povoljnoj cijeni u posljednji trenutak, kad je ona ni\u017ea i do 70 odsto od uobi\u010dajene cijene. Naime, domi\u0161ljati turisti\u010dki radnici sjetili su se mogu\u0107nosti da\u00a0ponude\u00a0najbolju mogu\u0107u cijenu kreveta koju im hotelijeri daju onda kada hotelske sobe nijesu prodane, \u0161to je formula koja je pro\u0161le sezone uspje\u0161no realizovana u Gr\u010dkoj, ali i u mnogim drugim zemljama. Prema podacima Svjetske turisti\u010dke organizacije, \u201cniskobud\u017eetni kreveti\u201d rasli su u ovoj godini za 80 odsto!<\/p>\n<p>Ina\u010de, ono \u0161to su Grci napravili prije dvije godine, drasti\u010dno smanjili cijene usluga, tek sada predla\u017eu crnogorski turisti\u010dki radnici. Radulovi\u0107 ka\u017ee da bi cijene trebalo smanjiti za 35 do 40 odsto. Te\u0161ko je, me\u0111utim, o\u010dekivati da \u0107e se na takav \u201cherojski potez\u201d odlu\u010diti turisti\u010dki poslenici u ovoj zemlji pritisnuti \u201csnagom dr\u017eave\u201d i duge prakse da od dobre zarade u sezoni \u017eive \u010ditavu godinu.<\/p>\n<p>No, odluke treba donositi brzo i odlu\u010dno. Vrijeme vi\u0161e nije na\u0161 saveznik. Promotivne kampanje za narednu sezonu na evropskom turisti\u010dkom tr\u017ei\u0161tu su krenule, a su veliki turoperatori su zavr\u0161ili potpisivanje ugovora. Mi za bitku na tom veoma elasti\u010dnom tr\u017ei\u0161tu za 2015. godinu evidentno nijesmo pripremljeni, i zato se mo\u017eemo nadati sasvim malom kola\u010du sa te velike trpeze.<\/p>\n<p>U situaciji kada nijesmo prepoznatljivi u Evropi, i kada nijesmo profilisali ponudu, ostaje nam varljiva nada u goste iz regiona. A to zna\u010di da \u0107e naredna sezona u Crnoj Gori biti jedna od najneizvjesnijih u posljednje 2,5 decenije. Ono \u0161to je mo\u017eda najgore jeste da ve\u0107ina donosilaca odluka i turisti\u010dkih poslenika jo\u0161 uvijek nije svjesna vakuuma, odnosno opasnosti u kojem se na\u0161ao na\u0161 turizam.<\/p>\n","protected":false},"excerpt":{"rendered":"<p>-Do\u0161ao sam od Ciriha do Dubrovnika za samo 15 eura. Zato je logi\u010dno da je taj grad stalno pun turista. Siguran sam da bi tako bilo i ovdje kada bi se ve\u0107em broju lou cost kompanija dozvolilo da slije\u0107u\u201c, ka\u017ee nam Ulcinjanin koji ve\u0107 38 godina radi u \u0160vajcarskoj, prenosi Portal Ul.info. Upravo navode\u0107i primjer [&hellip;]<\/p>\n","protected":false},"author":1,"featured_media":0,"comment_status":"closed","ping_status":"closed","sticky":false,"template":"","format":"standard","meta":{"spay_email":"","jetpack_publicize_message":"","jetpack_is_tweetstorm":false,"jetpack_publicize_feature_enabled":true},"categories":[8337],"tags":[],"jetpack_publicize_connections":[],"yoast_head":"<!-- This site is optimized with the Yoast SEO plugin v19.1 - https:\/\/yoast.com\/wordpress\/plugins\/seo\/ -->\n<title>Mustafa Canka: Sto ocekivati od naredne turisticke sezone? - Lajme nga Ulqini<\/title>\n<meta name=\"description\" content=\"-Do\u0161ao sam od Ciriha do Dubrovnika za samo 15 eura. Zato je logi\u010dno da je taj grad stalno pun turista. Siguran sam da bi tako bilo i ovdje kada bi se\" \/>\n<meta name=\"robots\" content=\"index, follow, max-snippet:-1, max-image-preview:large, max-video-preview:-1\" \/>\n<link rel=\"canonical\" href=\"https:\/\/www.visit-ulcinj.com\/blog\/2014\/12\/28\/mustafa-canka-sto-ocekivati-od-naredne-turisticke-sezone\/\" \/>\n<meta property=\"og:locale\" content=\"en_US\" \/>\n<meta property=\"og:type\" content=\"article\" \/>\n<meta property=\"og:title\" content=\"Mustafa Canka: Sto ocekivati od naredne turisticke sezone? - Lajme nga Ulqini\" \/>\n<meta property=\"og:description\" content=\"-Do\u0161ao sam od Ciriha do Dubrovnika za samo 15 eura. Zato je logi\u010dno da je taj grad stalno pun turista. Siguran sam da bi tako bilo i ovdje kada bi se\" \/>\n<meta property=\"og:url\" content=\"https:\/\/www.visit-ulcinj.com\/blog\/2014\/12\/28\/mustafa-canka-sto-ocekivati-od-naredne-turisticke-sezone\/\" \/>\n<meta property=\"og:site_name\" content=\"Lajme nga Ulqini\" \/>\n<meta property=\"article:published_time\" content=\"2014-12-28T12:24:28+00:00\" \/>\n<meta property=\"article:modified_time\" content=\"2014-12-28T12:25:19+00:00\" \/>\n<meta property=\"og:image\" content=\"http:\/\/www.visit-ulcinj.com\/blog\/wp-content\/uploads\/2014\/12\/easyjet-wiser-ryanair.jpg\" \/>\n<meta name=\"twitter:label1\" content=\"Written by\" \/>\n\t<meta name=\"twitter:data1\" content=\"ulqini\" \/>\n\t<meta name=\"twitter:label2\" content=\"Est. reading time\" \/>\n\t<meta name=\"twitter:data2\" content=\"5 minutes\" \/>\n<script type=\"application\/ld+json\" class=\"yoast-schema-graph\">{\"@context\":\"https:\/\/schema.org\",\"@graph\":[{\"@type\":\"WebSite\",\"@id\":\"https:\/\/www.visit-ulcinj.com\/blog\/#website\",\"url\":\"https:\/\/www.visit-ulcinj.com\/blog\/\",\"name\":\"Lajme nga Ulqini\",\"description\":\"Lajme,Vijesti,Ulqini,Ulqin,Crna Gora,Mali i Zi\",\"potentialAction\":[{\"@type\":\"SearchAction\",\"target\":{\"@type\":\"EntryPoint\",\"urlTemplate\":\"https:\/\/www.visit-ulcinj.com\/blog\/?s={search_term_string}\"},\"query-input\":\"required name=search_term_string\"}],\"inLanguage\":\"en-US\"},{\"@type\":\"ImageObject\",\"inLanguage\":\"en-US\",\"@id\":\"https:\/\/www.visit-ulcinj.com\/blog\/2014\/12\/28\/mustafa-canka-sto-ocekivati-od-naredne-turisticke-sezone\/#primaryimage\",\"url\":\"https:\/\/www.visit-ulcinj.com\/blog\/wp-content\/uploads\/2014\/12\/easyjet-wiser-ryanair.jpg\",\"contentUrl\":\"https:\/\/www.visit-ulcinj.com\/blog\/wp-content\/uploads\/2014\/12\/easyjet-wiser-ryanair.jpg\",\"width\":468,\"height\":286},{\"@type\":\"WebPage\",\"@id\":\"https:\/\/www.visit-ulcinj.com\/blog\/2014\/12\/28\/mustafa-canka-sto-ocekivati-od-naredne-turisticke-sezone\/#webpage\",\"url\":\"https:\/\/www.visit-ulcinj.com\/blog\/2014\/12\/28\/mustafa-canka-sto-ocekivati-od-naredne-turisticke-sezone\/\",\"name\":\"Mustafa Canka: Sto ocekivati od naredne turisticke sezone? - Lajme nga Ulqini\",\"isPartOf\":{\"@id\":\"https:\/\/www.visit-ulcinj.com\/blog\/#website\"},\"primaryImageOfPage\":{\"@id\":\"https:\/\/www.visit-ulcinj.com\/blog\/2014\/12\/28\/mustafa-canka-sto-ocekivati-od-naredne-turisticke-sezone\/#primaryimage\"},\"datePublished\":\"2014-12-28T12:24:28+00:00\",\"dateModified\":\"2014-12-28T12:25:19+00:00\",\"author\":{\"@id\":\"https:\/\/www.visit-ulcinj.com\/blog\/#\/schema\/person\/dcab619c614d3038751c63bc2aadc06d\"},\"description\":\"-Do\u0161ao sam od Ciriha do Dubrovnika za samo 15 eura. Zato je logi\u010dno da je taj grad stalno pun turista. Siguran sam da bi tako bilo i ovdje kada bi se\",\"breadcrumb\":{\"@id\":\"https:\/\/www.visit-ulcinj.com\/blog\/2014\/12\/28\/mustafa-canka-sto-ocekivati-od-naredne-turisticke-sezone\/#breadcrumb\"},\"inLanguage\":\"en-US\",\"potentialAction\":[{\"@type\":\"ReadAction\",\"target\":[\"https:\/\/www.visit-ulcinj.com\/blog\/2014\/12\/28\/mustafa-canka-sto-ocekivati-od-naredne-turisticke-sezone\/\"]}]},{\"@type\":\"BreadcrumbList\",\"@id\":\"https:\/\/www.visit-ulcinj.com\/blog\/2014\/12\/28\/mustafa-canka-sto-ocekivati-od-naredne-turisticke-sezone\/#breadcrumb\",\"itemListElement\":[{\"@type\":\"ListItem\",\"position\":1,\"name\":\"Mustafa Canka: Sto ocekivati od naredne turisticke sezone?\"}]},{\"@type\":\"Person\",\"@id\":\"https:\/\/www.visit-ulcinj.com\/blog\/#\/schema\/person\/dcab619c614d3038751c63bc2aadc06d\",\"name\":\"ulqini\",\"sameAs\":[\"http:\/\/www.visit-ulcinj.com\"],\"url\":\"https:\/\/www.visit-ulcinj.com\/blog\/author\/admin\/\"}]}<\/script>\n<!-- \/ Yoast SEO plugin. -->","yoast_head_json":{"title":"Mustafa Canka: Sto ocekivati od naredne turisticke sezone? - Lajme nga Ulqini","description":"-Do\u0161ao sam od Ciriha do Dubrovnika za samo 15 eura. Zato je logi\u010dno da je taj grad stalno pun turista. Siguran sam da bi tako bilo i ovdje kada bi se","robots":{"index":"index","follow":"follow","max-snippet":"max-snippet:-1","max-image-preview":"max-image-preview:large","max-video-preview":"max-video-preview:-1"},"canonical":"https:\/\/www.visit-ulcinj.com\/blog\/2014\/12\/28\/mustafa-canka-sto-ocekivati-od-naredne-turisticke-sezone\/","og_locale":"en_US","og_type":"article","og_title":"Mustafa Canka: Sto ocekivati od naredne turisticke sezone? - Lajme nga Ulqini","og_description":"-Do\u0161ao sam od Ciriha do Dubrovnika za samo 15 eura. Zato je logi\u010dno da je taj grad stalno pun turista. Siguran sam da bi tako bilo i ovdje kada bi se","og_url":"https:\/\/www.visit-ulcinj.com\/blog\/2014\/12\/28\/mustafa-canka-sto-ocekivati-od-naredne-turisticke-sezone\/","og_site_name":"Lajme nga Ulqini","article_published_time":"2014-12-28T12:24:28+00:00","article_modified_time":"2014-12-28T12:25:19+00:00","og_image":[{"url":"http:\/\/www.visit-ulcinj.com\/blog\/wp-content\/uploads\/2014\/12\/easyjet-wiser-ryanair.jpg"}],"twitter_misc":{"Written by":"ulqini","Est. reading time":"5 minutes"},"schema":{"@context":"https:\/\/schema.org","@graph":[{"@type":"WebSite","@id":"https:\/\/www.visit-ulcinj.com\/blog\/#website","url":"https:\/\/www.visit-ulcinj.com\/blog\/","name":"Lajme nga Ulqini","description":"Lajme,Vijesti,Ulqini,Ulqin,Crna Gora,Mali i Zi","potentialAction":[{"@type":"SearchAction","target":{"@type":"EntryPoint","urlTemplate":"https:\/\/www.visit-ulcinj.com\/blog\/?s={search_term_string}"},"query-input":"required name=search_term_string"}],"inLanguage":"en-US"},{"@type":"ImageObject","inLanguage":"en-US","@id":"https:\/\/www.visit-ulcinj.com\/blog\/2014\/12\/28\/mustafa-canka-sto-ocekivati-od-naredne-turisticke-sezone\/#primaryimage","url":"https:\/\/www.visit-ulcinj.com\/blog\/wp-content\/uploads\/2014\/12\/easyjet-wiser-ryanair.jpg","contentUrl":"https:\/\/www.visit-ulcinj.com\/blog\/wp-content\/uploads\/2014\/12\/easyjet-wiser-ryanair.jpg","width":468,"height":286},{"@type":"WebPage","@id":"https:\/\/www.visit-ulcinj.com\/blog\/2014\/12\/28\/mustafa-canka-sto-ocekivati-od-naredne-turisticke-sezone\/#webpage","url":"https:\/\/www.visit-ulcinj.com\/blog\/2014\/12\/28\/mustafa-canka-sto-ocekivati-od-naredne-turisticke-sezone\/","name":"Mustafa Canka: Sto ocekivati od naredne turisticke sezone? - Lajme nga Ulqini","isPartOf":{"@id":"https:\/\/www.visit-ulcinj.com\/blog\/#website"},"primaryImageOfPage":{"@id":"https:\/\/www.visit-ulcinj.com\/blog\/2014\/12\/28\/mustafa-canka-sto-ocekivati-od-naredne-turisticke-sezone\/#primaryimage"},"datePublished":"2014-12-28T12:24:28+00:00","dateModified":"2014-12-28T12:25:19+00:00","author":{"@id":"https:\/\/www.visit-ulcinj.com\/blog\/#\/schema\/person\/dcab619c614d3038751c63bc2aadc06d"},"description":"-Do\u0161ao sam od Ciriha do Dubrovnika za samo 15 eura. Zato je logi\u010dno da je taj grad stalno pun turista. Siguran sam da bi tako bilo i ovdje kada bi se","breadcrumb":{"@id":"https:\/\/www.visit-ulcinj.com\/blog\/2014\/12\/28\/mustafa-canka-sto-ocekivati-od-naredne-turisticke-sezone\/#breadcrumb"},"inLanguage":"en-US","potentialAction":[{"@type":"ReadAction","target":["https:\/\/www.visit-ulcinj.com\/blog\/2014\/12\/28\/mustafa-canka-sto-ocekivati-od-naredne-turisticke-sezone\/"]}]},{"@type":"BreadcrumbList","@id":"https:\/\/www.visit-ulcinj.com\/blog\/2014\/12\/28\/mustafa-canka-sto-ocekivati-od-naredne-turisticke-sezone\/#breadcrumb","itemListElement":[{"@type":"ListItem","position":1,"name":"Mustafa Canka: Sto ocekivati od naredne turisticke sezone?"}]},{"@type":"Person","@id":"https:\/\/www.visit-ulcinj.com\/blog\/#\/schema\/person\/dcab619c614d3038751c63bc2aadc06d","name":"ulqini","sameAs":["http:\/\/www.visit-ulcinj.com"],"url":"https:\/\/www.visit-ulcinj.com\/blog\/author\/admin\/"}]}},"jetpack_featured_media_url":"","jetpack_sharing_enabled":true,"jetpack_shortlink":"https:\/\/wp.me\/pe6lTn-mIt","_links":{"self":[{"href":"https:\/\/www.visit-ulcinj.com\/blog\/wp-json\/wp\/v2\/posts\/87325"}],"collection":[{"href":"https:\/\/www.visit-ulcinj.com\/blog\/wp-json\/wp\/v2\/posts"}],"about":[{"href":"https:\/\/www.visit-ulcinj.com\/blog\/wp-json\/wp\/v2\/types\/post"}],"author":[{"embeddable":true,"href":"https:\/\/www.visit-ulcinj.com\/blog\/wp-json\/wp\/v2\/users\/1"}],"replies":[{"embeddable":true,"href":"https:\/\/www.visit-ulcinj.com\/blog\/wp-json\/wp\/v2\/comments?post=87325"}],"version-history":[{"count":2,"href":"https:\/\/www.visit-ulcinj.com\/blog\/wp-json\/wp\/v2\/posts\/87325\/revisions"}],"predecessor-version":[{"id":87328,"href":"https:\/\/www.visit-ulcinj.com\/blog\/wp-json\/wp\/v2\/posts\/87325\/revisions\/87328"}],"wp:attachment":[{"href":"https:\/\/www.visit-ulcinj.com\/blog\/wp-json\/wp\/v2\/media?parent=87325"}],"wp:term":[{"taxonomy":"category","embeddable":true,"href":"https:\/\/www.visit-ulcinj.com\/blog\/wp-json\/wp\/v2\/categories?post=87325"},{"taxonomy":"post_tag","embeddable":true,"href":"https:\/\/www.visit-ulcinj.com\/blog\/wp-json\/wp\/v2\/tags?post=87325"}],"curies":[{"name":"wp","href":"https:\/\/api.w.org\/{rel}","templated":true}]}}