{"id":87329,"date":"2014-12-28T13:43:43","date_gmt":"2014-12-28T12:43:43","guid":{"rendered":"http:\/\/www.visit-ulcinj.com\/blog\/?p=87329"},"modified":"2014-12-28T13:43:43","modified_gmt":"2014-12-28T12:43:43","slug":"mexhiti-pse-po-largohemi-nga-vendi-yne","status":"publish","type":"post","link":"https:\/\/www.visit-ulcinj.com\/blog\/2014\/12\/28\/mexhiti-pse-po-largohemi-nga-vendi-yne\/","title":{"rendered":"Mexhiti: Pse po largohemi nga vendi yn\u00eb?"},"content":{"rendered":"<p><strong><a href=\"http:\/\/www.visit-ulcinj.com\/blog\/wp-content\/uploads\/2014\/12\/Zekirja-Mexhiti.jpg\"><img loading=\"lazy\" class=\"alignleft wp-image-87330\" src=\"http:\/\/www.visit-ulcinj.com\/blog\/wp-content\/uploads\/2014\/12\/Zekirja-Mexhiti.jpg\" alt=\"Zekirja Mexhiti\" width=\"508\" height=\"283\" \/><\/a>Shkruan: Zekirja Mexhiti<\/strong><\/p>\n<p>Ikja masive e shqiptar\u00ebve e posa\u00e7\u00ebrisht largimi masiv i t\u00eb rinjve nga vendi drejt\u00eb nj\u00eb \u00ebndrre imagjinare e p\u00ebr nj\u00eb jet\u00eb m\u00eb t\u00eb lumtur n\u00eb per\u00ebndim \u00ebsht\u00eb nj\u00eb problem q\u00eb duhet ta brengos\u00eb \u00e7do qytetar.<\/p>\n<p>\u00cbsht\u00eb e dhimbshme kur n\u00eb \u00e7do bised\u00eb me t\u00eb rinjt\u00eb d\u00ebgjon d\u00ebshirat dhe planet e tyre p\u00ebr t\u00eb migruar n\u00eb vendet evropiane. \u00cbsht\u00eb edhe m\u00eb shqet\u00ebsuese kur sheh se si planet e s\u00eb ardhmes p\u00ebr vendin tone thuajse se jan\u00eb shuar nga po t\u00eb nj\u00ebjtit. \u00c7do dit\u00eb shprehin pasigurin\u00eb e tyre p\u00ebr nj\u00eb t\u00eb ardhme q\u00eb duket se nuk do t\u00eb ndryshoj\u00eb kurr\u00eb. Ata duken se po lundrojn\u00eb si nj\u00eb anije e humbur n\u00eb nj\u00eb shoq\u00ebri ku perspektiv\u00ebn dhe mbijetes\u00ebn e shohin shum\u00eb t\u00eb v\u00ebshtir\u00eb.<\/p>\n<p>Parashtrohet pyetja se pse po ndodh kjo dukuri? Sigurisht gjendja e v\u00ebshtir\u00eb ekonomike, sociale ka b\u00ebr\u00eb q\u00eb t\u00eb gjith\u00eb qytetar\u00ebt t\u00eb \u00ebnd\u00ebrrojn\u00eb vendet evropiane me t\u00eb vetmin q\u00ebllim, p\u00ebr nj\u00eb jet\u00eb m\u00eb t\u00eb mir\u00eb. P\u00ebr shum\u00eb shqiptar\u00eb t\u00eb rinj, jeta n\u00eb vendin e tyre \u00ebsht\u00eb shum\u00eb e v\u00ebshtir\u00eb dhe si rezultat n\u00eb k\u00ebto dy dekadat e fundit nj\u00eb num\u00ebr i jasht\u00ebzakonsh\u00ebm i tyre jan\u00eb drejtuar vendeve t\u00eb tjera p\u00ebr t\u00eb siguruar jetes\u00ebn drejt vendeve t\u00eb BE-s\u00eb, por edhe vendeve t\u00eb tjera t\u00eb larg\u00ebta t\u00eb SHBA-s\u00eb, Kanadas\u00eb dhe Australis\u00eb.<\/p>\n<p>Papun\u00ebsia e madhe dhe mos-siguria p\u00ebr t\u00eb ardhmen, korrupsioni, rr\u00ebmuja n\u00eb t\u00eb gjitha an\u00ebt ka b\u00ebr\u00eb q\u00eb t\u00eb rinjt\u00eb \u00e7do dit\u00eb e m\u00eb shum\u00eb t\u00eb mbushen me d\u00ebshp\u00ebrim dhe t\u00eb largohen p\u00ebr t\u00eb mos u kthyer m\u00eb. T\u00eb gjith\u00eb jemi n\u00eb dijeni se ekziston varf\u00ebri n\u00eb t\u00eb gjitha an\u00ebt, \u00ebsht\u00eb r\u00ebnduar gjendja bile disa njer\u00ebz problem e kan\u00eb edhe p\u00ebr t\u00eb siguruar ekzistenc\u00ebn por k\u00ebto nuk jan\u00eb arsyeje p\u00ebr ta braktisur vendlindjen.<\/p>\n<p>Pse t\u00eb largohemi kur ne mundemi t\u00eb b\u00ebjm\u00eb m\u00eb t\u00eb mir\u00ebn p\u00ebr vendin ton\u00eb? N\u00ebse t\u00eb gjith\u00eb ne do t\u00eb largohemi nga ky vend, at\u00ebher\u00eb kush do ta p\u00ebrmir\u00ebsoj\u00eb vendin ton\u00eb? Kush do t\u00eb kujdeset p\u00ebr tokat q\u00eb dikur jan\u00eb mbrojtur me gjak nga t\u00eb par\u00ebt tan\u00eb? Kush do t\u00eb mbjell\u00eb n\u00eb pranver\u00eb, kush do t\u00eb korr\u00eb n\u00eb vjesht\u00eb, kush gjat\u00eb dimrit do t\u00eb heq\u00eb bor\u00ebn rrug\u00ebve t\u00eb bllokuara? Madje, kush do t\u00eb kujdeset q\u00eb pragjet e sht\u00ebpive tona t\u00eb mbahen t\u00eb pastra dhe mos t\u00eb harrojm\u00eb se edhe SHBA-ve iu desh\u00ebn mbi dy shekuj pun\u00eb e djers\u00eb p\u00ebr t\u00eb arritur n\u00eb zhvillimin q\u00eb bota ua njeh sot?<\/p>\n<p>Ikja nga atdheu \u00ebsht\u00eb e imponuar. \u00cbsht\u00eb shum\u00eb e qart\u00eb se problemi social e ekonomik jan\u00eb faktor\u00ebt kryesor qe kan\u00eb b\u00ebr\u00eb shum\u00eb shqiptar t\u00eb ikin nga m\u00eb t\u00eb dashurit e tyre e nga m\u00ebm\u00ebdheu, e te jen\u00eb argat i t\u00eb huajve, por ti them stop m\u00eb, pse mos punojm\u00eb ne pse t\u00eb mos e b\u00ebjm\u00eb t\u00eb zhvilluar vendin ton\u00eb t\u00eb cilit do ti\u2019a kishin lakmi t\u00eb huajt t\u00eb emigrojn\u00eb n\u00eb vendin ton\u00eb?<\/p>\n<p>Sidoqoft\u00eb, them se t\u00eb gjith\u00eb t\u00eb rinjt\u00eb tani po veprojn\u00eb n\u00eb m\u00ebnyr\u00eb stihie dhe euforike pa analizuar mir\u00eb gj\u00ebrat dhe pa i pjekur mir\u00eb mendimet marrin k\u00ebsi lloj vendimesh por i siguroj se k\u00ebto vendime jan\u00eb shum\u00eb t\u00eb gabuara dhe i apeloj\u00eb q\u00eb t\u00eb mos dor\u00ebzohen t\u00eb punojn\u00eb dhe t\u00eb nd\u00ebrtojn\u00eb nj\u00eb t\u00eb ardhme n\u00eb vendin e tyre. T\u00eb gjith\u00eb p\u00ebrveshim krah\u00ebt dhe t\u00eb punojm\u00eb dit\u00eb e nat\u00eb p\u00ebr t\u00eb zhvilluar vendin ton\u00eb, p\u00ebr tua nd\u00ebrtuar edhe brezave t\u00eb rijn\u00eb nj\u00eb t\u00eb ardhme m\u00eb t\u00eb mir\u00eb.<\/p>\n<p><strong>indeksonline<\/strong><\/p>\n","protected":false},"excerpt":{"rendered":"<p>Shkruan: Zekirja Mexhiti Ikja masive e shqiptar\u00ebve e posa\u00e7\u00ebrisht largimi masiv i t\u00eb rinjve nga vendi drejt\u00eb nj\u00eb \u00ebndrre imagjinare e p\u00ebr nj\u00eb jet\u00eb m\u00eb t\u00eb lumtur n\u00eb per\u00ebndim \u00ebsht\u00eb nj\u00eb problem q\u00eb duhet ta brengos\u00eb \u00e7do qytetar. \u00cbsht\u00eb e dhimbshme kur n\u00eb \u00e7do bised\u00eb me t\u00eb rinjt\u00eb d\u00ebgjon d\u00ebshirat dhe planet e tyre p\u00ebr [&hellip;]<\/p>\n","protected":false},"author":1,"featured_media":0,"comment_status":"closed","ping_status":"closed","sticky":false,"template":"","format":"standard","meta":{"spay_email":"","jetpack_publicize_message":"","jetpack_is_tweetstorm":false,"jetpack_publicize_feature_enabled":true},"categories":[14],"tags":[],"jetpack_publicize_connections":[],"yoast_head":"<!-- This site is optimized with the Yoast SEO plugin v19.1 - https:\/\/yoast.com\/wordpress\/plugins\/seo\/ -->\n<title>Mexhiti: Pse po largohemi nga vendi yn\u00eb? - Lajme nga Ulqini<\/title>\n<meta name=\"description\" content=\"Shkruan: Zekirja Mexhiti Ikja masive e shqiptar\u00ebve e posa\u00e7\u00ebrisht largimi masiv i t\u00eb rinjve nga vendi drejt\u00eb nj\u00eb \u00ebndrre imagjinare e p\u00ebr nj\u00eb jet\u00eb m\u00eb t\u00eb\" \/>\n<meta name=\"robots\" content=\"index, follow, max-snippet:-1, max-image-preview:large, max-video-preview:-1\" \/>\n<link rel=\"canonical\" href=\"https:\/\/www.visit-ulcinj.com\/blog\/2014\/12\/28\/mexhiti-pse-po-largohemi-nga-vendi-yne\/\" \/>\n<meta property=\"og:locale\" content=\"en_US\" \/>\n<meta property=\"og:type\" content=\"article\" \/>\n<meta property=\"og:title\" content=\"Mexhiti: Pse po largohemi nga vendi yn\u00eb? - Lajme nga Ulqini\" \/>\n<meta property=\"og:description\" content=\"Shkruan: Zekirja Mexhiti Ikja masive e shqiptar\u00ebve e posa\u00e7\u00ebrisht largimi masiv i t\u00eb rinjve nga vendi drejt\u00eb nj\u00eb \u00ebndrre imagjinare e p\u00ebr nj\u00eb jet\u00eb m\u00eb t\u00eb\" \/>\n<meta property=\"og:url\" content=\"https:\/\/www.visit-ulcinj.com\/blog\/2014\/12\/28\/mexhiti-pse-po-largohemi-nga-vendi-yne\/\" \/>\n<meta property=\"og:site_name\" content=\"Lajme nga Ulqini\" \/>\n<meta property=\"article:published_time\" content=\"2014-12-28T12:43:43+00:00\" \/>\n<meta property=\"og:image\" content=\"http:\/\/www.visit-ulcinj.com\/blog\/wp-content\/uploads\/2014\/12\/Zekirja-Mexhiti.jpg\" \/>\n<meta name=\"twitter:label1\" content=\"Written by\" \/>\n\t<meta name=\"twitter:data1\" content=\"ulqini\" \/>\n\t<meta name=\"twitter:label2\" content=\"Est. reading time\" \/>\n\t<meta name=\"twitter:data2\" content=\"3 minutes\" \/>\n<script type=\"application\/ld+json\" class=\"yoast-schema-graph\">{\"@context\":\"https:\/\/schema.org\",\"@graph\":[{\"@type\":\"WebSite\",\"@id\":\"https:\/\/www.visit-ulcinj.com\/blog\/#website\",\"url\":\"https:\/\/www.visit-ulcinj.com\/blog\/\",\"name\":\"Lajme nga Ulqini\",\"description\":\"Lajme,Vijesti,Ulqini,Ulqin,Crna Gora,Mali i Zi\",\"potentialAction\":[{\"@type\":\"SearchAction\",\"target\":{\"@type\":\"EntryPoint\",\"urlTemplate\":\"https:\/\/www.visit-ulcinj.com\/blog\/?s={search_term_string}\"},\"query-input\":\"required name=search_term_string\"}],\"inLanguage\":\"en-US\"},{\"@type\":\"ImageObject\",\"inLanguage\":\"en-US\",\"@id\":\"https:\/\/www.visit-ulcinj.com\/blog\/2014\/12\/28\/mexhiti-pse-po-largohemi-nga-vendi-yne\/#primaryimage\",\"url\":\"http:\/\/www.visit-ulcinj.com\/blog\/wp-content\/uploads\/2014\/12\/Zekirja-Mexhiti.jpg\",\"contentUrl\":\"http:\/\/www.visit-ulcinj.com\/blog\/wp-content\/uploads\/2014\/12\/Zekirja-Mexhiti.jpg\"},{\"@type\":\"WebPage\",\"@id\":\"https:\/\/www.visit-ulcinj.com\/blog\/2014\/12\/28\/mexhiti-pse-po-largohemi-nga-vendi-yne\/#webpage\",\"url\":\"https:\/\/www.visit-ulcinj.com\/blog\/2014\/12\/28\/mexhiti-pse-po-largohemi-nga-vendi-yne\/\",\"name\":\"Mexhiti: Pse po largohemi nga vendi yn\u00eb? - Lajme nga Ulqini\",\"isPartOf\":{\"@id\":\"https:\/\/www.visit-ulcinj.com\/blog\/#website\"},\"primaryImageOfPage\":{\"@id\":\"https:\/\/www.visit-ulcinj.com\/blog\/2014\/12\/28\/mexhiti-pse-po-largohemi-nga-vendi-yne\/#primaryimage\"},\"datePublished\":\"2014-12-28T12:43:43+00:00\",\"dateModified\":\"2014-12-28T12:43:43+00:00\",\"author\":{\"@id\":\"https:\/\/www.visit-ulcinj.com\/blog\/#\/schema\/person\/dcab619c614d3038751c63bc2aadc06d\"},\"description\":\"Shkruan: Zekirja Mexhiti Ikja masive e shqiptar\u00ebve e posa\u00e7\u00ebrisht largimi masiv i t\u00eb rinjve nga vendi drejt\u00eb nj\u00eb \u00ebndrre imagjinare e p\u00ebr nj\u00eb jet\u00eb m\u00eb t\u00eb\",\"breadcrumb\":{\"@id\":\"https:\/\/www.visit-ulcinj.com\/blog\/2014\/12\/28\/mexhiti-pse-po-largohemi-nga-vendi-yne\/#breadcrumb\"},\"inLanguage\":\"en-US\",\"potentialAction\":[{\"@type\":\"ReadAction\",\"target\":[\"https:\/\/www.visit-ulcinj.com\/blog\/2014\/12\/28\/mexhiti-pse-po-largohemi-nga-vendi-yne\/\"]}]},{\"@type\":\"BreadcrumbList\",\"@id\":\"https:\/\/www.visit-ulcinj.com\/blog\/2014\/12\/28\/mexhiti-pse-po-largohemi-nga-vendi-yne\/#breadcrumb\",\"itemListElement\":[{\"@type\":\"ListItem\",\"position\":1,\"name\":\"Mexhiti: Pse po largohemi nga vendi yn\u00eb?\"}]},{\"@type\":\"Person\",\"@id\":\"https:\/\/www.visit-ulcinj.com\/blog\/#\/schema\/person\/dcab619c614d3038751c63bc2aadc06d\",\"name\":\"ulqini\",\"sameAs\":[\"http:\/\/www.visit-ulcinj.com\"],\"url\":\"https:\/\/www.visit-ulcinj.com\/blog\/author\/admin\/\"}]}<\/script>\n<!-- \/ Yoast SEO plugin. -->","yoast_head_json":{"title":"Mexhiti: Pse po largohemi nga vendi yn\u00eb? - Lajme nga Ulqini","description":"Shkruan: Zekirja Mexhiti Ikja masive e shqiptar\u00ebve e posa\u00e7\u00ebrisht largimi masiv i t\u00eb rinjve nga vendi drejt\u00eb nj\u00eb \u00ebndrre imagjinare e p\u00ebr nj\u00eb jet\u00eb m\u00eb t\u00eb","robots":{"index":"index","follow":"follow","max-snippet":"max-snippet:-1","max-image-preview":"max-image-preview:large","max-video-preview":"max-video-preview:-1"},"canonical":"https:\/\/www.visit-ulcinj.com\/blog\/2014\/12\/28\/mexhiti-pse-po-largohemi-nga-vendi-yne\/","og_locale":"en_US","og_type":"article","og_title":"Mexhiti: Pse po largohemi nga vendi yn\u00eb? - Lajme nga Ulqini","og_description":"Shkruan: Zekirja Mexhiti Ikja masive e shqiptar\u00ebve e posa\u00e7\u00ebrisht largimi masiv i t\u00eb rinjve nga vendi drejt\u00eb nj\u00eb \u00ebndrre imagjinare e p\u00ebr nj\u00eb jet\u00eb m\u00eb t\u00eb","og_url":"https:\/\/www.visit-ulcinj.com\/blog\/2014\/12\/28\/mexhiti-pse-po-largohemi-nga-vendi-yne\/","og_site_name":"Lajme nga Ulqini","article_published_time":"2014-12-28T12:43:43+00:00","og_image":[{"url":"http:\/\/www.visit-ulcinj.com\/blog\/wp-content\/uploads\/2014\/12\/Zekirja-Mexhiti.jpg"}],"twitter_misc":{"Written by":"ulqini","Est. reading time":"3 minutes"},"schema":{"@context":"https:\/\/schema.org","@graph":[{"@type":"WebSite","@id":"https:\/\/www.visit-ulcinj.com\/blog\/#website","url":"https:\/\/www.visit-ulcinj.com\/blog\/","name":"Lajme nga Ulqini","description":"Lajme,Vijesti,Ulqini,Ulqin,Crna Gora,Mali i Zi","potentialAction":[{"@type":"SearchAction","target":{"@type":"EntryPoint","urlTemplate":"https:\/\/www.visit-ulcinj.com\/blog\/?s={search_term_string}"},"query-input":"required name=search_term_string"}],"inLanguage":"en-US"},{"@type":"ImageObject","inLanguage":"en-US","@id":"https:\/\/www.visit-ulcinj.com\/blog\/2014\/12\/28\/mexhiti-pse-po-largohemi-nga-vendi-yne\/#primaryimage","url":"http:\/\/www.visit-ulcinj.com\/blog\/wp-content\/uploads\/2014\/12\/Zekirja-Mexhiti.jpg","contentUrl":"http:\/\/www.visit-ulcinj.com\/blog\/wp-content\/uploads\/2014\/12\/Zekirja-Mexhiti.jpg"},{"@type":"WebPage","@id":"https:\/\/www.visit-ulcinj.com\/blog\/2014\/12\/28\/mexhiti-pse-po-largohemi-nga-vendi-yne\/#webpage","url":"https:\/\/www.visit-ulcinj.com\/blog\/2014\/12\/28\/mexhiti-pse-po-largohemi-nga-vendi-yne\/","name":"Mexhiti: Pse po largohemi nga vendi yn\u00eb? - Lajme nga Ulqini","isPartOf":{"@id":"https:\/\/www.visit-ulcinj.com\/blog\/#website"},"primaryImageOfPage":{"@id":"https:\/\/www.visit-ulcinj.com\/blog\/2014\/12\/28\/mexhiti-pse-po-largohemi-nga-vendi-yne\/#primaryimage"},"datePublished":"2014-12-28T12:43:43+00:00","dateModified":"2014-12-28T12:43:43+00:00","author":{"@id":"https:\/\/www.visit-ulcinj.com\/blog\/#\/schema\/person\/dcab619c614d3038751c63bc2aadc06d"},"description":"Shkruan: Zekirja Mexhiti Ikja masive e shqiptar\u00ebve e posa\u00e7\u00ebrisht largimi masiv i t\u00eb rinjve nga vendi drejt\u00eb nj\u00eb \u00ebndrre imagjinare e p\u00ebr nj\u00eb jet\u00eb m\u00eb t\u00eb","breadcrumb":{"@id":"https:\/\/www.visit-ulcinj.com\/blog\/2014\/12\/28\/mexhiti-pse-po-largohemi-nga-vendi-yne\/#breadcrumb"},"inLanguage":"en-US","potentialAction":[{"@type":"ReadAction","target":["https:\/\/www.visit-ulcinj.com\/blog\/2014\/12\/28\/mexhiti-pse-po-largohemi-nga-vendi-yne\/"]}]},{"@type":"BreadcrumbList","@id":"https:\/\/www.visit-ulcinj.com\/blog\/2014\/12\/28\/mexhiti-pse-po-largohemi-nga-vendi-yne\/#breadcrumb","itemListElement":[{"@type":"ListItem","position":1,"name":"Mexhiti: Pse po largohemi nga vendi yn\u00eb?"}]},{"@type":"Person","@id":"https:\/\/www.visit-ulcinj.com\/blog\/#\/schema\/person\/dcab619c614d3038751c63bc2aadc06d","name":"ulqini","sameAs":["http:\/\/www.visit-ulcinj.com"],"url":"https:\/\/www.visit-ulcinj.com\/blog\/author\/admin\/"}]}},"jetpack_featured_media_url":"","jetpack_sharing_enabled":true,"jetpack_shortlink":"https:\/\/wp.me\/pe6lTn-mIx","_links":{"self":[{"href":"https:\/\/www.visit-ulcinj.com\/blog\/wp-json\/wp\/v2\/posts\/87329"}],"collection":[{"href":"https:\/\/www.visit-ulcinj.com\/blog\/wp-json\/wp\/v2\/posts"}],"about":[{"href":"https:\/\/www.visit-ulcinj.com\/blog\/wp-json\/wp\/v2\/types\/post"}],"author":[{"embeddable":true,"href":"https:\/\/www.visit-ulcinj.com\/blog\/wp-json\/wp\/v2\/users\/1"}],"replies":[{"embeddable":true,"href":"https:\/\/www.visit-ulcinj.com\/blog\/wp-json\/wp\/v2\/comments?post=87329"}],"version-history":[{"count":1,"href":"https:\/\/www.visit-ulcinj.com\/blog\/wp-json\/wp\/v2\/posts\/87329\/revisions"}],"predecessor-version":[{"id":87331,"href":"https:\/\/www.visit-ulcinj.com\/blog\/wp-json\/wp\/v2\/posts\/87329\/revisions\/87331"}],"wp:attachment":[{"href":"https:\/\/www.visit-ulcinj.com\/blog\/wp-json\/wp\/v2\/media?parent=87329"}],"wp:term":[{"taxonomy":"category","embeddable":true,"href":"https:\/\/www.visit-ulcinj.com\/blog\/wp-json\/wp\/v2\/categories?post=87329"},{"taxonomy":"post_tag","embeddable":true,"href":"https:\/\/www.visit-ulcinj.com\/blog\/wp-json\/wp\/v2\/tags?post=87329"}],"curies":[{"name":"wp","href":"https:\/\/api.w.org\/{rel}","templated":true}]}}