{"id":87333,"date":"2014-12-28T18:58:39","date_gmt":"2014-12-28T17:58:39","guid":{"rendered":"http:\/\/www.visit-ulcinj.com\/blog\/?p=87333"},"modified":"2014-12-28T18:58:39","modified_gmt":"2014-12-28T17:58:39","slug":"kuvendi-mz-miraton-buxhetin-per-vitin-2015-200-mije-euro-per-kala-100-mije-per-kohen-javore","status":"publish","type":"post","link":"https:\/\/www.visit-ulcinj.com\/blog\/2014\/12\/28\/kuvendi-mz-miraton-buxhetin-per-vitin-2015-200-mije-euro-per-kala-100-mije-per-kohen-javore\/","title":{"rendered":"Kuvendi i MZ miraton buxhetin p\u00ebr vitin 2015, 200 mije euro p\u00ebr kala, 100 mije p\u00ebr Koh\u00ebn Javore"},"content":{"rendered":"<p><a href=\"http:\/\/www.visit-ulcinj.com\/blog\/wp-content\/uploads\/2014\/12\/Genci-Nimanbegu-Gjeloshaj.jpg\"><img loading=\"lazy\" class=\"alignleft wp-image-87334\" src=\"http:\/\/www.visit-ulcinj.com\/blog\/wp-content\/uploads\/2014\/12\/Genci-Nimanbegu-Gjeloshaj.jpg\" alt=\"Genci-Nimanbegu-Gjeloshaj\" width=\"508\" height=\"338\" srcset=\"https:\/\/www.visit-ulcinj.com\/blog\/wp-content\/uploads\/2014\/12\/Genci-Nimanbegu-Gjeloshaj.jpg 900w, https:\/\/www.visit-ulcinj.com\/blog\/wp-content\/uploads\/2014\/12\/Genci-Nimanbegu-Gjeloshaj-300x199.jpg 300w\" sizes=\"(max-width: 508px) 100vw, 508px\" \/><\/a>Pas seanc\u00ebs maraton\u00eb t\u00eb Kuvendit t\u00eb Malit t\u00eb Zi, mbr\u00ebm\u00eb u miratua buxheti p\u00ebr vitin 2015, raporton Portali Lajm.me<\/p>\n<p>Amandamenti i deputetit t\u00eb Forces se Re Demokratike Genci Nimanbegut, p\u00ebr ndarjen e 200 mije eurove p\u00ebr rikonstruktimin dhe kalldremimin e kalas\u00eb, \u00ebsht\u00eb pranuar.N\u00ebnshkrues t\u00eb amandamentit ishin edhe deputetet Nik Gjeloshaj dhe Andrija Popoviq,<\/p>\n<p>Amandamenti tjet\u00ebr p\u00ebr rritjen e buxhetit vjetor t\u00eb K\u00ebshillit t\u00eb Pakicave p\u00ebr 150 mije euro, nuk u pranua.<\/p>\n<p>Moment i ri n\u00eb Kuvendin e Malit te Zi ishte edhe P\u00ebrfundimi i Kuvendit te Malit te Zi p\u00ebr financimin e gazet\u00ebs \u00a0\u201cKoha\u00a0 Javore\u201d t\u00eb cilin e ka arsyetuar \u00a0deputeti Nimanbegu si kryetar i grupit punues, ku p\u00ebr\u00a0 vitin 2015 per Kohen Javore nga buxheti shtet\u00ebror\u00eb\u00a0do t\u00eb ndahen 100.000 euro nga mjetet e parapara p\u00ebr kuvend. Deputetet p\u00ebr k\u00ebt\u00eb pik\u00eb nuk votuan pasiq\u00eb \u00a0\u00ebsht\u00eb vendosur n\u00eb buxhet si Perfundim konsenzual i Kuvendit.<\/p>\n","protected":false},"excerpt":{"rendered":"<p>Pas seanc\u00ebs maraton\u00eb t\u00eb Kuvendit t\u00eb Malit t\u00eb Zi, mbr\u00ebm\u00eb u miratua buxheti p\u00ebr vitin 2015, raporton Portali Lajm.me Amandamenti i deputetit t\u00eb Forces se Re Demokratike Genci Nimanbegut, p\u00ebr ndarjen e 200 mije eurove p\u00ebr rikonstruktimin dhe kalldremimin e kalas\u00eb, \u00ebsht\u00eb pranuar.N\u00ebnshkrues t\u00eb amandamentit ishin edhe deputetet Nik Gjeloshaj dhe Andrija Popoviq, Amandamenti tjet\u00ebr [&hellip;]<\/p>\n","protected":false},"author":1,"featured_media":0,"comment_status":"closed","ping_status":"closed","sticky":false,"template":"","format":"standard","meta":{"spay_email":"","jetpack_publicize_message":"","jetpack_is_tweetstorm":false,"jetpack_publicize_feature_enabled":true},"categories":[12],"tags":[],"jetpack_publicize_connections":[],"yoast_head":"<!-- This site is optimized with the Yoast SEO plugin v19.1 - https:\/\/yoast.com\/wordpress\/plugins\/seo\/ -->\n<title>Kuvendi i MZ miraton buxhetin p\u00ebr vitin 2015, 200 mije euro p\u00ebr kala, 100 mije p\u00ebr Koh\u00ebn Javore - Lajme nga Ulqini<\/title>\n<meta name=\"description\" content=\"Pas seanc\u00ebs maraton\u00eb t\u00eb Kuvendit t\u00eb Malit t\u00eb Zi, mbr\u00ebm\u00eb u miratua buxheti p\u00ebr vitin 2015, raporton Portali Lajm.me Amandamenti i deputetit t\u00eb Forces se Re\" \/>\n<meta name=\"robots\" content=\"index, follow, max-snippet:-1, max-image-preview:large, max-video-preview:-1\" \/>\n<link rel=\"canonical\" href=\"https:\/\/www.visit-ulcinj.com\/blog\/2014\/12\/28\/kuvendi-mz-miraton-buxhetin-per-vitin-2015-200-mije-euro-per-kala-100-mije-per-kohen-javore\/\" \/>\n<meta property=\"og:locale\" content=\"en_US\" \/>\n<meta property=\"og:type\" content=\"article\" \/>\n<meta property=\"og:title\" content=\"Kuvendi i MZ miraton buxhetin p\u00ebr vitin 2015, 200 mije euro p\u00ebr kala, 100 mije p\u00ebr Koh\u00ebn Javore - Lajme nga Ulqini\" \/>\n<meta property=\"og:description\" content=\"Pas seanc\u00ebs maraton\u00eb t\u00eb Kuvendit t\u00eb Malit t\u00eb Zi, mbr\u00ebm\u00eb u miratua buxheti p\u00ebr vitin 2015, raporton Portali Lajm.me Amandamenti i deputetit t\u00eb Forces se Re\" \/>\n<meta property=\"og:url\" content=\"https:\/\/www.visit-ulcinj.com\/blog\/2014\/12\/28\/kuvendi-mz-miraton-buxhetin-per-vitin-2015-200-mije-euro-per-kala-100-mije-per-kohen-javore\/\" \/>\n<meta property=\"og:site_name\" content=\"Lajme nga Ulqini\" \/>\n<meta property=\"article:published_time\" content=\"2014-12-28T17:58:39+00:00\" \/>\n<meta property=\"og:image\" content=\"http:\/\/www.visit-ulcinj.com\/blog\/wp-content\/uploads\/2014\/12\/Genci-Nimanbegu-Gjeloshaj.jpg\" \/>\n<meta name=\"twitter:label1\" content=\"Written by\" \/>\n\t<meta name=\"twitter:data1\" content=\"ulqini\" \/>\n\t<meta name=\"twitter:label2\" content=\"Est. reading time\" \/>\n\t<meta name=\"twitter:data2\" content=\"1 minute\" \/>\n<script type=\"application\/ld+json\" class=\"yoast-schema-graph\">{\"@context\":\"https:\/\/schema.org\",\"@graph\":[{\"@type\":\"WebSite\",\"@id\":\"https:\/\/www.visit-ulcinj.com\/blog\/#website\",\"url\":\"https:\/\/www.visit-ulcinj.com\/blog\/\",\"name\":\"Lajme nga Ulqini\",\"description\":\"Lajme,Vijesti,Ulqini,Ulqin,Crna Gora,Mali i Zi\",\"potentialAction\":[{\"@type\":\"SearchAction\",\"target\":{\"@type\":\"EntryPoint\",\"urlTemplate\":\"https:\/\/www.visit-ulcinj.com\/blog\/?s={search_term_string}\"},\"query-input\":\"required name=search_term_string\"}],\"inLanguage\":\"en-US\"},{\"@type\":\"ImageObject\",\"inLanguage\":\"en-US\",\"@id\":\"https:\/\/www.visit-ulcinj.com\/blog\/2014\/12\/28\/kuvendi-mz-miraton-buxhetin-per-vitin-2015-200-mije-euro-per-kala-100-mije-per-kohen-javore\/#primaryimage\",\"url\":\"https:\/\/www.visit-ulcinj.com\/blog\/wp-content\/uploads\/2014\/12\/Genci-Nimanbegu-Gjeloshaj.jpg\",\"contentUrl\":\"https:\/\/www.visit-ulcinj.com\/blog\/wp-content\/uploads\/2014\/12\/Genci-Nimanbegu-Gjeloshaj.jpg\",\"width\":900,\"height\":598},{\"@type\":\"WebPage\",\"@id\":\"https:\/\/www.visit-ulcinj.com\/blog\/2014\/12\/28\/kuvendi-mz-miraton-buxhetin-per-vitin-2015-200-mije-euro-per-kala-100-mije-per-kohen-javore\/#webpage\",\"url\":\"https:\/\/www.visit-ulcinj.com\/blog\/2014\/12\/28\/kuvendi-mz-miraton-buxhetin-per-vitin-2015-200-mije-euro-per-kala-100-mije-per-kohen-javore\/\",\"name\":\"Kuvendi i MZ miraton buxhetin p\u00ebr vitin 2015, 200 mije euro p\u00ebr kala, 100 mije p\u00ebr Koh\u00ebn Javore - Lajme nga Ulqini\",\"isPartOf\":{\"@id\":\"https:\/\/www.visit-ulcinj.com\/blog\/#website\"},\"primaryImageOfPage\":{\"@id\":\"https:\/\/www.visit-ulcinj.com\/blog\/2014\/12\/28\/kuvendi-mz-miraton-buxhetin-per-vitin-2015-200-mije-euro-per-kala-100-mije-per-kohen-javore\/#primaryimage\"},\"datePublished\":\"2014-12-28T17:58:39+00:00\",\"dateModified\":\"2014-12-28T17:58:39+00:00\",\"author\":{\"@id\":\"https:\/\/www.visit-ulcinj.com\/blog\/#\/schema\/person\/dcab619c614d3038751c63bc2aadc06d\"},\"description\":\"Pas seanc\u00ebs maraton\u00eb t\u00eb Kuvendit t\u00eb Malit t\u00eb Zi, mbr\u00ebm\u00eb u miratua buxheti p\u00ebr vitin 2015, raporton Portali Lajm.me Amandamenti i deputetit t\u00eb Forces se Re\",\"breadcrumb\":{\"@id\":\"https:\/\/www.visit-ulcinj.com\/blog\/2014\/12\/28\/kuvendi-mz-miraton-buxhetin-per-vitin-2015-200-mije-euro-per-kala-100-mije-per-kohen-javore\/#breadcrumb\"},\"inLanguage\":\"en-US\",\"potentialAction\":[{\"@type\":\"ReadAction\",\"target\":[\"https:\/\/www.visit-ulcinj.com\/blog\/2014\/12\/28\/kuvendi-mz-miraton-buxhetin-per-vitin-2015-200-mije-euro-per-kala-100-mije-per-kohen-javore\/\"]}]},{\"@type\":\"BreadcrumbList\",\"@id\":\"https:\/\/www.visit-ulcinj.com\/blog\/2014\/12\/28\/kuvendi-mz-miraton-buxhetin-per-vitin-2015-200-mije-euro-per-kala-100-mije-per-kohen-javore\/#breadcrumb\",\"itemListElement\":[{\"@type\":\"ListItem\",\"position\":1,\"name\":\"Kuvendi i MZ miraton buxhetin p\u00ebr vitin 2015, 200 mije euro p\u00ebr kala, 100 mije p\u00ebr Koh\u00ebn Javore\"}]},{\"@type\":\"Person\",\"@id\":\"https:\/\/www.visit-ulcinj.com\/blog\/#\/schema\/person\/dcab619c614d3038751c63bc2aadc06d\",\"name\":\"ulqini\",\"sameAs\":[\"http:\/\/www.visit-ulcinj.com\"],\"url\":\"https:\/\/www.visit-ulcinj.com\/blog\/author\/admin\/\"}]}<\/script>\n<!-- \/ Yoast SEO plugin. -->","yoast_head_json":{"title":"Kuvendi i MZ miraton buxhetin p\u00ebr vitin 2015, 200 mije euro p\u00ebr kala, 100 mije p\u00ebr Koh\u00ebn Javore - Lajme nga Ulqini","description":"Pas seanc\u00ebs maraton\u00eb t\u00eb Kuvendit t\u00eb Malit t\u00eb Zi, mbr\u00ebm\u00eb u miratua buxheti p\u00ebr vitin 2015, raporton Portali Lajm.me Amandamenti i deputetit t\u00eb Forces se Re","robots":{"index":"index","follow":"follow","max-snippet":"max-snippet:-1","max-image-preview":"max-image-preview:large","max-video-preview":"max-video-preview:-1"},"canonical":"https:\/\/www.visit-ulcinj.com\/blog\/2014\/12\/28\/kuvendi-mz-miraton-buxhetin-per-vitin-2015-200-mije-euro-per-kala-100-mije-per-kohen-javore\/","og_locale":"en_US","og_type":"article","og_title":"Kuvendi i MZ miraton buxhetin p\u00ebr vitin 2015, 200 mije euro p\u00ebr kala, 100 mije p\u00ebr Koh\u00ebn Javore - Lajme nga Ulqini","og_description":"Pas seanc\u00ebs maraton\u00eb t\u00eb Kuvendit t\u00eb Malit t\u00eb Zi, mbr\u00ebm\u00eb u miratua buxheti p\u00ebr vitin 2015, raporton Portali Lajm.me Amandamenti i deputetit t\u00eb Forces se Re","og_url":"https:\/\/www.visit-ulcinj.com\/blog\/2014\/12\/28\/kuvendi-mz-miraton-buxhetin-per-vitin-2015-200-mije-euro-per-kala-100-mije-per-kohen-javore\/","og_site_name":"Lajme nga Ulqini","article_published_time":"2014-12-28T17:58:39+00:00","og_image":[{"url":"http:\/\/www.visit-ulcinj.com\/blog\/wp-content\/uploads\/2014\/12\/Genci-Nimanbegu-Gjeloshaj.jpg"}],"twitter_misc":{"Written by":"ulqini","Est. reading time":"1 minute"},"schema":{"@context":"https:\/\/schema.org","@graph":[{"@type":"WebSite","@id":"https:\/\/www.visit-ulcinj.com\/blog\/#website","url":"https:\/\/www.visit-ulcinj.com\/blog\/","name":"Lajme nga Ulqini","description":"Lajme,Vijesti,Ulqini,Ulqin,Crna Gora,Mali i Zi","potentialAction":[{"@type":"SearchAction","target":{"@type":"EntryPoint","urlTemplate":"https:\/\/www.visit-ulcinj.com\/blog\/?s={search_term_string}"},"query-input":"required name=search_term_string"}],"inLanguage":"en-US"},{"@type":"ImageObject","inLanguage":"en-US","@id":"https:\/\/www.visit-ulcinj.com\/blog\/2014\/12\/28\/kuvendi-mz-miraton-buxhetin-per-vitin-2015-200-mije-euro-per-kala-100-mije-per-kohen-javore\/#primaryimage","url":"https:\/\/www.visit-ulcinj.com\/blog\/wp-content\/uploads\/2014\/12\/Genci-Nimanbegu-Gjeloshaj.jpg","contentUrl":"https:\/\/www.visit-ulcinj.com\/blog\/wp-content\/uploads\/2014\/12\/Genci-Nimanbegu-Gjeloshaj.jpg","width":900,"height":598},{"@type":"WebPage","@id":"https:\/\/www.visit-ulcinj.com\/blog\/2014\/12\/28\/kuvendi-mz-miraton-buxhetin-per-vitin-2015-200-mije-euro-per-kala-100-mije-per-kohen-javore\/#webpage","url":"https:\/\/www.visit-ulcinj.com\/blog\/2014\/12\/28\/kuvendi-mz-miraton-buxhetin-per-vitin-2015-200-mije-euro-per-kala-100-mije-per-kohen-javore\/","name":"Kuvendi i MZ miraton buxhetin p\u00ebr vitin 2015, 200 mije euro p\u00ebr kala, 100 mije p\u00ebr Koh\u00ebn Javore - Lajme nga Ulqini","isPartOf":{"@id":"https:\/\/www.visit-ulcinj.com\/blog\/#website"},"primaryImageOfPage":{"@id":"https:\/\/www.visit-ulcinj.com\/blog\/2014\/12\/28\/kuvendi-mz-miraton-buxhetin-per-vitin-2015-200-mije-euro-per-kala-100-mije-per-kohen-javore\/#primaryimage"},"datePublished":"2014-12-28T17:58:39+00:00","dateModified":"2014-12-28T17:58:39+00:00","author":{"@id":"https:\/\/www.visit-ulcinj.com\/blog\/#\/schema\/person\/dcab619c614d3038751c63bc2aadc06d"},"description":"Pas seanc\u00ebs maraton\u00eb t\u00eb Kuvendit t\u00eb Malit t\u00eb Zi, mbr\u00ebm\u00eb u miratua buxheti p\u00ebr vitin 2015, raporton Portali Lajm.me Amandamenti i deputetit t\u00eb Forces se Re","breadcrumb":{"@id":"https:\/\/www.visit-ulcinj.com\/blog\/2014\/12\/28\/kuvendi-mz-miraton-buxhetin-per-vitin-2015-200-mije-euro-per-kala-100-mije-per-kohen-javore\/#breadcrumb"},"inLanguage":"en-US","potentialAction":[{"@type":"ReadAction","target":["https:\/\/www.visit-ulcinj.com\/blog\/2014\/12\/28\/kuvendi-mz-miraton-buxhetin-per-vitin-2015-200-mije-euro-per-kala-100-mije-per-kohen-javore\/"]}]},{"@type":"BreadcrumbList","@id":"https:\/\/www.visit-ulcinj.com\/blog\/2014\/12\/28\/kuvendi-mz-miraton-buxhetin-per-vitin-2015-200-mije-euro-per-kala-100-mije-per-kohen-javore\/#breadcrumb","itemListElement":[{"@type":"ListItem","position":1,"name":"Kuvendi i MZ miraton buxhetin p\u00ebr vitin 2015, 200 mije euro p\u00ebr kala, 100 mije p\u00ebr Koh\u00ebn Javore"}]},{"@type":"Person","@id":"https:\/\/www.visit-ulcinj.com\/blog\/#\/schema\/person\/dcab619c614d3038751c63bc2aadc06d","name":"ulqini","sameAs":["http:\/\/www.visit-ulcinj.com"],"url":"https:\/\/www.visit-ulcinj.com\/blog\/author\/admin\/"}]}},"jetpack_featured_media_url":"","jetpack_sharing_enabled":true,"jetpack_shortlink":"https:\/\/wp.me\/pe6lTn-mIB","_links":{"self":[{"href":"https:\/\/www.visit-ulcinj.com\/blog\/wp-json\/wp\/v2\/posts\/87333"}],"collection":[{"href":"https:\/\/www.visit-ulcinj.com\/blog\/wp-json\/wp\/v2\/posts"}],"about":[{"href":"https:\/\/www.visit-ulcinj.com\/blog\/wp-json\/wp\/v2\/types\/post"}],"author":[{"embeddable":true,"href":"https:\/\/www.visit-ulcinj.com\/blog\/wp-json\/wp\/v2\/users\/1"}],"replies":[{"embeddable":true,"href":"https:\/\/www.visit-ulcinj.com\/blog\/wp-json\/wp\/v2\/comments?post=87333"}],"version-history":[{"count":1,"href":"https:\/\/www.visit-ulcinj.com\/blog\/wp-json\/wp\/v2\/posts\/87333\/revisions"}],"predecessor-version":[{"id":87335,"href":"https:\/\/www.visit-ulcinj.com\/blog\/wp-json\/wp\/v2\/posts\/87333\/revisions\/87335"}],"wp:attachment":[{"href":"https:\/\/www.visit-ulcinj.com\/blog\/wp-json\/wp\/v2\/media?parent=87333"}],"wp:term":[{"taxonomy":"category","embeddable":true,"href":"https:\/\/www.visit-ulcinj.com\/blog\/wp-json\/wp\/v2\/categories?post=87333"},{"taxonomy":"post_tag","embeddable":true,"href":"https:\/\/www.visit-ulcinj.com\/blog\/wp-json\/wp\/v2\/tags?post=87333"}],"curies":[{"name":"wp","href":"https:\/\/api.w.org\/{rel}","templated":true}]}}