{"id":87336,"date":"2014-12-28T19:12:30","date_gmt":"2014-12-28T18:12:30","guid":{"rendered":"http:\/\/www.visit-ulcinj.com\/blog\/?p=87336"},"modified":"2014-12-28T19:12:30","modified_gmt":"2014-12-28T18:12:30","slug":"opstina-ulcinj-donijela-dobru-odluku-za-nvo","status":"publish","type":"post","link":"https:\/\/www.visit-ulcinj.com\/blog\/2014\/12\/28\/opstina-ulcinj-donijela-dobru-odluku-za-nvo\/","title":{"rendered":"Op\u0161tina Ulcinj donijela dobru odluku za NVO"},"content":{"rendered":"<p id=\"articleIntro\"><a href=\"http:\/\/www.visit-ulcinj.com\/blog\/wp-content\/uploads\/2014\/12\/konkurs-NVO-MNE.jpg\"><img loading=\"lazy\" class=\"alignleft wp-image-87337 size-full\" src=\"http:\/\/www.visit-ulcinj.com\/blog\/wp-content\/uploads\/2014\/12\/konkurs-NVO-MNE.jpg\" alt=\"konkurs-NVO-MNE\" width=\"205\" height=\"266\" \/><\/a>Odluka o kriterijumima, na\u010dinu i postupku raspodjele sredstava nevladinim organizacijama (NVO) Op\u0161tine Ulcinj u ovom trenutku je najbolji lokalni akt koji ure\u0111uje oblast finansiranja projekata, ocijenjeno je iz Koalicije NVO \u2013 saradnjom do cilja.<\/p>\n<div id=\"articleContent\">\n<p>Koalicija NVO, kako je saop\u0161tio predsjednik Upravnog odbora, Goran \u0110urovi\u0107, pozdravila je usvajanje nove Odluke o kriterijumima, na\u010dinu i postupku raspodjele sredstava NVO i iskorak Skup\u0161tine Op\u0161tine Ulcinj u kvalitetu ovog dokumeta.<\/p>\n<p>\u201eOdluka je donijeta 17. decembra i u ovom trenutku predstavlja, po na\u0161em mi\u0161ljenju, najbolji lokalni akt koji ure\u0111uje oblast finansiranja projekata NVO. Odluka je ura\u0111ena u saradnji Koalicije NVO i Sekretarijata za upravu, propise, kadrove i dru\u0161tvene djelatnosti a po\u010detnu verziju dokumenta predlo\u017eila je Koalicija NVO\u201c, ka\u017ee se u saop\u0161tenju.<\/p>\n<p>U pripremi Odluke, dodaje se, ura\u0111ene su konsultacije sa NVO iz Ulcinja i dobijena je podr\u0161ka za rje\u0161enja koja su predlo\u017eena.<\/p>\n<p>\u201ePo prvi put uvodi se procenat lokalnog bud\u017eeta (od 0,5 do jedan odsto teku\u0107eg bud\u017eeta) koji \u0107e biti namijenjen za finansirane projekata NVO koji su usmjereni na realizaciju lokalnih planova razvoja. Ovakvo rje\u0161enje predstavlja sigurnost u finansiranju aktivnosti NVO ali i doprinosi boljem ostvarivanju strategija i akcionh planova donijetih na lokalnom nivou\u201c, saop\u0161tio je \u0110urovi\u0107.<\/p>\n<p>Po prvi put se, dodao je, uvodi djelimi\u010dno finansiranje organizacije koja realizuje aktivnosti lokalnog resursnog centra na teritoriji op\u0161tine.<\/p>\n<p>\u201eSredstva za finansiranje ove organizacije, koja \u010de biti izabrana na tenderu, izdvajaju se iz bud\u017eetskih sredstava namijenjenih za finansiranje usluga i ne ugro\u017eavaju sredstva namijenjena za projekte NVO\u201c, ka\u017ee se u saop\u0161tenju.<\/p>\n<p>Kako navodi \u0110urovi\u0107, utvr\u0111ivanje prioriteta za finansiranje na godi\u0161njem nivou povjerava se lokalnom Savjetu za saradnju lokalne samouprave i NVO.<\/p>\n<p>\u201eKompletan proces dono\u0161enja odluke o finansiranju je preciziran. Odluka Komisije za raspodjelu sredstava sadr\u017ea\u0107e obrazlo\u017eenje sa zbirnim bodovnim listama. Uvodi se precizna procedura za pra\u0107enje projekata i procjenu uspje\u0161nosti\u201c, saop\u0161tio je on.<\/p>\n<p>Kako je kazao, rezultati finansiranih i realizovanih projekata \u0107e se predstavljati \u0161iroj zajednici na posebnom doga\u0111aju kako bi gra\u0111ani mogli da imaju prave informacije o na\u010dinu tro\u0161enja njihovog novca.<\/p>\n<p>\u201eJedino \u0161to u ovoj Odluci nije usagla\u0161eno sa principom koji je Koalicija NVO usvojila jo\u0161 2012. godine, odnosi se na sastav Komisije za ocjenjivanje projekata. Komisija je u Odluci jo\u0161 uvijek sastavljena od predstavnika Op\u0161tine i NVO za razliku od stava Koalicije NVO da ocjenu treba da vr\u0161e profesionalci koji nijesu anga\u017eovani u NVO ali ni u lokalnoj samoupravi ili dr\u017eavnim institucijama\u201c, naveo je \u0110urovi\u0107.<\/p>\n<p>I pored tog zna\u010dajnog ograni\u010denja, kako je rekao, ta Odluka je trenutno najbolji pravni akt za finansiranje NVO na lokalnom nivou u Crnoj Gori.<\/p>\n<p>\u201eNadamo se da \u0107e druge op\u0161tine slijediti primjer op\u0161tine Ulcinj i unaprijediti procedure za finansiranje NVO. Koalicija NVO iskazuje zahvalnost Sekretarijatu za upravu, propise, kadrove i dru\u0161tvene djelatnosti, predsjedniku Op\u0161tine, predsjedniku Skup\u0161tine i odbornicima koji su usvojili ovu Odluku. O\u010dekujemo da \u0107e nova rje\u0161enja odmah biti primjenjena u 2015. godini na adekvatan na\u010din\u201c, ka\u017ee se u saop\u0161tenju.<\/p>\n<p><strong>Izvor: PortalAnalitika.me.\u00a0<\/strong><\/p>\n<\/div>\n","protected":false},"excerpt":{"rendered":"<p>Odluka o kriterijumima, na\u010dinu i postupku raspodjele sredstava nevladinim organizacijama (NVO) Op\u0161tine Ulcinj u ovom trenutku je najbolji lokalni akt koji ure\u0111uje oblast finansiranja projekata, ocijenjeno je iz Koalicije NVO \u2013 saradnjom do cilja. Koalicija NVO, kako je saop\u0161tio predsjednik Upravnog odbora, Goran \u0110urovi\u0107, pozdravila je usvajanje nove Odluke o kriterijumima, na\u010dinu i postupku raspodjele [&hellip;]<\/p>\n","protected":false},"author":1,"featured_media":0,"comment_status":"closed","ping_status":"closed","sticky":false,"template":"","format":"standard","meta":{"spay_email":"","jetpack_publicize_message":"","jetpack_is_tweetstorm":false,"jetpack_publicize_feature_enabled":true},"categories":[6950],"tags":[],"jetpack_publicize_connections":[],"yoast_head":"<!-- This site is optimized with the Yoast SEO plugin v19.1 - https:\/\/yoast.com\/wordpress\/plugins\/seo\/ -->\n<title>Op\u0161tina Ulcinj donijela dobru odluku za NVO - Lajme nga Ulqini<\/title>\n<meta name=\"description\" content=\"Odluka o kriterijumima, na\u010dinu i postupku raspodjele sredstava nevladinim organizacijama (NVO) Op\u0161tine Ulcinj u ovom trenutku je najbolji lokalni akt koji\" \/>\n<meta name=\"robots\" content=\"index, follow, max-snippet:-1, max-image-preview:large, max-video-preview:-1\" \/>\n<link rel=\"canonical\" href=\"https:\/\/www.visit-ulcinj.com\/blog\/2014\/12\/28\/opstina-ulcinj-donijela-dobru-odluku-za-nvo\/\" \/>\n<meta property=\"og:locale\" content=\"en_US\" \/>\n<meta property=\"og:type\" content=\"article\" \/>\n<meta property=\"og:title\" content=\"Op\u0161tina Ulcinj donijela dobru odluku za NVO - Lajme nga Ulqini\" \/>\n<meta property=\"og:description\" content=\"Odluka o kriterijumima, na\u010dinu i postupku raspodjele sredstava nevladinim organizacijama (NVO) Op\u0161tine Ulcinj u ovom trenutku je najbolji lokalni akt koji\" \/>\n<meta property=\"og:url\" content=\"https:\/\/www.visit-ulcinj.com\/blog\/2014\/12\/28\/opstina-ulcinj-donijela-dobru-odluku-za-nvo\/\" \/>\n<meta property=\"og:site_name\" content=\"Lajme nga Ulqini\" \/>\n<meta property=\"article:published_time\" content=\"2014-12-28T18:12:30+00:00\" \/>\n<meta property=\"og:image\" content=\"http:\/\/www.visit-ulcinj.com\/blog\/wp-content\/uploads\/2014\/12\/konkurs-NVO-MNE.jpg\" \/>\n<meta name=\"twitter:label1\" content=\"Written by\" \/>\n\t<meta name=\"twitter:data1\" content=\"ulqini\" \/>\n\t<meta name=\"twitter:label2\" content=\"Est. reading time\" \/>\n\t<meta name=\"twitter:data2\" content=\"3 minutes\" \/>\n<script type=\"application\/ld+json\" class=\"yoast-schema-graph\">{\"@context\":\"https:\/\/schema.org\",\"@graph\":[{\"@type\":\"WebSite\",\"@id\":\"https:\/\/www.visit-ulcinj.com\/blog\/#website\",\"url\":\"https:\/\/www.visit-ulcinj.com\/blog\/\",\"name\":\"Lajme nga Ulqini\",\"description\":\"Lajme,Vijesti,Ulqini,Ulqin,Crna Gora,Mali i Zi\",\"potentialAction\":[{\"@type\":\"SearchAction\",\"target\":{\"@type\":\"EntryPoint\",\"urlTemplate\":\"https:\/\/www.visit-ulcinj.com\/blog\/?s={search_term_string}\"},\"query-input\":\"required name=search_term_string\"}],\"inLanguage\":\"en-US\"},{\"@type\":\"ImageObject\",\"inLanguage\":\"en-US\",\"@id\":\"https:\/\/www.visit-ulcinj.com\/blog\/2014\/12\/28\/opstina-ulcinj-donijela-dobru-odluku-za-nvo\/#primaryimage\",\"url\":\"https:\/\/www.visit-ulcinj.com\/blog\/wp-content\/uploads\/2014\/12\/konkurs-NVO-MNE.jpg\",\"contentUrl\":\"https:\/\/www.visit-ulcinj.com\/blog\/wp-content\/uploads\/2014\/12\/konkurs-NVO-MNE.jpg\",\"width\":205,\"height\":266},{\"@type\":\"WebPage\",\"@id\":\"https:\/\/www.visit-ulcinj.com\/blog\/2014\/12\/28\/opstina-ulcinj-donijela-dobru-odluku-za-nvo\/#webpage\",\"url\":\"https:\/\/www.visit-ulcinj.com\/blog\/2014\/12\/28\/opstina-ulcinj-donijela-dobru-odluku-za-nvo\/\",\"name\":\"Op\u0161tina Ulcinj donijela dobru odluku za NVO - Lajme nga Ulqini\",\"isPartOf\":{\"@id\":\"https:\/\/www.visit-ulcinj.com\/blog\/#website\"},\"primaryImageOfPage\":{\"@id\":\"https:\/\/www.visit-ulcinj.com\/blog\/2014\/12\/28\/opstina-ulcinj-donijela-dobru-odluku-za-nvo\/#primaryimage\"},\"datePublished\":\"2014-12-28T18:12:30+00:00\",\"dateModified\":\"2014-12-28T18:12:30+00:00\",\"author\":{\"@id\":\"https:\/\/www.visit-ulcinj.com\/blog\/#\/schema\/person\/dcab619c614d3038751c63bc2aadc06d\"},\"description\":\"Odluka o kriterijumima, na\u010dinu i postupku raspodjele sredstava nevladinim organizacijama (NVO) Op\u0161tine Ulcinj u ovom trenutku je najbolji lokalni akt koji\",\"breadcrumb\":{\"@id\":\"https:\/\/www.visit-ulcinj.com\/blog\/2014\/12\/28\/opstina-ulcinj-donijela-dobru-odluku-za-nvo\/#breadcrumb\"},\"inLanguage\":\"en-US\",\"potentialAction\":[{\"@type\":\"ReadAction\",\"target\":[\"https:\/\/www.visit-ulcinj.com\/blog\/2014\/12\/28\/opstina-ulcinj-donijela-dobru-odluku-za-nvo\/\"]}]},{\"@type\":\"BreadcrumbList\",\"@id\":\"https:\/\/www.visit-ulcinj.com\/blog\/2014\/12\/28\/opstina-ulcinj-donijela-dobru-odluku-za-nvo\/#breadcrumb\",\"itemListElement\":[{\"@type\":\"ListItem\",\"position\":1,\"name\":\"Op\u0161tina Ulcinj donijela dobru odluku za NVO\"}]},{\"@type\":\"Person\",\"@id\":\"https:\/\/www.visit-ulcinj.com\/blog\/#\/schema\/person\/dcab619c614d3038751c63bc2aadc06d\",\"name\":\"ulqini\",\"sameAs\":[\"http:\/\/www.visit-ulcinj.com\"],\"url\":\"https:\/\/www.visit-ulcinj.com\/blog\/author\/admin\/\"}]}<\/script>\n<!-- \/ Yoast SEO plugin. -->","yoast_head_json":{"title":"Op\u0161tina Ulcinj donijela dobru odluku za NVO - Lajme nga Ulqini","description":"Odluka o kriterijumima, na\u010dinu i postupku raspodjele sredstava nevladinim organizacijama (NVO) Op\u0161tine Ulcinj u ovom trenutku je najbolji lokalni akt koji","robots":{"index":"index","follow":"follow","max-snippet":"max-snippet:-1","max-image-preview":"max-image-preview:large","max-video-preview":"max-video-preview:-1"},"canonical":"https:\/\/www.visit-ulcinj.com\/blog\/2014\/12\/28\/opstina-ulcinj-donijela-dobru-odluku-za-nvo\/","og_locale":"en_US","og_type":"article","og_title":"Op\u0161tina Ulcinj donijela dobru odluku za NVO - Lajme nga Ulqini","og_description":"Odluka o kriterijumima, na\u010dinu i postupku raspodjele sredstava nevladinim organizacijama (NVO) Op\u0161tine Ulcinj u ovom trenutku je najbolji lokalni akt koji","og_url":"https:\/\/www.visit-ulcinj.com\/blog\/2014\/12\/28\/opstina-ulcinj-donijela-dobru-odluku-za-nvo\/","og_site_name":"Lajme nga Ulqini","article_published_time":"2014-12-28T18:12:30+00:00","og_image":[{"url":"http:\/\/www.visit-ulcinj.com\/blog\/wp-content\/uploads\/2014\/12\/konkurs-NVO-MNE.jpg"}],"twitter_misc":{"Written by":"ulqini","Est. reading time":"3 minutes"},"schema":{"@context":"https:\/\/schema.org","@graph":[{"@type":"WebSite","@id":"https:\/\/www.visit-ulcinj.com\/blog\/#website","url":"https:\/\/www.visit-ulcinj.com\/blog\/","name":"Lajme nga Ulqini","description":"Lajme,Vijesti,Ulqini,Ulqin,Crna Gora,Mali i Zi","potentialAction":[{"@type":"SearchAction","target":{"@type":"EntryPoint","urlTemplate":"https:\/\/www.visit-ulcinj.com\/blog\/?s={search_term_string}"},"query-input":"required name=search_term_string"}],"inLanguage":"en-US"},{"@type":"ImageObject","inLanguage":"en-US","@id":"https:\/\/www.visit-ulcinj.com\/blog\/2014\/12\/28\/opstina-ulcinj-donijela-dobru-odluku-za-nvo\/#primaryimage","url":"https:\/\/www.visit-ulcinj.com\/blog\/wp-content\/uploads\/2014\/12\/konkurs-NVO-MNE.jpg","contentUrl":"https:\/\/www.visit-ulcinj.com\/blog\/wp-content\/uploads\/2014\/12\/konkurs-NVO-MNE.jpg","width":205,"height":266},{"@type":"WebPage","@id":"https:\/\/www.visit-ulcinj.com\/blog\/2014\/12\/28\/opstina-ulcinj-donijela-dobru-odluku-za-nvo\/#webpage","url":"https:\/\/www.visit-ulcinj.com\/blog\/2014\/12\/28\/opstina-ulcinj-donijela-dobru-odluku-za-nvo\/","name":"Op\u0161tina Ulcinj donijela dobru odluku za NVO - Lajme nga Ulqini","isPartOf":{"@id":"https:\/\/www.visit-ulcinj.com\/blog\/#website"},"primaryImageOfPage":{"@id":"https:\/\/www.visit-ulcinj.com\/blog\/2014\/12\/28\/opstina-ulcinj-donijela-dobru-odluku-za-nvo\/#primaryimage"},"datePublished":"2014-12-28T18:12:30+00:00","dateModified":"2014-12-28T18:12:30+00:00","author":{"@id":"https:\/\/www.visit-ulcinj.com\/blog\/#\/schema\/person\/dcab619c614d3038751c63bc2aadc06d"},"description":"Odluka o kriterijumima, na\u010dinu i postupku raspodjele sredstava nevladinim organizacijama (NVO) Op\u0161tine Ulcinj u ovom trenutku je najbolji lokalni akt koji","breadcrumb":{"@id":"https:\/\/www.visit-ulcinj.com\/blog\/2014\/12\/28\/opstina-ulcinj-donijela-dobru-odluku-za-nvo\/#breadcrumb"},"inLanguage":"en-US","potentialAction":[{"@type":"ReadAction","target":["https:\/\/www.visit-ulcinj.com\/blog\/2014\/12\/28\/opstina-ulcinj-donijela-dobru-odluku-za-nvo\/"]}]},{"@type":"BreadcrumbList","@id":"https:\/\/www.visit-ulcinj.com\/blog\/2014\/12\/28\/opstina-ulcinj-donijela-dobru-odluku-za-nvo\/#breadcrumb","itemListElement":[{"@type":"ListItem","position":1,"name":"Op\u0161tina Ulcinj donijela dobru odluku za NVO"}]},{"@type":"Person","@id":"https:\/\/www.visit-ulcinj.com\/blog\/#\/schema\/person\/dcab619c614d3038751c63bc2aadc06d","name":"ulqini","sameAs":["http:\/\/www.visit-ulcinj.com"],"url":"https:\/\/www.visit-ulcinj.com\/blog\/author\/admin\/"}]}},"jetpack_featured_media_url":"","jetpack_sharing_enabled":true,"jetpack_shortlink":"https:\/\/wp.me\/pe6lTn-mIE","_links":{"self":[{"href":"https:\/\/www.visit-ulcinj.com\/blog\/wp-json\/wp\/v2\/posts\/87336"}],"collection":[{"href":"https:\/\/www.visit-ulcinj.com\/blog\/wp-json\/wp\/v2\/posts"}],"about":[{"href":"https:\/\/www.visit-ulcinj.com\/blog\/wp-json\/wp\/v2\/types\/post"}],"author":[{"embeddable":true,"href":"https:\/\/www.visit-ulcinj.com\/blog\/wp-json\/wp\/v2\/users\/1"}],"replies":[{"embeddable":true,"href":"https:\/\/www.visit-ulcinj.com\/blog\/wp-json\/wp\/v2\/comments?post=87336"}],"version-history":[{"count":1,"href":"https:\/\/www.visit-ulcinj.com\/blog\/wp-json\/wp\/v2\/posts\/87336\/revisions"}],"predecessor-version":[{"id":87338,"href":"https:\/\/www.visit-ulcinj.com\/blog\/wp-json\/wp\/v2\/posts\/87336\/revisions\/87338"}],"wp:attachment":[{"href":"https:\/\/www.visit-ulcinj.com\/blog\/wp-json\/wp\/v2\/media?parent=87336"}],"wp:term":[{"taxonomy":"category","embeddable":true,"href":"https:\/\/www.visit-ulcinj.com\/blog\/wp-json\/wp\/v2\/categories?post=87336"},{"taxonomy":"post_tag","embeddable":true,"href":"https:\/\/www.visit-ulcinj.com\/blog\/wp-json\/wp\/v2\/tags?post=87336"}],"curies":[{"name":"wp","href":"https:\/\/api.w.org\/{rel}","templated":true}]}}