{"id":87339,"date":"2014-12-28T19:37:18","date_gmt":"2014-12-28T18:37:18","guid":{"rendered":"http:\/\/www.visit-ulcinj.com\/blog\/?p=87339"},"modified":"2014-12-28T20:52:18","modified_gmt":"2014-12-28T19:52:18","slug":"gjeka-u-uron-sherim-te-shpejte-te-lenduarve-ne-aksidentin-ne-mal-te-zi","status":"publish","type":"post","link":"https:\/\/www.visit-ulcinj.com\/blog\/2014\/12\/28\/gjeka-u-uron-sherim-te-shpejte-te-lenduarve-ne-aksidentin-ne-mal-te-zi\/","title":{"rendered":"Gjeka u uron sh\u00ebrim t\u00eb shpejt\u00eb t\u00eb l\u00ebnduarve n\u00eb aksidentin n\u00eb Mal t\u00eb Zi"},"content":{"rendered":"<p><a href=\"http:\/\/www.visit-ulcinj.com\/blog\/wp-content\/uploads\/2014\/12\/Ilir-Beqaj-Fatmir-Gjeka.jpg\"><img loading=\"lazy\" class=\"alignleft wp-image-87340\" src=\"http:\/\/www.visit-ulcinj.com\/blog\/wp-content\/uploads\/2014\/12\/Ilir-Beqaj-Fatmir-Gjeka.jpg\" alt=\"Ilir-Beqaj-Fatmir-Gjeka\" width=\"508\" height=\"263\" srcset=\"https:\/\/www.visit-ulcinj.com\/blog\/wp-content\/uploads\/2014\/12\/Ilir-Beqaj-Fatmir-Gjeka.jpg 999w, https:\/\/www.visit-ulcinj.com\/blog\/wp-content\/uploads\/2014\/12\/Ilir-Beqaj-Fatmir-Gjeka-300x155.jpg 300w\" sizes=\"(max-width: 508px) 100vw, 508px\" \/><\/a>Kryetari i komun\u00ebs s\u00eb Ulqinit Fatmir Gjeka \u00ebsht\u00eb n\u00eb komunikim t\u00eb vazhduesh\u00ebm me autoritetet zyrtare dhe ata spitalore dhe interesohet p\u00ebr gj\u00ebndjen e t\u00eb l\u00ebnduarve n\u00eb aksidentin e djesh\u00ebm t\u00eb komunikacionit ku p\u00ebr pasoj\u00eb gjeti vdekjen nje shtetase e Shqiperis\u00eb e ku rend\u00eb apo leht\u00eb jan\u00eb l\u00ebnduar 31vet\u00eb, t\u00eb cil\u00ebt ndodheshin n\u00eb autobusin me targa t\u00eb Shqiperis\u00eb q\u00eb po kthehej nga vizita q\u00eb kishin b\u00ebr\u00eb n\u00eb Dubrovnik.<\/p>\n<p>Sipas njoftimit p\u00ebr shtyp nga selia e kabinetit te kryetarit Gjeka, ai shprehu dhimbjen dhe ngush\u00ebllimet m\u00eb t\u00eb thella p\u00ebr viktim\u00ebn e k\u00ebtij aksidenti, i uron sh\u00ebrim sa m\u00eb t\u00eb shpejt\u00eb t\u00eb gjith\u00eb t\u00eb plagosurve, si dhe shpreh vler\u00ebsimin dhe mir\u00ebnjohjen e tij p\u00ebr autoritetet vendore dhe spitalore t\u00eb Tivarit dhe Podgoric\u00ebs p\u00ebr gatishm\u00ebrin\u00eb dhe sh\u00ebrbimet e ofruara p\u00ebr qytetar\u00ebt shqiptar\u00eb.<br \/>\nKryetari i Ulqinit edhe n\u00eb takimin q\u00eb pati me Ministrin shqiptar t\u00eb sh\u00ebndet\u00ebsis\u00eb Ilir Beqaj dhe me autoritetet e tjera ,theksoi se kjo ngjarje ka tronditur pa mas\u00eb t\u00eb gjith\u00eb qytetar\u00ebt e Ulqinit t\u00eb cil\u00ebt ngush\u00ebllojn\u00eb familjen e vajz\u00ebs q\u00eb humbi jet\u00ebn tragjikisht , dhe institucionet shqiptare dhe i sigurojn\u00eb ata, q\u00eb n\u00eb k\u00ebto momente t\u00eb v\u00ebshtira , ne t\u00eb gjith\u00eb jemi pran\u00eb tyre. Nd\u00ebrkaq t\u00eb l\u00ebnduarve i uron sh\u00ebrim t\u00eb shpejt\u00eb dhe kthim sa m\u00eb par\u00eb n\u00eb familjet e tyre.<\/p>\n<p>&nbsp;<\/p>\n","protected":false},"excerpt":{"rendered":"<p>Kryetari i komun\u00ebs s\u00eb Ulqinit Fatmir Gjeka \u00ebsht\u00eb n\u00eb komunikim t\u00eb vazhduesh\u00ebm me autoritetet zyrtare dhe ata spitalore dhe interesohet p\u00ebr gj\u00ebndjen e t\u00eb l\u00ebnduarve n\u00eb aksidentin e djesh\u00ebm t\u00eb komunikacionit ku p\u00ebr pasoj\u00eb gjeti vdekjen nje shtetase e Shqiperis\u00eb e ku rend\u00eb apo leht\u00eb jan\u00eb l\u00ebnduar 31vet\u00eb, t\u00eb cil\u00ebt ndodheshin n\u00eb autobusin me targa [&hellip;]<\/p>\n","protected":false},"author":1,"featured_media":0,"comment_status":"closed","ping_status":"closed","sticky":false,"template":"","format":"standard","meta":{"spay_email":"","jetpack_publicize_message":"","jetpack_is_tweetstorm":false,"jetpack_publicize_feature_enabled":true},"categories":[5,1],"tags":[],"jetpack_publicize_connections":[],"yoast_head":"<!-- This site is optimized with the Yoast SEO plugin v19.1 - https:\/\/yoast.com\/wordpress\/plugins\/seo\/ -->\n<title>Gjeka u uron sh\u00ebrim t\u00eb shpejt\u00eb t\u00eb l\u00ebnduarve n\u00eb aksidentin n\u00eb Mal t\u00eb Zi - Lajme nga Ulqini<\/title>\n<meta name=\"description\" content=\"Kryetari i komun\u00ebs s\u00eb Ulqinit Fatmir Gjeka \u00ebsht\u00eb n\u00eb komunikim t\u00eb vazhduesh\u00ebm me autoritetet zyrtare dhe ata spitalore dhe interesohet p\u00ebr gj\u00ebndjen e t\u00eb\" \/>\n<meta name=\"robots\" content=\"index, follow, max-snippet:-1, max-image-preview:large, max-video-preview:-1\" \/>\n<link rel=\"canonical\" href=\"https:\/\/www.visit-ulcinj.com\/blog\/2014\/12\/28\/gjeka-u-uron-sherim-te-shpejte-te-lenduarve-ne-aksidentin-ne-mal-te-zi\/\" \/>\n<meta property=\"og:locale\" content=\"en_US\" \/>\n<meta property=\"og:type\" content=\"article\" \/>\n<meta property=\"og:title\" content=\"Gjeka u uron sh\u00ebrim t\u00eb shpejt\u00eb t\u00eb l\u00ebnduarve n\u00eb aksidentin n\u00eb Mal t\u00eb Zi - Lajme nga Ulqini\" \/>\n<meta property=\"og:description\" content=\"Kryetari i komun\u00ebs s\u00eb Ulqinit Fatmir Gjeka \u00ebsht\u00eb n\u00eb komunikim t\u00eb vazhduesh\u00ebm me autoritetet zyrtare dhe ata spitalore dhe interesohet p\u00ebr gj\u00ebndjen e t\u00eb\" \/>\n<meta property=\"og:url\" content=\"https:\/\/www.visit-ulcinj.com\/blog\/2014\/12\/28\/gjeka-u-uron-sherim-te-shpejte-te-lenduarve-ne-aksidentin-ne-mal-te-zi\/\" \/>\n<meta property=\"og:site_name\" content=\"Lajme nga Ulqini\" \/>\n<meta property=\"article:published_time\" content=\"2014-12-28T18:37:18+00:00\" \/>\n<meta property=\"article:modified_time\" content=\"2014-12-28T19:52:18+00:00\" \/>\n<meta property=\"og:image\" content=\"http:\/\/www.visit-ulcinj.com\/blog\/wp-content\/uploads\/2014\/12\/Ilir-Beqaj-Fatmir-Gjeka.jpg\" \/>\n<meta name=\"twitter:label1\" content=\"Written by\" \/>\n\t<meta name=\"twitter:data1\" content=\"ulqini\" \/>\n\t<meta name=\"twitter:label2\" content=\"Est. reading time\" \/>\n\t<meta name=\"twitter:data2\" content=\"1 minute\" \/>\n<script type=\"application\/ld+json\" class=\"yoast-schema-graph\">{\"@context\":\"https:\/\/schema.org\",\"@graph\":[{\"@type\":\"WebSite\",\"@id\":\"https:\/\/www.visit-ulcinj.com\/blog\/#website\",\"url\":\"https:\/\/www.visit-ulcinj.com\/blog\/\",\"name\":\"Lajme nga Ulqini\",\"description\":\"Lajme,Vijesti,Ulqini,Ulqin,Crna Gora,Mali i Zi\",\"potentialAction\":[{\"@type\":\"SearchAction\",\"target\":{\"@type\":\"EntryPoint\",\"urlTemplate\":\"https:\/\/www.visit-ulcinj.com\/blog\/?s={search_term_string}\"},\"query-input\":\"required name=search_term_string\"}],\"inLanguage\":\"en-US\"},{\"@type\":\"ImageObject\",\"inLanguage\":\"en-US\",\"@id\":\"https:\/\/www.visit-ulcinj.com\/blog\/2014\/12\/28\/gjeka-u-uron-sherim-te-shpejte-te-lenduarve-ne-aksidentin-ne-mal-te-zi\/#primaryimage\",\"url\":\"https:\/\/www.visit-ulcinj.com\/blog\/wp-content\/uploads\/2014\/12\/Ilir-Beqaj-Fatmir-Gjeka.jpg\",\"contentUrl\":\"https:\/\/www.visit-ulcinj.com\/blog\/wp-content\/uploads\/2014\/12\/Ilir-Beqaj-Fatmir-Gjeka.jpg\",\"width\":999,\"height\":517},{\"@type\":\"WebPage\",\"@id\":\"https:\/\/www.visit-ulcinj.com\/blog\/2014\/12\/28\/gjeka-u-uron-sherim-te-shpejte-te-lenduarve-ne-aksidentin-ne-mal-te-zi\/#webpage\",\"url\":\"https:\/\/www.visit-ulcinj.com\/blog\/2014\/12\/28\/gjeka-u-uron-sherim-te-shpejte-te-lenduarve-ne-aksidentin-ne-mal-te-zi\/\",\"name\":\"Gjeka u uron sh\u00ebrim t\u00eb shpejt\u00eb t\u00eb l\u00ebnduarve n\u00eb aksidentin n\u00eb Mal t\u00eb Zi - Lajme nga Ulqini\",\"isPartOf\":{\"@id\":\"https:\/\/www.visit-ulcinj.com\/blog\/#website\"},\"primaryImageOfPage\":{\"@id\":\"https:\/\/www.visit-ulcinj.com\/blog\/2014\/12\/28\/gjeka-u-uron-sherim-te-shpejte-te-lenduarve-ne-aksidentin-ne-mal-te-zi\/#primaryimage\"},\"datePublished\":\"2014-12-28T18:37:18+00:00\",\"dateModified\":\"2014-12-28T19:52:18+00:00\",\"author\":{\"@id\":\"https:\/\/www.visit-ulcinj.com\/blog\/#\/schema\/person\/dcab619c614d3038751c63bc2aadc06d\"},\"description\":\"Kryetari i komun\u00ebs s\u00eb Ulqinit Fatmir Gjeka \u00ebsht\u00eb n\u00eb komunikim t\u00eb vazhduesh\u00ebm me autoritetet zyrtare dhe ata spitalore dhe interesohet p\u00ebr gj\u00ebndjen e t\u00eb\",\"breadcrumb\":{\"@id\":\"https:\/\/www.visit-ulcinj.com\/blog\/2014\/12\/28\/gjeka-u-uron-sherim-te-shpejte-te-lenduarve-ne-aksidentin-ne-mal-te-zi\/#breadcrumb\"},\"inLanguage\":\"en-US\",\"potentialAction\":[{\"@type\":\"ReadAction\",\"target\":[\"https:\/\/www.visit-ulcinj.com\/blog\/2014\/12\/28\/gjeka-u-uron-sherim-te-shpejte-te-lenduarve-ne-aksidentin-ne-mal-te-zi\/\"]}]},{\"@type\":\"BreadcrumbList\",\"@id\":\"https:\/\/www.visit-ulcinj.com\/blog\/2014\/12\/28\/gjeka-u-uron-sherim-te-shpejte-te-lenduarve-ne-aksidentin-ne-mal-te-zi\/#breadcrumb\",\"itemListElement\":[{\"@type\":\"ListItem\",\"position\":1,\"name\":\"Gjeka u uron sh\u00ebrim t\u00eb shpejt\u00eb t\u00eb l\u00ebnduarve n\u00eb aksidentin n\u00eb Mal t\u00eb Zi\"}]},{\"@type\":\"Person\",\"@id\":\"https:\/\/www.visit-ulcinj.com\/blog\/#\/schema\/person\/dcab619c614d3038751c63bc2aadc06d\",\"name\":\"ulqini\",\"sameAs\":[\"http:\/\/www.visit-ulcinj.com\"],\"url\":\"https:\/\/www.visit-ulcinj.com\/blog\/author\/admin\/\"}]}<\/script>\n<!-- \/ Yoast SEO plugin. -->","yoast_head_json":{"title":"Gjeka u uron sh\u00ebrim t\u00eb shpejt\u00eb t\u00eb l\u00ebnduarve n\u00eb aksidentin n\u00eb Mal t\u00eb Zi - Lajme nga Ulqini","description":"Kryetari i komun\u00ebs s\u00eb Ulqinit Fatmir Gjeka \u00ebsht\u00eb n\u00eb komunikim t\u00eb vazhduesh\u00ebm me autoritetet zyrtare dhe ata spitalore dhe interesohet p\u00ebr gj\u00ebndjen e t\u00eb","robots":{"index":"index","follow":"follow","max-snippet":"max-snippet:-1","max-image-preview":"max-image-preview:large","max-video-preview":"max-video-preview:-1"},"canonical":"https:\/\/www.visit-ulcinj.com\/blog\/2014\/12\/28\/gjeka-u-uron-sherim-te-shpejte-te-lenduarve-ne-aksidentin-ne-mal-te-zi\/","og_locale":"en_US","og_type":"article","og_title":"Gjeka u uron sh\u00ebrim t\u00eb shpejt\u00eb t\u00eb l\u00ebnduarve n\u00eb aksidentin n\u00eb Mal t\u00eb Zi - Lajme nga Ulqini","og_description":"Kryetari i komun\u00ebs s\u00eb Ulqinit Fatmir Gjeka \u00ebsht\u00eb n\u00eb komunikim t\u00eb vazhduesh\u00ebm me autoritetet zyrtare dhe ata spitalore dhe interesohet p\u00ebr gj\u00ebndjen e t\u00eb","og_url":"https:\/\/www.visit-ulcinj.com\/blog\/2014\/12\/28\/gjeka-u-uron-sherim-te-shpejte-te-lenduarve-ne-aksidentin-ne-mal-te-zi\/","og_site_name":"Lajme nga Ulqini","article_published_time":"2014-12-28T18:37:18+00:00","article_modified_time":"2014-12-28T19:52:18+00:00","og_image":[{"url":"http:\/\/www.visit-ulcinj.com\/blog\/wp-content\/uploads\/2014\/12\/Ilir-Beqaj-Fatmir-Gjeka.jpg"}],"twitter_misc":{"Written by":"ulqini","Est. reading time":"1 minute"},"schema":{"@context":"https:\/\/schema.org","@graph":[{"@type":"WebSite","@id":"https:\/\/www.visit-ulcinj.com\/blog\/#website","url":"https:\/\/www.visit-ulcinj.com\/blog\/","name":"Lajme nga Ulqini","description":"Lajme,Vijesti,Ulqini,Ulqin,Crna Gora,Mali i Zi","potentialAction":[{"@type":"SearchAction","target":{"@type":"EntryPoint","urlTemplate":"https:\/\/www.visit-ulcinj.com\/blog\/?s={search_term_string}"},"query-input":"required name=search_term_string"}],"inLanguage":"en-US"},{"@type":"ImageObject","inLanguage":"en-US","@id":"https:\/\/www.visit-ulcinj.com\/blog\/2014\/12\/28\/gjeka-u-uron-sherim-te-shpejte-te-lenduarve-ne-aksidentin-ne-mal-te-zi\/#primaryimage","url":"https:\/\/www.visit-ulcinj.com\/blog\/wp-content\/uploads\/2014\/12\/Ilir-Beqaj-Fatmir-Gjeka.jpg","contentUrl":"https:\/\/www.visit-ulcinj.com\/blog\/wp-content\/uploads\/2014\/12\/Ilir-Beqaj-Fatmir-Gjeka.jpg","width":999,"height":517},{"@type":"WebPage","@id":"https:\/\/www.visit-ulcinj.com\/blog\/2014\/12\/28\/gjeka-u-uron-sherim-te-shpejte-te-lenduarve-ne-aksidentin-ne-mal-te-zi\/#webpage","url":"https:\/\/www.visit-ulcinj.com\/blog\/2014\/12\/28\/gjeka-u-uron-sherim-te-shpejte-te-lenduarve-ne-aksidentin-ne-mal-te-zi\/","name":"Gjeka u uron sh\u00ebrim t\u00eb shpejt\u00eb t\u00eb l\u00ebnduarve n\u00eb aksidentin n\u00eb Mal t\u00eb Zi - Lajme nga Ulqini","isPartOf":{"@id":"https:\/\/www.visit-ulcinj.com\/blog\/#website"},"primaryImageOfPage":{"@id":"https:\/\/www.visit-ulcinj.com\/blog\/2014\/12\/28\/gjeka-u-uron-sherim-te-shpejte-te-lenduarve-ne-aksidentin-ne-mal-te-zi\/#primaryimage"},"datePublished":"2014-12-28T18:37:18+00:00","dateModified":"2014-12-28T19:52:18+00:00","author":{"@id":"https:\/\/www.visit-ulcinj.com\/blog\/#\/schema\/person\/dcab619c614d3038751c63bc2aadc06d"},"description":"Kryetari i komun\u00ebs s\u00eb Ulqinit Fatmir Gjeka \u00ebsht\u00eb n\u00eb komunikim t\u00eb vazhduesh\u00ebm me autoritetet zyrtare dhe ata spitalore dhe interesohet p\u00ebr gj\u00ebndjen e t\u00eb","breadcrumb":{"@id":"https:\/\/www.visit-ulcinj.com\/blog\/2014\/12\/28\/gjeka-u-uron-sherim-te-shpejte-te-lenduarve-ne-aksidentin-ne-mal-te-zi\/#breadcrumb"},"inLanguage":"en-US","potentialAction":[{"@type":"ReadAction","target":["https:\/\/www.visit-ulcinj.com\/blog\/2014\/12\/28\/gjeka-u-uron-sherim-te-shpejte-te-lenduarve-ne-aksidentin-ne-mal-te-zi\/"]}]},{"@type":"BreadcrumbList","@id":"https:\/\/www.visit-ulcinj.com\/blog\/2014\/12\/28\/gjeka-u-uron-sherim-te-shpejte-te-lenduarve-ne-aksidentin-ne-mal-te-zi\/#breadcrumb","itemListElement":[{"@type":"ListItem","position":1,"name":"Gjeka u uron sh\u00ebrim t\u00eb shpejt\u00eb t\u00eb l\u00ebnduarve n\u00eb aksidentin n\u00eb Mal t\u00eb Zi"}]},{"@type":"Person","@id":"https:\/\/www.visit-ulcinj.com\/blog\/#\/schema\/person\/dcab619c614d3038751c63bc2aadc06d","name":"ulqini","sameAs":["http:\/\/www.visit-ulcinj.com"],"url":"https:\/\/www.visit-ulcinj.com\/blog\/author\/admin\/"}]}},"jetpack_featured_media_url":"","jetpack_sharing_enabled":true,"jetpack_shortlink":"https:\/\/wp.me\/pe6lTn-mIH","_links":{"self":[{"href":"https:\/\/www.visit-ulcinj.com\/blog\/wp-json\/wp\/v2\/posts\/87339"}],"collection":[{"href":"https:\/\/www.visit-ulcinj.com\/blog\/wp-json\/wp\/v2\/posts"}],"about":[{"href":"https:\/\/www.visit-ulcinj.com\/blog\/wp-json\/wp\/v2\/types\/post"}],"author":[{"embeddable":true,"href":"https:\/\/www.visit-ulcinj.com\/blog\/wp-json\/wp\/v2\/users\/1"}],"replies":[{"embeddable":true,"href":"https:\/\/www.visit-ulcinj.com\/blog\/wp-json\/wp\/v2\/comments?post=87339"}],"version-history":[{"count":1,"href":"https:\/\/www.visit-ulcinj.com\/blog\/wp-json\/wp\/v2\/posts\/87339\/revisions"}],"predecessor-version":[{"id":87341,"href":"https:\/\/www.visit-ulcinj.com\/blog\/wp-json\/wp\/v2\/posts\/87339\/revisions\/87341"}],"wp:attachment":[{"href":"https:\/\/www.visit-ulcinj.com\/blog\/wp-json\/wp\/v2\/media?parent=87339"}],"wp:term":[{"taxonomy":"category","embeddable":true,"href":"https:\/\/www.visit-ulcinj.com\/blog\/wp-json\/wp\/v2\/categories?post=87339"},{"taxonomy":"post_tag","embeddable":true,"href":"https:\/\/www.visit-ulcinj.com\/blog\/wp-json\/wp\/v2\/tags?post=87339"}],"curies":[{"name":"wp","href":"https:\/\/api.w.org\/{rel}","templated":true}]}}