{"id":8734,"date":"2009-01-12T19:40:29","date_gmt":"2009-01-12T18:40:29","guid":{"rendered":"http:\/\/www.visit-ulcinj.com\/blog\/?p=8734"},"modified":"2009-01-12T19:43:44","modified_gmt":"2009-01-12T18:43:44","slug":"bombardohet-stadiumi-futbollit-ne-rripin-e-gazes","status":"publish","type":"post","link":"https:\/\/www.visit-ulcinj.com\/blog\/2009\/01\/12\/bombardohet-stadiumi-futbollit-ne-rripin-e-gazes\/","title":{"rendered":"Bombardohet stadiumi futbollit n\u00eb Rripin e Gaz\u00ebs"},"content":{"rendered":"<p><a rel=\"attachment wp-att-8735\" href=\"http:\/\/www.visit-ulcinj.com\/blog\/2009\/01\/12\/bombardohet-stadiumi-futbollit-ne-rripin-e-gazes\/bombardohet-stadiumi-ne-gaza\/\"><img loading=\"lazy\" class=\"alignleft size-full wp-image-8735\" title=\"bombardohet-stadiumi-ne-gaza\" src=\"http:\/\/www.visit-ulcinj.com\/blog\/wp-content\/uploads\/2009\/01\/bombardohet-stadiumi-ne-gaza.jpg\" alt=\"bombardohet-stadiumi-ne-gaza\" width=\"556\" height=\"310\" srcset=\"https:\/\/www.visit-ulcinj.com\/blog\/wp-content\/uploads\/2009\/01\/bombardohet-stadiumi-ne-gaza.jpg 556w, https:\/\/www.visit-ulcinj.com\/blog\/wp-content\/uploads\/2009\/01\/bombardohet-stadiumi-ne-gaza-300x167.jpg 300w\" sizes=\"(max-width: 556px) 100vw, 556px\" \/><\/a>Aeroplan\u00ebt izraelit\u00eb e kan\u00eb bombarduar stadiumin e Komb\u00ebtares palestineze t\u00eb futbollit n\u00eb Rripin e Gaz\u00ebs. Kjo ishte hera e dyt\u00eb q\u00eb stadiumi n\u00eb Rafah b\u00ebhet cak i sulmeve ajrore izraelite.<\/p>\n<p>Bombat n\u00eb sport, edhe nj\u00eb her\u00eb. Kjo ka ndodhur n\u00eb Rripin e Gaz\u00ebs, ku lufta nuk kursen asgj\u00eb dhe ask\u00ebnd. Gjat\u00eb nj\u00eb sulmi ajror t\u00eb aeroplan\u00ebve izraelit\u00eb, nj\u00eb raket\u00eb e ka goditur stadiumin komb\u00ebtar t\u00eb futbollit t\u00eb meshkujve dhe t\u00eb femrave n\u00eb Rafah.<\/p>\n<p>Kjo nuk ishte hera e par\u00eb q\u00eb cak i sulmeve izraelite t\u00eb jet\u00eb bombardimi i k\u00ebtij stadiumi: kjo kishte ndodhur edhe n\u00eb prill t\u00eb vitit 2006, kur nj\u00eb kund\u00ebrofanziv\u00eb izraelite e kishte b\u00ebr\u00eb t\u00eb nj\u00ebjtin veprim. Tash, izraelit\u00ebt jan\u00eb koncentruar n\u00eb terrenin e loj\u00ebs p\u00ebr ta hedhur nj\u00eb bomb\u00eb shp\u00ebrthyese pik\u00ebrisht n\u00eb mesfush\u00eb.<\/p>\n<p>Menj\u00ebher\u00eb pas k\u00ebtij sulmi ka reaguar Federata Nd\u00ebrkomb\u00ebtare e Futbollit (FIFA), e cila si duket do ta marr\u00eb p\u00ebrgjegj\u00ebsin\u00eb q\u00eb ta rind\u00ebrtoj\u00eb k\u00ebt\u00eb stadium. \u201cDetyr\u00eb e jona \u00ebsht\u00eb q\u00eb t\u2019iu garantojm\u00eb t\u00eb rinjve shpres\u00ebn dhe mund\u00ebsin\u00eb q\u00eb t\u00eb zbaviten me at\u00eb shkoll\u00eb t\u00eb jet\u00ebs, e cila \u00ebsht\u00eb futbolli\u201d, ka th\u00ebn\u00eb presidenti i FIFA-s, Joseph Blatter.<\/p>\n<p>K\u00ebsaj radhe ka ndodhur m\u00eb e keqja. Nga stadiumi Rafah nuk ka mbetur asgj\u00eb e hajrit, pasi q\u00eb tribuna e bombarduar \u00ebsht\u00eb shkat\u00ebrruar pothuajse t\u00ebr\u00ebsisht. Komb\u00ebtarja palestineze e kishte zhvilluar ndeshjen e par\u00eb n\u00eb territorin e saj m\u00eb 27 tetor t\u00eb vitit t\u00eb kaluar n\u00eb stadiumin Al-Husseini t\u00eb Al-Ram, af\u00ebr Ramallahut.<\/p>\n<p>Para asaj ndeshjeje, palestinez\u00ebt luanin si vend\u00ebs n\u00eb vendet fqinje si n\u00eb Egjipt e Katar.<\/p>\n<p>Duket se edhe n\u00eb t\u00eb ardhmen palestinez\u00ebt do t\u00eb jen\u00eb \u201caziliant\u00eb\u201d, duke mos e pasur mund\u00ebsin\u00eb t\u00eb luajn\u00eb n\u00eb sht\u00ebpin\u00eb e tyre.<\/p>\n<p><strong>Gazeta Express<\/strong><\/p>\n<p>[flv]http:\/\/shqiphost.top-channel.tv\/18754796\/flv\/kronika\/gaza-bomba.flv[\/flv]<strong><br \/>\n<\/strong><\/p>\n","protected":false},"excerpt":{"rendered":"<p>Aeroplan\u00ebt izraelit\u00eb e kan\u00eb bombarduar stadiumin e Komb\u00ebtares palestineze t\u00eb futbollit n\u00eb Rripin e Gaz\u00ebs. Kjo ishte hera e dyt\u00eb q\u00eb stadiumi n\u00eb Rafah b\u00ebhet cak i sulmeve ajrore izraelite. Bombat n\u00eb sport, edhe nj\u00eb her\u00eb. Kjo ka ndodhur n\u00eb Rripin e Gaz\u00ebs, ku lufta nuk kursen asgj\u00eb dhe ask\u00ebnd. Gjat\u00eb nj\u00eb sulmi ajror t\u00eb [&hellip;]<\/p>\n","protected":false},"author":1,"featured_media":0,"comment_status":"open","ping_status":"closed","sticky":false,"template":"","format":"standard","meta":{"spay_email":"","jetpack_publicize_message":"","jetpack_is_tweetstorm":false,"jetpack_publicize_feature_enabled":true},"categories":[3],"tags":[5726,5727,5728,5466,5729],"jetpack_publicize_connections":[],"yoast_head":"<!-- This site is optimized with the Yoast SEO plugin v19.1 - https:\/\/yoast.com\/wordpress\/plugins\/seo\/ -->\n<title>Bombardohet stadiumi futbollit n\u00eb Rripin e Gaz\u00ebs - Lajme nga Ulqini<\/title>\n<meta name=\"description\" content=\"Aeroplan\u00ebt izraelit\u00eb e kan\u00eb bombarduar stadiumin e Komb\u00ebtares palestineze t\u00eb futbollit n\u00eb Rripin e Gaz\u00ebs. Kjo ishte hera e dyt\u00eb q\u00eb stadiumi n\u00eb Rafah b\u00ebhet\" \/>\n<meta name=\"robots\" content=\"index, follow, max-snippet:-1, max-image-preview:large, max-video-preview:-1\" \/>\n<link rel=\"canonical\" href=\"https:\/\/www.visit-ulcinj.com\/blog\/2009\/01\/12\/bombardohet-stadiumi-futbollit-ne-rripin-e-gazes\/\" \/>\n<meta property=\"og:locale\" content=\"en_US\" \/>\n<meta property=\"og:type\" content=\"article\" \/>\n<meta property=\"og:title\" content=\"Bombardohet stadiumi futbollit n\u00eb Rripin e Gaz\u00ebs - Lajme nga Ulqini\" \/>\n<meta property=\"og:description\" content=\"Aeroplan\u00ebt izraelit\u00eb e kan\u00eb bombarduar stadiumin e Komb\u00ebtares palestineze t\u00eb futbollit n\u00eb Rripin e Gaz\u00ebs. Kjo ishte hera e dyt\u00eb q\u00eb stadiumi n\u00eb Rafah b\u00ebhet\" \/>\n<meta property=\"og:url\" content=\"https:\/\/www.visit-ulcinj.com\/blog\/2009\/01\/12\/bombardohet-stadiumi-futbollit-ne-rripin-e-gazes\/\" \/>\n<meta property=\"og:site_name\" content=\"Lajme nga Ulqini\" \/>\n<meta property=\"article:published_time\" content=\"2009-01-12T18:40:29+00:00\" \/>\n<meta property=\"article:modified_time\" content=\"2009-01-12T18:43:44+00:00\" \/>\n<meta property=\"og:image\" content=\"http:\/\/www.visit-ulcinj.com\/blog\/wp-content\/uploads\/2009\/01\/bombardohet-stadiumi-ne-gaza.jpg\" \/>\n<meta name=\"twitter:label1\" content=\"Written by\" \/>\n\t<meta name=\"twitter:data1\" content=\"ulqini\" \/>\n\t<meta name=\"twitter:label2\" content=\"Est. reading time\" \/>\n\t<meta name=\"twitter:data2\" content=\"2 minutes\" \/>\n<script type=\"application\/ld+json\" class=\"yoast-schema-graph\">{\"@context\":\"https:\/\/schema.org\",\"@graph\":[{\"@type\":\"WebSite\",\"@id\":\"https:\/\/www.visit-ulcinj.com\/blog\/#website\",\"url\":\"https:\/\/www.visit-ulcinj.com\/blog\/\",\"name\":\"Lajme nga Ulqini\",\"description\":\"Lajme,Vijesti,Ulqini,Ulqin,Crna Gora,Mali i Zi\",\"potentialAction\":[{\"@type\":\"SearchAction\",\"target\":{\"@type\":\"EntryPoint\",\"urlTemplate\":\"https:\/\/www.visit-ulcinj.com\/blog\/?s={search_term_string}\"},\"query-input\":\"required name=search_term_string\"}],\"inLanguage\":\"en-US\"},{\"@type\":\"ImageObject\",\"inLanguage\":\"en-US\",\"@id\":\"https:\/\/www.visit-ulcinj.com\/blog\/2009\/01\/12\/bombardohet-stadiumi-futbollit-ne-rripin-e-gazes\/#primaryimage\",\"url\":\"https:\/\/www.visit-ulcinj.com\/blog\/wp-content\/uploads\/2009\/01\/bombardohet-stadiumi-ne-gaza.jpg\",\"contentUrl\":\"https:\/\/www.visit-ulcinj.com\/blog\/wp-content\/uploads\/2009\/01\/bombardohet-stadiumi-ne-gaza.jpg\",\"width\":\"556\",\"height\":\"310\"},{\"@type\":\"WebPage\",\"@id\":\"https:\/\/www.visit-ulcinj.com\/blog\/2009\/01\/12\/bombardohet-stadiumi-futbollit-ne-rripin-e-gazes\/#webpage\",\"url\":\"https:\/\/www.visit-ulcinj.com\/blog\/2009\/01\/12\/bombardohet-stadiumi-futbollit-ne-rripin-e-gazes\/\",\"name\":\"Bombardohet stadiumi futbollit n\u00eb Rripin e Gaz\u00ebs - Lajme nga Ulqini\",\"isPartOf\":{\"@id\":\"https:\/\/www.visit-ulcinj.com\/blog\/#website\"},\"primaryImageOfPage\":{\"@id\":\"https:\/\/www.visit-ulcinj.com\/blog\/2009\/01\/12\/bombardohet-stadiumi-futbollit-ne-rripin-e-gazes\/#primaryimage\"},\"datePublished\":\"2009-01-12T18:40:29+00:00\",\"dateModified\":\"2009-01-12T18:43:44+00:00\",\"author\":{\"@id\":\"https:\/\/www.visit-ulcinj.com\/blog\/#\/schema\/person\/dcab619c614d3038751c63bc2aadc06d\"},\"description\":\"Aeroplan\u00ebt izraelit\u00eb e kan\u00eb bombarduar stadiumin e Komb\u00ebtares palestineze t\u00eb futbollit n\u00eb Rripin e Gaz\u00ebs. Kjo ishte hera e dyt\u00eb q\u00eb stadiumi n\u00eb Rafah b\u00ebhet\",\"breadcrumb\":{\"@id\":\"https:\/\/www.visit-ulcinj.com\/blog\/2009\/01\/12\/bombardohet-stadiumi-futbollit-ne-rripin-e-gazes\/#breadcrumb\"},\"inLanguage\":\"en-US\",\"potentialAction\":[{\"@type\":\"ReadAction\",\"target\":[\"https:\/\/www.visit-ulcinj.com\/blog\/2009\/01\/12\/bombardohet-stadiumi-futbollit-ne-rripin-e-gazes\/\"]}]},{\"@type\":\"BreadcrumbList\",\"@id\":\"https:\/\/www.visit-ulcinj.com\/blog\/2009\/01\/12\/bombardohet-stadiumi-futbollit-ne-rripin-e-gazes\/#breadcrumb\",\"itemListElement\":[{\"@type\":\"ListItem\",\"position\":1,\"name\":\"Bombardohet stadiumi futbollit n\u00eb Rripin e Gaz\u00ebs\"}]},{\"@type\":\"Person\",\"@id\":\"https:\/\/www.visit-ulcinj.com\/blog\/#\/schema\/person\/dcab619c614d3038751c63bc2aadc06d\",\"name\":\"ulqini\",\"sameAs\":[\"http:\/\/www.visit-ulcinj.com\"],\"url\":\"https:\/\/www.visit-ulcinj.com\/blog\/author\/admin\/\"}]}<\/script>\n<!-- \/ Yoast SEO plugin. -->","yoast_head_json":{"title":"Bombardohet stadiumi futbollit n\u00eb Rripin e Gaz\u00ebs - Lajme nga Ulqini","description":"Aeroplan\u00ebt izraelit\u00eb e kan\u00eb bombarduar stadiumin e Komb\u00ebtares palestineze t\u00eb futbollit n\u00eb Rripin e Gaz\u00ebs. Kjo ishte hera e dyt\u00eb q\u00eb stadiumi n\u00eb Rafah b\u00ebhet","robots":{"index":"index","follow":"follow","max-snippet":"max-snippet:-1","max-image-preview":"max-image-preview:large","max-video-preview":"max-video-preview:-1"},"canonical":"https:\/\/www.visit-ulcinj.com\/blog\/2009\/01\/12\/bombardohet-stadiumi-futbollit-ne-rripin-e-gazes\/","og_locale":"en_US","og_type":"article","og_title":"Bombardohet stadiumi futbollit n\u00eb Rripin e Gaz\u00ebs - Lajme nga Ulqini","og_description":"Aeroplan\u00ebt izraelit\u00eb e kan\u00eb bombarduar stadiumin e Komb\u00ebtares palestineze t\u00eb futbollit n\u00eb Rripin e Gaz\u00ebs. Kjo ishte hera e dyt\u00eb q\u00eb stadiumi n\u00eb Rafah b\u00ebhet","og_url":"https:\/\/www.visit-ulcinj.com\/blog\/2009\/01\/12\/bombardohet-stadiumi-futbollit-ne-rripin-e-gazes\/","og_site_name":"Lajme nga Ulqini","article_published_time":"2009-01-12T18:40:29+00:00","article_modified_time":"2009-01-12T18:43:44+00:00","og_image":[{"url":"http:\/\/www.visit-ulcinj.com\/blog\/wp-content\/uploads\/2009\/01\/bombardohet-stadiumi-ne-gaza.jpg"}],"twitter_misc":{"Written by":"ulqini","Est. reading time":"2 minutes"},"schema":{"@context":"https:\/\/schema.org","@graph":[{"@type":"WebSite","@id":"https:\/\/www.visit-ulcinj.com\/blog\/#website","url":"https:\/\/www.visit-ulcinj.com\/blog\/","name":"Lajme nga Ulqini","description":"Lajme,Vijesti,Ulqini,Ulqin,Crna Gora,Mali i Zi","potentialAction":[{"@type":"SearchAction","target":{"@type":"EntryPoint","urlTemplate":"https:\/\/www.visit-ulcinj.com\/blog\/?s={search_term_string}"},"query-input":"required name=search_term_string"}],"inLanguage":"en-US"},{"@type":"ImageObject","inLanguage":"en-US","@id":"https:\/\/www.visit-ulcinj.com\/blog\/2009\/01\/12\/bombardohet-stadiumi-futbollit-ne-rripin-e-gazes\/#primaryimage","url":"https:\/\/www.visit-ulcinj.com\/blog\/wp-content\/uploads\/2009\/01\/bombardohet-stadiumi-ne-gaza.jpg","contentUrl":"https:\/\/www.visit-ulcinj.com\/blog\/wp-content\/uploads\/2009\/01\/bombardohet-stadiumi-ne-gaza.jpg","width":"556","height":"310"},{"@type":"WebPage","@id":"https:\/\/www.visit-ulcinj.com\/blog\/2009\/01\/12\/bombardohet-stadiumi-futbollit-ne-rripin-e-gazes\/#webpage","url":"https:\/\/www.visit-ulcinj.com\/blog\/2009\/01\/12\/bombardohet-stadiumi-futbollit-ne-rripin-e-gazes\/","name":"Bombardohet stadiumi futbollit n\u00eb Rripin e Gaz\u00ebs - Lajme nga Ulqini","isPartOf":{"@id":"https:\/\/www.visit-ulcinj.com\/blog\/#website"},"primaryImageOfPage":{"@id":"https:\/\/www.visit-ulcinj.com\/blog\/2009\/01\/12\/bombardohet-stadiumi-futbollit-ne-rripin-e-gazes\/#primaryimage"},"datePublished":"2009-01-12T18:40:29+00:00","dateModified":"2009-01-12T18:43:44+00:00","author":{"@id":"https:\/\/www.visit-ulcinj.com\/blog\/#\/schema\/person\/dcab619c614d3038751c63bc2aadc06d"},"description":"Aeroplan\u00ebt izraelit\u00eb e kan\u00eb bombarduar stadiumin e Komb\u00ebtares palestineze t\u00eb futbollit n\u00eb Rripin e Gaz\u00ebs. Kjo ishte hera e dyt\u00eb q\u00eb stadiumi n\u00eb Rafah b\u00ebhet","breadcrumb":{"@id":"https:\/\/www.visit-ulcinj.com\/blog\/2009\/01\/12\/bombardohet-stadiumi-futbollit-ne-rripin-e-gazes\/#breadcrumb"},"inLanguage":"en-US","potentialAction":[{"@type":"ReadAction","target":["https:\/\/www.visit-ulcinj.com\/blog\/2009\/01\/12\/bombardohet-stadiumi-futbollit-ne-rripin-e-gazes\/"]}]},{"@type":"BreadcrumbList","@id":"https:\/\/www.visit-ulcinj.com\/blog\/2009\/01\/12\/bombardohet-stadiumi-futbollit-ne-rripin-e-gazes\/#breadcrumb","itemListElement":[{"@type":"ListItem","position":1,"name":"Bombardohet stadiumi futbollit n\u00eb Rripin e Gaz\u00ebs"}]},{"@type":"Person","@id":"https:\/\/www.visit-ulcinj.com\/blog\/#\/schema\/person\/dcab619c614d3038751c63bc2aadc06d","name":"ulqini","sameAs":["http:\/\/www.visit-ulcinj.com"],"url":"https:\/\/www.visit-ulcinj.com\/blog\/author\/admin\/"}]}},"jetpack_featured_media_url":"","jetpack_sharing_enabled":true,"jetpack_shortlink":"https:\/\/wp.me\/pe6lTn-2gS","_links":{"self":[{"href":"https:\/\/www.visit-ulcinj.com\/blog\/wp-json\/wp\/v2\/posts\/8734"}],"collection":[{"href":"https:\/\/www.visit-ulcinj.com\/blog\/wp-json\/wp\/v2\/posts"}],"about":[{"href":"https:\/\/www.visit-ulcinj.com\/blog\/wp-json\/wp\/v2\/types\/post"}],"author":[{"embeddable":true,"href":"https:\/\/www.visit-ulcinj.com\/blog\/wp-json\/wp\/v2\/users\/1"}],"replies":[{"embeddable":true,"href":"https:\/\/www.visit-ulcinj.com\/blog\/wp-json\/wp\/v2\/comments?post=8734"}],"version-history":[{"count":0,"href":"https:\/\/www.visit-ulcinj.com\/blog\/wp-json\/wp\/v2\/posts\/8734\/revisions"}],"wp:attachment":[{"href":"https:\/\/www.visit-ulcinj.com\/blog\/wp-json\/wp\/v2\/media?parent=8734"}],"wp:term":[{"taxonomy":"category","embeddable":true,"href":"https:\/\/www.visit-ulcinj.com\/blog\/wp-json\/wp\/v2\/categories?post=8734"},{"taxonomy":"post_tag","embeddable":true,"href":"https:\/\/www.visit-ulcinj.com\/blog\/wp-json\/wp\/v2\/tags?post=8734"}],"curies":[{"name":"wp","href":"https:\/\/api.w.org\/{rel}","templated":true}]}}