{"id":87360,"date":"2014-12-29T01:01:58","date_gmt":"2014-12-29T00:01:58","guid":{"rendered":"http:\/\/www.visit-ulcinj.com\/blog\/?p=87360"},"modified":"2014-12-29T19:16:41","modified_gmt":"2014-12-29T18:16:41","slug":"salaj-emigrimi-nga-zona-e-krajes-video","status":"publish","type":"post","link":"https:\/\/www.visit-ulcinj.com\/blog\/2014\/12\/29\/salaj-emigrimi-nga-zona-e-krajes-video\/","title":{"rendered":"Salaj: Emigrimi nga zona e Kraj\u00ebs &#8211; Video"},"content":{"rendered":"<p><a href=\"http:\/\/www.visit-ulcinj.com\/blog\/wp-content\/uploads\/2014\/12\/Kraja-Ostros.jpg\"><img loading=\"lazy\" class=\"alignleft wp-image-87361\" src=\"http:\/\/www.visit-ulcinj.com\/blog\/wp-content\/uploads\/2014\/12\/Kraja-Ostros.jpg\" alt=\"Kraja-Ostros\" width=\"508\" height=\"305\" srcset=\"https:\/\/www.visit-ulcinj.com\/blog\/wp-content\/uploads\/2014\/12\/Kraja-Ostros.jpg 436w, https:\/\/www.visit-ulcinj.com\/blog\/wp-content\/uploads\/2014\/12\/Kraja-Ostros-300x180.jpg 300w\" sizes=\"(max-width: 508px) 100vw, 508px\" \/><\/a>N\u00eb Mal t\u00eb Zi, gati n\u00eb t\u00eb gjitha rajonet ku jetojn\u00eb shqiptar\u00ebt, emigrimi ka sjell\u00eb nj\u00eb r\u00ebnie t\u00eb numrit t\u00eb tyre. Kjo dukuri \u00ebsht\u00eb m\u00eb e ndjeshme n\u00eb zon\u00ebn e Kraj\u00ebs, n\u00eb komun\u00ebn e Tivarit, disa prej vendbanimeve jan\u00eb zbrazur t\u00ebr\u00ebsisht.<\/p>\n<p>P\u00ebr m\u00eb shum\u00eb ndiqeni kronik\u00ebn e p\u00ebrgaditur nga korrespondenti i Z\u00ebrit t\u00eb Amerik\u00ebs, Ali Salaj.<\/p>\n<p>VAO<\/p>\n<p><strong>Shqiptar\u00ebt braktisin trojet e tyre n\u00eb Mal t\u00eb Zi<\/strong><\/p>\n<p><strong>E ndodhur n\u00ebn administrimin e Tivarit, zona e Kraj\u00ebs nuk ka sh\u00ebnuar asnj\u00eb lloj zhvillimi ekonomik p\u00ebr shkak t\u00eb munges\u00ebs s\u00eb investimeve<\/strong><\/p>\n<p>Shqiptar\u00ebt kan\u00eb braktisur thuajse shumic\u00ebn e trojeve t\u00eb tyre n\u00eb Mal t\u00eb Zi, duke emigruar n\u00eb vende t\u00eb ndryshme t\u00eb per\u00ebndimit.<\/p>\n<p>Kjo dukuri \u00ebsht\u00eb m\u00eb e ndjeshme n\u00eb zon\u00ebn e Kraj\u00ebs, n\u00eb komun\u00ebn e Tivarit, disa prej vendbanimeve jan\u00eb zbrazur t\u00ebr\u00ebsisht.<\/p>\n<p>Zona e Kraj\u00ebs q\u00eb shtrihet p\u00ebrgjat\u00eb Liqenit t\u00eb Shkodr\u00ebs \u00ebsht\u00eb nd\u00ebr zonat m\u00eb t\u00eb bukura ku jetojn\u00eb shqiptar\u00ebt.<\/p>\n<p>Pavar\u00ebsisht k\u00ebsaj, kjo zon\u00eb p\u00ebrballet sot me nj\u00eb emigrim masiv t\u00eb popullsis\u00eb vendase p\u00ebr shkak t\u00eb gjendjes s\u00eb r\u00ebnd\u00eb ekonomike.<\/p>\n<p>E ndodhur n\u00ebn administrimin e Tivarit, zona e Kraj\u00ebs nuk ka sh\u00ebnuar asnj\u00eb lloj zhvillimi ekonomik p\u00ebr shkak t\u00eb munges\u00ebs s\u00eb investimeve.<\/p>\n<p>N\u00eb k\u00ebto kushte, p\u00ebr banor\u00ebt e zon\u00ebs zgjidhja e mir\u00eb p\u00ebr t\u2019i shp\u00ebtuar varf\u00ebris\u00eb, mbetet emigrimi.<\/p>\n<p>Megjith\u00ebse ndodhet mes tre qyteteve shqiptare, Tivar, Vilpazar dhe Shkod\u00ebr, kjo zon\u00eb \u00ebsht\u00eb l\u00ebn\u00eb pas dore duke mos pasur as nj\u00eb rrug\u00eb t\u00eb mir\u00eb.<\/p>\n<p>Politikani shqiptar n\u00eb k\u00ebshillin komunal t\u00eb Tivarit, Ismail Doda, shprehet p\u00ebr \u201cZ\u00ebrin e Amerik\u00ebs\u201d se kjo zon\u00eb \u00ebsht\u00eb l\u00ebn\u00eb plot\u00ebsisht pas dore. Luft\u00ebrat e viteve t\u00eb fundit dhe mosp\u00ebrkrahja e pushtetit lokal dhe qeveria malazeze ka b\u00ebr\u00eb q\u00eb zona t\u00eb shkoj\u00eb drejt braktisjes.<\/p>\n<p>Ulja e numrit t\u00eb banor\u00ebve t\u00eb zon\u00ebs shprehet edhe te shkolla kryesore e zon\u00ebs \u201cGjergj Kastrioti Sk\u00ebnderbeu\u201d, e cila nga viti n\u00eb vit mbyll mjaft klasa.<\/p>\n<p>Qeveria malazeze historikisht ka l\u00ebn\u00eb pas dore trojet e banuara nga shqiptar\u00ebt vendas, duke mos investuar n\u00eb infrastruktur\u00eb, kryesisht n\u00eb shkolla dhe krijimin e mund\u00ebsive t\u00eb pun\u00ebsimit.<\/p>\n<p><strong>\/Shekulli Online\/E.G.\/<\/strong><\/p>\n<p><iframe loading=\"lazy\" src=\"http:\/\/zeriamerikes.share.voanews.eu\/flashembed.aspx?t=vid&amp;id=2576642&amp;w=640&amp;h=363&amp;skin=embeded\" width=\"508\" height=\"363\" frameborder=\"0\" scrolling=\"no\"><\/iframe><\/p>\n","protected":false},"excerpt":{"rendered":"<p>N\u00eb Mal t\u00eb Zi, gati n\u00eb t\u00eb gjitha rajonet ku jetojn\u00eb shqiptar\u00ebt, emigrimi ka sjell\u00eb nj\u00eb r\u00ebnie t\u00eb numrit t\u00eb tyre. Kjo dukuri \u00ebsht\u00eb m\u00eb e ndjeshme n\u00eb zon\u00ebn e Kraj\u00ebs, n\u00eb komun\u00ebn e Tivarit, disa prej vendbanimeve jan\u00eb zbrazur t\u00ebr\u00ebsisht. P\u00ebr m\u00eb shum\u00eb ndiqeni kronik\u00ebn e p\u00ebrgaditur nga korrespondenti i Z\u00ebrit t\u00eb Amerik\u00ebs, Ali [&hellip;]<\/p>\n","protected":false},"author":1,"featured_media":0,"comment_status":"closed","ping_status":"closed","sticky":false,"template":"","format":"standard","meta":{"spay_email":"","jetpack_publicize_message":"","jetpack_is_tweetstorm":false,"jetpack_publicize_feature_enabled":true},"categories":[6950],"tags":[],"jetpack_publicize_connections":[],"yoast_head":"<!-- This site is optimized with the Yoast SEO plugin v19.1 - https:\/\/yoast.com\/wordpress\/plugins\/seo\/ -->\n<title>Salaj: Emigrimi nga zona e Kraj\u00ebs - Video - Lajme nga Ulqini<\/title>\n<meta name=\"description\" content=\"N\u00eb Mal t\u00eb Zi, gati n\u00eb t\u00eb gjitha rajonet ku jetojn\u00eb shqiptar\u00ebt, emigrimi ka sjell\u00eb nj\u00eb r\u00ebnie t\u00eb numrit t\u00eb tyre. Kjo dukuri \u00ebsht\u00eb m\u00eb e ndjeshme n\u00eb zon\u00ebn e\" \/>\n<meta name=\"robots\" content=\"index, follow, max-snippet:-1, max-image-preview:large, max-video-preview:-1\" \/>\n<link rel=\"canonical\" href=\"https:\/\/www.visit-ulcinj.com\/blog\/2014\/12\/29\/salaj-emigrimi-nga-zona-e-krajes-video\/\" \/>\n<meta property=\"og:locale\" content=\"en_US\" \/>\n<meta property=\"og:type\" content=\"article\" \/>\n<meta property=\"og:title\" content=\"Salaj: Emigrimi nga zona e Kraj\u00ebs - Video - Lajme nga Ulqini\" \/>\n<meta property=\"og:description\" content=\"N\u00eb Mal t\u00eb Zi, gati n\u00eb t\u00eb gjitha rajonet ku jetojn\u00eb shqiptar\u00ebt, emigrimi ka sjell\u00eb nj\u00eb r\u00ebnie t\u00eb numrit t\u00eb tyre. Kjo dukuri \u00ebsht\u00eb m\u00eb e ndjeshme n\u00eb zon\u00ebn e\" \/>\n<meta property=\"og:url\" content=\"https:\/\/www.visit-ulcinj.com\/blog\/2014\/12\/29\/salaj-emigrimi-nga-zona-e-krajes-video\/\" \/>\n<meta property=\"og:site_name\" content=\"Lajme nga Ulqini\" \/>\n<meta property=\"article:published_time\" content=\"2014-12-29T00:01:58+00:00\" \/>\n<meta property=\"article:modified_time\" content=\"2014-12-29T18:16:41+00:00\" \/>\n<meta property=\"og:image\" content=\"http:\/\/www.visit-ulcinj.com\/blog\/wp-content\/uploads\/2014\/12\/Kraja-Ostros.jpg\" \/>\n<meta name=\"twitter:label1\" content=\"Written by\" \/>\n\t<meta name=\"twitter:data1\" content=\"ulqini\" \/>\n\t<meta name=\"twitter:label2\" content=\"Est. reading time\" \/>\n\t<meta name=\"twitter:data2\" content=\"2 minutes\" \/>\n<script type=\"application\/ld+json\" class=\"yoast-schema-graph\">{\"@context\":\"https:\/\/schema.org\",\"@graph\":[{\"@type\":\"WebSite\",\"@id\":\"https:\/\/www.visit-ulcinj.com\/blog\/#website\",\"url\":\"https:\/\/www.visit-ulcinj.com\/blog\/\",\"name\":\"Lajme nga Ulqini\",\"description\":\"Lajme,Vijesti,Ulqini,Ulqin,Crna Gora,Mali i Zi\",\"potentialAction\":[{\"@type\":\"SearchAction\",\"target\":{\"@type\":\"EntryPoint\",\"urlTemplate\":\"https:\/\/www.visit-ulcinj.com\/blog\/?s={search_term_string}\"},\"query-input\":\"required name=search_term_string\"}],\"inLanguage\":\"en-US\"},{\"@type\":\"ImageObject\",\"inLanguage\":\"en-US\",\"@id\":\"https:\/\/www.visit-ulcinj.com\/blog\/2014\/12\/29\/salaj-emigrimi-nga-zona-e-krajes-video\/#primaryimage\",\"url\":\"https:\/\/www.visit-ulcinj.com\/blog\/wp-content\/uploads\/2014\/12\/Kraja-Ostros.jpg\",\"contentUrl\":\"https:\/\/www.visit-ulcinj.com\/blog\/wp-content\/uploads\/2014\/12\/Kraja-Ostros.jpg\",\"width\":436,\"height\":262},{\"@type\":\"WebPage\",\"@id\":\"https:\/\/www.visit-ulcinj.com\/blog\/2014\/12\/29\/salaj-emigrimi-nga-zona-e-krajes-video\/#webpage\",\"url\":\"https:\/\/www.visit-ulcinj.com\/blog\/2014\/12\/29\/salaj-emigrimi-nga-zona-e-krajes-video\/\",\"name\":\"Salaj: Emigrimi nga zona e Kraj\u00ebs - Video - Lajme nga Ulqini\",\"isPartOf\":{\"@id\":\"https:\/\/www.visit-ulcinj.com\/blog\/#website\"},\"primaryImageOfPage\":{\"@id\":\"https:\/\/www.visit-ulcinj.com\/blog\/2014\/12\/29\/salaj-emigrimi-nga-zona-e-krajes-video\/#primaryimage\"},\"datePublished\":\"2014-12-29T00:01:58+00:00\",\"dateModified\":\"2014-12-29T18:16:41+00:00\",\"author\":{\"@id\":\"https:\/\/www.visit-ulcinj.com\/blog\/#\/schema\/person\/dcab619c614d3038751c63bc2aadc06d\"},\"description\":\"N\u00eb Mal t\u00eb Zi, gati n\u00eb t\u00eb gjitha rajonet ku jetojn\u00eb shqiptar\u00ebt, emigrimi ka sjell\u00eb nj\u00eb r\u00ebnie t\u00eb numrit t\u00eb tyre. Kjo dukuri \u00ebsht\u00eb m\u00eb e ndjeshme n\u00eb zon\u00ebn e\",\"breadcrumb\":{\"@id\":\"https:\/\/www.visit-ulcinj.com\/blog\/2014\/12\/29\/salaj-emigrimi-nga-zona-e-krajes-video\/#breadcrumb\"},\"inLanguage\":\"en-US\",\"potentialAction\":[{\"@type\":\"ReadAction\",\"target\":[\"https:\/\/www.visit-ulcinj.com\/blog\/2014\/12\/29\/salaj-emigrimi-nga-zona-e-krajes-video\/\"]}]},{\"@type\":\"BreadcrumbList\",\"@id\":\"https:\/\/www.visit-ulcinj.com\/blog\/2014\/12\/29\/salaj-emigrimi-nga-zona-e-krajes-video\/#breadcrumb\",\"itemListElement\":[{\"@type\":\"ListItem\",\"position\":1,\"name\":\"Salaj: Emigrimi nga zona e Kraj\u00ebs &#8211; Video\"}]},{\"@type\":\"Person\",\"@id\":\"https:\/\/www.visit-ulcinj.com\/blog\/#\/schema\/person\/dcab619c614d3038751c63bc2aadc06d\",\"name\":\"ulqini\",\"sameAs\":[\"http:\/\/www.visit-ulcinj.com\"],\"url\":\"https:\/\/www.visit-ulcinj.com\/blog\/author\/admin\/\"}]}<\/script>\n<!-- \/ Yoast SEO plugin. -->","yoast_head_json":{"title":"Salaj: Emigrimi nga zona e Kraj\u00ebs - Video - Lajme nga Ulqini","description":"N\u00eb Mal t\u00eb Zi, gati n\u00eb t\u00eb gjitha rajonet ku jetojn\u00eb shqiptar\u00ebt, emigrimi ka sjell\u00eb nj\u00eb r\u00ebnie t\u00eb numrit t\u00eb tyre. Kjo dukuri \u00ebsht\u00eb m\u00eb e ndjeshme n\u00eb zon\u00ebn e","robots":{"index":"index","follow":"follow","max-snippet":"max-snippet:-1","max-image-preview":"max-image-preview:large","max-video-preview":"max-video-preview:-1"},"canonical":"https:\/\/www.visit-ulcinj.com\/blog\/2014\/12\/29\/salaj-emigrimi-nga-zona-e-krajes-video\/","og_locale":"en_US","og_type":"article","og_title":"Salaj: Emigrimi nga zona e Kraj\u00ebs - Video - Lajme nga Ulqini","og_description":"N\u00eb Mal t\u00eb Zi, gati n\u00eb t\u00eb gjitha rajonet ku jetojn\u00eb shqiptar\u00ebt, emigrimi ka sjell\u00eb nj\u00eb r\u00ebnie t\u00eb numrit t\u00eb tyre. Kjo dukuri \u00ebsht\u00eb m\u00eb e ndjeshme n\u00eb zon\u00ebn e","og_url":"https:\/\/www.visit-ulcinj.com\/blog\/2014\/12\/29\/salaj-emigrimi-nga-zona-e-krajes-video\/","og_site_name":"Lajme nga Ulqini","article_published_time":"2014-12-29T00:01:58+00:00","article_modified_time":"2014-12-29T18:16:41+00:00","og_image":[{"url":"http:\/\/www.visit-ulcinj.com\/blog\/wp-content\/uploads\/2014\/12\/Kraja-Ostros.jpg"}],"twitter_misc":{"Written by":"ulqini","Est. reading time":"2 minutes"},"schema":{"@context":"https:\/\/schema.org","@graph":[{"@type":"WebSite","@id":"https:\/\/www.visit-ulcinj.com\/blog\/#website","url":"https:\/\/www.visit-ulcinj.com\/blog\/","name":"Lajme nga Ulqini","description":"Lajme,Vijesti,Ulqini,Ulqin,Crna Gora,Mali i Zi","potentialAction":[{"@type":"SearchAction","target":{"@type":"EntryPoint","urlTemplate":"https:\/\/www.visit-ulcinj.com\/blog\/?s={search_term_string}"},"query-input":"required name=search_term_string"}],"inLanguage":"en-US"},{"@type":"ImageObject","inLanguage":"en-US","@id":"https:\/\/www.visit-ulcinj.com\/blog\/2014\/12\/29\/salaj-emigrimi-nga-zona-e-krajes-video\/#primaryimage","url":"https:\/\/www.visit-ulcinj.com\/blog\/wp-content\/uploads\/2014\/12\/Kraja-Ostros.jpg","contentUrl":"https:\/\/www.visit-ulcinj.com\/blog\/wp-content\/uploads\/2014\/12\/Kraja-Ostros.jpg","width":436,"height":262},{"@type":"WebPage","@id":"https:\/\/www.visit-ulcinj.com\/blog\/2014\/12\/29\/salaj-emigrimi-nga-zona-e-krajes-video\/#webpage","url":"https:\/\/www.visit-ulcinj.com\/blog\/2014\/12\/29\/salaj-emigrimi-nga-zona-e-krajes-video\/","name":"Salaj: Emigrimi nga zona e Kraj\u00ebs - Video - Lajme nga Ulqini","isPartOf":{"@id":"https:\/\/www.visit-ulcinj.com\/blog\/#website"},"primaryImageOfPage":{"@id":"https:\/\/www.visit-ulcinj.com\/blog\/2014\/12\/29\/salaj-emigrimi-nga-zona-e-krajes-video\/#primaryimage"},"datePublished":"2014-12-29T00:01:58+00:00","dateModified":"2014-12-29T18:16:41+00:00","author":{"@id":"https:\/\/www.visit-ulcinj.com\/blog\/#\/schema\/person\/dcab619c614d3038751c63bc2aadc06d"},"description":"N\u00eb Mal t\u00eb Zi, gati n\u00eb t\u00eb gjitha rajonet ku jetojn\u00eb shqiptar\u00ebt, emigrimi ka sjell\u00eb nj\u00eb r\u00ebnie t\u00eb numrit t\u00eb tyre. Kjo dukuri \u00ebsht\u00eb m\u00eb e ndjeshme n\u00eb zon\u00ebn e","breadcrumb":{"@id":"https:\/\/www.visit-ulcinj.com\/blog\/2014\/12\/29\/salaj-emigrimi-nga-zona-e-krajes-video\/#breadcrumb"},"inLanguage":"en-US","potentialAction":[{"@type":"ReadAction","target":["https:\/\/www.visit-ulcinj.com\/blog\/2014\/12\/29\/salaj-emigrimi-nga-zona-e-krajes-video\/"]}]},{"@type":"BreadcrumbList","@id":"https:\/\/www.visit-ulcinj.com\/blog\/2014\/12\/29\/salaj-emigrimi-nga-zona-e-krajes-video\/#breadcrumb","itemListElement":[{"@type":"ListItem","position":1,"name":"Salaj: Emigrimi nga zona e Kraj\u00ebs &#8211; Video"}]},{"@type":"Person","@id":"https:\/\/www.visit-ulcinj.com\/blog\/#\/schema\/person\/dcab619c614d3038751c63bc2aadc06d","name":"ulqini","sameAs":["http:\/\/www.visit-ulcinj.com"],"url":"https:\/\/www.visit-ulcinj.com\/blog\/author\/admin\/"}]}},"jetpack_featured_media_url":"","jetpack_sharing_enabled":true,"jetpack_shortlink":"https:\/\/wp.me\/pe6lTn-mJ2","_links":{"self":[{"href":"https:\/\/www.visit-ulcinj.com\/blog\/wp-json\/wp\/v2\/posts\/87360"}],"collection":[{"href":"https:\/\/www.visit-ulcinj.com\/blog\/wp-json\/wp\/v2\/posts"}],"about":[{"href":"https:\/\/www.visit-ulcinj.com\/blog\/wp-json\/wp\/v2\/types\/post"}],"author":[{"embeddable":true,"href":"https:\/\/www.visit-ulcinj.com\/blog\/wp-json\/wp\/v2\/users\/1"}],"replies":[{"embeddable":true,"href":"https:\/\/www.visit-ulcinj.com\/blog\/wp-json\/wp\/v2\/comments?post=87360"}],"version-history":[{"count":2,"href":"https:\/\/www.visit-ulcinj.com\/blog\/wp-json\/wp\/v2\/posts\/87360\/revisions"}],"predecessor-version":[{"id":87375,"href":"https:\/\/www.visit-ulcinj.com\/blog\/wp-json\/wp\/v2\/posts\/87360\/revisions\/87375"}],"wp:attachment":[{"href":"https:\/\/www.visit-ulcinj.com\/blog\/wp-json\/wp\/v2\/media?parent=87360"}],"wp:term":[{"taxonomy":"category","embeddable":true,"href":"https:\/\/www.visit-ulcinj.com\/blog\/wp-json\/wp\/v2\/categories?post=87360"},{"taxonomy":"post_tag","embeddable":true,"href":"https:\/\/www.visit-ulcinj.com\/blog\/wp-json\/wp\/v2\/tags?post=87360"}],"curies":[{"name":"wp","href":"https:\/\/api.w.org\/{rel}","templated":true}]}}