{"id":87363,"date":"2014-12-29T11:14:22","date_gmt":"2014-12-29T10:14:22","guid":{"rendered":"http:\/\/www.visit-ulcinj.com\/blog\/?p=87363"},"modified":"2015-01-26T19:11:50","modified_gmt":"2015-01-26T18:11:50","slug":"skandal-pikon-catia-e-qendres-per-kulture-ne-ulqin-foto","status":"publish","type":"post","link":"https:\/\/www.visit-ulcinj.com\/blog\/2014\/12\/29\/skandal-pikon-catia-e-qendres-per-kulture-ne-ulqin-foto\/","title":{"rendered":"Skandal: Pikon \u00e7atia e Qendres p\u00ebr kultur\u00eb n\u00eb Ulqin + Video &#8211; Foto"},"content":{"rendered":"<p><a href=\"http:\/\/www.visit-ulcinj.com\/blog\/wp-content\/uploads\/2014\/12\/Pikon-catia-e-Qendres-p\u00ebr-kultur\u00eb-Ulqin-3.jpg\"><img loading=\"lazy\" class=\"alignleft wp-image-87364\" src=\"http:\/\/www.visit-ulcinj.com\/blog\/wp-content\/uploads\/2014\/12\/Pikon-catia-e-Qendres-p\u00ebr-kultur\u00eb-Ulqin-3.jpg\" alt=\"Pikon catia e Qendres p\u00ebr kultur\u00eb-Ulqin-3\" width=\"508\" height=\"381\" srcset=\"https:\/\/www.visit-ulcinj.com\/blog\/wp-content\/uploads\/2014\/12\/Pikon-catia-e-Qendres-p\u00ebr-kultur\u00eb-Ulqin-3.jpg 960w, https:\/\/www.visit-ulcinj.com\/blog\/wp-content\/uploads\/2014\/12\/Pikon-catia-e-Qendres-p\u00ebr-kultur\u00eb-Ulqin-3-300x225.jpg 300w\" sizes=\"(max-width: 508px) 100vw, 508px\" \/><\/a>Qendra p\u00ebr kultur\u00eb e nd\u00ebrtuar n\u00eb zem\u00ebr t\u00eb qytetit t\u00eb Ulqinit , si dhe objekti i Qendres p\u00ebr kultur\u00eb n\u00eb t\u00eb cil\u00ebn gjendet salla e Ulqinit \u00ebsht\u00eb n\u00eb gjendje t\u00eb mjerueshme, transmetojn mediat nga Ulqini, si dhe mediat malazeze n\u00eb gjuhen shqipe &#8220;Mozaiku&#8221;, gjithashtu i paknaqur edhe regjisori ulqinak Munib Abazi me gjendjen e mjerueshme n\u00eb\u00a0 sallen e qendres per kultur t\u00eb Ulqinit.<\/p>\n<p>Gjendja e mjerueshme n\u00eb qendren e kultu\u00ebs t\u00eb Ulqinit nuk \u00ebsht\u00eb nj\u00eb risi.<br \/>\nAskush nga zyrtar\u00ebt komunal\u00eb t\u00eb komun\u00ebs s\u00eb Ulqinit nuk e di n\u00ebse ky objekt \u2013 n\u00ebn kulmin e t\u00eb cilit veprojn\u00eb sht\u00ebpia e kultur\u00ebs, biblioteka, ansamblet e qytetit, shkolla e muzik\u00ebs, Radio Ulqini etj, \u2013 do t\u00eb rinovohet apo do t\u00eb mbes\u00eb k\u00ebshtu n\u00eb meshir\u00ebn e dikujt.<\/p>\n<p>I gjith\u00eb materiali e inventari i Salles s\u00eb Qendres p\u00ebr kultur\u00eb rrezikohet seriozisht nga uji dhe lag\u00ebshtia q\u00eb rrjedh nga tavani i godin\u00ebs s\u00eb k\u00ebsaj nd\u00ebrtese.<\/p>\n<p>Nd\u00ebrtesa e Qendres p\u00ebr kultur\u00eb n\u00eb qytetin e Ulqinit ka filluar t\u00eb degradohet. Suvaja e jashtme e nd\u00ebrtes\u00ebs ka filluar t\u00eb bjer\u00eb, \u00e7atia pikon, lag\u00ebshtia ka dep\u00ebrtuar n\u00eb brend\u00ebsi, kryesisht n\u00eb pjes\u00ebn e tavanit, nd\u00ebrsa mbulesat prej teneqeje te verandave kane levizur ose jan\u00eb shkulur nga vendi, shprehet regjisori Ulqinak Munib Abazi.<\/p>\n<p>Fotot qe shoqerojne kete shkrim te cilat jane shkrepur nj\u00eb dit\u00eb para ne te vertete japin vetem nje pjesez fare te vogel te pamjes reale te kesaj salle moderne, ku ne sallen e qendres p\u00ebr kultur na priti nje gjendje pothuaj deshpruese ku nuk patem mundesi te benim prova e kjo shkaku i ujit i cili me te madhe pikonte mu ne skene,pra lirisht me \u00e7ader duhej te kalohej atypari, shprehet regjisori Munib Abazi !!!!<\/p>\n<p>P\u00ebr gjendjen e mjerueshme te Qendres p\u00ebr kultur\u00eb, dhe p\u00ebr k\u00ebt\u00eb problem jan t\u00eb njoftuar t\u00eb gjitha strukturat p\u00ebrgjegj\u00ebse, p\u00ebrfshir\u00eb kryetarin e K\u00ebshillit Drejtues dhe drejtorin e Qendr\u00ebs s\u00eb Kultur\u00ebs, n\u00eb kuad\u00ebr t\u00eb s\u00eb cil\u00ebs funksionon kjo sall\u00eb, kryetarin e Komun\u00ebs s\u00eb Ulqinit, kryetarin e Kuvendit t\u00eb Komun\u00ebs s\u00eb Ulqinit, si dhe sekretariatet kompetente pran\u00eb Komun\u00ebs, por deri tani nuk ka marr\u00eb kurrfar\u00eb p\u00ebrgjigjeje, njoftojn mediat nga Ulqini.<\/p>\n<p>Salla e Qendres p\u00ebr kultur p\u00ebr momentin \u00ebsht\u00eb funksionale edhe pse pikon \u00e7atia, e \u00e7ka do b\u00ebhet n\u00eb t\u00eb ardhmen me t\u00eb, a do t\u00eb rinovohet apo do t\u00eb mbes\u00eb k\u00ebshtu si esht\u00eb, nuk\u00a0 dihet, sepse kjo mvaret nga Asambleja komunale e Ulqinit dhe nga ministria perkat\u00ebse e Malit t\u00eb Zi.<\/p>\n<p>E q\u00eb salla e Qendres p\u00ebr kultur i ka pun\u00ebt keq e pohojn edhe fotografit\u00eb, ku edhe p\u00ebrkund\u00ebr k\u00ebsaj, salla e Qendres p\u00ebr kultur e Ulqinit\u00a0 po mbijeton.<\/p>\n<p>Fotografit\u00eb d\u00ebshmojn\u00eb m\u00eb s\u00eb miri gjendjen e mjerueshme n\u00eb t\u00eb cil\u00ebn ndodhet kjo sall\u00eb q\u00eb sot po k\u00ebkon l\u00ebmosh.<\/p>\n<p>Regjisori ulqinak Munib Abazi thot se per mendimin tim me e frytshme do ishte te investohej momentalisht ne qender per kulture, duke riparu keto mungesa, ndri\u00e7imin dhe zerin si dhe fonin ne kete qender,ku eshte e pamundur te behet edhe me e vogla gje pa mjete,se sa te behet pritja e Vitit te Ri, e cila per ulqinaket shum shpejt ka mu harru si t\u00eb ishte nje enderr e keqe!!!<\/p>\n<!--YouTube Error: bad URL entered-->\n\n\t\t<style type=\"text\/css\">\n\t\t\t#gallery-1 {\n\t\t\t\tmargin: auto;\n\t\t\t}\n\t\t\t#gallery-1 .gallery-item {\n\t\t\t\tfloat: left;\n\t\t\t\tmargin-top: 10px;\n\t\t\t\ttext-align: center;\n\t\t\t\twidth: 33%;\n\t\t\t}\n\t\t\t#gallery-1 img {\n\t\t\t\tborder: 2px solid #cfcfcf;\n\t\t\t}\n\t\t\t#gallery-1 .gallery-caption {\n\t\t\t\tmargin-left: 0;\n\t\t\t}\n\t\t\t\/* see gallery_shortcode() in wp-includes\/media.php *\/\n\t\t<\/style>\n\t\t<div id='gallery-1' class='gallery galleryid-87363 gallery-columns-3 gallery-size-thumbnail'><dl class='gallery-item'>\n\t\t\t<dt class='gallery-icon landscape'>\n\t\t\t\t<a href='https:\/\/www.visit-ulcinj.com\/blog\/2014\/12\/29\/skandal-pikon-catia-e-qendres-per-kulture-ne-ulqin-foto\/pikon-catia-e-qendres-per-kulture-ulqin\/'><img width=\"150\" height=\"150\" src=\"https:\/\/www.visit-ulcinj.com\/blog\/wp-content\/uploads\/2014\/12\/Pikon-catia-e-Qendres-p\u00ebr-kultur\u00eb-Ulqin-150x150.jpg\" class=\"attachment-thumbnail size-thumbnail\" alt=\"\" loading=\"lazy\" \/><\/a>\n\t\t\t<\/dt><\/dl><dl class='gallery-item'>\n\t\t\t<dt class='gallery-icon landscape'>\n\t\t\t\t<a href='https:\/\/www.visit-ulcinj.com\/blog\/2014\/12\/29\/skandal-pikon-catia-e-qendres-per-kulture-ne-ulqin-foto\/pikon-catia-e-qendres-per-kulture-ulqin-1\/'><img width=\"150\" height=\"150\" src=\"https:\/\/www.visit-ulcinj.com\/blog\/wp-content\/uploads\/2014\/12\/Pikon-catia-e-Qendres-p\u00ebr-kultur\u00eb-Ulqin-1-150x150.jpg\" class=\"attachment-thumbnail size-thumbnail\" alt=\"\" loading=\"lazy\" \/><\/a>\n\t\t\t<\/dt><\/dl><dl class='gallery-item'>\n\t\t\t<dt class='gallery-icon landscape'>\n\t\t\t\t<a href='https:\/\/www.visit-ulcinj.com\/blog\/2014\/12\/29\/skandal-pikon-catia-e-qendres-per-kulture-ne-ulqin-foto\/pikon-catia-e-qendres-per-kulture-ulqin-2\/'><img width=\"150\" height=\"150\" src=\"https:\/\/www.visit-ulcinj.com\/blog\/wp-content\/uploads\/2014\/12\/Pikon-catia-e-Qendres-p\u00ebr-kultur\u00eb-Ulqin-2-150x150.jpg\" class=\"attachment-thumbnail size-thumbnail\" alt=\"\" loading=\"lazy\" \/><\/a>\n\t\t\t<\/dt><\/dl><br style=\"clear: both\" \/>\n\t\t<\/div>\n\n","protected":false},"excerpt":{"rendered":"<p>Qendra p\u00ebr kultur\u00eb e nd\u00ebrtuar n\u00eb zem\u00ebr t\u00eb qytetit t\u00eb Ulqinit , si dhe objekti i Qendres p\u00ebr kultur\u00eb n\u00eb t\u00eb cil\u00ebn gjendet salla e Ulqinit \u00ebsht\u00eb n\u00eb gjendje t\u00eb mjerueshme, transmetojn mediat nga Ulqini, si dhe mediat malazeze n\u00eb gjuhen shqipe &#8220;Mozaiku&#8221;, gjithashtu i paknaqur edhe regjisori ulqinak Munib Abazi me gjendjen e mjerueshme [&hellip;]<\/p>\n","protected":false},"author":1,"featured_media":0,"comment_status":"closed","ping_status":"closed","sticky":false,"template":"","format":"standard","meta":{"spay_email":"","jetpack_publicize_message":"","jetpack_is_tweetstorm":false,"jetpack_publicize_feature_enabled":true},"categories":[1,14249],"tags":[],"jetpack_publicize_connections":[],"yoast_head":"<!-- This site is optimized with the Yoast SEO plugin v19.1 - https:\/\/yoast.com\/wordpress\/plugins\/seo\/ -->\n<title>Skandal: Pikon \u00e7atia e Qendres p\u00ebr kultur\u00eb n\u00eb Ulqin + Video - Foto - Lajme nga Ulqini<\/title>\n<meta name=\"description\" content=\"Qendra p\u00ebr kultur\u00eb e nd\u00ebrtuar n\u00eb zem\u00ebr t\u00eb qytetit t\u00eb Ulqinit , si dhe objekti i Qendres p\u00ebr kultur\u00eb n\u00eb t\u00eb cil\u00ebn gjendet salla e Ulqinit \u00ebsht\u00eb n\u00eb gjendje\" \/>\n<meta name=\"robots\" content=\"index, follow, max-snippet:-1, max-image-preview:large, max-video-preview:-1\" \/>\n<link rel=\"canonical\" href=\"https:\/\/www.visit-ulcinj.com\/blog\/2014\/12\/29\/skandal-pikon-catia-e-qendres-per-kulture-ne-ulqin-foto\/\" \/>\n<meta property=\"og:locale\" content=\"en_US\" \/>\n<meta property=\"og:type\" content=\"article\" \/>\n<meta property=\"og:title\" content=\"Skandal: Pikon \u00e7atia e Qendres p\u00ebr kultur\u00eb n\u00eb Ulqin + Video - Foto - Lajme nga Ulqini\" \/>\n<meta property=\"og:description\" content=\"Qendra p\u00ebr kultur\u00eb e nd\u00ebrtuar n\u00eb zem\u00ebr t\u00eb qytetit t\u00eb Ulqinit , si dhe objekti i Qendres p\u00ebr kultur\u00eb n\u00eb t\u00eb cil\u00ebn gjendet salla e Ulqinit \u00ebsht\u00eb n\u00eb gjendje\" \/>\n<meta property=\"og:url\" content=\"https:\/\/www.visit-ulcinj.com\/blog\/2014\/12\/29\/skandal-pikon-catia-e-qendres-per-kulture-ne-ulqin-foto\/\" \/>\n<meta property=\"og:site_name\" content=\"Lajme nga Ulqini\" \/>\n<meta property=\"article:published_time\" content=\"2014-12-29T10:14:22+00:00\" \/>\n<meta property=\"article:modified_time\" content=\"2015-01-26T18:11:50+00:00\" \/>\n<meta property=\"og:image\" content=\"https:\/\/www.visit-ulcinj.com\/blog\/wp-content\/uploads\/2014\/12\/Pikon-catia-e-Qendres-p\u00ebr-kultur\u00eb-Ulqin-150x150.jpg\" \/>\n<meta name=\"twitter:label1\" content=\"Written by\" \/>\n\t<meta name=\"twitter:data1\" content=\"ulqini\" \/>\n\t<meta name=\"twitter:label2\" content=\"Est. reading time\" \/>\n\t<meta name=\"twitter:data2\" content=\"3 minutes\" \/>\n<script type=\"application\/ld+json\" class=\"yoast-schema-graph\">{\"@context\":\"https:\/\/schema.org\",\"@graph\":[{\"@type\":\"WebSite\",\"@id\":\"https:\/\/www.visit-ulcinj.com\/blog\/#website\",\"url\":\"https:\/\/www.visit-ulcinj.com\/blog\/\",\"name\":\"Lajme nga Ulqini\",\"description\":\"Lajme,Vijesti,Ulqini,Ulqin,Crna Gora,Mali i Zi\",\"potentialAction\":[{\"@type\":\"SearchAction\",\"target\":{\"@type\":\"EntryPoint\",\"urlTemplate\":\"https:\/\/www.visit-ulcinj.com\/blog\/?s={search_term_string}\"},\"query-input\":\"required name=search_term_string\"}],\"inLanguage\":\"en-US\"},{\"@type\":\"WebPage\",\"@id\":\"https:\/\/www.visit-ulcinj.com\/blog\/2014\/12\/29\/skandal-pikon-catia-e-qendres-per-kulture-ne-ulqin-foto\/#webpage\",\"url\":\"https:\/\/www.visit-ulcinj.com\/blog\/2014\/12\/29\/skandal-pikon-catia-e-qendres-per-kulture-ne-ulqin-foto\/\",\"name\":\"Skandal: Pikon \u00e7atia e Qendres p\u00ebr kultur\u00eb n\u00eb Ulqin + Video - Foto - Lajme nga Ulqini\",\"isPartOf\":{\"@id\":\"https:\/\/www.visit-ulcinj.com\/blog\/#website\"},\"datePublished\":\"2014-12-29T10:14:22+00:00\",\"dateModified\":\"2015-01-26T18:11:50+00:00\",\"author\":{\"@id\":\"https:\/\/www.visit-ulcinj.com\/blog\/#\/schema\/person\/dcab619c614d3038751c63bc2aadc06d\"},\"description\":\"Qendra p\u00ebr kultur\u00eb e nd\u00ebrtuar n\u00eb zem\u00ebr t\u00eb qytetit t\u00eb Ulqinit , si dhe objekti i Qendres p\u00ebr kultur\u00eb n\u00eb t\u00eb cil\u00ebn gjendet salla e Ulqinit \u00ebsht\u00eb n\u00eb gjendje\",\"breadcrumb\":{\"@id\":\"https:\/\/www.visit-ulcinj.com\/blog\/2014\/12\/29\/skandal-pikon-catia-e-qendres-per-kulture-ne-ulqin-foto\/#breadcrumb\"},\"inLanguage\":\"en-US\",\"potentialAction\":[{\"@type\":\"ReadAction\",\"target\":[\"https:\/\/www.visit-ulcinj.com\/blog\/2014\/12\/29\/skandal-pikon-catia-e-qendres-per-kulture-ne-ulqin-foto\/\"]}]},{\"@type\":\"BreadcrumbList\",\"@id\":\"https:\/\/www.visit-ulcinj.com\/blog\/2014\/12\/29\/skandal-pikon-catia-e-qendres-per-kulture-ne-ulqin-foto\/#breadcrumb\",\"itemListElement\":[{\"@type\":\"ListItem\",\"position\":1,\"name\":\"Skandal: Pikon \u00e7atia e Qendres p\u00ebr kultur\u00eb n\u00eb Ulqin + Video &#8211; Foto\"}]},{\"@type\":\"Person\",\"@id\":\"https:\/\/www.visit-ulcinj.com\/blog\/#\/schema\/person\/dcab619c614d3038751c63bc2aadc06d\",\"name\":\"ulqini\",\"sameAs\":[\"http:\/\/www.visit-ulcinj.com\"],\"url\":\"https:\/\/www.visit-ulcinj.com\/blog\/author\/admin\/\"}]}<\/script>\n<!-- \/ Yoast SEO plugin. -->","yoast_head_json":{"title":"Skandal: Pikon \u00e7atia e Qendres p\u00ebr kultur\u00eb n\u00eb Ulqin + Video - Foto - Lajme nga Ulqini","description":"Qendra p\u00ebr kultur\u00eb e nd\u00ebrtuar n\u00eb zem\u00ebr t\u00eb qytetit t\u00eb Ulqinit , si dhe objekti i Qendres p\u00ebr kultur\u00eb n\u00eb t\u00eb cil\u00ebn gjendet salla e Ulqinit \u00ebsht\u00eb n\u00eb gjendje","robots":{"index":"index","follow":"follow","max-snippet":"max-snippet:-1","max-image-preview":"max-image-preview:large","max-video-preview":"max-video-preview:-1"},"canonical":"https:\/\/www.visit-ulcinj.com\/blog\/2014\/12\/29\/skandal-pikon-catia-e-qendres-per-kulture-ne-ulqin-foto\/","og_locale":"en_US","og_type":"article","og_title":"Skandal: Pikon \u00e7atia e Qendres p\u00ebr kultur\u00eb n\u00eb Ulqin + Video - Foto - Lajme nga Ulqini","og_description":"Qendra p\u00ebr kultur\u00eb e nd\u00ebrtuar n\u00eb zem\u00ebr t\u00eb qytetit t\u00eb Ulqinit , si dhe objekti i Qendres p\u00ebr kultur\u00eb n\u00eb t\u00eb cil\u00ebn gjendet salla e Ulqinit \u00ebsht\u00eb n\u00eb gjendje","og_url":"https:\/\/www.visit-ulcinj.com\/blog\/2014\/12\/29\/skandal-pikon-catia-e-qendres-per-kulture-ne-ulqin-foto\/","og_site_name":"Lajme nga Ulqini","article_published_time":"2014-12-29T10:14:22+00:00","article_modified_time":"2015-01-26T18:11:50+00:00","og_image":[{"url":"https:\/\/www.visit-ulcinj.com\/blog\/wp-content\/uploads\/2014\/12\/Pikon-catia-e-Qendres-p\u00ebr-kultur\u00eb-Ulqin-150x150.jpg"}],"twitter_misc":{"Written by":"ulqini","Est. reading time":"3 minutes"},"schema":{"@context":"https:\/\/schema.org","@graph":[{"@type":"WebSite","@id":"https:\/\/www.visit-ulcinj.com\/blog\/#website","url":"https:\/\/www.visit-ulcinj.com\/blog\/","name":"Lajme nga Ulqini","description":"Lajme,Vijesti,Ulqini,Ulqin,Crna Gora,Mali i Zi","potentialAction":[{"@type":"SearchAction","target":{"@type":"EntryPoint","urlTemplate":"https:\/\/www.visit-ulcinj.com\/blog\/?s={search_term_string}"},"query-input":"required name=search_term_string"}],"inLanguage":"en-US"},{"@type":"WebPage","@id":"https:\/\/www.visit-ulcinj.com\/blog\/2014\/12\/29\/skandal-pikon-catia-e-qendres-per-kulture-ne-ulqin-foto\/#webpage","url":"https:\/\/www.visit-ulcinj.com\/blog\/2014\/12\/29\/skandal-pikon-catia-e-qendres-per-kulture-ne-ulqin-foto\/","name":"Skandal: Pikon \u00e7atia e Qendres p\u00ebr kultur\u00eb n\u00eb Ulqin + Video - Foto - Lajme nga Ulqini","isPartOf":{"@id":"https:\/\/www.visit-ulcinj.com\/blog\/#website"},"datePublished":"2014-12-29T10:14:22+00:00","dateModified":"2015-01-26T18:11:50+00:00","author":{"@id":"https:\/\/www.visit-ulcinj.com\/blog\/#\/schema\/person\/dcab619c614d3038751c63bc2aadc06d"},"description":"Qendra p\u00ebr kultur\u00eb e nd\u00ebrtuar n\u00eb zem\u00ebr t\u00eb qytetit t\u00eb Ulqinit , si dhe objekti i Qendres p\u00ebr kultur\u00eb n\u00eb t\u00eb cil\u00ebn gjendet salla e Ulqinit \u00ebsht\u00eb n\u00eb gjendje","breadcrumb":{"@id":"https:\/\/www.visit-ulcinj.com\/blog\/2014\/12\/29\/skandal-pikon-catia-e-qendres-per-kulture-ne-ulqin-foto\/#breadcrumb"},"inLanguage":"en-US","potentialAction":[{"@type":"ReadAction","target":["https:\/\/www.visit-ulcinj.com\/blog\/2014\/12\/29\/skandal-pikon-catia-e-qendres-per-kulture-ne-ulqin-foto\/"]}]},{"@type":"BreadcrumbList","@id":"https:\/\/www.visit-ulcinj.com\/blog\/2014\/12\/29\/skandal-pikon-catia-e-qendres-per-kulture-ne-ulqin-foto\/#breadcrumb","itemListElement":[{"@type":"ListItem","position":1,"name":"Skandal: Pikon \u00e7atia e Qendres p\u00ebr kultur\u00eb n\u00eb Ulqin + Video &#8211; Foto"}]},{"@type":"Person","@id":"https:\/\/www.visit-ulcinj.com\/blog\/#\/schema\/person\/dcab619c614d3038751c63bc2aadc06d","name":"ulqini","sameAs":["http:\/\/www.visit-ulcinj.com"],"url":"https:\/\/www.visit-ulcinj.com\/blog\/author\/admin\/"}]}},"jetpack_featured_media_url":"","jetpack_sharing_enabled":true,"jetpack_shortlink":"https:\/\/wp.me\/pe6lTn-mJ5","_links":{"self":[{"href":"https:\/\/www.visit-ulcinj.com\/blog\/wp-json\/wp\/v2\/posts\/87363"}],"collection":[{"href":"https:\/\/www.visit-ulcinj.com\/blog\/wp-json\/wp\/v2\/posts"}],"about":[{"href":"https:\/\/www.visit-ulcinj.com\/blog\/wp-json\/wp\/v2\/types\/post"}],"author":[{"embeddable":true,"href":"https:\/\/www.visit-ulcinj.com\/blog\/wp-json\/wp\/v2\/users\/1"}],"replies":[{"embeddable":true,"href":"https:\/\/www.visit-ulcinj.com\/blog\/wp-json\/wp\/v2\/comments?post=87363"}],"version-history":[{"count":3,"href":"https:\/\/www.visit-ulcinj.com\/blog\/wp-json\/wp\/v2\/posts\/87363\/revisions"}],"predecessor-version":[{"id":88213,"href":"https:\/\/www.visit-ulcinj.com\/blog\/wp-json\/wp\/v2\/posts\/87363\/revisions\/88213"}],"wp:attachment":[{"href":"https:\/\/www.visit-ulcinj.com\/blog\/wp-json\/wp\/v2\/media?parent=87363"}],"wp:term":[{"taxonomy":"category","embeddable":true,"href":"https:\/\/www.visit-ulcinj.com\/blog\/wp-json\/wp\/v2\/categories?post=87363"},{"taxonomy":"post_tag","embeddable":true,"href":"https:\/\/www.visit-ulcinj.com\/blog\/wp-json\/wp\/v2\/tags?post=87363"}],"curies":[{"name":"wp","href":"https:\/\/api.w.org\/{rel}","templated":true}]}}