{"id":87382,"date":"2014-12-30T09:43:34","date_gmt":"2014-12-30T08:43:34","guid":{"rendered":"http:\/\/www.visit-ulcinj.com\/blog\/?p=87382"},"modified":"2014-12-30T15:56:08","modified_gmt":"2014-12-30T14:56:08","slug":"termet-ne-ulqin-dhe-shqiperi","status":"publish","type":"post","link":"https:\/\/www.visit-ulcinj.com\/blog\/2014\/12\/30\/termet-ne-ulqin-dhe-shqiperi\/","title":{"rendered":"T\u00ebrmet n\u00eb Ulqin dhe Shqip\u00ebri"},"content":{"rendered":"<p><a href=\"http:\/\/www.visit-ulcinj.com\/blog\/wp-content\/uploads\/2014\/12\/T\u00ebrmeti-n\u00eb-Ulqin.gif\"><img loading=\"lazy\" class=\"alignleft wp-image-87383\" src=\"http:\/\/www.visit-ulcinj.com\/blog\/wp-content\/uploads\/2014\/12\/T\u00ebrmeti-n\u00eb-Ulqin.gif\" alt=\"T\u00ebrmeti n\u00eb Ulqin\" width=\"508\" height=\"296\" \/><\/a>Mbrem n\u00eb ora 21:34 n\u00eb komun\u00eb t\u00eb Ulqinit \u00ebsht\u00eb ndjer\u00eb t\u00ebrmeti i fuqis\u00eb s\u00eb mesme.<\/p>\n<p>Sipas t\u00eb dh\u00ebnave t\u00eb Entit sizmologjik t\u00eb Malit t\u00eb Zi epiqendra e t\u00ebrmetit ishte n\u00eb Shqip\u00ebrin\u00eb veriore dhe kishte fuqin\u00eb 4,8 t\u00eb shkall\u00ebs Merkali, gjegj\u00ebsisht 3,3 t\u00eb shkall\u00ebs Rihter.<\/p>\n<p>Nj\u00eb t\u00ebrmet me magnitud\u00eb 4.7 ball\u00eb ndodhi pak minuta m\u00eb par\u00eb duke u ndjer\u00eb n\u00eb rreth gjysm\u00ebn e Shqip\u00ebris\u00eb. Burime zyrtare nga Instituti i Gjeoshkencave n\u00eb Tiran\u00eb i than\u00eb agjencis\u00eb noa.al se t\u00ebrmeti u lokalizua n\u00eb or\u00ebn 21:35 t\u00eb mbr\u00ebmjes s\u00eb sotme n\u00eb detin Adriatik. L\u00ebkundja sizmike ishte e fuqis\u00eb 4.7 ball\u00eb dhe u regjistrua n\u00eb koordinatat 41.66 n\u00eb veri dhe 19.26 n\u00eb lindje me thell\u00ebsi dhjet\u00eb kilometra n\u00eb detin Adriatik. T\u00ebrmeti kishte nj\u00eb rreze larg\u00ebsie 60 kilometra nga Tirana dhe 35 kilometra nga Lezha. Ky t\u00ebrmet u ndje sidomos n\u00eb Tiran\u00eb, Durr\u00ebs, Kavaj\u00eb, Lezh\u00eb, Sh\u00ebngjin dhe zonat e tjera p\u00ebrreth tyre.<\/p>\n<p>Nuk ka raportime p\u00ebr d\u00ebme materiale.<\/p>\n<p><img loading=\"lazy\" class=\"alignnone\" src=\"http:\/\/www.seismo.co.me\/images\/animacija%202005-2010.gif\" alt=\"\" width=\"542\" height=\"420\" \/><\/p>\n","protected":false},"excerpt":{"rendered":"<p>Mbrem n\u00eb ora 21:34 n\u00eb komun\u00eb t\u00eb Ulqinit \u00ebsht\u00eb ndjer\u00eb t\u00ebrmeti i fuqis\u00eb s\u00eb mesme. Sipas t\u00eb dh\u00ebnave t\u00eb Entit sizmologjik t\u00eb Malit t\u00eb Zi epiqendra e t\u00ebrmetit ishte n\u00eb Shqip\u00ebrin\u00eb veriore dhe kishte fuqin\u00eb 4,8 t\u00eb shkall\u00ebs Merkali, gjegj\u00ebsisht 3,3 t\u00eb shkall\u00ebs Rihter. Nj\u00eb t\u00ebrmet me magnitud\u00eb 4.7 ball\u00eb ndodhi pak minuta m\u00eb par\u00eb [&hellip;]<\/p>\n","protected":false},"author":1,"featured_media":0,"comment_status":"closed","ping_status":"closed","sticky":false,"template":"","format":"standard","meta":{"spay_email":"","jetpack_publicize_message":"","jetpack_is_tweetstorm":false,"jetpack_publicize_feature_enabled":true},"categories":[1,6950],"tags":[],"jetpack_publicize_connections":[],"yoast_head":"<!-- This site is optimized with the Yoast SEO plugin v19.1 - https:\/\/yoast.com\/wordpress\/plugins\/seo\/ -->\n<title>T\u00ebrmet n\u00eb Ulqin dhe Shqip\u00ebri - Lajme nga Ulqini<\/title>\n<meta name=\"description\" content=\"Mbrem n\u00eb ora 21:34 n\u00eb komun\u00eb t\u00eb Ulqinit \u00ebsht\u00eb ndjer\u00eb t\u00ebrmeti i fuqis\u00eb s\u00eb mesme. Sipas t\u00eb dh\u00ebnave t\u00eb Entit sizmologjik t\u00eb Malit t\u00eb Zi epiqendra e t\u00ebrmetit\" \/>\n<meta name=\"robots\" content=\"index, follow, max-snippet:-1, max-image-preview:large, max-video-preview:-1\" \/>\n<link rel=\"canonical\" href=\"https:\/\/www.visit-ulcinj.com\/blog\/2014\/12\/30\/termet-ne-ulqin-dhe-shqiperi\/\" \/>\n<meta property=\"og:locale\" content=\"en_US\" \/>\n<meta property=\"og:type\" content=\"article\" \/>\n<meta property=\"og:title\" content=\"T\u00ebrmet n\u00eb Ulqin dhe Shqip\u00ebri - Lajme nga Ulqini\" \/>\n<meta property=\"og:description\" content=\"Mbrem n\u00eb ora 21:34 n\u00eb komun\u00eb t\u00eb Ulqinit \u00ebsht\u00eb ndjer\u00eb t\u00ebrmeti i fuqis\u00eb s\u00eb mesme. Sipas t\u00eb dh\u00ebnave t\u00eb Entit sizmologjik t\u00eb Malit t\u00eb Zi epiqendra e t\u00ebrmetit\" \/>\n<meta property=\"og:url\" content=\"https:\/\/www.visit-ulcinj.com\/blog\/2014\/12\/30\/termet-ne-ulqin-dhe-shqiperi\/\" \/>\n<meta property=\"og:site_name\" content=\"Lajme nga Ulqini\" \/>\n<meta property=\"article:published_time\" content=\"2014-12-30T08:43:34+00:00\" \/>\n<meta property=\"article:modified_time\" content=\"2014-12-30T14:56:08+00:00\" \/>\n<meta property=\"og:image\" content=\"http:\/\/www.seismo.co.me\/images\/animacija%202005-2010.gif\" \/>\n<meta name=\"twitter:label1\" content=\"Written by\" \/>\n\t<meta name=\"twitter:data1\" content=\"ulqini\" \/>\n\t<meta name=\"twitter:label2\" content=\"Est. reading time\" \/>\n\t<meta name=\"twitter:data2\" content=\"1 minute\" \/>\n<script type=\"application\/ld+json\" class=\"yoast-schema-graph\">{\"@context\":\"https:\/\/schema.org\",\"@graph\":[{\"@type\":\"WebSite\",\"@id\":\"https:\/\/www.visit-ulcinj.com\/blog\/#website\",\"url\":\"https:\/\/www.visit-ulcinj.com\/blog\/\",\"name\":\"Lajme nga Ulqini\",\"description\":\"Lajme,Vijesti,Ulqini,Ulqin,Crna Gora,Mali i Zi\",\"potentialAction\":[{\"@type\":\"SearchAction\",\"target\":{\"@type\":\"EntryPoint\",\"urlTemplate\":\"https:\/\/www.visit-ulcinj.com\/blog\/?s={search_term_string}\"},\"query-input\":\"required name=search_term_string\"}],\"inLanguage\":\"en-US\"},{\"@type\":\"ImageObject\",\"inLanguage\":\"en-US\",\"@id\":\"https:\/\/www.visit-ulcinj.com\/blog\/2014\/12\/30\/termet-ne-ulqin-dhe-shqiperi\/#primaryimage\",\"url\":\"http:\/\/www.seismo.co.me\/images\/animacija%202005-2010.gif\",\"contentUrl\":\"http:\/\/www.seismo.co.me\/images\/animacija%202005-2010.gif\"},{\"@type\":\"WebPage\",\"@id\":\"https:\/\/www.visit-ulcinj.com\/blog\/2014\/12\/30\/termet-ne-ulqin-dhe-shqiperi\/#webpage\",\"url\":\"https:\/\/www.visit-ulcinj.com\/blog\/2014\/12\/30\/termet-ne-ulqin-dhe-shqiperi\/\",\"name\":\"T\u00ebrmet n\u00eb Ulqin dhe Shqip\u00ebri - Lajme nga Ulqini\",\"isPartOf\":{\"@id\":\"https:\/\/www.visit-ulcinj.com\/blog\/#website\"},\"primaryImageOfPage\":{\"@id\":\"https:\/\/www.visit-ulcinj.com\/blog\/2014\/12\/30\/termet-ne-ulqin-dhe-shqiperi\/#primaryimage\"},\"datePublished\":\"2014-12-30T08:43:34+00:00\",\"dateModified\":\"2014-12-30T14:56:08+00:00\",\"author\":{\"@id\":\"https:\/\/www.visit-ulcinj.com\/blog\/#\/schema\/person\/dcab619c614d3038751c63bc2aadc06d\"},\"description\":\"Mbrem n\u00eb ora 21:34 n\u00eb komun\u00eb t\u00eb Ulqinit \u00ebsht\u00eb ndjer\u00eb t\u00ebrmeti i fuqis\u00eb s\u00eb mesme. Sipas t\u00eb dh\u00ebnave t\u00eb Entit sizmologjik t\u00eb Malit t\u00eb Zi epiqendra e t\u00ebrmetit\",\"breadcrumb\":{\"@id\":\"https:\/\/www.visit-ulcinj.com\/blog\/2014\/12\/30\/termet-ne-ulqin-dhe-shqiperi\/#breadcrumb\"},\"inLanguage\":\"en-US\",\"potentialAction\":[{\"@type\":\"ReadAction\",\"target\":[\"https:\/\/www.visit-ulcinj.com\/blog\/2014\/12\/30\/termet-ne-ulqin-dhe-shqiperi\/\"]}]},{\"@type\":\"BreadcrumbList\",\"@id\":\"https:\/\/www.visit-ulcinj.com\/blog\/2014\/12\/30\/termet-ne-ulqin-dhe-shqiperi\/#breadcrumb\",\"itemListElement\":[{\"@type\":\"ListItem\",\"position\":1,\"name\":\"T\u00ebrmet n\u00eb Ulqin dhe Shqip\u00ebri\"}]},{\"@type\":\"Person\",\"@id\":\"https:\/\/www.visit-ulcinj.com\/blog\/#\/schema\/person\/dcab619c614d3038751c63bc2aadc06d\",\"name\":\"ulqini\",\"sameAs\":[\"http:\/\/www.visit-ulcinj.com\"],\"url\":\"https:\/\/www.visit-ulcinj.com\/blog\/author\/admin\/\"}]}<\/script>\n<!-- \/ Yoast SEO plugin. -->","yoast_head_json":{"title":"T\u00ebrmet n\u00eb Ulqin dhe Shqip\u00ebri - Lajme nga Ulqini","description":"Mbrem n\u00eb ora 21:34 n\u00eb komun\u00eb t\u00eb Ulqinit \u00ebsht\u00eb ndjer\u00eb t\u00ebrmeti i fuqis\u00eb s\u00eb mesme. Sipas t\u00eb dh\u00ebnave t\u00eb Entit sizmologjik t\u00eb Malit t\u00eb Zi epiqendra e t\u00ebrmetit","robots":{"index":"index","follow":"follow","max-snippet":"max-snippet:-1","max-image-preview":"max-image-preview:large","max-video-preview":"max-video-preview:-1"},"canonical":"https:\/\/www.visit-ulcinj.com\/blog\/2014\/12\/30\/termet-ne-ulqin-dhe-shqiperi\/","og_locale":"en_US","og_type":"article","og_title":"T\u00ebrmet n\u00eb Ulqin dhe Shqip\u00ebri - Lajme nga Ulqini","og_description":"Mbrem n\u00eb ora 21:34 n\u00eb komun\u00eb t\u00eb Ulqinit \u00ebsht\u00eb ndjer\u00eb t\u00ebrmeti i fuqis\u00eb s\u00eb mesme. Sipas t\u00eb dh\u00ebnave t\u00eb Entit sizmologjik t\u00eb Malit t\u00eb Zi epiqendra e t\u00ebrmetit","og_url":"https:\/\/www.visit-ulcinj.com\/blog\/2014\/12\/30\/termet-ne-ulqin-dhe-shqiperi\/","og_site_name":"Lajme nga Ulqini","article_published_time":"2014-12-30T08:43:34+00:00","article_modified_time":"2014-12-30T14:56:08+00:00","og_image":[{"url":"http:\/\/www.seismo.co.me\/images\/animacija%202005-2010.gif"}],"twitter_misc":{"Written by":"ulqini","Est. reading time":"1 minute"},"schema":{"@context":"https:\/\/schema.org","@graph":[{"@type":"WebSite","@id":"https:\/\/www.visit-ulcinj.com\/blog\/#website","url":"https:\/\/www.visit-ulcinj.com\/blog\/","name":"Lajme nga Ulqini","description":"Lajme,Vijesti,Ulqini,Ulqin,Crna Gora,Mali i Zi","potentialAction":[{"@type":"SearchAction","target":{"@type":"EntryPoint","urlTemplate":"https:\/\/www.visit-ulcinj.com\/blog\/?s={search_term_string}"},"query-input":"required name=search_term_string"}],"inLanguage":"en-US"},{"@type":"ImageObject","inLanguage":"en-US","@id":"https:\/\/www.visit-ulcinj.com\/blog\/2014\/12\/30\/termet-ne-ulqin-dhe-shqiperi\/#primaryimage","url":"http:\/\/www.seismo.co.me\/images\/animacija%202005-2010.gif","contentUrl":"http:\/\/www.seismo.co.me\/images\/animacija%202005-2010.gif"},{"@type":"WebPage","@id":"https:\/\/www.visit-ulcinj.com\/blog\/2014\/12\/30\/termet-ne-ulqin-dhe-shqiperi\/#webpage","url":"https:\/\/www.visit-ulcinj.com\/blog\/2014\/12\/30\/termet-ne-ulqin-dhe-shqiperi\/","name":"T\u00ebrmet n\u00eb Ulqin dhe Shqip\u00ebri - Lajme nga Ulqini","isPartOf":{"@id":"https:\/\/www.visit-ulcinj.com\/blog\/#website"},"primaryImageOfPage":{"@id":"https:\/\/www.visit-ulcinj.com\/blog\/2014\/12\/30\/termet-ne-ulqin-dhe-shqiperi\/#primaryimage"},"datePublished":"2014-12-30T08:43:34+00:00","dateModified":"2014-12-30T14:56:08+00:00","author":{"@id":"https:\/\/www.visit-ulcinj.com\/blog\/#\/schema\/person\/dcab619c614d3038751c63bc2aadc06d"},"description":"Mbrem n\u00eb ora 21:34 n\u00eb komun\u00eb t\u00eb Ulqinit \u00ebsht\u00eb ndjer\u00eb t\u00ebrmeti i fuqis\u00eb s\u00eb mesme. Sipas t\u00eb dh\u00ebnave t\u00eb Entit sizmologjik t\u00eb Malit t\u00eb Zi epiqendra e t\u00ebrmetit","breadcrumb":{"@id":"https:\/\/www.visit-ulcinj.com\/blog\/2014\/12\/30\/termet-ne-ulqin-dhe-shqiperi\/#breadcrumb"},"inLanguage":"en-US","potentialAction":[{"@type":"ReadAction","target":["https:\/\/www.visit-ulcinj.com\/blog\/2014\/12\/30\/termet-ne-ulqin-dhe-shqiperi\/"]}]},{"@type":"BreadcrumbList","@id":"https:\/\/www.visit-ulcinj.com\/blog\/2014\/12\/30\/termet-ne-ulqin-dhe-shqiperi\/#breadcrumb","itemListElement":[{"@type":"ListItem","position":1,"name":"T\u00ebrmet n\u00eb Ulqin dhe Shqip\u00ebri"}]},{"@type":"Person","@id":"https:\/\/www.visit-ulcinj.com\/blog\/#\/schema\/person\/dcab619c614d3038751c63bc2aadc06d","name":"ulqini","sameAs":["http:\/\/www.visit-ulcinj.com"],"url":"https:\/\/www.visit-ulcinj.com\/blog\/author\/admin\/"}]}},"jetpack_featured_media_url":"","jetpack_sharing_enabled":true,"jetpack_shortlink":"https:\/\/wp.me\/pe6lTn-mJo","_links":{"self":[{"href":"https:\/\/www.visit-ulcinj.com\/blog\/wp-json\/wp\/v2\/posts\/87382"}],"collection":[{"href":"https:\/\/www.visit-ulcinj.com\/blog\/wp-json\/wp\/v2\/posts"}],"about":[{"href":"https:\/\/www.visit-ulcinj.com\/blog\/wp-json\/wp\/v2\/types\/post"}],"author":[{"embeddable":true,"href":"https:\/\/www.visit-ulcinj.com\/blog\/wp-json\/wp\/v2\/users\/1"}],"replies":[{"embeddable":true,"href":"https:\/\/www.visit-ulcinj.com\/blog\/wp-json\/wp\/v2\/comments?post=87382"}],"version-history":[{"count":3,"href":"https:\/\/www.visit-ulcinj.com\/blog\/wp-json\/wp\/v2\/posts\/87382\/revisions"}],"predecessor-version":[{"id":87386,"href":"https:\/\/www.visit-ulcinj.com\/blog\/wp-json\/wp\/v2\/posts\/87382\/revisions\/87386"}],"wp:attachment":[{"href":"https:\/\/www.visit-ulcinj.com\/blog\/wp-json\/wp\/v2\/media?parent=87382"}],"wp:term":[{"taxonomy":"category","embeddable":true,"href":"https:\/\/www.visit-ulcinj.com\/blog\/wp-json\/wp\/v2\/categories?post=87382"},{"taxonomy":"post_tag","embeddable":true,"href":"https:\/\/www.visit-ulcinj.com\/blog\/wp-json\/wp\/v2\/tags?post=87382"}],"curies":[{"name":"wp","href":"https:\/\/api.w.org\/{rel}","templated":true}]}}