{"id":87387,"date":"2014-12-30T15:54:33","date_gmt":"2014-12-30T14:54:33","guid":{"rendered":"http:\/\/www.visit-ulcinj.com\/blog\/?p=87387"},"modified":"2014-12-31T17:17:54","modified_gmt":"2014-12-31T16:17:54","slug":"nika-nimanbegu-dhe-cakuli-rrezuan-vendimin-e-foshnjores-gjeka-paralajmeron-kunder-pergjigje","status":"publish","type":"post","link":"https:\/\/www.visit-ulcinj.com\/blog\/2014\/12\/30\/nika-nimanbegu-dhe-cakuli-rrezuan-vendimin-e-foshnjores-gjeka-paralajmeron-kunder-pergjigje\/","title":{"rendered":"Nika: Nimanbegu dhe Cakuli rr\u00ebzuan vendimin  e foshnjores &#8211; Gjeka paralajm\u00ebron kund\u00ebr p\u00ebrgjigje"},"content":{"rendered":"<p><strong><a href=\"http:\/\/www.visit-ulcinj.com\/blog\/wp-content\/uploads\/2014\/12\/Cakuli-Cungu-Nimanbegu.jpg\"><img loading=\"lazy\" class=\"alignleft wp-image-87388\" src=\"http:\/\/www.visit-ulcinj.com\/blog\/wp-content\/uploads\/2014\/12\/Cakuli-Cungu-Nimanbegu.jpg\" alt=\"Cakuli-Cungu-Nimanbegu\" width=\"508\" height=\"357\" srcset=\"https:\/\/www.visit-ulcinj.com\/blog\/wp-content\/uploads\/2014\/12\/Cakuli-Cungu-Nimanbegu.jpg 516w, https:\/\/www.visit-ulcinj.com\/blog\/wp-content\/uploads\/2014\/12\/Cakuli-Cungu-Nimanbegu-300x211.jpg 300w\" sizes=\"(max-width: 508px) 100vw, 508px\" \/><\/a>Shkruan Muhamet Nika<\/strong><\/p>\n<p>Debatet n\u00eb kuvendin e Ulqinit t\u00eb dit\u00ebs s\u00eb djeshme nga ana e opozit\u00ebs zbuluan po duket p\u00ebrs\u00ebri t\u00eb \u00e7ara t\u00eb pariparueshme p\u00ebr momentin brenda koalicionit Forca e Re Demokratike \u2013 Partia demokratike. Sidomos kur \u00ebsht\u00eb n\u00eb pyetje funksionimi i \u201c makineris\u00eb votuese\u201d t\u00eb koalicionit Forc\u00eb- Parti Demokratike edhe pse \u201c makineria\u201d n\u00eb mbledhjen paraprake ,kur opozita e kish l\u00ebshuar seanc\u00ebn, funksionoi mrekulluesh\u00ebm dhe p\u00ebr nj\u00eb koh\u00eb rekord i ra q\u00eb p\u00ebr dy or\u00eb jo t\u00eb plota t\u00eb kaloj\u00eb rreth 30 pika t\u00eb rendit t\u00eb dit\u00ebs.<\/p>\n<p>Edhe pse n\u00eb dukje kuvendi ishte tep\u00ebr efikas, ata q\u00eb e prish\u00ebn idilin gjat\u00eb votimit, ishin k\u00ebshilltar\u00ebt e Forc\u00ebs s\u00eb Re, Nimanbegu e Cakuli, q\u00eb ia rr\u00ebzuan vendimin Gjek\u00ebs p\u00ebr foshnjore t\u00eb cil\u00ebn ia kish propozuar kuvendit p\u00ebr miratim. Duke e ditur q\u00eb dit\u00ebn e p\u00ebrmendur t\u00eb votimit, pozita kish vet\u00ebm 17 gishta , kurse dy k\u00ebshilltar\u00ebt e p\u00ebrmendur \u00a0votuan t\u00eb p\u00ebrmbajtur, vendimi p\u00ebr foshnjore nuk kaloi duke rrezikuar q\u00eb kjo pik\u00eb t\u00eb vij\u00eb si mund\u00ebsi p\u00ebrs\u00ebri n\u00eb kuvend , vet\u00ebm pas 6 muajve .<\/p>\n<p>Edhe pse rebelimi i dy k\u00ebshilltar\u00ebve\u00a0\u00a0 gjat\u00eb procesit t\u00eb votimit , nga disa t\u00eb opozit\u00ebs u shpjegua si mos dije dhe injoranc\u00eb e tyre , mendojm\u00eb se kjo nuk q\u00ebndron. Fjala \u00ebsht\u00eb p\u00ebr k\u00ebshilltar\u00eb bukur mir\u00eb t\u00eb informuar q\u00eb kur votojn\u00eb din\u00eb pse votojn\u00eb dhe si votojn\u00eb. P\u00ebr momentin nuk mund t\u00eb flitet sakt\u00eb p\u00ebr motivet e votimit kund\u00ebr t\u00eb k\u00ebshilltar\u00ebve edhe pse dihej q\u00eb p\u00ebr nd\u00ebrtim t\u00eb saj ishin siguruar mjetet nga donacionet e huaja.<\/p>\n<p>Me gjith\u00eb at\u00eb duke mos dashur t\u00eb bim\u00eb n\u00eb nivelin\u201de goj\u00ebve t\u00eb liga dhe thash e themeve\u201d( q\u00eb mund t\u00eb jen\u00eb edhe t\u00eb v\u00ebrteta), rreth motiveve t\u00eb sabotimit t\u00eb vendimit, m\u00ebsohet se kryetari Gjeka do t\u00eb kund\u00ebr p\u00ebrgjigjet, duke e kaluar vendimin e foshnjores edhe me procedur\u00eb t\u00eb jasht\u00ebzakonshme duke votuar at\u00eb, pse jo me opozit\u00eb \u2013 DPS-n\u00eb duke e mbi votuar partnerin?!!! Kjo atij , iu b\u00eb e mundur kur DPS, paralajm\u00ebroi mund\u00ebsin\u00eb e daljes nga ky batak ligjor procedural, me thirrjen e nj\u00eb seance t\u00eb jasht\u00ebzakonshme t\u00eb kuvendit q\u00eb mund\u00ebson kalimin e vendimit cekur .<\/p>\n<p><strong> Dy gj\u00ebra dihen dhe priten t\u00eb jen\u00eb t\u00eb sigurta se do ndodhin rreth k\u00ebtyre dy partive.<\/strong><\/p>\n<p>Gj\u00ebja e par\u00eb q\u00eb ndodhi dhe e cila \u00ebsht\u00eb e sigurt q\u00eb t\u00eb arsyeton para mas\u00ebs , p\u00ebr arsyet e marrjes s\u00eb vendimeve t\u00eb mundshme ekstreme\u00a0\u00a0 t\u00eb cilat te \u00e7ojn\u00eb m\u00eb von\u00eb n\u00eb konfrontime dhe p\u00ebrleshje t\u00eb pa evitueshme \u00ebsht\u00eb \u201c gjetja dhe shpallja e interesit t\u00eb p\u00ebrgjithsh\u00ebm\u201d p\u00ebr t\u00eb cilin ia vlen t\u00eb konfrontohet si parti..<\/p>\n<p>N\u00eb situat\u00ebn ton\u00eb rasti u gjet ?! Dy k\u00ebshilltar\u00ebt e Forc\u00ebs nuk mendojn\u00eb se republik\u00ebs \u2013 ministris\u00eb s\u00eb arsimit duhet t\u2019i jepen nga kryetari Gjeka 2554 metra katror\u00eb falas p\u00ebr t\u00eb nd\u00ebrtuar foshnjoren n\u00eb Ulqin. Nd\u00ebrsa vet\u00eb Gjeka dihet q\u00eb p\u00ebr gj\u00ebra t\u00eb tilla nuk preferon t\u00eb l\u00ebshoj\u00eb pe dhe se do t\u00eb p\u00ebrpiqet t\u00eb disiplinoj\u00eb dy k\u00ebshilltar\u00ebt duke votuar kuptohet \u201cinteresin e p\u00ebrgjithsh\u00ebm\u201d- foshnjoren qoft\u00eb edhe me opozit\u00eb?!!!<\/p>\n<p>E v\u00ebrteta tjet\u00ebr e radh\u00ebs, \u00ebsht\u00eb se Forca nuk e ka sensin e bashkimit t\u00eb aleat\u00ebve t\u00eb saj t\u00eb vegj\u00ebl dhe respektimin e tyre \u00e7ka e d\u00ebshmon prishja me Sinisht\u00ebn ,p\u00ebrkundrejt Gjek\u00ebs i cili nuk i injoron ato dhe intervenon n\u00eb evitim t\u00eb mosmarr\u00ebveshjeve n\u00eb mes tyre. Si p\u00ebr shembull rasti i konfrontimit Bardhi -Nika, rreth ndarjes s\u00eb mandatit t\u00eb deputetit . Me insistimin e Gjek\u00ebs , kriza po duket u kalua dhe me 20 janar Bardhit pritet t\u00eb kthehet edhe nj\u00eb her\u00eb n\u00eb Parlament.<\/p>\n<p>K\u00ebshtu q\u00eb , si\u00e7 u cek- Forca , nuk mendon dhe beson n\u00eb th\u00ebnien e Leonardo Davin\u00e7it se enigma e suksesit \u00ebsht\u00eb te pranimi i asaj q\u00eb thot\u00eb se \u00e7do gj\u00eb \u00ebsht\u00eb e lidhur me \u00e7do gj\u00eb&#8230;?!!! Nisur nga p\u00ebrvoja e ngjarjeve, ky subjekt p\u00ebr pun\u00eb q\u00eb ndodhin jasht\u00eb oborrit t\u00eb saj nuk kujton se i takojn\u00eb edhe asaj t\u2019i zgjidh\u00eb. K\u00ebshtu u pa se edhe nj\u00eb her\u00eb e nj\u00eb koh\u00eb e humbi ashtu kot pushtetin n\u00eb Ulqin, kur lindi mosmarr\u00ebveshja n\u00eb mes t\u00eb PPD-s\u00eb dhe Lidhjes Demokratike, si partnere t\u00eb kualicionit p\u00ebr funksionin e drejtorit t\u00eb komunales, i cili sipas marr\u00ebveshje, i kish takuar\u00a0\u00a0 Prosperitetit, por q\u00eb lidhja nuk e l\u00ebshonte as pas 8 muajve&#8230;.?!!! \u00cbsht\u00eb m\u00eb se e qart\u00eb se ajo nuk dinte ta luante e as q\u00eb di ta luaj rolin e liderit q\u00eb \u00ebsht\u00eb: Fitoj un\u00eb , fiton edhe ti. Duke menduar t\u00eb kund\u00ebrt\u00ebn, q\u00eb ti duhet t\u00eb humb\u00ebsh e un\u00eb duhet t\u00eb fitoj&#8230;?!!!!<\/p>\n","protected":false},"excerpt":{"rendered":"<p>Shkruan Muhamet Nika Debatet n\u00eb kuvendin e Ulqinit t\u00eb dit\u00ebs s\u00eb djeshme nga ana e opozit\u00ebs zbuluan po duket p\u00ebrs\u00ebri t\u00eb \u00e7ara t\u00eb pariparueshme p\u00ebr momentin brenda koalicionit Forca e Re Demokratike \u2013 Partia demokratike. Sidomos kur \u00ebsht\u00eb n\u00eb pyetje funksionimi i \u201c makineris\u00eb votuese\u201d t\u00eb koalicionit Forc\u00eb- Parti Demokratike edhe pse \u201c makineria\u201d n\u00eb [&hellip;]<\/p>\n","protected":false},"author":1,"featured_media":0,"comment_status":"closed","ping_status":"closed","sticky":false,"template":"","format":"standard","meta":{"spay_email":"","jetpack_publicize_message":"","jetpack_is_tweetstorm":false,"jetpack_publicize_feature_enabled":true},"categories":[1,14249],"tags":[],"jetpack_publicize_connections":[],"yoast_head":"<!-- This site is optimized with the Yoast SEO plugin v19.1 - https:\/\/yoast.com\/wordpress\/plugins\/seo\/ -->\n<title>Nika: Nimanbegu dhe Cakuli rr\u00ebzuan vendimin e foshnjores - Gjeka paralajm\u00ebron kund\u00ebr p\u00ebrgjigje - Lajme nga Ulqini<\/title>\n<meta name=\"description\" content=\"Shkruan Muhamet Nika Debatet n\u00eb kuvendin e Ulqinit t\u00eb dit\u00ebs s\u00eb djeshme nga ana e opozit\u00ebs zbuluan po duket p\u00ebrs\u00ebri t\u00eb \u00e7ara t\u00eb pariparueshme p\u00ebr momentin\" \/>\n<meta name=\"robots\" content=\"index, follow, max-snippet:-1, max-image-preview:large, max-video-preview:-1\" \/>\n<link rel=\"canonical\" href=\"https:\/\/www.visit-ulcinj.com\/blog\/2014\/12\/30\/nika-nimanbegu-dhe-cakuli-rrezuan-vendimin-e-foshnjores-gjeka-paralajmeron-kunder-pergjigje\/\" \/>\n<meta property=\"og:locale\" content=\"en_US\" \/>\n<meta property=\"og:type\" content=\"article\" \/>\n<meta property=\"og:title\" content=\"Nika: Nimanbegu dhe Cakuli rr\u00ebzuan vendimin e foshnjores - Gjeka paralajm\u00ebron kund\u00ebr p\u00ebrgjigje - Lajme nga Ulqini\" \/>\n<meta property=\"og:description\" content=\"Shkruan Muhamet Nika Debatet n\u00eb kuvendin e Ulqinit t\u00eb dit\u00ebs s\u00eb djeshme nga ana e opozit\u00ebs zbuluan po duket p\u00ebrs\u00ebri t\u00eb \u00e7ara t\u00eb pariparueshme p\u00ebr momentin\" \/>\n<meta property=\"og:url\" content=\"https:\/\/www.visit-ulcinj.com\/blog\/2014\/12\/30\/nika-nimanbegu-dhe-cakuli-rrezuan-vendimin-e-foshnjores-gjeka-paralajmeron-kunder-pergjigje\/\" \/>\n<meta property=\"og:site_name\" content=\"Lajme nga Ulqini\" \/>\n<meta property=\"article:published_time\" content=\"2014-12-30T14:54:33+00:00\" \/>\n<meta property=\"article:modified_time\" content=\"2014-12-31T16:17:54+00:00\" \/>\n<meta property=\"og:image\" content=\"http:\/\/www.visit-ulcinj.com\/blog\/wp-content\/uploads\/2014\/12\/Cakuli-Cungu-Nimanbegu.jpg\" \/>\n<meta name=\"twitter:label1\" content=\"Written by\" \/>\n\t<meta name=\"twitter:data1\" content=\"ulqini\" \/>\n\t<meta name=\"twitter:label2\" content=\"Est. reading time\" \/>\n\t<meta name=\"twitter:data2\" content=\"4 minutes\" \/>\n<script type=\"application\/ld+json\" class=\"yoast-schema-graph\">{\"@context\":\"https:\/\/schema.org\",\"@graph\":[{\"@type\":\"WebSite\",\"@id\":\"https:\/\/www.visit-ulcinj.com\/blog\/#website\",\"url\":\"https:\/\/www.visit-ulcinj.com\/blog\/\",\"name\":\"Lajme nga Ulqini\",\"description\":\"Lajme,Vijesti,Ulqini,Ulqin,Crna Gora,Mali i Zi\",\"potentialAction\":[{\"@type\":\"SearchAction\",\"target\":{\"@type\":\"EntryPoint\",\"urlTemplate\":\"https:\/\/www.visit-ulcinj.com\/blog\/?s={search_term_string}\"},\"query-input\":\"required name=search_term_string\"}],\"inLanguage\":\"en-US\"},{\"@type\":\"ImageObject\",\"inLanguage\":\"en-US\",\"@id\":\"https:\/\/www.visit-ulcinj.com\/blog\/2014\/12\/30\/nika-nimanbegu-dhe-cakuli-rrezuan-vendimin-e-foshnjores-gjeka-paralajmeron-kunder-pergjigje\/#primaryimage\",\"url\":\"https:\/\/www.visit-ulcinj.com\/blog\/wp-content\/uploads\/2014\/12\/Cakuli-Cungu-Nimanbegu.jpg\",\"contentUrl\":\"https:\/\/www.visit-ulcinj.com\/blog\/wp-content\/uploads\/2014\/12\/Cakuli-Cungu-Nimanbegu.jpg\",\"width\":516,\"height\":363},{\"@type\":\"WebPage\",\"@id\":\"https:\/\/www.visit-ulcinj.com\/blog\/2014\/12\/30\/nika-nimanbegu-dhe-cakuli-rrezuan-vendimin-e-foshnjores-gjeka-paralajmeron-kunder-pergjigje\/#webpage\",\"url\":\"https:\/\/www.visit-ulcinj.com\/blog\/2014\/12\/30\/nika-nimanbegu-dhe-cakuli-rrezuan-vendimin-e-foshnjores-gjeka-paralajmeron-kunder-pergjigje\/\",\"name\":\"Nika: Nimanbegu dhe Cakuli rr\u00ebzuan vendimin e foshnjores - Gjeka paralajm\u00ebron kund\u00ebr p\u00ebrgjigje - Lajme nga Ulqini\",\"isPartOf\":{\"@id\":\"https:\/\/www.visit-ulcinj.com\/blog\/#website\"},\"primaryImageOfPage\":{\"@id\":\"https:\/\/www.visit-ulcinj.com\/blog\/2014\/12\/30\/nika-nimanbegu-dhe-cakuli-rrezuan-vendimin-e-foshnjores-gjeka-paralajmeron-kunder-pergjigje\/#primaryimage\"},\"datePublished\":\"2014-12-30T14:54:33+00:00\",\"dateModified\":\"2014-12-31T16:17:54+00:00\",\"author\":{\"@id\":\"https:\/\/www.visit-ulcinj.com\/blog\/#\/schema\/person\/dcab619c614d3038751c63bc2aadc06d\"},\"description\":\"Shkruan Muhamet Nika Debatet n\u00eb kuvendin e Ulqinit t\u00eb dit\u00ebs s\u00eb djeshme nga ana e opozit\u00ebs zbuluan po duket p\u00ebrs\u00ebri t\u00eb \u00e7ara t\u00eb pariparueshme p\u00ebr momentin\",\"breadcrumb\":{\"@id\":\"https:\/\/www.visit-ulcinj.com\/blog\/2014\/12\/30\/nika-nimanbegu-dhe-cakuli-rrezuan-vendimin-e-foshnjores-gjeka-paralajmeron-kunder-pergjigje\/#breadcrumb\"},\"inLanguage\":\"en-US\",\"potentialAction\":[{\"@type\":\"ReadAction\",\"target\":[\"https:\/\/www.visit-ulcinj.com\/blog\/2014\/12\/30\/nika-nimanbegu-dhe-cakuli-rrezuan-vendimin-e-foshnjores-gjeka-paralajmeron-kunder-pergjigje\/\"]}]},{\"@type\":\"BreadcrumbList\",\"@id\":\"https:\/\/www.visit-ulcinj.com\/blog\/2014\/12\/30\/nika-nimanbegu-dhe-cakuli-rrezuan-vendimin-e-foshnjores-gjeka-paralajmeron-kunder-pergjigje\/#breadcrumb\",\"itemListElement\":[{\"@type\":\"ListItem\",\"position\":1,\"name\":\"Nika: Nimanbegu dhe Cakuli rr\u00ebzuan vendimin e foshnjores &#8211; Gjeka paralajm\u00ebron kund\u00ebr p\u00ebrgjigje\"}]},{\"@type\":\"Person\",\"@id\":\"https:\/\/www.visit-ulcinj.com\/blog\/#\/schema\/person\/dcab619c614d3038751c63bc2aadc06d\",\"name\":\"ulqini\",\"sameAs\":[\"http:\/\/www.visit-ulcinj.com\"],\"url\":\"https:\/\/www.visit-ulcinj.com\/blog\/author\/admin\/\"}]}<\/script>\n<!-- \/ Yoast SEO plugin. -->","yoast_head_json":{"title":"Nika: Nimanbegu dhe Cakuli rr\u00ebzuan vendimin e foshnjores - Gjeka paralajm\u00ebron kund\u00ebr p\u00ebrgjigje - Lajme nga Ulqini","description":"Shkruan Muhamet Nika Debatet n\u00eb kuvendin e Ulqinit t\u00eb dit\u00ebs s\u00eb djeshme nga ana e opozit\u00ebs zbuluan po duket p\u00ebrs\u00ebri t\u00eb \u00e7ara t\u00eb pariparueshme p\u00ebr momentin","robots":{"index":"index","follow":"follow","max-snippet":"max-snippet:-1","max-image-preview":"max-image-preview:large","max-video-preview":"max-video-preview:-1"},"canonical":"https:\/\/www.visit-ulcinj.com\/blog\/2014\/12\/30\/nika-nimanbegu-dhe-cakuli-rrezuan-vendimin-e-foshnjores-gjeka-paralajmeron-kunder-pergjigje\/","og_locale":"en_US","og_type":"article","og_title":"Nika: Nimanbegu dhe Cakuli rr\u00ebzuan vendimin e foshnjores - Gjeka paralajm\u00ebron kund\u00ebr p\u00ebrgjigje - Lajme nga Ulqini","og_description":"Shkruan Muhamet Nika Debatet n\u00eb kuvendin e Ulqinit t\u00eb dit\u00ebs s\u00eb djeshme nga ana e opozit\u00ebs zbuluan po duket p\u00ebrs\u00ebri t\u00eb \u00e7ara t\u00eb pariparueshme p\u00ebr momentin","og_url":"https:\/\/www.visit-ulcinj.com\/blog\/2014\/12\/30\/nika-nimanbegu-dhe-cakuli-rrezuan-vendimin-e-foshnjores-gjeka-paralajmeron-kunder-pergjigje\/","og_site_name":"Lajme nga Ulqini","article_published_time":"2014-12-30T14:54:33+00:00","article_modified_time":"2014-12-31T16:17:54+00:00","og_image":[{"url":"http:\/\/www.visit-ulcinj.com\/blog\/wp-content\/uploads\/2014\/12\/Cakuli-Cungu-Nimanbegu.jpg"}],"twitter_misc":{"Written by":"ulqini","Est. reading time":"4 minutes"},"schema":{"@context":"https:\/\/schema.org","@graph":[{"@type":"WebSite","@id":"https:\/\/www.visit-ulcinj.com\/blog\/#website","url":"https:\/\/www.visit-ulcinj.com\/blog\/","name":"Lajme nga Ulqini","description":"Lajme,Vijesti,Ulqini,Ulqin,Crna Gora,Mali i Zi","potentialAction":[{"@type":"SearchAction","target":{"@type":"EntryPoint","urlTemplate":"https:\/\/www.visit-ulcinj.com\/blog\/?s={search_term_string}"},"query-input":"required name=search_term_string"}],"inLanguage":"en-US"},{"@type":"ImageObject","inLanguage":"en-US","@id":"https:\/\/www.visit-ulcinj.com\/blog\/2014\/12\/30\/nika-nimanbegu-dhe-cakuli-rrezuan-vendimin-e-foshnjores-gjeka-paralajmeron-kunder-pergjigje\/#primaryimage","url":"https:\/\/www.visit-ulcinj.com\/blog\/wp-content\/uploads\/2014\/12\/Cakuli-Cungu-Nimanbegu.jpg","contentUrl":"https:\/\/www.visit-ulcinj.com\/blog\/wp-content\/uploads\/2014\/12\/Cakuli-Cungu-Nimanbegu.jpg","width":516,"height":363},{"@type":"WebPage","@id":"https:\/\/www.visit-ulcinj.com\/blog\/2014\/12\/30\/nika-nimanbegu-dhe-cakuli-rrezuan-vendimin-e-foshnjores-gjeka-paralajmeron-kunder-pergjigje\/#webpage","url":"https:\/\/www.visit-ulcinj.com\/blog\/2014\/12\/30\/nika-nimanbegu-dhe-cakuli-rrezuan-vendimin-e-foshnjores-gjeka-paralajmeron-kunder-pergjigje\/","name":"Nika: Nimanbegu dhe Cakuli rr\u00ebzuan vendimin e foshnjores - Gjeka paralajm\u00ebron kund\u00ebr p\u00ebrgjigje - Lajme nga Ulqini","isPartOf":{"@id":"https:\/\/www.visit-ulcinj.com\/blog\/#website"},"primaryImageOfPage":{"@id":"https:\/\/www.visit-ulcinj.com\/blog\/2014\/12\/30\/nika-nimanbegu-dhe-cakuli-rrezuan-vendimin-e-foshnjores-gjeka-paralajmeron-kunder-pergjigje\/#primaryimage"},"datePublished":"2014-12-30T14:54:33+00:00","dateModified":"2014-12-31T16:17:54+00:00","author":{"@id":"https:\/\/www.visit-ulcinj.com\/blog\/#\/schema\/person\/dcab619c614d3038751c63bc2aadc06d"},"description":"Shkruan Muhamet Nika Debatet n\u00eb kuvendin e Ulqinit t\u00eb dit\u00ebs s\u00eb djeshme nga ana e opozit\u00ebs zbuluan po duket p\u00ebrs\u00ebri t\u00eb \u00e7ara t\u00eb pariparueshme p\u00ebr momentin","breadcrumb":{"@id":"https:\/\/www.visit-ulcinj.com\/blog\/2014\/12\/30\/nika-nimanbegu-dhe-cakuli-rrezuan-vendimin-e-foshnjores-gjeka-paralajmeron-kunder-pergjigje\/#breadcrumb"},"inLanguage":"en-US","potentialAction":[{"@type":"ReadAction","target":["https:\/\/www.visit-ulcinj.com\/blog\/2014\/12\/30\/nika-nimanbegu-dhe-cakuli-rrezuan-vendimin-e-foshnjores-gjeka-paralajmeron-kunder-pergjigje\/"]}]},{"@type":"BreadcrumbList","@id":"https:\/\/www.visit-ulcinj.com\/blog\/2014\/12\/30\/nika-nimanbegu-dhe-cakuli-rrezuan-vendimin-e-foshnjores-gjeka-paralajmeron-kunder-pergjigje\/#breadcrumb","itemListElement":[{"@type":"ListItem","position":1,"name":"Nika: Nimanbegu dhe Cakuli rr\u00ebzuan vendimin e foshnjores &#8211; Gjeka paralajm\u00ebron kund\u00ebr p\u00ebrgjigje"}]},{"@type":"Person","@id":"https:\/\/www.visit-ulcinj.com\/blog\/#\/schema\/person\/dcab619c614d3038751c63bc2aadc06d","name":"ulqini","sameAs":["http:\/\/www.visit-ulcinj.com"],"url":"https:\/\/www.visit-ulcinj.com\/blog\/author\/admin\/"}]}},"jetpack_featured_media_url":"","jetpack_sharing_enabled":true,"jetpack_shortlink":"https:\/\/wp.me\/pe6lTn-mJt","_links":{"self":[{"href":"https:\/\/www.visit-ulcinj.com\/blog\/wp-json\/wp\/v2\/posts\/87387"}],"collection":[{"href":"https:\/\/www.visit-ulcinj.com\/blog\/wp-json\/wp\/v2\/posts"}],"about":[{"href":"https:\/\/www.visit-ulcinj.com\/blog\/wp-json\/wp\/v2\/types\/post"}],"author":[{"embeddable":true,"href":"https:\/\/www.visit-ulcinj.com\/blog\/wp-json\/wp\/v2\/users\/1"}],"replies":[{"embeddable":true,"href":"https:\/\/www.visit-ulcinj.com\/blog\/wp-json\/wp\/v2\/comments?post=87387"}],"version-history":[{"count":1,"href":"https:\/\/www.visit-ulcinj.com\/blog\/wp-json\/wp\/v2\/posts\/87387\/revisions"}],"predecessor-version":[{"id":87389,"href":"https:\/\/www.visit-ulcinj.com\/blog\/wp-json\/wp\/v2\/posts\/87387\/revisions\/87389"}],"wp:attachment":[{"href":"https:\/\/www.visit-ulcinj.com\/blog\/wp-json\/wp\/v2\/media?parent=87387"}],"wp:term":[{"taxonomy":"category","embeddable":true,"href":"https:\/\/www.visit-ulcinj.com\/blog\/wp-json\/wp\/v2\/categories?post=87387"},{"taxonomy":"post_tag","embeddable":true,"href":"https:\/\/www.visit-ulcinj.com\/blog\/wp-json\/wp\/v2\/tags?post=87387"}],"curies":[{"name":"wp","href":"https:\/\/api.w.org\/{rel}","templated":true}]}}