{"id":87396,"date":"2014-12-30T16:19:37","date_gmt":"2014-12-30T15:19:37","guid":{"rendered":"http:\/\/www.visit-ulcinj.com\/blog\/?p=87396"},"modified":"2014-12-30T16:19:37","modified_gmt":"2014-12-30T15:19:37","slug":"memoriam-osman-cungu","status":"publish","type":"post","link":"https:\/\/www.visit-ulcinj.com\/blog\/2014\/12\/30\/memoriam-osman-cungu\/","title":{"rendered":"IN MEMORIAM: Osman Cungu"},"content":{"rendered":"<p><a href=\"http:\/\/www.visit-ulcinj.com\/blog\/wp-content\/uploads\/2014\/12\/Osman-Cungu-Ulqin.jpg\"><img loading=\"lazy\" class=\"alignleft wp-image-87397\" src=\"http:\/\/www.visit-ulcinj.com\/blog\/wp-content\/uploads\/2014\/12\/Osman-Cungu-Ulqin.jpg\" alt=\"Osman-Cungu-Ulqin\" width=\"508\" height=\"381\" srcset=\"https:\/\/www.visit-ulcinj.com\/blog\/wp-content\/uploads\/2014\/12\/Osman-Cungu-Ulqin.jpg 960w, https:\/\/www.visit-ulcinj.com\/blog\/wp-content\/uploads\/2014\/12\/Osman-Cungu-Ulqin-300x225.jpg 300w\" sizes=\"(max-width: 508px) 100vw, 508px\" \/><\/a>T\u00eb stunen, me 27.12.2014 n\u00eb moshen 69 vje\u00e7are ndroi jet\u00eb z. Osman CUNGU n\u00ebjri, nga ajo plejad\u00eb e art\u00eb t\u00eb turizmit ton\u00eb t\u00eb viteve 70 &#8211; 90 t\u00eb shekullit t\u00eb kaluar. Osmani ka ndjek\u00eb shkoll\u00ebn e turizmit ne Opati t\u00eb Kroacis\u00eb, ku edhe \u00ebsht\u00eb b\u00ebr\u00eb spezialist\u00eb n\u00eb l\u00ebmin e tij, dhe pa dyshim ka qen\u00eb nj\u00ebri nd\u00ebr pun\u00ebtor\u00ebt m\u00eb t\u00eb mir\u00eb t\u00eb turizmit ton\u00eb t\u00eb art\u00eb, t\u00eb sherkullit t\u00eb kaluar. N\u00eb hotelin &#8220;Albatros&#8221; ka l\u00ebn\u00eb gjurm\u00eb t\u00eb pashlyer . Osmani ka qen\u00eb i qet\u00eb dhe i mir\u00eb, si\u00e7 t<span class=\"text_exposed_show\">hot\u00eb populli yn\u00eb, gjithmon\u00eb elegant i veshur dhe i qeshur, dhe pa dyshim nj\u00eb nd\u00ebr figurat m\u00eb markante t\u00eb turizmit ton\u00eb. Gjeneratat t\u00eb shumta t\u00eb cil\u00ebt ende punojn\u00eb n\u00eb hotelin &#8220;Albatros&#8221;, dhe t\u00eb cil\u00ebt kan\u00eb m\u00ebsuar prej Osmanit, nuk e kan\u00eb harruar kurr\u00eb. Osman Cungu ka qen\u00eb dhe ka me mbet\u00eb n\u00eb kujtes\u00ebn e atyre t\u00eb cil\u00ebt kan\u00eb punuar me te, si nj\u00eb sinonim, si nj\u00eb shembull\u00eb se si duhet t\u00eb jet\u00eb nj\u00eb pun\u00ebtor i turizmit.<\/span><\/p>\n<div class=\"text_exposed_show\">\n<p>27.12 2014. god. nakon kra\u0107e bolesti u Beogradu je preminuo na\u0161 dragi sugra\u0111anin gospodin Osman CUNGU. Osman je bio jedan od onih turisti\u010dkih radnika koji je radio u hotelu &#8220;Albatros&#8221; u ona zlatna vremena na\u0161eg turizma. On pripada jednoj plejadi turisti\u010dkih radnika \u0161kolovanih u Opatiji u Hrvatskoj. Kasnije je svoje bogato iskustvo ste\u010deno u Opatljii i u inostranstviu, u zemljama njema\u010dkog govornog podru\u010dja, preneo na svoje u\u010denike koji su i danas zahvaljuju\u0107i i Osmanu, jo\u0161 uvijek u hotelu &#8220;Albatros&#8221;. Naravno, danas u druga\u010dijim okolnostima, ali svjesni da znanje dobijeno od Osmana je za sve njih dragocjeno. Osman je bio i ostao sinonim pravog turisti\u010dkog radnika. Uvijek pedatno obu\u010den u crnom odijelu, sa kravatom ili leptir ma\u0161nom, nasmijan i markantan ostavljao je pravi dojam na goste. Zbog Osmana su se mnogi gosti uvijek rado ponovno vra\u0107ali u hotel &#8220;Albatros&#8221;. Osman Cungu je ostavio dubok trag u na\u0161em turizmu, te zbog toga vjerujem da dijelim mi\u0161ljenje ve\u0107ine gra\u0111ana na\u0161eg grada, da se ljudi poput Osmana ne smiju zaboraviti.<\/p>\n<p><strong>Ismet Karamanaga Facebook<\/strong><\/p>\n<\/div>\n","protected":false},"excerpt":{"rendered":"<p>T\u00eb stunen, me 27.12.2014 n\u00eb moshen 69 vje\u00e7are ndroi jet\u00eb z. Osman CUNGU n\u00ebjri, nga ajo plejad\u00eb e art\u00eb t\u00eb turizmit ton\u00eb t\u00eb viteve 70 &#8211; 90 t\u00eb shekullit t\u00eb kaluar. Osmani ka ndjek\u00eb shkoll\u00ebn e turizmit ne Opati t\u00eb Kroacis\u00eb, ku edhe \u00ebsht\u00eb b\u00ebr\u00eb spezialist\u00eb n\u00eb l\u00ebmin e tij, dhe pa dyshim ka qen\u00eb [&hellip;]<\/p>\n","protected":false},"author":1,"featured_media":0,"comment_status":"closed","ping_status":"closed","sticky":false,"template":"","format":"standard","meta":{"spay_email":"","jetpack_publicize_message":"","jetpack_is_tweetstorm":false,"jetpack_publicize_feature_enabled":true},"categories":[6950],"tags":[],"jetpack_publicize_connections":[],"yoast_head":"<!-- This site is optimized with the Yoast SEO plugin v19.1 - https:\/\/yoast.com\/wordpress\/plugins\/seo\/ -->\n<title>IN MEMORIAM: Osman Cungu - Lajme nga Ulqini<\/title>\n<meta name=\"description\" content=\"T\u00eb stunen, me 27.12.2014 n\u00eb moshen 69 vje\u00e7are ndroi jet\u00eb z. Osman CUNGU n\u00ebjri, nga ajo plejad\u00eb e art\u00eb t\u00eb turizmit ton\u00eb t\u00eb viteve 70 - 90 t\u00eb shekullit t\u00eb\" \/>\n<meta name=\"robots\" content=\"index, follow, max-snippet:-1, max-image-preview:large, max-video-preview:-1\" \/>\n<link rel=\"canonical\" href=\"https:\/\/www.visit-ulcinj.com\/blog\/2014\/12\/30\/memoriam-osman-cungu\/\" \/>\n<meta property=\"og:locale\" content=\"en_US\" \/>\n<meta property=\"og:type\" content=\"article\" \/>\n<meta property=\"og:title\" content=\"IN MEMORIAM: Osman Cungu - Lajme nga Ulqini\" \/>\n<meta property=\"og:description\" content=\"T\u00eb stunen, me 27.12.2014 n\u00eb moshen 69 vje\u00e7are ndroi jet\u00eb z. Osman CUNGU n\u00ebjri, nga ajo plejad\u00eb e art\u00eb t\u00eb turizmit ton\u00eb t\u00eb viteve 70 - 90 t\u00eb shekullit t\u00eb\" \/>\n<meta property=\"og:url\" content=\"https:\/\/www.visit-ulcinj.com\/blog\/2014\/12\/30\/memoriam-osman-cungu\/\" \/>\n<meta property=\"og:site_name\" content=\"Lajme nga Ulqini\" \/>\n<meta property=\"article:published_time\" content=\"2014-12-30T15:19:37+00:00\" \/>\n<meta property=\"og:image\" content=\"http:\/\/www.visit-ulcinj.com\/blog\/wp-content\/uploads\/2014\/12\/Osman-Cungu-Ulqin.jpg\" \/>\n<meta name=\"twitter:label1\" content=\"Written by\" \/>\n\t<meta name=\"twitter:data1\" content=\"ulqini\" \/>\n\t<meta name=\"twitter:label2\" content=\"Est. reading time\" \/>\n\t<meta name=\"twitter:data2\" content=\"2 minutes\" \/>\n<script type=\"application\/ld+json\" class=\"yoast-schema-graph\">{\"@context\":\"https:\/\/schema.org\",\"@graph\":[{\"@type\":\"WebSite\",\"@id\":\"https:\/\/www.visit-ulcinj.com\/blog\/#website\",\"url\":\"https:\/\/www.visit-ulcinj.com\/blog\/\",\"name\":\"Lajme nga Ulqini\",\"description\":\"Lajme,Vijesti,Ulqini,Ulqin,Crna Gora,Mali i Zi\",\"potentialAction\":[{\"@type\":\"SearchAction\",\"target\":{\"@type\":\"EntryPoint\",\"urlTemplate\":\"https:\/\/www.visit-ulcinj.com\/blog\/?s={search_term_string}\"},\"query-input\":\"required name=search_term_string\"}],\"inLanguage\":\"en-US\"},{\"@type\":\"ImageObject\",\"inLanguage\":\"en-US\",\"@id\":\"https:\/\/www.visit-ulcinj.com\/blog\/2014\/12\/30\/memoriam-osman-cungu\/#primaryimage\",\"url\":\"https:\/\/www.visit-ulcinj.com\/blog\/wp-content\/uploads\/2014\/12\/Osman-Cungu-Ulqin.jpg\",\"contentUrl\":\"https:\/\/www.visit-ulcinj.com\/blog\/wp-content\/uploads\/2014\/12\/Osman-Cungu-Ulqin.jpg\",\"width\":960,\"height\":720},{\"@type\":\"WebPage\",\"@id\":\"https:\/\/www.visit-ulcinj.com\/blog\/2014\/12\/30\/memoriam-osman-cungu\/#webpage\",\"url\":\"https:\/\/www.visit-ulcinj.com\/blog\/2014\/12\/30\/memoriam-osman-cungu\/\",\"name\":\"IN MEMORIAM: Osman Cungu - Lajme nga Ulqini\",\"isPartOf\":{\"@id\":\"https:\/\/www.visit-ulcinj.com\/blog\/#website\"},\"primaryImageOfPage\":{\"@id\":\"https:\/\/www.visit-ulcinj.com\/blog\/2014\/12\/30\/memoriam-osman-cungu\/#primaryimage\"},\"datePublished\":\"2014-12-30T15:19:37+00:00\",\"dateModified\":\"2014-12-30T15:19:37+00:00\",\"author\":{\"@id\":\"https:\/\/www.visit-ulcinj.com\/blog\/#\/schema\/person\/dcab619c614d3038751c63bc2aadc06d\"},\"description\":\"T\u00eb stunen, me 27.12.2014 n\u00eb moshen 69 vje\u00e7are ndroi jet\u00eb z. Osman CUNGU n\u00ebjri, nga ajo plejad\u00eb e art\u00eb t\u00eb turizmit ton\u00eb t\u00eb viteve 70 - 90 t\u00eb shekullit t\u00eb\",\"breadcrumb\":{\"@id\":\"https:\/\/www.visit-ulcinj.com\/blog\/2014\/12\/30\/memoriam-osman-cungu\/#breadcrumb\"},\"inLanguage\":\"en-US\",\"potentialAction\":[{\"@type\":\"ReadAction\",\"target\":[\"https:\/\/www.visit-ulcinj.com\/blog\/2014\/12\/30\/memoriam-osman-cungu\/\"]}]},{\"@type\":\"BreadcrumbList\",\"@id\":\"https:\/\/www.visit-ulcinj.com\/blog\/2014\/12\/30\/memoriam-osman-cungu\/#breadcrumb\",\"itemListElement\":[{\"@type\":\"ListItem\",\"position\":1,\"name\":\"IN MEMORIAM: Osman Cungu\"}]},{\"@type\":\"Person\",\"@id\":\"https:\/\/www.visit-ulcinj.com\/blog\/#\/schema\/person\/dcab619c614d3038751c63bc2aadc06d\",\"name\":\"ulqini\",\"sameAs\":[\"http:\/\/www.visit-ulcinj.com\"],\"url\":\"https:\/\/www.visit-ulcinj.com\/blog\/author\/admin\/\"}]}<\/script>\n<!-- \/ Yoast SEO plugin. -->","yoast_head_json":{"title":"IN MEMORIAM: Osman Cungu - Lajme nga Ulqini","description":"T\u00eb stunen, me 27.12.2014 n\u00eb moshen 69 vje\u00e7are ndroi jet\u00eb z. Osman CUNGU n\u00ebjri, nga ajo plejad\u00eb e art\u00eb t\u00eb turizmit ton\u00eb t\u00eb viteve 70 - 90 t\u00eb shekullit t\u00eb","robots":{"index":"index","follow":"follow","max-snippet":"max-snippet:-1","max-image-preview":"max-image-preview:large","max-video-preview":"max-video-preview:-1"},"canonical":"https:\/\/www.visit-ulcinj.com\/blog\/2014\/12\/30\/memoriam-osman-cungu\/","og_locale":"en_US","og_type":"article","og_title":"IN MEMORIAM: Osman Cungu - Lajme nga Ulqini","og_description":"T\u00eb stunen, me 27.12.2014 n\u00eb moshen 69 vje\u00e7are ndroi jet\u00eb z. Osman CUNGU n\u00ebjri, nga ajo plejad\u00eb e art\u00eb t\u00eb turizmit ton\u00eb t\u00eb viteve 70 - 90 t\u00eb shekullit t\u00eb","og_url":"https:\/\/www.visit-ulcinj.com\/blog\/2014\/12\/30\/memoriam-osman-cungu\/","og_site_name":"Lajme nga Ulqini","article_published_time":"2014-12-30T15:19:37+00:00","og_image":[{"url":"http:\/\/www.visit-ulcinj.com\/blog\/wp-content\/uploads\/2014\/12\/Osman-Cungu-Ulqin.jpg"}],"twitter_misc":{"Written by":"ulqini","Est. reading time":"2 minutes"},"schema":{"@context":"https:\/\/schema.org","@graph":[{"@type":"WebSite","@id":"https:\/\/www.visit-ulcinj.com\/blog\/#website","url":"https:\/\/www.visit-ulcinj.com\/blog\/","name":"Lajme nga Ulqini","description":"Lajme,Vijesti,Ulqini,Ulqin,Crna Gora,Mali i Zi","potentialAction":[{"@type":"SearchAction","target":{"@type":"EntryPoint","urlTemplate":"https:\/\/www.visit-ulcinj.com\/blog\/?s={search_term_string}"},"query-input":"required name=search_term_string"}],"inLanguage":"en-US"},{"@type":"ImageObject","inLanguage":"en-US","@id":"https:\/\/www.visit-ulcinj.com\/blog\/2014\/12\/30\/memoriam-osman-cungu\/#primaryimage","url":"https:\/\/www.visit-ulcinj.com\/blog\/wp-content\/uploads\/2014\/12\/Osman-Cungu-Ulqin.jpg","contentUrl":"https:\/\/www.visit-ulcinj.com\/blog\/wp-content\/uploads\/2014\/12\/Osman-Cungu-Ulqin.jpg","width":960,"height":720},{"@type":"WebPage","@id":"https:\/\/www.visit-ulcinj.com\/blog\/2014\/12\/30\/memoriam-osman-cungu\/#webpage","url":"https:\/\/www.visit-ulcinj.com\/blog\/2014\/12\/30\/memoriam-osman-cungu\/","name":"IN MEMORIAM: Osman Cungu - Lajme nga Ulqini","isPartOf":{"@id":"https:\/\/www.visit-ulcinj.com\/blog\/#website"},"primaryImageOfPage":{"@id":"https:\/\/www.visit-ulcinj.com\/blog\/2014\/12\/30\/memoriam-osman-cungu\/#primaryimage"},"datePublished":"2014-12-30T15:19:37+00:00","dateModified":"2014-12-30T15:19:37+00:00","author":{"@id":"https:\/\/www.visit-ulcinj.com\/blog\/#\/schema\/person\/dcab619c614d3038751c63bc2aadc06d"},"description":"T\u00eb stunen, me 27.12.2014 n\u00eb moshen 69 vje\u00e7are ndroi jet\u00eb z. Osman CUNGU n\u00ebjri, nga ajo plejad\u00eb e art\u00eb t\u00eb turizmit ton\u00eb t\u00eb viteve 70 - 90 t\u00eb shekullit t\u00eb","breadcrumb":{"@id":"https:\/\/www.visit-ulcinj.com\/blog\/2014\/12\/30\/memoriam-osman-cungu\/#breadcrumb"},"inLanguage":"en-US","potentialAction":[{"@type":"ReadAction","target":["https:\/\/www.visit-ulcinj.com\/blog\/2014\/12\/30\/memoriam-osman-cungu\/"]}]},{"@type":"BreadcrumbList","@id":"https:\/\/www.visit-ulcinj.com\/blog\/2014\/12\/30\/memoriam-osman-cungu\/#breadcrumb","itemListElement":[{"@type":"ListItem","position":1,"name":"IN MEMORIAM: Osman Cungu"}]},{"@type":"Person","@id":"https:\/\/www.visit-ulcinj.com\/blog\/#\/schema\/person\/dcab619c614d3038751c63bc2aadc06d","name":"ulqini","sameAs":["http:\/\/www.visit-ulcinj.com"],"url":"https:\/\/www.visit-ulcinj.com\/blog\/author\/admin\/"}]}},"jetpack_featured_media_url":"","jetpack_sharing_enabled":true,"jetpack_shortlink":"https:\/\/wp.me\/pe6lTn-mJC","_links":{"self":[{"href":"https:\/\/www.visit-ulcinj.com\/blog\/wp-json\/wp\/v2\/posts\/87396"}],"collection":[{"href":"https:\/\/www.visit-ulcinj.com\/blog\/wp-json\/wp\/v2\/posts"}],"about":[{"href":"https:\/\/www.visit-ulcinj.com\/blog\/wp-json\/wp\/v2\/types\/post"}],"author":[{"embeddable":true,"href":"https:\/\/www.visit-ulcinj.com\/blog\/wp-json\/wp\/v2\/users\/1"}],"replies":[{"embeddable":true,"href":"https:\/\/www.visit-ulcinj.com\/blog\/wp-json\/wp\/v2\/comments?post=87396"}],"version-history":[{"count":1,"href":"https:\/\/www.visit-ulcinj.com\/blog\/wp-json\/wp\/v2\/posts\/87396\/revisions"}],"predecessor-version":[{"id":87398,"href":"https:\/\/www.visit-ulcinj.com\/blog\/wp-json\/wp\/v2\/posts\/87396\/revisions\/87398"}],"wp:attachment":[{"href":"https:\/\/www.visit-ulcinj.com\/blog\/wp-json\/wp\/v2\/media?parent=87396"}],"wp:term":[{"taxonomy":"category","embeddable":true,"href":"https:\/\/www.visit-ulcinj.com\/blog\/wp-json\/wp\/v2\/categories?post=87396"},{"taxonomy":"post_tag","embeddable":true,"href":"https:\/\/www.visit-ulcinj.com\/blog\/wp-json\/wp\/v2\/tags?post=87396"}],"curies":[{"name":"wp","href":"https:\/\/api.w.org\/{rel}","templated":true}]}}