{"id":87399,"date":"2014-12-30T18:27:20","date_gmt":"2014-12-30T17:27:20","guid":{"rendered":"http:\/\/www.visit-ulcinj.com\/blog\/?p=87399"},"modified":"2014-12-30T18:27:20","modified_gmt":"2014-12-30T17:27:20","slug":"taci-sredinom-januara-u-crnoj-gori","status":"publish","type":"post","link":"https:\/\/www.visit-ulcinj.com\/blog\/2014\/12\/30\/taci-sredinom-januara-u-crnoj-gori\/","title":{"rendered":"Ta\u010di sredinom januara u Crnoj Gori"},"content":{"rendered":"<p><a href=\"http:\/\/www.visit-ulcinj.com\/blog\/wp-content\/uploads\/2014\/12\/Hashim_Thaci_Misioni_i_RI.jpg\"><img loading=\"lazy\" class=\"alignleft wp-image-87400\" src=\"http:\/\/www.visit-ulcinj.com\/blog\/wp-content\/uploads\/2014\/12\/Hashim_Thaci_Misioni_i_RI.jpg\" alt=\"Hashim_Thaci_Misioni_i_RI\" width=\"508\" height=\"456\" \/><\/a>Potpredsjednik Vlade i ministar vanjskih poslova Kosova Ha\u0161im Ta\u010di boravi\u0107e sredinom januara u zvani\u010dnoj posjeti Crnoj Gori, saznaje portal Ul-info.<\/p>\n<div class=\"body-text\">\n<p>On \u0107e u Podgoricu sti\u0107i 15. januara kao gost crnogorskog \u0161efa diplomatije Igora Luk\u0161i\u0107a, a primi\u0107e ga i najvi\u0161i crnogorski zvani\u010dnici: predsjednik dr\u017eave Filip Vujanovi\u0107,\u00a0premijer Milo \u0110ukanovi\u0107 i\u00a0predsjednik parlamenta Ranko Krivokapi\u0107.<\/p>\n<p>Ta\u010di \u0107e dan kasnije posjetiti Ulcinj gdje \u0107e razgovarati sa predsjednikom Op\u0161tine Fatmirom \u0110ekom.<\/p>\n<p>&nbsp;<\/p>\n<\/div>\n","protected":false},"excerpt":{"rendered":"<p>Potpredsjednik Vlade i ministar vanjskih poslova Kosova Ha\u0161im Ta\u010di boravi\u0107e sredinom januara u zvani\u010dnoj posjeti Crnoj Gori, saznaje portal Ul-info. On \u0107e u Podgoricu sti\u0107i 15. januara kao gost crnogorskog \u0161efa diplomatije Igora Luk\u0161i\u0107a, a primi\u0107e ga i najvi\u0161i crnogorski zvani\u010dnici: predsjednik dr\u017eave Filip Vujanovi\u0107,\u00a0premijer Milo \u0110ukanovi\u0107 i\u00a0predsjednik parlamenta Ranko Krivokapi\u0107. Ta\u010di \u0107e dan kasnije [&hellip;]<\/p>\n","protected":false},"author":1,"featured_media":0,"comment_status":"closed","ping_status":"closed","sticky":false,"template":"","format":"standard","meta":{"spay_email":"","jetpack_publicize_message":"","jetpack_is_tweetstorm":false,"jetpack_publicize_feature_enabled":true},"categories":[8337],"tags":[],"jetpack_publicize_connections":[],"yoast_head":"<!-- This site is optimized with the Yoast SEO plugin v19.1 - https:\/\/yoast.com\/wordpress\/plugins\/seo\/ -->\n<title>Ta\u010di sredinom januara u Crnoj Gori - Lajme nga Ulqini<\/title>\n<meta name=\"description\" content=\"Potpredsjednik Vlade i ministar vanjskih poslova Kosova Ha\u0161im Ta\u010di boravi\u0107e sredinom januara u zvani\u010dnoj posjeti Crnoj Gori, saznaje portal Ul-info. On \u0107e\" \/>\n<meta name=\"robots\" content=\"index, follow, max-snippet:-1, max-image-preview:large, max-video-preview:-1\" \/>\n<link rel=\"canonical\" href=\"https:\/\/www.visit-ulcinj.com\/blog\/2014\/12\/30\/taci-sredinom-januara-u-crnoj-gori\/\" \/>\n<meta property=\"og:locale\" content=\"en_US\" \/>\n<meta property=\"og:type\" content=\"article\" \/>\n<meta property=\"og:title\" content=\"Ta\u010di sredinom januara u Crnoj Gori - Lajme nga Ulqini\" \/>\n<meta property=\"og:description\" content=\"Potpredsjednik Vlade i ministar vanjskih poslova Kosova Ha\u0161im Ta\u010di boravi\u0107e sredinom januara u zvani\u010dnoj posjeti Crnoj Gori, saznaje portal Ul-info. On \u0107e\" \/>\n<meta property=\"og:url\" content=\"https:\/\/www.visit-ulcinj.com\/blog\/2014\/12\/30\/taci-sredinom-januara-u-crnoj-gori\/\" \/>\n<meta property=\"og:site_name\" content=\"Lajme nga Ulqini\" \/>\n<meta property=\"article:published_time\" content=\"2014-12-30T17:27:20+00:00\" \/>\n<meta property=\"og:image\" content=\"http:\/\/www.visit-ulcinj.com\/blog\/wp-content\/uploads\/2014\/12\/Hashim_Thaci_Misioni_i_RI.jpg\" \/>\n<meta name=\"twitter:label1\" content=\"Written by\" \/>\n\t<meta name=\"twitter:data1\" content=\"ulqini\" \/>\n<script type=\"application\/ld+json\" class=\"yoast-schema-graph\">{\"@context\":\"https:\/\/schema.org\",\"@graph\":[{\"@type\":\"WebSite\",\"@id\":\"https:\/\/www.visit-ulcinj.com\/blog\/#website\",\"url\":\"https:\/\/www.visit-ulcinj.com\/blog\/\",\"name\":\"Lajme nga Ulqini\",\"description\":\"Lajme,Vijesti,Ulqini,Ulqin,Crna Gora,Mali i Zi\",\"potentialAction\":[{\"@type\":\"SearchAction\",\"target\":{\"@type\":\"EntryPoint\",\"urlTemplate\":\"https:\/\/www.visit-ulcinj.com\/blog\/?s={search_term_string}\"},\"query-input\":\"required name=search_term_string\"}],\"inLanguage\":\"en-US\"},{\"@type\":\"ImageObject\",\"inLanguage\":\"en-US\",\"@id\":\"https:\/\/www.visit-ulcinj.com\/blog\/2014\/12\/30\/taci-sredinom-januara-u-crnoj-gori\/#primaryimage\",\"url\":\"http:\/\/www.visit-ulcinj.com\/blog\/wp-content\/uploads\/2014\/12\/Hashim_Thaci_Misioni_i_RI.jpg\",\"contentUrl\":\"http:\/\/www.visit-ulcinj.com\/blog\/wp-content\/uploads\/2014\/12\/Hashim_Thaci_Misioni_i_RI.jpg\"},{\"@type\":\"WebPage\",\"@id\":\"https:\/\/www.visit-ulcinj.com\/blog\/2014\/12\/30\/taci-sredinom-januara-u-crnoj-gori\/#webpage\",\"url\":\"https:\/\/www.visit-ulcinj.com\/blog\/2014\/12\/30\/taci-sredinom-januara-u-crnoj-gori\/\",\"name\":\"Ta\u010di sredinom januara u Crnoj Gori - Lajme nga Ulqini\",\"isPartOf\":{\"@id\":\"https:\/\/www.visit-ulcinj.com\/blog\/#website\"},\"primaryImageOfPage\":{\"@id\":\"https:\/\/www.visit-ulcinj.com\/blog\/2014\/12\/30\/taci-sredinom-januara-u-crnoj-gori\/#primaryimage\"},\"datePublished\":\"2014-12-30T17:27:20+00:00\",\"dateModified\":\"2014-12-30T17:27:20+00:00\",\"author\":{\"@id\":\"https:\/\/www.visit-ulcinj.com\/blog\/#\/schema\/person\/dcab619c614d3038751c63bc2aadc06d\"},\"description\":\"Potpredsjednik Vlade i ministar vanjskih poslova Kosova Ha\u0161im Ta\u010di boravi\u0107e sredinom januara u zvani\u010dnoj posjeti Crnoj Gori, saznaje portal Ul-info. On \u0107e\",\"breadcrumb\":{\"@id\":\"https:\/\/www.visit-ulcinj.com\/blog\/2014\/12\/30\/taci-sredinom-januara-u-crnoj-gori\/#breadcrumb\"},\"inLanguage\":\"en-US\",\"potentialAction\":[{\"@type\":\"ReadAction\",\"target\":[\"https:\/\/www.visit-ulcinj.com\/blog\/2014\/12\/30\/taci-sredinom-januara-u-crnoj-gori\/\"]}]},{\"@type\":\"BreadcrumbList\",\"@id\":\"https:\/\/www.visit-ulcinj.com\/blog\/2014\/12\/30\/taci-sredinom-januara-u-crnoj-gori\/#breadcrumb\",\"itemListElement\":[{\"@type\":\"ListItem\",\"position\":1,\"name\":\"Ta\u010di sredinom januara u Crnoj Gori\"}]},{\"@type\":\"Person\",\"@id\":\"https:\/\/www.visit-ulcinj.com\/blog\/#\/schema\/person\/dcab619c614d3038751c63bc2aadc06d\",\"name\":\"ulqini\",\"sameAs\":[\"http:\/\/www.visit-ulcinj.com\"],\"url\":\"https:\/\/www.visit-ulcinj.com\/blog\/author\/admin\/\"}]}<\/script>\n<!-- \/ Yoast SEO plugin. -->","yoast_head_json":{"title":"Ta\u010di sredinom januara u Crnoj Gori - Lajme nga Ulqini","description":"Potpredsjednik Vlade i ministar vanjskih poslova Kosova Ha\u0161im Ta\u010di boravi\u0107e sredinom januara u zvani\u010dnoj posjeti Crnoj Gori, saznaje portal Ul-info. On \u0107e","robots":{"index":"index","follow":"follow","max-snippet":"max-snippet:-1","max-image-preview":"max-image-preview:large","max-video-preview":"max-video-preview:-1"},"canonical":"https:\/\/www.visit-ulcinj.com\/blog\/2014\/12\/30\/taci-sredinom-januara-u-crnoj-gori\/","og_locale":"en_US","og_type":"article","og_title":"Ta\u010di sredinom januara u Crnoj Gori - Lajme nga Ulqini","og_description":"Potpredsjednik Vlade i ministar vanjskih poslova Kosova Ha\u0161im Ta\u010di boravi\u0107e sredinom januara u zvani\u010dnoj posjeti Crnoj Gori, saznaje portal Ul-info. On \u0107e","og_url":"https:\/\/www.visit-ulcinj.com\/blog\/2014\/12\/30\/taci-sredinom-januara-u-crnoj-gori\/","og_site_name":"Lajme nga Ulqini","article_published_time":"2014-12-30T17:27:20+00:00","og_image":[{"url":"http:\/\/www.visit-ulcinj.com\/blog\/wp-content\/uploads\/2014\/12\/Hashim_Thaci_Misioni_i_RI.jpg"}],"twitter_misc":{"Written by":"ulqini"},"schema":{"@context":"https:\/\/schema.org","@graph":[{"@type":"WebSite","@id":"https:\/\/www.visit-ulcinj.com\/blog\/#website","url":"https:\/\/www.visit-ulcinj.com\/blog\/","name":"Lajme nga Ulqini","description":"Lajme,Vijesti,Ulqini,Ulqin,Crna Gora,Mali i Zi","potentialAction":[{"@type":"SearchAction","target":{"@type":"EntryPoint","urlTemplate":"https:\/\/www.visit-ulcinj.com\/blog\/?s={search_term_string}"},"query-input":"required name=search_term_string"}],"inLanguage":"en-US"},{"@type":"ImageObject","inLanguage":"en-US","@id":"https:\/\/www.visit-ulcinj.com\/blog\/2014\/12\/30\/taci-sredinom-januara-u-crnoj-gori\/#primaryimage","url":"http:\/\/www.visit-ulcinj.com\/blog\/wp-content\/uploads\/2014\/12\/Hashim_Thaci_Misioni_i_RI.jpg","contentUrl":"http:\/\/www.visit-ulcinj.com\/blog\/wp-content\/uploads\/2014\/12\/Hashim_Thaci_Misioni_i_RI.jpg"},{"@type":"WebPage","@id":"https:\/\/www.visit-ulcinj.com\/blog\/2014\/12\/30\/taci-sredinom-januara-u-crnoj-gori\/#webpage","url":"https:\/\/www.visit-ulcinj.com\/blog\/2014\/12\/30\/taci-sredinom-januara-u-crnoj-gori\/","name":"Ta\u010di sredinom januara u Crnoj Gori - Lajme nga Ulqini","isPartOf":{"@id":"https:\/\/www.visit-ulcinj.com\/blog\/#website"},"primaryImageOfPage":{"@id":"https:\/\/www.visit-ulcinj.com\/blog\/2014\/12\/30\/taci-sredinom-januara-u-crnoj-gori\/#primaryimage"},"datePublished":"2014-12-30T17:27:20+00:00","dateModified":"2014-12-30T17:27:20+00:00","author":{"@id":"https:\/\/www.visit-ulcinj.com\/blog\/#\/schema\/person\/dcab619c614d3038751c63bc2aadc06d"},"description":"Potpredsjednik Vlade i ministar vanjskih poslova Kosova Ha\u0161im Ta\u010di boravi\u0107e sredinom januara u zvani\u010dnoj posjeti Crnoj Gori, saznaje portal Ul-info. On \u0107e","breadcrumb":{"@id":"https:\/\/www.visit-ulcinj.com\/blog\/2014\/12\/30\/taci-sredinom-januara-u-crnoj-gori\/#breadcrumb"},"inLanguage":"en-US","potentialAction":[{"@type":"ReadAction","target":["https:\/\/www.visit-ulcinj.com\/blog\/2014\/12\/30\/taci-sredinom-januara-u-crnoj-gori\/"]}]},{"@type":"BreadcrumbList","@id":"https:\/\/www.visit-ulcinj.com\/blog\/2014\/12\/30\/taci-sredinom-januara-u-crnoj-gori\/#breadcrumb","itemListElement":[{"@type":"ListItem","position":1,"name":"Ta\u010di sredinom januara u Crnoj Gori"}]},{"@type":"Person","@id":"https:\/\/www.visit-ulcinj.com\/blog\/#\/schema\/person\/dcab619c614d3038751c63bc2aadc06d","name":"ulqini","sameAs":["http:\/\/www.visit-ulcinj.com"],"url":"https:\/\/www.visit-ulcinj.com\/blog\/author\/admin\/"}]}},"jetpack_featured_media_url":"","jetpack_sharing_enabled":true,"jetpack_shortlink":"https:\/\/wp.me\/pe6lTn-mJF","_links":{"self":[{"href":"https:\/\/www.visit-ulcinj.com\/blog\/wp-json\/wp\/v2\/posts\/87399"}],"collection":[{"href":"https:\/\/www.visit-ulcinj.com\/blog\/wp-json\/wp\/v2\/posts"}],"about":[{"href":"https:\/\/www.visit-ulcinj.com\/blog\/wp-json\/wp\/v2\/types\/post"}],"author":[{"embeddable":true,"href":"https:\/\/www.visit-ulcinj.com\/blog\/wp-json\/wp\/v2\/users\/1"}],"replies":[{"embeddable":true,"href":"https:\/\/www.visit-ulcinj.com\/blog\/wp-json\/wp\/v2\/comments?post=87399"}],"version-history":[{"count":1,"href":"https:\/\/www.visit-ulcinj.com\/blog\/wp-json\/wp\/v2\/posts\/87399\/revisions"}],"predecessor-version":[{"id":87401,"href":"https:\/\/www.visit-ulcinj.com\/blog\/wp-json\/wp\/v2\/posts\/87399\/revisions\/87401"}],"wp:attachment":[{"href":"https:\/\/www.visit-ulcinj.com\/blog\/wp-json\/wp\/v2\/media?parent=87399"}],"wp:term":[{"taxonomy":"category","embeddable":true,"href":"https:\/\/www.visit-ulcinj.com\/blog\/wp-json\/wp\/v2\/categories?post=87399"},{"taxonomy":"post_tag","embeddable":true,"href":"https:\/\/www.visit-ulcinj.com\/blog\/wp-json\/wp\/v2\/tags?post=87399"}],"curies":[{"name":"wp","href":"https:\/\/api.w.org\/{rel}","templated":true}]}}