{"id":87409,"date":"2014-12-31T16:53:48","date_gmt":"2014-12-31T15:53:48","guid":{"rendered":"http:\/\/www.visit-ulcinj.com\/blog\/?p=87409"},"modified":"2014-12-31T16:54:20","modified_gmt":"2014-12-31T15:54:20","slug":"urim-per-vitin-e-ri-2015-mdehmet-bardhi-kryetar-ld-ne-mz","status":"publish","type":"post","link":"https:\/\/www.visit-ulcinj.com\/blog\/2014\/12\/31\/urim-per-vitin-e-ri-2015-mdehmet-bardhi-kryetar-ld-ne-mz\/","title":{"rendered":"Urim p\u00ebr vitin e ri 2015 &#8211; Mdehmet Bardhi, kryetar i LD n\u00eb MZ"},"content":{"rendered":"<p style=\"text-align: center;\"><strong><a href=\"http:\/\/www.visit-ulcinj.com\/blog\/wp-content\/uploads\/2012\/10\/LDMZ-URIME-KURBAN-BAJRAMI.jpg\"><img loading=\"lazy\" class=\"alignleft wp-image-65077 size-thumbnail\" src=\"http:\/\/www.visit-ulcinj.com\/blog\/wp-content\/uploads\/2012\/10\/LDMZ-URIME-KURBAN-BAJRAMI-150x150.jpg\" alt=\"LDMZ -URIME KURBAN BAJRAMI\" width=\"150\" height=\"150\" \/><\/a>URIM P\u00cbR VITIN E RI 2015<\/strong><\/p>\n<p>&nbsp;<\/p>\n<p>&nbsp;<\/p>\n<p>Qytetare dhe qytetar\u00eb,<\/p>\n<p>T\u00eb nderuara an\u00ebtare e an\u00ebtar\u00eb dhe p\u00ebrkrah\u00ebs t\u00eb LD n\u00eb MZ,<\/p>\n<p>&nbsp;<\/p>\n<p>N\u00eb em\u00ebr t\u00eb Lidhjes Demokratike n\u00eb Mal t\u00eb Zi , me rastin e VITIT T\u00cb RI 2015, m\u00eb lejoni t\u2019ju d\u00ebrgoj URIMET m\u00eb t\u00eb ngrohta e t\u00eb p\u00ebrzem\u00ebrta, kudo q\u00eb gjindeni, n\u00eb atdhe &#8211; pa t\u00ebrheq\u00eb kufij, si edhe bashk\u00ebatdhetar\u00ebve n\u00eb diaspor\u00eb: n\u00eb Evrop\u00eb, Amerik\u00eb, Australi etj.<\/p>\n<p>&nbsp;<\/p>\n<p>Le t\u2019u sjell\u00eb KY VIT I RI sh\u00ebndet, begati, mir\u00ebqenie dhe p\u00ebrparim n\u00eb pun\u00eb e n\u00eb familje.<\/p>\n<p>&nbsp;<\/p>\n<p>Gjithmon\u00eb, \u00e7do dit\u00eb e \u00e7do nat\u00eb e pritshi me g\u00ebzime.<\/p>\n<p>&nbsp;<\/p>\n<p>Le t\u2019i dalim zot vet\u00ebs, t\u00eb vet\u00ebs, me pun\u00eb, dije e men\u00e7uri dhe ndershm\u00ebri, me vet\u00ebdije t\u00eb plot\u00eb e p\u00ebrkushtim pa l\u00ebn\u00eb anash, p\u00ebr asnj\u00eb \u00e7ast, interesat e p\u00ebrgjithshme komb\u00ebtare e zhvillimet demokratike si dhe mir\u00ebqenien sociale e ekonomike.<\/p>\n<p>&nbsp;<\/p>\n<p><strong>G\u00ebzuar dhe U R I M E!<\/strong><\/p>\n<p>&nbsp;<\/p>\n<p>Mdehmet Bardhi, profesor, kryetar i LD n\u00eb MZ<\/p>\n","protected":false},"excerpt":{"rendered":"<p>URIM P\u00cbR VITIN E RI 2015 &nbsp; &nbsp; Qytetare dhe qytetar\u00eb, T\u00eb nderuara an\u00ebtare e an\u00ebtar\u00eb dhe p\u00ebrkrah\u00ebs t\u00eb LD n\u00eb MZ, &nbsp; N\u00eb em\u00ebr t\u00eb Lidhjes Demokratike n\u00eb Mal t\u00eb Zi , me rastin e VITIT T\u00cb RI 2015, m\u00eb lejoni t\u2019ju d\u00ebrgoj URIMET m\u00eb t\u00eb ngrohta e t\u00eb p\u00ebrzem\u00ebrta, kudo q\u00eb gjindeni, n\u00eb [&hellip;]<\/p>\n","protected":false},"author":1,"featured_media":0,"comment_status":"closed","ping_status":"closed","sticky":false,"template":"","format":"standard","meta":{"spay_email":"","jetpack_publicize_message":"","jetpack_is_tweetstorm":false,"jetpack_publicize_feature_enabled":true},"categories":[1],"tags":[],"jetpack_publicize_connections":[],"yoast_head":"<!-- This site is optimized with the Yoast SEO plugin v19.1 - https:\/\/yoast.com\/wordpress\/plugins\/seo\/ -->\n<title>Urim p\u00ebr vitin e ri 2015 - Mdehmet Bardhi, kryetar i LD n\u00eb MZ - Lajme nga Ulqini<\/title>\n<meta name=\"description\" content=\"URIM P\u00cbR VITIN E RI 2015 &nbsp; &nbsp; Qytetare dhe qytetar\u00eb, T\u00eb nderuara an\u00ebtare e an\u00ebtar\u00eb dhe p\u00ebrkrah\u00ebs t\u00eb LD n\u00eb MZ, &nbsp; N\u00eb em\u00ebr t\u00eb Lidhjes\" \/>\n<meta name=\"robots\" content=\"index, follow, max-snippet:-1, max-image-preview:large, max-video-preview:-1\" \/>\n<link rel=\"canonical\" href=\"https:\/\/www.visit-ulcinj.com\/blog\/2014\/12\/31\/urim-per-vitin-e-ri-2015-mdehmet-bardhi-kryetar-ld-ne-mz\/\" \/>\n<meta property=\"og:locale\" content=\"en_US\" \/>\n<meta property=\"og:type\" content=\"article\" \/>\n<meta property=\"og:title\" content=\"Urim p\u00ebr vitin e ri 2015 - Mdehmet Bardhi, kryetar i LD n\u00eb MZ - Lajme nga Ulqini\" \/>\n<meta property=\"og:description\" content=\"URIM P\u00cbR VITIN E RI 2015 &nbsp; &nbsp; Qytetare dhe qytetar\u00eb, T\u00eb nderuara an\u00ebtare e an\u00ebtar\u00eb dhe p\u00ebrkrah\u00ebs t\u00eb LD n\u00eb MZ, &nbsp; N\u00eb em\u00ebr t\u00eb Lidhjes\" \/>\n<meta property=\"og:url\" content=\"https:\/\/www.visit-ulcinj.com\/blog\/2014\/12\/31\/urim-per-vitin-e-ri-2015-mdehmet-bardhi-kryetar-ld-ne-mz\/\" \/>\n<meta property=\"og:site_name\" content=\"Lajme nga Ulqini\" \/>\n<meta property=\"article:published_time\" content=\"2014-12-31T15:53:48+00:00\" \/>\n<meta property=\"article:modified_time\" content=\"2014-12-31T15:54:20+00:00\" \/>\n<meta property=\"og:image\" content=\"http:\/\/www.visit-ulcinj.com\/blog\/wp-content\/uploads\/2012\/10\/LDMZ-URIME-KURBAN-BAJRAMI-150x150.jpg\" \/>\n<meta name=\"twitter:label1\" content=\"Written by\" \/>\n\t<meta name=\"twitter:data1\" content=\"ulqini\" \/>\n\t<meta name=\"twitter:label2\" content=\"Est. reading time\" \/>\n\t<meta name=\"twitter:data2\" content=\"1 minute\" \/>\n<script type=\"application\/ld+json\" class=\"yoast-schema-graph\">{\"@context\":\"https:\/\/schema.org\",\"@graph\":[{\"@type\":\"WebSite\",\"@id\":\"https:\/\/www.visit-ulcinj.com\/blog\/#website\",\"url\":\"https:\/\/www.visit-ulcinj.com\/blog\/\",\"name\":\"Lajme nga Ulqini\",\"description\":\"Lajme,Vijesti,Ulqini,Ulqin,Crna Gora,Mali i Zi\",\"potentialAction\":[{\"@type\":\"SearchAction\",\"target\":{\"@type\":\"EntryPoint\",\"urlTemplate\":\"https:\/\/www.visit-ulcinj.com\/blog\/?s={search_term_string}\"},\"query-input\":\"required name=search_term_string\"}],\"inLanguage\":\"en-US\"},{\"@type\":\"ImageObject\",\"inLanguage\":\"en-US\",\"@id\":\"https:\/\/www.visit-ulcinj.com\/blog\/2014\/12\/31\/urim-per-vitin-e-ri-2015-mdehmet-bardhi-kryetar-ld-ne-mz\/#primaryimage\",\"url\":\"https:\/\/www.visit-ulcinj.com\/blog\/wp-content\/uploads\/2012\/10\/LDMZ-URIME-KURBAN-BAJRAMI.jpg\",\"contentUrl\":\"https:\/\/www.visit-ulcinj.com\/blog\/wp-content\/uploads\/2012\/10\/LDMZ-URIME-KURBAN-BAJRAMI.jpg\",\"width\":\"508\",\"height\":\"381\"},{\"@type\":\"WebPage\",\"@id\":\"https:\/\/www.visit-ulcinj.com\/blog\/2014\/12\/31\/urim-per-vitin-e-ri-2015-mdehmet-bardhi-kryetar-ld-ne-mz\/#webpage\",\"url\":\"https:\/\/www.visit-ulcinj.com\/blog\/2014\/12\/31\/urim-per-vitin-e-ri-2015-mdehmet-bardhi-kryetar-ld-ne-mz\/\",\"name\":\"Urim p\u00ebr vitin e ri 2015 - Mdehmet Bardhi, kryetar i LD n\u00eb MZ - Lajme nga Ulqini\",\"isPartOf\":{\"@id\":\"https:\/\/www.visit-ulcinj.com\/blog\/#website\"},\"primaryImageOfPage\":{\"@id\":\"https:\/\/www.visit-ulcinj.com\/blog\/2014\/12\/31\/urim-per-vitin-e-ri-2015-mdehmet-bardhi-kryetar-ld-ne-mz\/#primaryimage\"},\"datePublished\":\"2014-12-31T15:53:48+00:00\",\"dateModified\":\"2014-12-31T15:54:20+00:00\",\"author\":{\"@id\":\"https:\/\/www.visit-ulcinj.com\/blog\/#\/schema\/person\/dcab619c614d3038751c63bc2aadc06d\"},\"description\":\"URIM P\u00cbR VITIN E RI 2015 &nbsp; &nbsp; Qytetare dhe qytetar\u00eb, T\u00eb nderuara an\u00ebtare e an\u00ebtar\u00eb dhe p\u00ebrkrah\u00ebs t\u00eb LD n\u00eb MZ, &nbsp; N\u00eb em\u00ebr t\u00eb Lidhjes\",\"breadcrumb\":{\"@id\":\"https:\/\/www.visit-ulcinj.com\/blog\/2014\/12\/31\/urim-per-vitin-e-ri-2015-mdehmet-bardhi-kryetar-ld-ne-mz\/#breadcrumb\"},\"inLanguage\":\"en-US\",\"potentialAction\":[{\"@type\":\"ReadAction\",\"target\":[\"https:\/\/www.visit-ulcinj.com\/blog\/2014\/12\/31\/urim-per-vitin-e-ri-2015-mdehmet-bardhi-kryetar-ld-ne-mz\/\"]}]},{\"@type\":\"BreadcrumbList\",\"@id\":\"https:\/\/www.visit-ulcinj.com\/blog\/2014\/12\/31\/urim-per-vitin-e-ri-2015-mdehmet-bardhi-kryetar-ld-ne-mz\/#breadcrumb\",\"itemListElement\":[{\"@type\":\"ListItem\",\"position\":1,\"name\":\"Urim p\u00ebr vitin e ri 2015 &#8211; Mdehmet Bardhi, kryetar i LD n\u00eb MZ\"}]},{\"@type\":\"Person\",\"@id\":\"https:\/\/www.visit-ulcinj.com\/blog\/#\/schema\/person\/dcab619c614d3038751c63bc2aadc06d\",\"name\":\"ulqini\",\"sameAs\":[\"http:\/\/www.visit-ulcinj.com\"],\"url\":\"https:\/\/www.visit-ulcinj.com\/blog\/author\/admin\/\"}]}<\/script>\n<!-- \/ Yoast SEO plugin. -->","yoast_head_json":{"title":"Urim p\u00ebr vitin e ri 2015 - Mdehmet Bardhi, kryetar i LD n\u00eb MZ - Lajme nga Ulqini","description":"URIM P\u00cbR VITIN E RI 2015 &nbsp; &nbsp; Qytetare dhe qytetar\u00eb, T\u00eb nderuara an\u00ebtare e an\u00ebtar\u00eb dhe p\u00ebrkrah\u00ebs t\u00eb LD n\u00eb MZ, &nbsp; N\u00eb em\u00ebr t\u00eb Lidhjes","robots":{"index":"index","follow":"follow","max-snippet":"max-snippet:-1","max-image-preview":"max-image-preview:large","max-video-preview":"max-video-preview:-1"},"canonical":"https:\/\/www.visit-ulcinj.com\/blog\/2014\/12\/31\/urim-per-vitin-e-ri-2015-mdehmet-bardhi-kryetar-ld-ne-mz\/","og_locale":"en_US","og_type":"article","og_title":"Urim p\u00ebr vitin e ri 2015 - Mdehmet Bardhi, kryetar i LD n\u00eb MZ - Lajme nga Ulqini","og_description":"URIM P\u00cbR VITIN E RI 2015 &nbsp; &nbsp; Qytetare dhe qytetar\u00eb, T\u00eb nderuara an\u00ebtare e an\u00ebtar\u00eb dhe p\u00ebrkrah\u00ebs t\u00eb LD n\u00eb MZ, &nbsp; N\u00eb em\u00ebr t\u00eb Lidhjes","og_url":"https:\/\/www.visit-ulcinj.com\/blog\/2014\/12\/31\/urim-per-vitin-e-ri-2015-mdehmet-bardhi-kryetar-ld-ne-mz\/","og_site_name":"Lajme nga Ulqini","article_published_time":"2014-12-31T15:53:48+00:00","article_modified_time":"2014-12-31T15:54:20+00:00","og_image":[{"url":"http:\/\/www.visit-ulcinj.com\/blog\/wp-content\/uploads\/2012\/10\/LDMZ-URIME-KURBAN-BAJRAMI-150x150.jpg"}],"twitter_misc":{"Written by":"ulqini","Est. reading time":"1 minute"},"schema":{"@context":"https:\/\/schema.org","@graph":[{"@type":"WebSite","@id":"https:\/\/www.visit-ulcinj.com\/blog\/#website","url":"https:\/\/www.visit-ulcinj.com\/blog\/","name":"Lajme nga Ulqini","description":"Lajme,Vijesti,Ulqini,Ulqin,Crna Gora,Mali i Zi","potentialAction":[{"@type":"SearchAction","target":{"@type":"EntryPoint","urlTemplate":"https:\/\/www.visit-ulcinj.com\/blog\/?s={search_term_string}"},"query-input":"required name=search_term_string"}],"inLanguage":"en-US"},{"@type":"ImageObject","inLanguage":"en-US","@id":"https:\/\/www.visit-ulcinj.com\/blog\/2014\/12\/31\/urim-per-vitin-e-ri-2015-mdehmet-bardhi-kryetar-ld-ne-mz\/#primaryimage","url":"https:\/\/www.visit-ulcinj.com\/blog\/wp-content\/uploads\/2012\/10\/LDMZ-URIME-KURBAN-BAJRAMI.jpg","contentUrl":"https:\/\/www.visit-ulcinj.com\/blog\/wp-content\/uploads\/2012\/10\/LDMZ-URIME-KURBAN-BAJRAMI.jpg","width":"508","height":"381"},{"@type":"WebPage","@id":"https:\/\/www.visit-ulcinj.com\/blog\/2014\/12\/31\/urim-per-vitin-e-ri-2015-mdehmet-bardhi-kryetar-ld-ne-mz\/#webpage","url":"https:\/\/www.visit-ulcinj.com\/blog\/2014\/12\/31\/urim-per-vitin-e-ri-2015-mdehmet-bardhi-kryetar-ld-ne-mz\/","name":"Urim p\u00ebr vitin e ri 2015 - Mdehmet Bardhi, kryetar i LD n\u00eb MZ - Lajme nga Ulqini","isPartOf":{"@id":"https:\/\/www.visit-ulcinj.com\/blog\/#website"},"primaryImageOfPage":{"@id":"https:\/\/www.visit-ulcinj.com\/blog\/2014\/12\/31\/urim-per-vitin-e-ri-2015-mdehmet-bardhi-kryetar-ld-ne-mz\/#primaryimage"},"datePublished":"2014-12-31T15:53:48+00:00","dateModified":"2014-12-31T15:54:20+00:00","author":{"@id":"https:\/\/www.visit-ulcinj.com\/blog\/#\/schema\/person\/dcab619c614d3038751c63bc2aadc06d"},"description":"URIM P\u00cbR VITIN E RI 2015 &nbsp; &nbsp; Qytetare dhe qytetar\u00eb, T\u00eb nderuara an\u00ebtare e an\u00ebtar\u00eb dhe p\u00ebrkrah\u00ebs t\u00eb LD n\u00eb MZ, &nbsp; N\u00eb em\u00ebr t\u00eb Lidhjes","breadcrumb":{"@id":"https:\/\/www.visit-ulcinj.com\/blog\/2014\/12\/31\/urim-per-vitin-e-ri-2015-mdehmet-bardhi-kryetar-ld-ne-mz\/#breadcrumb"},"inLanguage":"en-US","potentialAction":[{"@type":"ReadAction","target":["https:\/\/www.visit-ulcinj.com\/blog\/2014\/12\/31\/urim-per-vitin-e-ri-2015-mdehmet-bardhi-kryetar-ld-ne-mz\/"]}]},{"@type":"BreadcrumbList","@id":"https:\/\/www.visit-ulcinj.com\/blog\/2014\/12\/31\/urim-per-vitin-e-ri-2015-mdehmet-bardhi-kryetar-ld-ne-mz\/#breadcrumb","itemListElement":[{"@type":"ListItem","position":1,"name":"Urim p\u00ebr vitin e ri 2015 &#8211; Mdehmet Bardhi, kryetar i LD n\u00eb MZ"}]},{"@type":"Person","@id":"https:\/\/www.visit-ulcinj.com\/blog\/#\/schema\/person\/dcab619c614d3038751c63bc2aadc06d","name":"ulqini","sameAs":["http:\/\/www.visit-ulcinj.com"],"url":"https:\/\/www.visit-ulcinj.com\/blog\/author\/admin\/"}]}},"jetpack_featured_media_url":"","jetpack_sharing_enabled":true,"jetpack_shortlink":"https:\/\/wp.me\/pe6lTn-mJP","_links":{"self":[{"href":"https:\/\/www.visit-ulcinj.com\/blog\/wp-json\/wp\/v2\/posts\/87409"}],"collection":[{"href":"https:\/\/www.visit-ulcinj.com\/blog\/wp-json\/wp\/v2\/posts"}],"about":[{"href":"https:\/\/www.visit-ulcinj.com\/blog\/wp-json\/wp\/v2\/types\/post"}],"author":[{"embeddable":true,"href":"https:\/\/www.visit-ulcinj.com\/blog\/wp-json\/wp\/v2\/users\/1"}],"replies":[{"embeddable":true,"href":"https:\/\/www.visit-ulcinj.com\/blog\/wp-json\/wp\/v2\/comments?post=87409"}],"version-history":[{"count":1,"href":"https:\/\/www.visit-ulcinj.com\/blog\/wp-json\/wp\/v2\/posts\/87409\/revisions"}],"predecessor-version":[{"id":87410,"href":"https:\/\/www.visit-ulcinj.com\/blog\/wp-json\/wp\/v2\/posts\/87409\/revisions\/87410"}],"wp:attachment":[{"href":"https:\/\/www.visit-ulcinj.com\/blog\/wp-json\/wp\/v2\/media?parent=87409"}],"wp:term":[{"taxonomy":"category","embeddable":true,"href":"https:\/\/www.visit-ulcinj.com\/blog\/wp-json\/wp\/v2\/categories?post=87409"},{"taxonomy":"post_tag","embeddable":true,"href":"https:\/\/www.visit-ulcinj.com\/blog\/wp-json\/wp\/v2\/tags?post=87409"}],"curies":[{"name":"wp","href":"https:\/\/api.w.org\/{rel}","templated":true}]}}