{"id":87411,"date":"2014-12-31T17:03:48","date_gmt":"2014-12-31T16:03:48","guid":{"rendered":"http:\/\/www.visit-ulcinj.com\/blog\/?p=87411"},"modified":"2014-12-31T17:03:48","modified_gmt":"2014-12-31T16:03:48","slug":"frank-shkreli-qofte-ky-nje-vit-bekuar-per-te-gjithe-ju","status":"publish","type":"post","link":"https:\/\/www.visit-ulcinj.com\/blog\/2014\/12\/31\/frank-shkreli-qofte-ky-nje-vit-bekuar-per-te-gjithe-ju\/","title":{"rendered":"Frank Shkreli: Qoft\u00eb ky nj\u00eb vit i bekuar p\u00ebr t\u00eb gjith\u00eb ju"},"content":{"rendered":"<p><a href=\"http:\/\/www.visit-ulcinj.com\/blog\/wp-content\/uploads\/2014\/12\/Frank-Shkreli.jpg\"><img loading=\"lazy\" class=\"alignleft wp-image-87412\" src=\"http:\/\/www.visit-ulcinj.com\/blog\/wp-content\/uploads\/2014\/12\/Frank-Shkreli.jpg\" alt=\"Frank Shkreli\" width=\"508\" height=\"381\" srcset=\"https:\/\/www.visit-ulcinj.com\/blog\/wp-content\/uploads\/2014\/12\/Frank-Shkreli.jpg 667w, https:\/\/www.visit-ulcinj.com\/blog\/wp-content\/uploads\/2014\/12\/Frank-Shkreli-300x224.jpg 300w\" sizes=\"(max-width: 508px) 100vw, 508px\" \/><\/a>T\u00eb nderuar drejtues t\u00eb portalit lajme nga Ulqini. \u00a0Ja, pra\u00a0nj\u00eb vit po mbyllet dhe fillon nj\u00eb tjet\u00ebr,\u00a0i ri.\u00a0 &#8220;E djeshmja iku. E nes\u00ebrmja nuk ka arritur ende. Kemi vet\u00ebm t\u00eb sotmen. Le t\u00eb fillojm\u00eb&#8221;, ka th\u00ebn\u00eb N\u00ebn\u00eb Tereza.\u00a0 Nd\u00ebrsa\u00a0 Albert Einstein-i na k\u00ebshillon me rastin e nd\u00ebrrimit t\u00eb\u00a0motmoteve, q\u00eb t\u00eb &#8220;M\u00ebsojm\u00eb nga e djeshmja, t\u00eb jetojm\u00eb p\u00ebr t\u00eb sotmen dhe t\u00eb shpresojm\u00eb p\u00ebr t\u00eb\u00a0nes\u00ebrmen.&#8221;<\/p>\n<p>K\u00ebshilla t\u00eb mira k\u00ebto p\u00ebr t\u00eb gjith\u00eb ne, nd\u00ebrsa mbyllin vitin e vjet\u00ebr dhe fillojm\u00eb Vitin e Ri.\u00a0 Me k\u00ebt\u00eb rast ty dhe\u00a0familjes t\u00ebnde t\u00eb ngusht\u00eb,\u00a0\u00a0me goj\u00eb plot u\u00a0uroj &#8220;G\u00ebzuar Vitin e Ri&#8221;.\u00a0 Qoft\u00eb ky\u00a0nj\u00eb vit\u00a0i bekuar p\u00ebr t\u00eb gjith\u00eb ju dhe d\u00ebshiroj\u00a0 q\u00eb gjat\u00eb Vitit\u00a02015 t\u00eb g\u00ebzoni , mbi t\u00eb gjitha, jet\u00ebn dhe sh\u00ebndetin, por edhe t\u00eb kini paq\u00eb, lumturi dhe begati\u00a0\u00a0gjat\u00eb vitit t\u00eb ardh\u00ebsh\u00ebm, duke m\u00ebsuar nga e djeshmja, por\u00a0edhe duke shpresuar p\u00ebr t\u00eb ardhmen, me plot guxim\u00a0\u00a0dhe pritje t\u00eb reja, p\u00ebr\u00a0t\u00eb gjith\u00eb ju, dhe p\u00ebr gjithmon\u00eb.<\/p>\n<p><strong>U d\u00ebshiroj p\u00ebrzem\u00ebrsisht,<\/strong><br \/>\n<strong>Frank Shkreli\u00a0\u00a0<\/strong><\/p>\n","protected":false},"excerpt":{"rendered":"<p>T\u00eb nderuar drejtues t\u00eb portalit lajme nga Ulqini. \u00a0Ja, pra\u00a0nj\u00eb vit po mbyllet dhe fillon nj\u00eb tjet\u00ebr,\u00a0i ri.\u00a0 &#8220;E djeshmja iku. E nes\u00ebrmja nuk ka arritur ende. Kemi vet\u00ebm t\u00eb sotmen. Le t\u00eb fillojm\u00eb&#8221;, ka th\u00ebn\u00eb N\u00ebn\u00eb Tereza.\u00a0 Nd\u00ebrsa\u00a0 Albert Einstein-i na k\u00ebshillon me rastin e nd\u00ebrrimit t\u00eb\u00a0motmoteve, q\u00eb t\u00eb &#8220;M\u00ebsojm\u00eb nga e djeshmja, t\u00eb [&hellip;]<\/p>\n","protected":false},"author":1,"featured_media":0,"comment_status":"closed","ping_status":"closed","sticky":false,"template":"","format":"standard","meta":{"spay_email":"","jetpack_publicize_message":"","jetpack_is_tweetstorm":false,"jetpack_publicize_feature_enabled":true},"categories":[7],"tags":[],"jetpack_publicize_connections":[],"yoast_head":"<!-- This site is optimized with the Yoast SEO plugin v19.1 - https:\/\/yoast.com\/wordpress\/plugins\/seo\/ -->\n<title>Frank Shkreli: Qoft\u00eb ky nj\u00eb vit i bekuar p\u00ebr t\u00eb gjith\u00eb ju - Lajme nga Ulqini<\/title>\n<meta name=\"description\" content=\"T\u00eb nderuar drejtues t\u00eb portalit lajme nga Ulqini. \u00a0Ja, pra\u00a0nj\u00eb vit po mbyllet dhe fillon nj\u00eb tjet\u00ebr,\u00a0i ri.\u00a0 &quot;E djeshmja iku. E nes\u00ebrmja nuk ka arritur\" \/>\n<meta name=\"robots\" content=\"index, follow, max-snippet:-1, max-image-preview:large, max-video-preview:-1\" \/>\n<link rel=\"canonical\" href=\"https:\/\/www.visit-ulcinj.com\/blog\/2014\/12\/31\/frank-shkreli-qofte-ky-nje-vit-bekuar-per-te-gjithe-ju\/\" \/>\n<meta property=\"og:locale\" content=\"en_US\" \/>\n<meta property=\"og:type\" content=\"article\" \/>\n<meta property=\"og:title\" content=\"Frank Shkreli: Qoft\u00eb ky nj\u00eb vit i bekuar p\u00ebr t\u00eb gjith\u00eb ju - Lajme nga Ulqini\" \/>\n<meta property=\"og:description\" content=\"T\u00eb nderuar drejtues t\u00eb portalit lajme nga Ulqini. \u00a0Ja, pra\u00a0nj\u00eb vit po mbyllet dhe fillon nj\u00eb tjet\u00ebr,\u00a0i ri.\u00a0 &quot;E djeshmja iku. E nes\u00ebrmja nuk ka arritur\" \/>\n<meta property=\"og:url\" content=\"https:\/\/www.visit-ulcinj.com\/blog\/2014\/12\/31\/frank-shkreli-qofte-ky-nje-vit-bekuar-per-te-gjithe-ju\/\" \/>\n<meta property=\"og:site_name\" content=\"Lajme nga Ulqini\" \/>\n<meta property=\"article:published_time\" content=\"2014-12-31T16:03:48+00:00\" \/>\n<meta property=\"og:image\" content=\"http:\/\/www.visit-ulcinj.com\/blog\/wp-content\/uploads\/2014\/12\/Frank-Shkreli.jpg\" \/>\n<meta name=\"twitter:label1\" content=\"Written by\" \/>\n\t<meta name=\"twitter:data1\" content=\"ulqini\" \/>\n\t<meta name=\"twitter:label2\" content=\"Est. reading time\" \/>\n\t<meta name=\"twitter:data2\" content=\"1 minute\" \/>\n<script type=\"application\/ld+json\" class=\"yoast-schema-graph\">{\"@context\":\"https:\/\/schema.org\",\"@graph\":[{\"@type\":\"WebSite\",\"@id\":\"https:\/\/www.visit-ulcinj.com\/blog\/#website\",\"url\":\"https:\/\/www.visit-ulcinj.com\/blog\/\",\"name\":\"Lajme nga Ulqini\",\"description\":\"Lajme,Vijesti,Ulqini,Ulqin,Crna Gora,Mali i Zi\",\"potentialAction\":[{\"@type\":\"SearchAction\",\"target\":{\"@type\":\"EntryPoint\",\"urlTemplate\":\"https:\/\/www.visit-ulcinj.com\/blog\/?s={search_term_string}\"},\"query-input\":\"required name=search_term_string\"}],\"inLanguage\":\"en-US\"},{\"@type\":\"ImageObject\",\"inLanguage\":\"en-US\",\"@id\":\"https:\/\/www.visit-ulcinj.com\/blog\/2014\/12\/31\/frank-shkreli-qofte-ky-nje-vit-bekuar-per-te-gjithe-ju\/#primaryimage\",\"url\":\"https:\/\/www.visit-ulcinj.com\/blog\/wp-content\/uploads\/2014\/12\/Frank-Shkreli.jpg\",\"contentUrl\":\"https:\/\/www.visit-ulcinj.com\/blog\/wp-content\/uploads\/2014\/12\/Frank-Shkreli.jpg\",\"width\":667,\"height\":500},{\"@type\":\"WebPage\",\"@id\":\"https:\/\/www.visit-ulcinj.com\/blog\/2014\/12\/31\/frank-shkreli-qofte-ky-nje-vit-bekuar-per-te-gjithe-ju\/#webpage\",\"url\":\"https:\/\/www.visit-ulcinj.com\/blog\/2014\/12\/31\/frank-shkreli-qofte-ky-nje-vit-bekuar-per-te-gjithe-ju\/\",\"name\":\"Frank Shkreli: Qoft\u00eb ky nj\u00eb vit i bekuar p\u00ebr t\u00eb gjith\u00eb ju - Lajme nga Ulqini\",\"isPartOf\":{\"@id\":\"https:\/\/www.visit-ulcinj.com\/blog\/#website\"},\"primaryImageOfPage\":{\"@id\":\"https:\/\/www.visit-ulcinj.com\/blog\/2014\/12\/31\/frank-shkreli-qofte-ky-nje-vit-bekuar-per-te-gjithe-ju\/#primaryimage\"},\"datePublished\":\"2014-12-31T16:03:48+00:00\",\"dateModified\":\"2014-12-31T16:03:48+00:00\",\"author\":{\"@id\":\"https:\/\/www.visit-ulcinj.com\/blog\/#\/schema\/person\/dcab619c614d3038751c63bc2aadc06d\"},\"description\":\"T\u00eb nderuar drejtues t\u00eb portalit lajme nga Ulqini. \u00a0Ja, pra\u00a0nj\u00eb vit po mbyllet dhe fillon nj\u00eb tjet\u00ebr,\u00a0i ri.\u00a0 \\\"E djeshmja iku. E nes\u00ebrmja nuk ka arritur\",\"breadcrumb\":{\"@id\":\"https:\/\/www.visit-ulcinj.com\/blog\/2014\/12\/31\/frank-shkreli-qofte-ky-nje-vit-bekuar-per-te-gjithe-ju\/#breadcrumb\"},\"inLanguage\":\"en-US\",\"potentialAction\":[{\"@type\":\"ReadAction\",\"target\":[\"https:\/\/www.visit-ulcinj.com\/blog\/2014\/12\/31\/frank-shkreli-qofte-ky-nje-vit-bekuar-per-te-gjithe-ju\/\"]}]},{\"@type\":\"BreadcrumbList\",\"@id\":\"https:\/\/www.visit-ulcinj.com\/blog\/2014\/12\/31\/frank-shkreli-qofte-ky-nje-vit-bekuar-per-te-gjithe-ju\/#breadcrumb\",\"itemListElement\":[{\"@type\":\"ListItem\",\"position\":1,\"name\":\"Frank Shkreli: Qoft\u00eb ky nj\u00eb vit i bekuar p\u00ebr t\u00eb gjith\u00eb ju\"}]},{\"@type\":\"Person\",\"@id\":\"https:\/\/www.visit-ulcinj.com\/blog\/#\/schema\/person\/dcab619c614d3038751c63bc2aadc06d\",\"name\":\"ulqini\",\"sameAs\":[\"http:\/\/www.visit-ulcinj.com\"],\"url\":\"https:\/\/www.visit-ulcinj.com\/blog\/author\/admin\/\"}]}<\/script>\n<!-- \/ Yoast SEO plugin. -->","yoast_head_json":{"title":"Frank Shkreli: Qoft\u00eb ky nj\u00eb vit i bekuar p\u00ebr t\u00eb gjith\u00eb ju - Lajme nga Ulqini","description":"T\u00eb nderuar drejtues t\u00eb portalit lajme nga Ulqini. \u00a0Ja, pra\u00a0nj\u00eb vit po mbyllet dhe fillon nj\u00eb tjet\u00ebr,\u00a0i ri.\u00a0 \"E djeshmja iku. E nes\u00ebrmja nuk ka arritur","robots":{"index":"index","follow":"follow","max-snippet":"max-snippet:-1","max-image-preview":"max-image-preview:large","max-video-preview":"max-video-preview:-1"},"canonical":"https:\/\/www.visit-ulcinj.com\/blog\/2014\/12\/31\/frank-shkreli-qofte-ky-nje-vit-bekuar-per-te-gjithe-ju\/","og_locale":"en_US","og_type":"article","og_title":"Frank Shkreli: Qoft\u00eb ky nj\u00eb vit i bekuar p\u00ebr t\u00eb gjith\u00eb ju - Lajme nga Ulqini","og_description":"T\u00eb nderuar drejtues t\u00eb portalit lajme nga Ulqini. \u00a0Ja, pra\u00a0nj\u00eb vit po mbyllet dhe fillon nj\u00eb tjet\u00ebr,\u00a0i ri.\u00a0 \"E djeshmja iku. E nes\u00ebrmja nuk ka arritur","og_url":"https:\/\/www.visit-ulcinj.com\/blog\/2014\/12\/31\/frank-shkreli-qofte-ky-nje-vit-bekuar-per-te-gjithe-ju\/","og_site_name":"Lajme nga Ulqini","article_published_time":"2014-12-31T16:03:48+00:00","og_image":[{"url":"http:\/\/www.visit-ulcinj.com\/blog\/wp-content\/uploads\/2014\/12\/Frank-Shkreli.jpg"}],"twitter_misc":{"Written by":"ulqini","Est. reading time":"1 minute"},"schema":{"@context":"https:\/\/schema.org","@graph":[{"@type":"WebSite","@id":"https:\/\/www.visit-ulcinj.com\/blog\/#website","url":"https:\/\/www.visit-ulcinj.com\/blog\/","name":"Lajme nga Ulqini","description":"Lajme,Vijesti,Ulqini,Ulqin,Crna Gora,Mali i Zi","potentialAction":[{"@type":"SearchAction","target":{"@type":"EntryPoint","urlTemplate":"https:\/\/www.visit-ulcinj.com\/blog\/?s={search_term_string}"},"query-input":"required name=search_term_string"}],"inLanguage":"en-US"},{"@type":"ImageObject","inLanguage":"en-US","@id":"https:\/\/www.visit-ulcinj.com\/blog\/2014\/12\/31\/frank-shkreli-qofte-ky-nje-vit-bekuar-per-te-gjithe-ju\/#primaryimage","url":"https:\/\/www.visit-ulcinj.com\/blog\/wp-content\/uploads\/2014\/12\/Frank-Shkreli.jpg","contentUrl":"https:\/\/www.visit-ulcinj.com\/blog\/wp-content\/uploads\/2014\/12\/Frank-Shkreli.jpg","width":667,"height":500},{"@type":"WebPage","@id":"https:\/\/www.visit-ulcinj.com\/blog\/2014\/12\/31\/frank-shkreli-qofte-ky-nje-vit-bekuar-per-te-gjithe-ju\/#webpage","url":"https:\/\/www.visit-ulcinj.com\/blog\/2014\/12\/31\/frank-shkreli-qofte-ky-nje-vit-bekuar-per-te-gjithe-ju\/","name":"Frank Shkreli: Qoft\u00eb ky nj\u00eb vit i bekuar p\u00ebr t\u00eb gjith\u00eb ju - Lajme nga Ulqini","isPartOf":{"@id":"https:\/\/www.visit-ulcinj.com\/blog\/#website"},"primaryImageOfPage":{"@id":"https:\/\/www.visit-ulcinj.com\/blog\/2014\/12\/31\/frank-shkreli-qofte-ky-nje-vit-bekuar-per-te-gjithe-ju\/#primaryimage"},"datePublished":"2014-12-31T16:03:48+00:00","dateModified":"2014-12-31T16:03:48+00:00","author":{"@id":"https:\/\/www.visit-ulcinj.com\/blog\/#\/schema\/person\/dcab619c614d3038751c63bc2aadc06d"},"description":"T\u00eb nderuar drejtues t\u00eb portalit lajme nga Ulqini. \u00a0Ja, pra\u00a0nj\u00eb vit po mbyllet dhe fillon nj\u00eb tjet\u00ebr,\u00a0i ri.\u00a0 \"E djeshmja iku. E nes\u00ebrmja nuk ka arritur","breadcrumb":{"@id":"https:\/\/www.visit-ulcinj.com\/blog\/2014\/12\/31\/frank-shkreli-qofte-ky-nje-vit-bekuar-per-te-gjithe-ju\/#breadcrumb"},"inLanguage":"en-US","potentialAction":[{"@type":"ReadAction","target":["https:\/\/www.visit-ulcinj.com\/blog\/2014\/12\/31\/frank-shkreli-qofte-ky-nje-vit-bekuar-per-te-gjithe-ju\/"]}]},{"@type":"BreadcrumbList","@id":"https:\/\/www.visit-ulcinj.com\/blog\/2014\/12\/31\/frank-shkreli-qofte-ky-nje-vit-bekuar-per-te-gjithe-ju\/#breadcrumb","itemListElement":[{"@type":"ListItem","position":1,"name":"Frank Shkreli: Qoft\u00eb ky nj\u00eb vit i bekuar p\u00ebr t\u00eb gjith\u00eb ju"}]},{"@type":"Person","@id":"https:\/\/www.visit-ulcinj.com\/blog\/#\/schema\/person\/dcab619c614d3038751c63bc2aadc06d","name":"ulqini","sameAs":["http:\/\/www.visit-ulcinj.com"],"url":"https:\/\/www.visit-ulcinj.com\/blog\/author\/admin\/"}]}},"jetpack_featured_media_url":"","jetpack_sharing_enabled":true,"jetpack_shortlink":"https:\/\/wp.me\/pe6lTn-mJR","_links":{"self":[{"href":"https:\/\/www.visit-ulcinj.com\/blog\/wp-json\/wp\/v2\/posts\/87411"}],"collection":[{"href":"https:\/\/www.visit-ulcinj.com\/blog\/wp-json\/wp\/v2\/posts"}],"about":[{"href":"https:\/\/www.visit-ulcinj.com\/blog\/wp-json\/wp\/v2\/types\/post"}],"author":[{"embeddable":true,"href":"https:\/\/www.visit-ulcinj.com\/blog\/wp-json\/wp\/v2\/users\/1"}],"replies":[{"embeddable":true,"href":"https:\/\/www.visit-ulcinj.com\/blog\/wp-json\/wp\/v2\/comments?post=87411"}],"version-history":[{"count":1,"href":"https:\/\/www.visit-ulcinj.com\/blog\/wp-json\/wp\/v2\/posts\/87411\/revisions"}],"predecessor-version":[{"id":87413,"href":"https:\/\/www.visit-ulcinj.com\/blog\/wp-json\/wp\/v2\/posts\/87411\/revisions\/87413"}],"wp:attachment":[{"href":"https:\/\/www.visit-ulcinj.com\/blog\/wp-json\/wp\/v2\/media?parent=87411"}],"wp:term":[{"taxonomy":"category","embeddable":true,"href":"https:\/\/www.visit-ulcinj.com\/blog\/wp-json\/wp\/v2\/categories?post=87411"},{"taxonomy":"post_tag","embeddable":true,"href":"https:\/\/www.visit-ulcinj.com\/blog\/wp-json\/wp\/v2\/tags?post=87411"}],"curies":[{"name":"wp","href":"https:\/\/api.w.org\/{rel}","templated":true}]}}