{"id":87414,"date":"2014-12-31T17:15:47","date_gmt":"2014-12-31T16:15:47","guid":{"rendered":"http:\/\/www.visit-ulcinj.com\/blog\/?p=87414"},"modified":"2014-12-31T19:31:05","modified_gmt":"2014-12-31T18:31:05","slug":"ulqini-gati-per-pritjen-e-vitit-te-ri-2015","status":"publish","type":"post","link":"https:\/\/www.visit-ulcinj.com\/blog\/2014\/12\/31\/ulqini-gati-per-pritjen-e-vitit-te-ri-2015\/","title":{"rendered":"Ulqini gati p\u00ebr pritjen e Vitit t\u00eb ri 2015"},"content":{"rendered":"<p><a href=\"http:\/\/www.visit-ulcinj.com\/blog\/wp-content\/uploads\/2014\/12\/Festival-ne-Ran\u00eb-Ulqin-1.jpg\"><img loading=\"lazy\" class=\"alignleft wp-image-87415\" src=\"http:\/\/www.visit-ulcinj.com\/blog\/wp-content\/uploads\/2014\/12\/Festival-ne-Ran\u00eb-Ulqin-1.jpg\" alt=\"Festival ne Ran\u00eb-Ulqin-1\" width=\"508\" height=\"381\" srcset=\"https:\/\/www.visit-ulcinj.com\/blog\/wp-content\/uploads\/2014\/12\/Festival-ne-Ran\u00eb-Ulqin-1.jpg 960w, https:\/\/www.visit-ulcinj.com\/blog\/wp-content\/uploads\/2014\/12\/Festival-ne-Ran\u00eb-Ulqin-1-300x225.jpg 300w\" sizes=\"(max-width: 508px) 100vw, 508px\" \/><\/a><strong>Foto Ismet Karamanaga<\/strong><\/p>\n<p>\u00c7do gj\u00eb \u00ebsht\u00eb gati p\u00ebr pritjen e Vitit t\u00eb ri n\u00eb Ran\u00eb. \u00cbsht\u00eb vendosur skena e madhe dhe kan\u00eb mb\u00ebrritur pjes\u00ebmarr\u00ebsit e programit t\u00eb cil\u00ebt p\u00ebr mot t\u00eb ftoht\u00eb dhe me er\u00eb duhet t\u00eb ngrohin ato t\u00eb cil\u00ebt vitin 2015 do ta presin n\u00eb Plazhin e vog\u00ebl t\u00eb Ulqinit, raoprton Portali Ul.info.<\/p>\n<p><a href=\"http:\/\/www.visit-ulcinj.com\/blog\/wp-content\/uploads\/2014\/12\/genta-ismajli-Ulqin-2015.jpg\"><img loading=\"lazy\" class=\"alignleft wp-image-87428\" src=\"http:\/\/www.visit-ulcinj.com\/blog\/wp-content\/uploads\/2014\/12\/genta-ismajli-Ulqin-2015.jpg\" alt=\"genta-ismajli-Ulqin-2015\" width=\"508\" height=\"508\" \/><\/a><\/p>\n<p>Programi fillon n\u00eb ora 18 me k\u00ebto pjes\u00ebmarr\u00ebs: Genta Ismaili, Leonora Jakupi, Slagjana Delibashiq, Ardian Lulgjuraj, Armend Milla dhe nx\u00ebn\u00ebsit e shkoll\u00ebs s\u00eb vall\u00ebzimit \u201cPorta di Danca\u201d.<\/p>\n<p>Portali Ul-info i uron Vitin e ri vizitor\u00ebve dhe t\u00eb gjith\u00eb qytetar\u00ebve me shpres\u00eb q\u00eb n\u00eb k\u00ebt\u00eb vit t\u00eb gjith\u00ebve do t\u00eb na plot\u00ebsohen d\u00ebshirat.<\/p>\n<p><a href=\"http:\/\/www.visit-ulcinj.com\/blog\/wp-content\/uploads\/2014\/12\/pritja-vitit-te-ri-ulqin.jpg\"><img loading=\"lazy\" class=\"alignleft wp-image-87358\" src=\"http:\/\/www.visit-ulcinj.com\/blog\/wp-content\/uploads\/2014\/12\/pritja-vitit-te-ri-ulqin.jpg\" alt=\"pritja vitit te ri ulqin\" width=\"508\" height=\"338\" srcset=\"https:\/\/www.visit-ulcinj.com\/blog\/wp-content\/uploads\/2014\/12\/pritja-vitit-te-ri-ulqin.jpg 720w, https:\/\/www.visit-ulcinj.com\/blog\/wp-content\/uploads\/2014\/12\/pritja-vitit-te-ri-ulqin-300x199.jpg 300w\" sizes=\"(max-width: 508px) 100vw, 508px\" \/><\/a><\/p>\n","protected":false},"excerpt":{"rendered":"<p>Foto Ismet Karamanaga \u00c7do gj\u00eb \u00ebsht\u00eb gati p\u00ebr pritjen e Vitit t\u00eb ri n\u00eb Ran\u00eb. \u00cbsht\u00eb vendosur skena e madhe dhe kan\u00eb mb\u00ebrritur pjes\u00ebmarr\u00ebsit e programit t\u00eb cil\u00ebt p\u00ebr mot t\u00eb ftoht\u00eb dhe me er\u00eb duhet t\u00eb ngrohin ato t\u00eb cil\u00ebt vitin 2015 do ta presin n\u00eb Plazhin e vog\u00ebl t\u00eb Ulqinit, raoprton Portali Ul.info. [&hellip;]<\/p>\n","protected":false},"author":1,"featured_media":0,"comment_status":"closed","ping_status":"closed","sticky":false,"template":"","format":"standard","meta":{"spay_email":"","jetpack_publicize_message":"","jetpack_is_tweetstorm":false,"jetpack_publicize_feature_enabled":true},"categories":[10,1],"tags":[],"jetpack_publicize_connections":[],"yoast_head":"<!-- This site is optimized with the Yoast SEO plugin v19.1 - https:\/\/yoast.com\/wordpress\/plugins\/seo\/ -->\n<title>Ulqini gati p\u00ebr pritjen e Vitit t\u00eb ri 2015 - Lajme nga Ulqini<\/title>\n<meta name=\"description\" content=\"Foto Ismet Karamanaga \u00c7do gj\u00eb \u00ebsht\u00eb gati p\u00ebr pritjen e Vitit t\u00eb ri n\u00eb Ran\u00eb. \u00cbsht\u00eb vendosur skena e madhe dhe kan\u00eb mb\u00ebrritur pjes\u00ebmarr\u00ebsit e programit t\u00eb\" \/>\n<meta name=\"robots\" content=\"index, follow, max-snippet:-1, max-image-preview:large, max-video-preview:-1\" \/>\n<link rel=\"canonical\" href=\"https:\/\/www.visit-ulcinj.com\/blog\/2014\/12\/31\/ulqini-gati-per-pritjen-e-vitit-te-ri-2015\/\" \/>\n<meta property=\"og:locale\" content=\"en_US\" \/>\n<meta property=\"og:type\" content=\"article\" \/>\n<meta property=\"og:title\" content=\"Ulqini gati p\u00ebr pritjen e Vitit t\u00eb ri 2015 - Lajme nga Ulqini\" \/>\n<meta property=\"og:description\" content=\"Foto Ismet Karamanaga \u00c7do gj\u00eb \u00ebsht\u00eb gati p\u00ebr pritjen e Vitit t\u00eb ri n\u00eb Ran\u00eb. \u00cbsht\u00eb vendosur skena e madhe dhe kan\u00eb mb\u00ebrritur pjes\u00ebmarr\u00ebsit e programit t\u00eb\" \/>\n<meta property=\"og:url\" content=\"https:\/\/www.visit-ulcinj.com\/blog\/2014\/12\/31\/ulqini-gati-per-pritjen-e-vitit-te-ri-2015\/\" \/>\n<meta property=\"og:site_name\" content=\"Lajme nga Ulqini\" \/>\n<meta property=\"article:published_time\" content=\"2014-12-31T16:15:47+00:00\" \/>\n<meta property=\"article:modified_time\" content=\"2014-12-31T18:31:05+00:00\" \/>\n<meta property=\"og:image\" content=\"http:\/\/www.visit-ulcinj.com\/blog\/wp-content\/uploads\/2014\/12\/genta-ismajli-Ulqin-2015.jpg\" \/>\n<meta name=\"twitter:label1\" content=\"Written by\" \/>\n\t<meta name=\"twitter:data1\" content=\"ulqini\" \/>\n\t<meta name=\"twitter:label2\" content=\"Est. reading time\" \/>\n\t<meta name=\"twitter:data2\" content=\"1 minute\" \/>\n<script type=\"application\/ld+json\" class=\"yoast-schema-graph\">{\"@context\":\"https:\/\/schema.org\",\"@graph\":[{\"@type\":\"WebSite\",\"@id\":\"https:\/\/www.visit-ulcinj.com\/blog\/#website\",\"url\":\"https:\/\/www.visit-ulcinj.com\/blog\/\",\"name\":\"Lajme nga Ulqini\",\"description\":\"Lajme,Vijesti,Ulqini,Ulqin,Crna Gora,Mali i Zi\",\"potentialAction\":[{\"@type\":\"SearchAction\",\"target\":{\"@type\":\"EntryPoint\",\"urlTemplate\":\"https:\/\/www.visit-ulcinj.com\/blog\/?s={search_term_string}\"},\"query-input\":\"required name=search_term_string\"}],\"inLanguage\":\"en-US\"},{\"@type\":\"ImageObject\",\"inLanguage\":\"en-US\",\"@id\":\"https:\/\/www.visit-ulcinj.com\/blog\/2014\/12\/31\/ulqini-gati-per-pritjen-e-vitit-te-ri-2015\/#primaryimage\",\"url\":\"http:\/\/www.visit-ulcinj.com\/blog\/wp-content\/uploads\/2014\/12\/genta-ismajli-Ulqin-2015.jpg\",\"contentUrl\":\"http:\/\/www.visit-ulcinj.com\/blog\/wp-content\/uploads\/2014\/12\/genta-ismajli-Ulqin-2015.jpg\"},{\"@type\":\"WebPage\",\"@id\":\"https:\/\/www.visit-ulcinj.com\/blog\/2014\/12\/31\/ulqini-gati-per-pritjen-e-vitit-te-ri-2015\/#webpage\",\"url\":\"https:\/\/www.visit-ulcinj.com\/blog\/2014\/12\/31\/ulqini-gati-per-pritjen-e-vitit-te-ri-2015\/\",\"name\":\"Ulqini gati p\u00ebr pritjen e Vitit t\u00eb ri 2015 - Lajme nga Ulqini\",\"isPartOf\":{\"@id\":\"https:\/\/www.visit-ulcinj.com\/blog\/#website\"},\"primaryImageOfPage\":{\"@id\":\"https:\/\/www.visit-ulcinj.com\/blog\/2014\/12\/31\/ulqini-gati-per-pritjen-e-vitit-te-ri-2015\/#primaryimage\"},\"datePublished\":\"2014-12-31T16:15:47+00:00\",\"dateModified\":\"2014-12-31T18:31:05+00:00\",\"author\":{\"@id\":\"https:\/\/www.visit-ulcinj.com\/blog\/#\/schema\/person\/dcab619c614d3038751c63bc2aadc06d\"},\"description\":\"Foto Ismet Karamanaga \u00c7do gj\u00eb \u00ebsht\u00eb gati p\u00ebr pritjen e Vitit t\u00eb ri n\u00eb Ran\u00eb. \u00cbsht\u00eb vendosur skena e madhe dhe kan\u00eb mb\u00ebrritur pjes\u00ebmarr\u00ebsit e programit t\u00eb\",\"breadcrumb\":{\"@id\":\"https:\/\/www.visit-ulcinj.com\/blog\/2014\/12\/31\/ulqini-gati-per-pritjen-e-vitit-te-ri-2015\/#breadcrumb\"},\"inLanguage\":\"en-US\",\"potentialAction\":[{\"@type\":\"ReadAction\",\"target\":[\"https:\/\/www.visit-ulcinj.com\/blog\/2014\/12\/31\/ulqini-gati-per-pritjen-e-vitit-te-ri-2015\/\"]}]},{\"@type\":\"BreadcrumbList\",\"@id\":\"https:\/\/www.visit-ulcinj.com\/blog\/2014\/12\/31\/ulqini-gati-per-pritjen-e-vitit-te-ri-2015\/#breadcrumb\",\"itemListElement\":[{\"@type\":\"ListItem\",\"position\":1,\"name\":\"Ulqini gati p\u00ebr pritjen e Vitit t\u00eb ri 2015\"}]},{\"@type\":\"Person\",\"@id\":\"https:\/\/www.visit-ulcinj.com\/blog\/#\/schema\/person\/dcab619c614d3038751c63bc2aadc06d\",\"name\":\"ulqini\",\"sameAs\":[\"http:\/\/www.visit-ulcinj.com\"],\"url\":\"https:\/\/www.visit-ulcinj.com\/blog\/author\/admin\/\"}]}<\/script>\n<!-- \/ Yoast SEO plugin. -->","yoast_head_json":{"title":"Ulqini gati p\u00ebr pritjen e Vitit t\u00eb ri 2015 - Lajme nga Ulqini","description":"Foto Ismet Karamanaga \u00c7do gj\u00eb \u00ebsht\u00eb gati p\u00ebr pritjen e Vitit t\u00eb ri n\u00eb Ran\u00eb. \u00cbsht\u00eb vendosur skena e madhe dhe kan\u00eb mb\u00ebrritur pjes\u00ebmarr\u00ebsit e programit t\u00eb","robots":{"index":"index","follow":"follow","max-snippet":"max-snippet:-1","max-image-preview":"max-image-preview:large","max-video-preview":"max-video-preview:-1"},"canonical":"https:\/\/www.visit-ulcinj.com\/blog\/2014\/12\/31\/ulqini-gati-per-pritjen-e-vitit-te-ri-2015\/","og_locale":"en_US","og_type":"article","og_title":"Ulqini gati p\u00ebr pritjen e Vitit t\u00eb ri 2015 - Lajme nga Ulqini","og_description":"Foto Ismet Karamanaga \u00c7do gj\u00eb \u00ebsht\u00eb gati p\u00ebr pritjen e Vitit t\u00eb ri n\u00eb Ran\u00eb. \u00cbsht\u00eb vendosur skena e madhe dhe kan\u00eb mb\u00ebrritur pjes\u00ebmarr\u00ebsit e programit t\u00eb","og_url":"https:\/\/www.visit-ulcinj.com\/blog\/2014\/12\/31\/ulqini-gati-per-pritjen-e-vitit-te-ri-2015\/","og_site_name":"Lajme nga Ulqini","article_published_time":"2014-12-31T16:15:47+00:00","article_modified_time":"2014-12-31T18:31:05+00:00","og_image":[{"url":"http:\/\/www.visit-ulcinj.com\/blog\/wp-content\/uploads\/2014\/12\/genta-ismajli-Ulqin-2015.jpg"}],"twitter_misc":{"Written by":"ulqini","Est. reading time":"1 minute"},"schema":{"@context":"https:\/\/schema.org","@graph":[{"@type":"WebSite","@id":"https:\/\/www.visit-ulcinj.com\/blog\/#website","url":"https:\/\/www.visit-ulcinj.com\/blog\/","name":"Lajme nga Ulqini","description":"Lajme,Vijesti,Ulqini,Ulqin,Crna Gora,Mali i Zi","potentialAction":[{"@type":"SearchAction","target":{"@type":"EntryPoint","urlTemplate":"https:\/\/www.visit-ulcinj.com\/blog\/?s={search_term_string}"},"query-input":"required name=search_term_string"}],"inLanguage":"en-US"},{"@type":"ImageObject","inLanguage":"en-US","@id":"https:\/\/www.visit-ulcinj.com\/blog\/2014\/12\/31\/ulqini-gati-per-pritjen-e-vitit-te-ri-2015\/#primaryimage","url":"http:\/\/www.visit-ulcinj.com\/blog\/wp-content\/uploads\/2014\/12\/genta-ismajli-Ulqin-2015.jpg","contentUrl":"http:\/\/www.visit-ulcinj.com\/blog\/wp-content\/uploads\/2014\/12\/genta-ismajli-Ulqin-2015.jpg"},{"@type":"WebPage","@id":"https:\/\/www.visit-ulcinj.com\/blog\/2014\/12\/31\/ulqini-gati-per-pritjen-e-vitit-te-ri-2015\/#webpage","url":"https:\/\/www.visit-ulcinj.com\/blog\/2014\/12\/31\/ulqini-gati-per-pritjen-e-vitit-te-ri-2015\/","name":"Ulqini gati p\u00ebr pritjen e Vitit t\u00eb ri 2015 - Lajme nga Ulqini","isPartOf":{"@id":"https:\/\/www.visit-ulcinj.com\/blog\/#website"},"primaryImageOfPage":{"@id":"https:\/\/www.visit-ulcinj.com\/blog\/2014\/12\/31\/ulqini-gati-per-pritjen-e-vitit-te-ri-2015\/#primaryimage"},"datePublished":"2014-12-31T16:15:47+00:00","dateModified":"2014-12-31T18:31:05+00:00","author":{"@id":"https:\/\/www.visit-ulcinj.com\/blog\/#\/schema\/person\/dcab619c614d3038751c63bc2aadc06d"},"description":"Foto Ismet Karamanaga \u00c7do gj\u00eb \u00ebsht\u00eb gati p\u00ebr pritjen e Vitit t\u00eb ri n\u00eb Ran\u00eb. \u00cbsht\u00eb vendosur skena e madhe dhe kan\u00eb mb\u00ebrritur pjes\u00ebmarr\u00ebsit e programit t\u00eb","breadcrumb":{"@id":"https:\/\/www.visit-ulcinj.com\/blog\/2014\/12\/31\/ulqini-gati-per-pritjen-e-vitit-te-ri-2015\/#breadcrumb"},"inLanguage":"en-US","potentialAction":[{"@type":"ReadAction","target":["https:\/\/www.visit-ulcinj.com\/blog\/2014\/12\/31\/ulqini-gati-per-pritjen-e-vitit-te-ri-2015\/"]}]},{"@type":"BreadcrumbList","@id":"https:\/\/www.visit-ulcinj.com\/blog\/2014\/12\/31\/ulqini-gati-per-pritjen-e-vitit-te-ri-2015\/#breadcrumb","itemListElement":[{"@type":"ListItem","position":1,"name":"Ulqini gati p\u00ebr pritjen e Vitit t\u00eb ri 2015"}]},{"@type":"Person","@id":"https:\/\/www.visit-ulcinj.com\/blog\/#\/schema\/person\/dcab619c614d3038751c63bc2aadc06d","name":"ulqini","sameAs":["http:\/\/www.visit-ulcinj.com"],"url":"https:\/\/www.visit-ulcinj.com\/blog\/author\/admin\/"}]}},"jetpack_featured_media_url":"","jetpack_sharing_enabled":true,"jetpack_shortlink":"https:\/\/wp.me\/pe6lTn-mJU","_links":{"self":[{"href":"https:\/\/www.visit-ulcinj.com\/blog\/wp-json\/wp\/v2\/posts\/87414"}],"collection":[{"href":"https:\/\/www.visit-ulcinj.com\/blog\/wp-json\/wp\/v2\/posts"}],"about":[{"href":"https:\/\/www.visit-ulcinj.com\/blog\/wp-json\/wp\/v2\/types\/post"}],"author":[{"embeddable":true,"href":"https:\/\/www.visit-ulcinj.com\/blog\/wp-json\/wp\/v2\/users\/1"}],"replies":[{"embeddable":true,"href":"https:\/\/www.visit-ulcinj.com\/blog\/wp-json\/wp\/v2\/comments?post=87414"}],"version-history":[{"count":3,"href":"https:\/\/www.visit-ulcinj.com\/blog\/wp-json\/wp\/v2\/posts\/87414\/revisions"}],"predecessor-version":[{"id":87430,"href":"https:\/\/www.visit-ulcinj.com\/blog\/wp-json\/wp\/v2\/posts\/87414\/revisions\/87430"}],"wp:attachment":[{"href":"https:\/\/www.visit-ulcinj.com\/blog\/wp-json\/wp\/v2\/media?parent=87414"}],"wp:term":[{"taxonomy":"category","embeddable":true,"href":"https:\/\/www.visit-ulcinj.com\/blog\/wp-json\/wp\/v2\/categories?post=87414"},{"taxonomy":"post_tag","embeddable":true,"href":"https:\/\/www.visit-ulcinj.com\/blog\/wp-json\/wp\/v2\/tags?post=87414"}],"curies":[{"name":"wp","href":"https:\/\/api.w.org\/{rel}","templated":true}]}}