{"id":87417,"date":"2014-12-31T17:36:26","date_gmt":"2014-12-31T16:36:26","guid":{"rendered":"http:\/\/www.visit-ulcinj.com\/blog\/?p=87417"},"modified":"2014-12-31T17:36:26","modified_gmt":"2014-12-31T16:36:26","slug":"gezuar-viti-ri-2015-levizja-qytetare-shqiptare-per-integrime","status":"publish","type":"post","link":"https:\/\/www.visit-ulcinj.com\/blog\/2014\/12\/31\/gezuar-viti-ri-2015-levizja-qytetare-shqiptare-per-integrime\/","title":{"rendered":"G\u00ebzuar Viti i Ri 2015 &#8211; L\u00ebvizja qytetare shqiptare p\u00ebr integrime"},"content":{"rendered":"<p style=\"text-align: center;\"><strong><a href=\"http:\/\/www.visit-ulcinj.com\/blog\/wp-content\/uploads\/2014\/12\/isat-jakupi.jpg\"><img loading=\"lazy\" class=\"alignleft wp-image-87418 size-full\" src=\"http:\/\/www.visit-ulcinj.com\/blog\/wp-content\/uploads\/2014\/12\/isat-jakupi.jpg\" alt=\"isat-jakupi\" width=\"225\" height=\"169\" \/><\/a>L\u00cbVIZJA QYTETARE SHQIPTARE P\u00cbR INTEGRIME<\/strong><\/p>\n<p>\u00a0\u00a0\u00a0\u00a0\u00a0\u00a0\u00a0\u00a0\u00a0\u00a0\u00a0\u00a0\u00a0\u00a0\u00a0 G\u00ebzuar t\u00eb gjith\u00ebve Viti I Ri. Ju d\u00ebshirojm\u00eb shum\u00eb fat, harmoni, dashuri e rrespekt ku do q\u00eb gjendeni. Urojm\u00eb mbar\u00ebsi p\u00ebr k\u00ebt\u00eb vit, n\u00eb t\u00eb gjitha sferat jet\u00ebsore, p\u00ebr t\u00eb gjith\u00eb Ju. Shpresojm\u00eb q\u00eb edhe m\u00eb shum\u00eb ky vit t\u00eb na drejtoj\u00eb drejt p\u00ebrparimit, suksesit, nd\u00ebrgjegjes dhe p\u00ebrgjegjshm\u00ebris\u00eb s\u00eb p\u00ebrgjithshme p\u00ebr t\u00eb mir\u00ebn e t\u00eb ardhmes son\u00eb.<\/p>\n<p>G\u00ebzuar, G\u00ebzuar Viti i Ri 2015<\/p>\n<p>&nbsp;<\/p>\n<p><strong>Kryetar,<\/strong><\/p>\n<p><strong>Dr. Isat Jakupi<\/strong><\/p>\n","protected":false},"excerpt":{"rendered":"<p>L\u00cbVIZJA QYTETARE SHQIPTARE P\u00cbR INTEGRIME \u00a0\u00a0\u00a0\u00a0\u00a0\u00a0\u00a0\u00a0\u00a0\u00a0\u00a0\u00a0\u00a0\u00a0\u00a0 G\u00ebzuar t\u00eb gjith\u00ebve Viti I Ri. Ju d\u00ebshirojm\u00eb shum\u00eb fat, harmoni, dashuri e rrespekt ku do q\u00eb gjendeni. Urojm\u00eb mbar\u00ebsi p\u00ebr k\u00ebt\u00eb vit, n\u00eb t\u00eb gjitha sferat jet\u00ebsore, p\u00ebr t\u00eb gjith\u00eb Ju. Shpresojm\u00eb q\u00eb edhe m\u00eb shum\u00eb ky vit t\u00eb na drejtoj\u00eb drejt p\u00ebrparimit, suksesit, nd\u00ebrgjegjes dhe p\u00ebrgjegjshm\u00ebris\u00eb s\u00eb [&hellip;]<\/p>\n","protected":false},"author":1,"featured_media":0,"comment_status":"closed","ping_status":"closed","sticky":false,"template":"","format":"standard","meta":{"spay_email":"","jetpack_publicize_message":"","jetpack_is_tweetstorm":false,"jetpack_publicize_feature_enabled":true},"categories":[1],"tags":[],"jetpack_publicize_connections":[],"yoast_head":"<!-- This site is optimized with the Yoast SEO plugin v19.1 - https:\/\/yoast.com\/wordpress\/plugins\/seo\/ -->\n<title>G\u00ebzuar Viti i Ri 2015 - L\u00ebvizja qytetare shqiptare p\u00ebr integrime - Lajme nga Ulqini<\/title>\n<meta name=\"description\" content=\"L\u00cbVIZJA QYTETARE SHQIPTARE P\u00cbR INTEGRIME \u00a0\u00a0\u00a0\u00a0\u00a0\u00a0\u00a0\u00a0\u00a0\u00a0\u00a0\u00a0\u00a0\u00a0\u00a0 G\u00ebzuar t\u00eb gjith\u00ebve Viti I Ri. Ju d\u00ebshirojm\u00eb shum\u00eb fat, harmoni, dashuri e rrespekt ku do q\u00eb\" \/>\n<meta name=\"robots\" content=\"index, follow, max-snippet:-1, max-image-preview:large, max-video-preview:-1\" \/>\n<link rel=\"canonical\" href=\"https:\/\/www.visit-ulcinj.com\/blog\/2014\/12\/31\/gezuar-viti-ri-2015-levizja-qytetare-shqiptare-per-integrime\/\" \/>\n<meta property=\"og:locale\" content=\"en_US\" \/>\n<meta property=\"og:type\" content=\"article\" \/>\n<meta property=\"og:title\" content=\"G\u00ebzuar Viti i Ri 2015 - L\u00ebvizja qytetare shqiptare p\u00ebr integrime - Lajme nga Ulqini\" \/>\n<meta property=\"og:description\" content=\"L\u00cbVIZJA QYTETARE SHQIPTARE P\u00cbR INTEGRIME \u00a0\u00a0\u00a0\u00a0\u00a0\u00a0\u00a0\u00a0\u00a0\u00a0\u00a0\u00a0\u00a0\u00a0\u00a0 G\u00ebzuar t\u00eb gjith\u00ebve Viti I Ri. Ju d\u00ebshirojm\u00eb shum\u00eb fat, harmoni, dashuri e rrespekt ku do q\u00eb\" \/>\n<meta property=\"og:url\" content=\"https:\/\/www.visit-ulcinj.com\/blog\/2014\/12\/31\/gezuar-viti-ri-2015-levizja-qytetare-shqiptare-per-integrime\/\" \/>\n<meta property=\"og:site_name\" content=\"Lajme nga Ulqini\" \/>\n<meta property=\"article:published_time\" content=\"2014-12-31T16:36:26+00:00\" \/>\n<meta property=\"og:image\" content=\"http:\/\/www.visit-ulcinj.com\/blog\/wp-content\/uploads\/2014\/12\/isat-jakupi.jpg\" \/>\n<meta name=\"twitter:label1\" content=\"Written by\" \/>\n\t<meta name=\"twitter:data1\" content=\"ulqini\" \/>\n<script type=\"application\/ld+json\" class=\"yoast-schema-graph\">{\"@context\":\"https:\/\/schema.org\",\"@graph\":[{\"@type\":\"WebSite\",\"@id\":\"https:\/\/www.visit-ulcinj.com\/blog\/#website\",\"url\":\"https:\/\/www.visit-ulcinj.com\/blog\/\",\"name\":\"Lajme nga Ulqini\",\"description\":\"Lajme,Vijesti,Ulqini,Ulqin,Crna Gora,Mali i Zi\",\"potentialAction\":[{\"@type\":\"SearchAction\",\"target\":{\"@type\":\"EntryPoint\",\"urlTemplate\":\"https:\/\/www.visit-ulcinj.com\/blog\/?s={search_term_string}\"},\"query-input\":\"required name=search_term_string\"}],\"inLanguage\":\"en-US\"},{\"@type\":\"ImageObject\",\"inLanguage\":\"en-US\",\"@id\":\"https:\/\/www.visit-ulcinj.com\/blog\/2014\/12\/31\/gezuar-viti-ri-2015-levizja-qytetare-shqiptare-per-integrime\/#primaryimage\",\"url\":\"https:\/\/www.visit-ulcinj.com\/blog\/wp-content\/uploads\/2014\/12\/isat-jakupi.jpg\",\"contentUrl\":\"https:\/\/www.visit-ulcinj.com\/blog\/wp-content\/uploads\/2014\/12\/isat-jakupi.jpg\",\"width\":225,\"height\":169},{\"@type\":\"WebPage\",\"@id\":\"https:\/\/www.visit-ulcinj.com\/blog\/2014\/12\/31\/gezuar-viti-ri-2015-levizja-qytetare-shqiptare-per-integrime\/#webpage\",\"url\":\"https:\/\/www.visit-ulcinj.com\/blog\/2014\/12\/31\/gezuar-viti-ri-2015-levizja-qytetare-shqiptare-per-integrime\/\",\"name\":\"G\u00ebzuar Viti i Ri 2015 - L\u00ebvizja qytetare shqiptare p\u00ebr integrime - Lajme nga Ulqini\",\"isPartOf\":{\"@id\":\"https:\/\/www.visit-ulcinj.com\/blog\/#website\"},\"primaryImageOfPage\":{\"@id\":\"https:\/\/www.visit-ulcinj.com\/blog\/2014\/12\/31\/gezuar-viti-ri-2015-levizja-qytetare-shqiptare-per-integrime\/#primaryimage\"},\"datePublished\":\"2014-12-31T16:36:26+00:00\",\"dateModified\":\"2014-12-31T16:36:26+00:00\",\"author\":{\"@id\":\"https:\/\/www.visit-ulcinj.com\/blog\/#\/schema\/person\/dcab619c614d3038751c63bc2aadc06d\"},\"description\":\"L\u00cbVIZJA QYTETARE SHQIPTARE P\u00cbR INTEGRIME \u00a0\u00a0\u00a0\u00a0\u00a0\u00a0\u00a0\u00a0\u00a0\u00a0\u00a0\u00a0\u00a0\u00a0\u00a0 G\u00ebzuar t\u00eb gjith\u00ebve Viti I Ri. Ju d\u00ebshirojm\u00eb shum\u00eb fat, harmoni, dashuri e rrespekt ku do q\u00eb\",\"breadcrumb\":{\"@id\":\"https:\/\/www.visit-ulcinj.com\/blog\/2014\/12\/31\/gezuar-viti-ri-2015-levizja-qytetare-shqiptare-per-integrime\/#breadcrumb\"},\"inLanguage\":\"en-US\",\"potentialAction\":[{\"@type\":\"ReadAction\",\"target\":[\"https:\/\/www.visit-ulcinj.com\/blog\/2014\/12\/31\/gezuar-viti-ri-2015-levizja-qytetare-shqiptare-per-integrime\/\"]}]},{\"@type\":\"BreadcrumbList\",\"@id\":\"https:\/\/www.visit-ulcinj.com\/blog\/2014\/12\/31\/gezuar-viti-ri-2015-levizja-qytetare-shqiptare-per-integrime\/#breadcrumb\",\"itemListElement\":[{\"@type\":\"ListItem\",\"position\":1,\"name\":\"G\u00ebzuar Viti i Ri 2015 &#8211; L\u00ebvizja qytetare shqiptare p\u00ebr integrime\"}]},{\"@type\":\"Person\",\"@id\":\"https:\/\/www.visit-ulcinj.com\/blog\/#\/schema\/person\/dcab619c614d3038751c63bc2aadc06d\",\"name\":\"ulqini\",\"sameAs\":[\"http:\/\/www.visit-ulcinj.com\"],\"url\":\"https:\/\/www.visit-ulcinj.com\/blog\/author\/admin\/\"}]}<\/script>\n<!-- \/ Yoast SEO plugin. -->","yoast_head_json":{"title":"G\u00ebzuar Viti i Ri 2015 - L\u00ebvizja qytetare shqiptare p\u00ebr integrime - Lajme nga Ulqini","description":"L\u00cbVIZJA QYTETARE SHQIPTARE P\u00cbR INTEGRIME \u00a0\u00a0\u00a0\u00a0\u00a0\u00a0\u00a0\u00a0\u00a0\u00a0\u00a0\u00a0\u00a0\u00a0\u00a0 G\u00ebzuar t\u00eb gjith\u00ebve Viti I Ri. Ju d\u00ebshirojm\u00eb shum\u00eb fat, harmoni, dashuri e rrespekt ku do q\u00eb","robots":{"index":"index","follow":"follow","max-snippet":"max-snippet:-1","max-image-preview":"max-image-preview:large","max-video-preview":"max-video-preview:-1"},"canonical":"https:\/\/www.visit-ulcinj.com\/blog\/2014\/12\/31\/gezuar-viti-ri-2015-levizja-qytetare-shqiptare-per-integrime\/","og_locale":"en_US","og_type":"article","og_title":"G\u00ebzuar Viti i Ri 2015 - L\u00ebvizja qytetare shqiptare p\u00ebr integrime - Lajme nga Ulqini","og_description":"L\u00cbVIZJA QYTETARE SHQIPTARE P\u00cbR INTEGRIME \u00a0\u00a0\u00a0\u00a0\u00a0\u00a0\u00a0\u00a0\u00a0\u00a0\u00a0\u00a0\u00a0\u00a0\u00a0 G\u00ebzuar t\u00eb gjith\u00ebve Viti I Ri. Ju d\u00ebshirojm\u00eb shum\u00eb fat, harmoni, dashuri e rrespekt ku do q\u00eb","og_url":"https:\/\/www.visit-ulcinj.com\/blog\/2014\/12\/31\/gezuar-viti-ri-2015-levizja-qytetare-shqiptare-per-integrime\/","og_site_name":"Lajme nga Ulqini","article_published_time":"2014-12-31T16:36:26+00:00","og_image":[{"url":"http:\/\/www.visit-ulcinj.com\/blog\/wp-content\/uploads\/2014\/12\/isat-jakupi.jpg"}],"twitter_misc":{"Written by":"ulqini"},"schema":{"@context":"https:\/\/schema.org","@graph":[{"@type":"WebSite","@id":"https:\/\/www.visit-ulcinj.com\/blog\/#website","url":"https:\/\/www.visit-ulcinj.com\/blog\/","name":"Lajme nga Ulqini","description":"Lajme,Vijesti,Ulqini,Ulqin,Crna Gora,Mali i Zi","potentialAction":[{"@type":"SearchAction","target":{"@type":"EntryPoint","urlTemplate":"https:\/\/www.visit-ulcinj.com\/blog\/?s={search_term_string}"},"query-input":"required name=search_term_string"}],"inLanguage":"en-US"},{"@type":"ImageObject","inLanguage":"en-US","@id":"https:\/\/www.visit-ulcinj.com\/blog\/2014\/12\/31\/gezuar-viti-ri-2015-levizja-qytetare-shqiptare-per-integrime\/#primaryimage","url":"https:\/\/www.visit-ulcinj.com\/blog\/wp-content\/uploads\/2014\/12\/isat-jakupi.jpg","contentUrl":"https:\/\/www.visit-ulcinj.com\/blog\/wp-content\/uploads\/2014\/12\/isat-jakupi.jpg","width":225,"height":169},{"@type":"WebPage","@id":"https:\/\/www.visit-ulcinj.com\/blog\/2014\/12\/31\/gezuar-viti-ri-2015-levizja-qytetare-shqiptare-per-integrime\/#webpage","url":"https:\/\/www.visit-ulcinj.com\/blog\/2014\/12\/31\/gezuar-viti-ri-2015-levizja-qytetare-shqiptare-per-integrime\/","name":"G\u00ebzuar Viti i Ri 2015 - L\u00ebvizja qytetare shqiptare p\u00ebr integrime - Lajme nga Ulqini","isPartOf":{"@id":"https:\/\/www.visit-ulcinj.com\/blog\/#website"},"primaryImageOfPage":{"@id":"https:\/\/www.visit-ulcinj.com\/blog\/2014\/12\/31\/gezuar-viti-ri-2015-levizja-qytetare-shqiptare-per-integrime\/#primaryimage"},"datePublished":"2014-12-31T16:36:26+00:00","dateModified":"2014-12-31T16:36:26+00:00","author":{"@id":"https:\/\/www.visit-ulcinj.com\/blog\/#\/schema\/person\/dcab619c614d3038751c63bc2aadc06d"},"description":"L\u00cbVIZJA QYTETARE SHQIPTARE P\u00cbR INTEGRIME \u00a0\u00a0\u00a0\u00a0\u00a0\u00a0\u00a0\u00a0\u00a0\u00a0\u00a0\u00a0\u00a0\u00a0\u00a0 G\u00ebzuar t\u00eb gjith\u00ebve Viti I Ri. Ju d\u00ebshirojm\u00eb shum\u00eb fat, harmoni, dashuri e rrespekt ku do q\u00eb","breadcrumb":{"@id":"https:\/\/www.visit-ulcinj.com\/blog\/2014\/12\/31\/gezuar-viti-ri-2015-levizja-qytetare-shqiptare-per-integrime\/#breadcrumb"},"inLanguage":"en-US","potentialAction":[{"@type":"ReadAction","target":["https:\/\/www.visit-ulcinj.com\/blog\/2014\/12\/31\/gezuar-viti-ri-2015-levizja-qytetare-shqiptare-per-integrime\/"]}]},{"@type":"BreadcrumbList","@id":"https:\/\/www.visit-ulcinj.com\/blog\/2014\/12\/31\/gezuar-viti-ri-2015-levizja-qytetare-shqiptare-per-integrime\/#breadcrumb","itemListElement":[{"@type":"ListItem","position":1,"name":"G\u00ebzuar Viti i Ri 2015 &#8211; L\u00ebvizja qytetare shqiptare p\u00ebr integrime"}]},{"@type":"Person","@id":"https:\/\/www.visit-ulcinj.com\/blog\/#\/schema\/person\/dcab619c614d3038751c63bc2aadc06d","name":"ulqini","sameAs":["http:\/\/www.visit-ulcinj.com"],"url":"https:\/\/www.visit-ulcinj.com\/blog\/author\/admin\/"}]}},"jetpack_featured_media_url":"","jetpack_sharing_enabled":true,"jetpack_shortlink":"https:\/\/wp.me\/pe6lTn-mJX","_links":{"self":[{"href":"https:\/\/www.visit-ulcinj.com\/blog\/wp-json\/wp\/v2\/posts\/87417"}],"collection":[{"href":"https:\/\/www.visit-ulcinj.com\/blog\/wp-json\/wp\/v2\/posts"}],"about":[{"href":"https:\/\/www.visit-ulcinj.com\/blog\/wp-json\/wp\/v2\/types\/post"}],"author":[{"embeddable":true,"href":"https:\/\/www.visit-ulcinj.com\/blog\/wp-json\/wp\/v2\/users\/1"}],"replies":[{"embeddable":true,"href":"https:\/\/www.visit-ulcinj.com\/blog\/wp-json\/wp\/v2\/comments?post=87417"}],"version-history":[{"count":1,"href":"https:\/\/www.visit-ulcinj.com\/blog\/wp-json\/wp\/v2\/posts\/87417\/revisions"}],"predecessor-version":[{"id":87419,"href":"https:\/\/www.visit-ulcinj.com\/blog\/wp-json\/wp\/v2\/posts\/87417\/revisions\/87419"}],"wp:attachment":[{"href":"https:\/\/www.visit-ulcinj.com\/blog\/wp-json\/wp\/v2\/media?parent=87417"}],"wp:term":[{"taxonomy":"category","embeddable":true,"href":"https:\/\/www.visit-ulcinj.com\/blog\/wp-json\/wp\/v2\/categories?post=87417"},{"taxonomy":"post_tag","embeddable":true,"href":"https:\/\/www.visit-ulcinj.com\/blog\/wp-json\/wp\/v2\/tags?post=87417"}],"curies":[{"name":"wp","href":"https:\/\/api.w.org\/{rel}","templated":true}]}}