{"id":87420,"date":"2014-12-31T18:19:11","date_gmt":"2014-12-31T17:19:11","guid":{"rendered":"http:\/\/www.visit-ulcinj.com\/blog\/?p=87420"},"modified":"2015-01-01T15:50:13","modified_gmt":"2015-01-01T14:50:13","slug":"urime-vitin-e-ri-2015-portali-lajme-nga-ulqini","status":"publish","type":"post","link":"https:\/\/www.visit-ulcinj.com\/blog\/2014\/12\/31\/urime-vitin-e-ri-2015-portali-lajme-nga-ulqini\/","title":{"rendered":"Urime Vitin e Ri 2015 &#8211; Portali Lajme nga Ulqini"},"content":{"rendered":"<p><strong><a href=\"http:\/\/www.visit-ulcinj.com\/blog\/wp-content\/uploads\/2014\/12\/Urime-gezuar-viti-ri-2015.jpg\"><img loading=\"lazy\" class=\"alignleft wp-image-87421\" src=\"http:\/\/www.visit-ulcinj.com\/blog\/wp-content\/uploads\/2014\/12\/Urime-gezuar-viti-ri-2015.jpg\" alt=\"Urime -gezuar-viti-ri-2015\" width=\"508\" height=\"339\" srcset=\"https:\/\/www.visit-ulcinj.com\/blog\/wp-content\/uploads\/2014\/12\/Urime-gezuar-viti-ri-2015.jpg 960w, https:\/\/www.visit-ulcinj.com\/blog\/wp-content\/uploads\/2014\/12\/Urime-gezuar-viti-ri-2015-300x200.jpg 300w\" sizes=\"(max-width: 508px) 100vw, 508px\" \/><\/a>T\u00eb gjith\u00eb qytetar\u00ebve t\u00eb Ulqinit si dhe gjith\u00eb shqiptar\u00ebve n\u00eb mbar\u00eb bot\u00ebn, urime fest\u00ebn e Vitit t\u00eb Ri 2015.<\/strong><\/p>\n<p><strong><span id=\"ContentPane0ArticlesDetails_lblDescription\" class=\"description\">Urim t\u00eb ve\u00e7ant\u00eb edhe p\u00ebr diaspor\u00ebn ulqinake, e cila ka qen\u00eb dhe mbetet shtylla e zhvillimit ekonomik t\u00eb Ulqinit<br \/>\n<\/span><\/strong><\/p>\n<p><strong>Viti q\u00eb po l\u00ebm\u00eb pas, ashtu si dhe vitet e m\u00ebparshme, p\u00ebr qytetar\u00ebt e Uqinit nuk dalloi p\u00ebr rezultate pozitive. N\u00eb vitin 2015 po hyjm\u00eb me shum\u00eb \u00e7\u00ebshtje t\u00eb pazgjedhura, politike e ekonomike me d\u00ebshir\u00eb dhe shpres\u00eb q\u00eb n\u00eb k\u00ebt\u00eb vit t\u00eb shohim hapa pozitiv n\u00eb t\u00eb gjitha segmentet e jet\u00ebs shoq\u00ebrore.<\/strong><\/p>\n<p>Gjithashtu fal\u00ebnderojm\u00eb t\u00eb gjith\u00eb bashk\u00ebpun\u00ebtor\u00ebt dhe lexuesit tan\u00eb t\u00eb nderuar m\u00eb t\u00eb cil\u00ebt p\u00ebr vite t\u00eb t\u00ebra kemi ndar\u00eb lajmet dhe informacionet bashk\u00eb. Jemi krenar p\u00ebr t\u00eb gjith\u00eb bashk\u00ebpun\u00ebtoret dhe miqt\u00eb tan\u00eb m\u00eb te cil\u00ebt kemi ndar\u00eb mendimet, konceptet, dhe bindjet bashk\u00eb, por, duke synuar dhe aspiruar objektivat tona p\u00ebr informim sa m\u00eb t\u00eb shpejt\u00eb, t\u00eb sakt\u00eb dhe t\u00eb paansh\u00ebm. Pun\u00eb jo edhe e leht\u00eb p\u00ebr gjith\u00eb ne, dhe shpesh her\u00eb e shoq\u00ebruar me lajm\u00eb jo edhe aq t\u00eb k\u00ebndshme,(siq ishin kronikat e varf\u00ebrin\u00eb, ikjes se t\u00eb rinjve etj), \u00a0por pa e humbur vullnetin dhe elanin p\u00ebr nj\u00eb jet\u00eb m\u00eb t\u00eb mir\u00eb dhe prosperuese p\u00ebr gjith\u00eb ne.<\/p>\n<p><a href=\"http:\/\/www.visit-ulcinj.com\/blog\/wp-content\/uploads\/2014\/12\/lajmengaulqini.jpg\"><img loading=\"lazy\" class=\"alignleft wp-image-87422\" src=\"http:\/\/www.visit-ulcinj.com\/blog\/wp-content\/uploads\/2014\/12\/lajmengaulqini.jpg\" alt=\"lajmengaulqini\" width=\"508\" height=\"381\" srcset=\"https:\/\/www.visit-ulcinj.com\/blog\/wp-content\/uploads\/2014\/12\/lajmengaulqini.jpg 800w, https:\/\/www.visit-ulcinj.com\/blog\/wp-content\/uploads\/2014\/12\/lajmengaulqini-300x225.jpg 300w\" sizes=\"(max-width: 508px) 100vw, 508px\" \/><\/a><\/p>\n<p>Urojm\u00eb qe Viti 2015, t\u00eb mos na sjell\u00eb kryelajme ikjet e t\u00eb rinjve nga atdheu yn\u00eb i dashur( Kraja, Ana Malit dhe Ulqini), p\u00ebr t\u00eb cilin aq shum\u00eb sakrifikuam. Urojm\u00eb qe 2015-ta t\u00eb jet\u00eb vit i k\u00ebndelljes t\u00eb elit\u00ebs son\u00eb politike, e cila te ndal\u00eb n\u00eb mas\u00eb m\u00eb te madhe korrupsionin, e t\u00eb gjeneroj\u00eb vende t\u00eb reja pune e perfomanca m\u00eb t\u00eb m\u00ebdha p\u00ebr nj\u00eb zhvillim ekonomik t\u00eb Ulqinit. Me respekt do ti fal\u00ebnderojm\u00eb p\u00ebr bashk\u00ebpunimin e sinqert\u00eb me publicist\u00ebt e nderuar: Frank Shrelin, Gjek\u00eb Gjonaj, Muhamet Nik\u00ebn, Ali Salaj, Ismet Kallaba, Esat Mehmeti, Beqir Sina,\u00a0 Ismet Karamanaga, Nail Draga, Hatixhe Nelaj, Radio Elita, Sabri Salaj, Jehona Salaj, Kabineti i kryetarit t\u00eb Ulqinit, Shkelqim Hoxha, Albinot Maloku, Ana Zivanoviq, Xheladin Zeneli, Haxhi Zeneli, Asllan Dibrani, Besim Toska, Mustaf Canka, Admir Gjoni e shum\u00eb t\u00eb tjer\u00eb, t\u00eb cil\u00ebt e begatuan fjal\u00ebn e bukur shqipe, duke shprehur pik\u00ebpamjet e tyre mjaft t\u00eb guximshme e shum\u00eb t\u00eb v\u00ebrteta rreth realitetit ton\u00eb komb\u00ebtar e gjeopolitik.<\/p>\n<p><strong>Prandaj, k\u00ebshillat, sugjerimet, kritikat, idet\u00eb dhe gj\u00ebrat tjera q\u00eb vijn\u00eb nga Lexuesi yn\u00eb, na sh\u00ebrbejn\u00eb si platform\u00eb mbi t\u00eb cil\u00ebn e bazojm\u00eb pun\u00ebn ton\u00eb t\u00eb m\u00ebtutjeshme n\u00eb informim t\u00eb drejt\u00eb t\u00eb opinionin p\u00ebr krejt \u00e7far\u00eb ndodh n\u00eb Rajonin ton\u00eb t\u00eb Ulqinit.<br \/>\n<\/strong><\/p>\n<p><strong>Faleminderit Lexues p\u00ebr besimin q\u00eb keni n\u00eb ne dhe q\u00eb vazhdoni t\u00eb jeni mb\u00ebshtet\u00ebs yni. Faleminderit Lexues q\u00eb vazhdoni t\u00eb na fuqizoni. Faleminderit, bashk\u00ebpun\u00ebtor\u00eb t\u00eb Lajmeve nga Ulqini , institucione, media, koleg\u00eb gazetar\u00eb, t\u00eb gjith\u00eb ju q\u00eb jeni me ne, p\u00ebr t\u00eb rrug\u00ebtuar edhe m\u00eb tutje, bashk\u00ebrisht drejt sukseseve.<\/strong><\/p>\n<p>Faleminderit t\u00eb gjith\u00ebve.<\/p>\n<p>Sinqerisht,<\/p>\n<p><strong>Urime Vitin e Ri 2015, sh\u00ebndet, paqe dhe harmoni familjare. Qoft\u00eb nj\u00eb vit i mbar\u00eb p\u00ebr t\u00eb gjith\u00eb ne!<br \/>\nG\u00ebzuar!<\/strong><\/p>\n<p>&nbsp;<\/p>\n<p><strong>Stafi i portalit Lajme nga Ulqini<br \/>\n<\/strong><\/p>\n","protected":false},"excerpt":{"rendered":"<p>T\u00eb gjith\u00eb qytetar\u00ebve t\u00eb Ulqinit si dhe gjith\u00eb shqiptar\u00ebve n\u00eb mbar\u00eb bot\u00ebn, urime fest\u00ebn e Vitit t\u00eb Ri 2015. Urim t\u00eb ve\u00e7ant\u00eb edhe p\u00ebr diaspor\u00ebn ulqinake, e cila ka qen\u00eb dhe mbetet shtylla e zhvillimit ekonomik t\u00eb Ulqinit Viti q\u00eb po l\u00ebm\u00eb pas, ashtu si dhe vitet e m\u00ebparshme, p\u00ebr qytetar\u00ebt e Uqinit nuk dalloi [&hellip;]<\/p>\n","protected":false},"author":1,"featured_media":0,"comment_status":"closed","ping_status":"closed","sticky":false,"template":"","format":"standard","meta":{"spay_email":"","jetpack_publicize_message":"","jetpack_is_tweetstorm":false,"jetpack_publicize_feature_enabled":true},"categories":[1,2451],"tags":[],"jetpack_publicize_connections":[],"yoast_head":"<!-- This site is optimized with the Yoast SEO plugin v19.1 - https:\/\/yoast.com\/wordpress\/plugins\/seo\/ -->\n<title>Urime Vitin e Ri 2015 - Portali Lajme nga Ulqini - Lajme nga Ulqini<\/title>\n<meta name=\"description\" content=\"T\u00eb gjith\u00eb qytetar\u00ebve t\u00eb Ulqinit si dhe gjith\u00eb shqiptar\u00ebve n\u00eb mbar\u00eb bot\u00ebn, urime fest\u00ebn e Vitit t\u00eb Ri 2015. Urim t\u00eb ve\u00e7ant\u00eb edhe p\u00ebr diaspor\u00ebn ulqinake, e\" \/>\n<meta name=\"robots\" content=\"index, follow, max-snippet:-1, max-image-preview:large, max-video-preview:-1\" \/>\n<link rel=\"canonical\" href=\"https:\/\/www.visit-ulcinj.com\/blog\/2014\/12\/31\/urime-vitin-e-ri-2015-portali-lajme-nga-ulqini\/\" \/>\n<meta property=\"og:locale\" content=\"en_US\" \/>\n<meta property=\"og:type\" content=\"article\" \/>\n<meta property=\"og:title\" content=\"Urime Vitin e Ri 2015 - Portali Lajme nga Ulqini - Lajme nga Ulqini\" \/>\n<meta property=\"og:description\" content=\"T\u00eb gjith\u00eb qytetar\u00ebve t\u00eb Ulqinit si dhe gjith\u00eb shqiptar\u00ebve n\u00eb mbar\u00eb bot\u00ebn, urime fest\u00ebn e Vitit t\u00eb Ri 2015. Urim t\u00eb ve\u00e7ant\u00eb edhe p\u00ebr diaspor\u00ebn ulqinake, e\" \/>\n<meta property=\"og:url\" content=\"https:\/\/www.visit-ulcinj.com\/blog\/2014\/12\/31\/urime-vitin-e-ri-2015-portali-lajme-nga-ulqini\/\" \/>\n<meta property=\"og:site_name\" content=\"Lajme nga Ulqini\" \/>\n<meta property=\"article:published_time\" content=\"2014-12-31T17:19:11+00:00\" \/>\n<meta property=\"article:modified_time\" content=\"2015-01-01T14:50:13+00:00\" \/>\n<meta property=\"og:image\" content=\"http:\/\/www.visit-ulcinj.com\/blog\/wp-content\/uploads\/2014\/12\/Urime-gezuar-viti-ri-2015.jpg\" \/>\n<meta name=\"twitter:label1\" content=\"Written by\" \/>\n\t<meta name=\"twitter:data1\" content=\"ulqini\" \/>\n\t<meta name=\"twitter:label2\" content=\"Est. reading time\" \/>\n\t<meta name=\"twitter:data2\" content=\"3 minutes\" \/>\n<script type=\"application\/ld+json\" class=\"yoast-schema-graph\">{\"@context\":\"https:\/\/schema.org\",\"@graph\":[{\"@type\":\"WebSite\",\"@id\":\"https:\/\/www.visit-ulcinj.com\/blog\/#website\",\"url\":\"https:\/\/www.visit-ulcinj.com\/blog\/\",\"name\":\"Lajme nga Ulqini\",\"description\":\"Lajme,Vijesti,Ulqini,Ulqin,Crna Gora,Mali i Zi\",\"potentialAction\":[{\"@type\":\"SearchAction\",\"target\":{\"@type\":\"EntryPoint\",\"urlTemplate\":\"https:\/\/www.visit-ulcinj.com\/blog\/?s={search_term_string}\"},\"query-input\":\"required name=search_term_string\"}],\"inLanguage\":\"en-US\"},{\"@type\":\"ImageObject\",\"inLanguage\":\"en-US\",\"@id\":\"https:\/\/www.visit-ulcinj.com\/blog\/2014\/12\/31\/urime-vitin-e-ri-2015-portali-lajme-nga-ulqini\/#primaryimage\",\"url\":\"https:\/\/www.visit-ulcinj.com\/blog\/wp-content\/uploads\/2014\/12\/Urime-gezuar-viti-ri-2015.jpg\",\"contentUrl\":\"https:\/\/www.visit-ulcinj.com\/blog\/wp-content\/uploads\/2014\/12\/Urime-gezuar-viti-ri-2015.jpg\",\"width\":960,\"height\":640},{\"@type\":\"WebPage\",\"@id\":\"https:\/\/www.visit-ulcinj.com\/blog\/2014\/12\/31\/urime-vitin-e-ri-2015-portali-lajme-nga-ulqini\/#webpage\",\"url\":\"https:\/\/www.visit-ulcinj.com\/blog\/2014\/12\/31\/urime-vitin-e-ri-2015-portali-lajme-nga-ulqini\/\",\"name\":\"Urime Vitin e Ri 2015 - Portali Lajme nga Ulqini - Lajme nga Ulqini\",\"isPartOf\":{\"@id\":\"https:\/\/www.visit-ulcinj.com\/blog\/#website\"},\"primaryImageOfPage\":{\"@id\":\"https:\/\/www.visit-ulcinj.com\/blog\/2014\/12\/31\/urime-vitin-e-ri-2015-portali-lajme-nga-ulqini\/#primaryimage\"},\"datePublished\":\"2014-12-31T17:19:11+00:00\",\"dateModified\":\"2015-01-01T14:50:13+00:00\",\"author\":{\"@id\":\"https:\/\/www.visit-ulcinj.com\/blog\/#\/schema\/person\/dcab619c614d3038751c63bc2aadc06d\"},\"description\":\"T\u00eb gjith\u00eb qytetar\u00ebve t\u00eb Ulqinit si dhe gjith\u00eb shqiptar\u00ebve n\u00eb mbar\u00eb bot\u00ebn, urime fest\u00ebn e Vitit t\u00eb Ri 2015. Urim t\u00eb ve\u00e7ant\u00eb edhe p\u00ebr diaspor\u00ebn ulqinake, e\",\"breadcrumb\":{\"@id\":\"https:\/\/www.visit-ulcinj.com\/blog\/2014\/12\/31\/urime-vitin-e-ri-2015-portali-lajme-nga-ulqini\/#breadcrumb\"},\"inLanguage\":\"en-US\",\"potentialAction\":[{\"@type\":\"ReadAction\",\"target\":[\"https:\/\/www.visit-ulcinj.com\/blog\/2014\/12\/31\/urime-vitin-e-ri-2015-portali-lajme-nga-ulqini\/\"]}]},{\"@type\":\"BreadcrumbList\",\"@id\":\"https:\/\/www.visit-ulcinj.com\/blog\/2014\/12\/31\/urime-vitin-e-ri-2015-portali-lajme-nga-ulqini\/#breadcrumb\",\"itemListElement\":[{\"@type\":\"ListItem\",\"position\":1,\"name\":\"Urime Vitin e Ri 2015 &#8211; Portali Lajme nga Ulqini\"}]},{\"@type\":\"Person\",\"@id\":\"https:\/\/www.visit-ulcinj.com\/blog\/#\/schema\/person\/dcab619c614d3038751c63bc2aadc06d\",\"name\":\"ulqini\",\"sameAs\":[\"http:\/\/www.visit-ulcinj.com\"],\"url\":\"https:\/\/www.visit-ulcinj.com\/blog\/author\/admin\/\"}]}<\/script>\n<!-- \/ Yoast SEO plugin. -->","yoast_head_json":{"title":"Urime Vitin e Ri 2015 - Portali Lajme nga Ulqini - Lajme nga Ulqini","description":"T\u00eb gjith\u00eb qytetar\u00ebve t\u00eb Ulqinit si dhe gjith\u00eb shqiptar\u00ebve n\u00eb mbar\u00eb bot\u00ebn, urime fest\u00ebn e Vitit t\u00eb Ri 2015. Urim t\u00eb ve\u00e7ant\u00eb edhe p\u00ebr diaspor\u00ebn ulqinake, e","robots":{"index":"index","follow":"follow","max-snippet":"max-snippet:-1","max-image-preview":"max-image-preview:large","max-video-preview":"max-video-preview:-1"},"canonical":"https:\/\/www.visit-ulcinj.com\/blog\/2014\/12\/31\/urime-vitin-e-ri-2015-portali-lajme-nga-ulqini\/","og_locale":"en_US","og_type":"article","og_title":"Urime Vitin e Ri 2015 - Portali Lajme nga Ulqini - Lajme nga Ulqini","og_description":"T\u00eb gjith\u00eb qytetar\u00ebve t\u00eb Ulqinit si dhe gjith\u00eb shqiptar\u00ebve n\u00eb mbar\u00eb bot\u00ebn, urime fest\u00ebn e Vitit t\u00eb Ri 2015. Urim t\u00eb ve\u00e7ant\u00eb edhe p\u00ebr diaspor\u00ebn ulqinake, e","og_url":"https:\/\/www.visit-ulcinj.com\/blog\/2014\/12\/31\/urime-vitin-e-ri-2015-portali-lajme-nga-ulqini\/","og_site_name":"Lajme nga Ulqini","article_published_time":"2014-12-31T17:19:11+00:00","article_modified_time":"2015-01-01T14:50:13+00:00","og_image":[{"url":"http:\/\/www.visit-ulcinj.com\/blog\/wp-content\/uploads\/2014\/12\/Urime-gezuar-viti-ri-2015.jpg"}],"twitter_misc":{"Written by":"ulqini","Est. reading time":"3 minutes"},"schema":{"@context":"https:\/\/schema.org","@graph":[{"@type":"WebSite","@id":"https:\/\/www.visit-ulcinj.com\/blog\/#website","url":"https:\/\/www.visit-ulcinj.com\/blog\/","name":"Lajme nga Ulqini","description":"Lajme,Vijesti,Ulqini,Ulqin,Crna Gora,Mali i Zi","potentialAction":[{"@type":"SearchAction","target":{"@type":"EntryPoint","urlTemplate":"https:\/\/www.visit-ulcinj.com\/blog\/?s={search_term_string}"},"query-input":"required name=search_term_string"}],"inLanguage":"en-US"},{"@type":"ImageObject","inLanguage":"en-US","@id":"https:\/\/www.visit-ulcinj.com\/blog\/2014\/12\/31\/urime-vitin-e-ri-2015-portali-lajme-nga-ulqini\/#primaryimage","url":"https:\/\/www.visit-ulcinj.com\/blog\/wp-content\/uploads\/2014\/12\/Urime-gezuar-viti-ri-2015.jpg","contentUrl":"https:\/\/www.visit-ulcinj.com\/blog\/wp-content\/uploads\/2014\/12\/Urime-gezuar-viti-ri-2015.jpg","width":960,"height":640},{"@type":"WebPage","@id":"https:\/\/www.visit-ulcinj.com\/blog\/2014\/12\/31\/urime-vitin-e-ri-2015-portali-lajme-nga-ulqini\/#webpage","url":"https:\/\/www.visit-ulcinj.com\/blog\/2014\/12\/31\/urime-vitin-e-ri-2015-portali-lajme-nga-ulqini\/","name":"Urime Vitin e Ri 2015 - Portali Lajme nga Ulqini - Lajme nga Ulqini","isPartOf":{"@id":"https:\/\/www.visit-ulcinj.com\/blog\/#website"},"primaryImageOfPage":{"@id":"https:\/\/www.visit-ulcinj.com\/blog\/2014\/12\/31\/urime-vitin-e-ri-2015-portali-lajme-nga-ulqini\/#primaryimage"},"datePublished":"2014-12-31T17:19:11+00:00","dateModified":"2015-01-01T14:50:13+00:00","author":{"@id":"https:\/\/www.visit-ulcinj.com\/blog\/#\/schema\/person\/dcab619c614d3038751c63bc2aadc06d"},"description":"T\u00eb gjith\u00eb qytetar\u00ebve t\u00eb Ulqinit si dhe gjith\u00eb shqiptar\u00ebve n\u00eb mbar\u00eb bot\u00ebn, urime fest\u00ebn e Vitit t\u00eb Ri 2015. Urim t\u00eb ve\u00e7ant\u00eb edhe p\u00ebr diaspor\u00ebn ulqinake, e","breadcrumb":{"@id":"https:\/\/www.visit-ulcinj.com\/blog\/2014\/12\/31\/urime-vitin-e-ri-2015-portali-lajme-nga-ulqini\/#breadcrumb"},"inLanguage":"en-US","potentialAction":[{"@type":"ReadAction","target":["https:\/\/www.visit-ulcinj.com\/blog\/2014\/12\/31\/urime-vitin-e-ri-2015-portali-lajme-nga-ulqini\/"]}]},{"@type":"BreadcrumbList","@id":"https:\/\/www.visit-ulcinj.com\/blog\/2014\/12\/31\/urime-vitin-e-ri-2015-portali-lajme-nga-ulqini\/#breadcrumb","itemListElement":[{"@type":"ListItem","position":1,"name":"Urime Vitin e Ri 2015 &#8211; Portali Lajme nga Ulqini"}]},{"@type":"Person","@id":"https:\/\/www.visit-ulcinj.com\/blog\/#\/schema\/person\/dcab619c614d3038751c63bc2aadc06d","name":"ulqini","sameAs":["http:\/\/www.visit-ulcinj.com"],"url":"https:\/\/www.visit-ulcinj.com\/blog\/author\/admin\/"}]}},"jetpack_featured_media_url":"","jetpack_sharing_enabled":true,"jetpack_shortlink":"https:\/\/wp.me\/pe6lTn-mK0","_links":{"self":[{"href":"https:\/\/www.visit-ulcinj.com\/blog\/wp-json\/wp\/v2\/posts\/87420"}],"collection":[{"href":"https:\/\/www.visit-ulcinj.com\/blog\/wp-json\/wp\/v2\/posts"}],"about":[{"href":"https:\/\/www.visit-ulcinj.com\/blog\/wp-json\/wp\/v2\/types\/post"}],"author":[{"embeddable":true,"href":"https:\/\/www.visit-ulcinj.com\/blog\/wp-json\/wp\/v2\/users\/1"}],"replies":[{"embeddable":true,"href":"https:\/\/www.visit-ulcinj.com\/blog\/wp-json\/wp\/v2\/comments?post=87420"}],"version-history":[{"count":6,"href":"https:\/\/www.visit-ulcinj.com\/blog\/wp-json\/wp\/v2\/posts\/87420\/revisions"}],"predecessor-version":[{"id":87431,"href":"https:\/\/www.visit-ulcinj.com\/blog\/wp-json\/wp\/v2\/posts\/87420\/revisions\/87431"}],"wp:attachment":[{"href":"https:\/\/www.visit-ulcinj.com\/blog\/wp-json\/wp\/v2\/media?parent=87420"}],"wp:term":[{"taxonomy":"category","embeddable":true,"href":"https:\/\/www.visit-ulcinj.com\/blog\/wp-json\/wp\/v2\/categories?post=87420"},{"taxonomy":"post_tag","embeddable":true,"href":"https:\/\/www.visit-ulcinj.com\/blog\/wp-json\/wp\/v2\/tags?post=87420"}],"curies":[{"name":"wp","href":"https:\/\/api.w.org\/{rel}","templated":true}]}}