{"id":87432,"date":"2014-12-31T19:38:50","date_gmt":"2014-12-31T18:38:50","guid":{"rendered":"http:\/\/www.visit-ulcinj.com\/blog\/?p=87432"},"modified":"2014-12-31T19:38:50","modified_gmt":"2014-12-31T18:38:50","slug":"ulcinj-spreman-na-docek-nove-godine","status":"publish","type":"post","link":"https:\/\/www.visit-ulcinj.com\/blog\/2014\/12\/31\/ulcinj-spreman-na-docek-nove-godine\/","title":{"rendered":"Ulcinj spreman na do\u010dek Nove godine"},"content":{"rendered":"<div class=\"entry\">\n<p><a href=\"http:\/\/www.visit-ulcinj.com\/blog\/wp-content\/uploads\/2014\/12\/genta-ismajli-Ulqin-2015.jpg\"><img loading=\"lazy\" class=\"alignleft wp-image-87428\" src=\"http:\/\/www.visit-ulcinj.com\/blog\/wp-content\/uploads\/2014\/12\/genta-ismajli-Ulqin-2015.jpg\" alt=\"genta-ismajli-Ulqin-2015\" width=\"508\" height=\"508\" \/><\/a>Sve je spremno za ve\u010dera\u0161nji do\u010dek Nove godine na Pristanu. Postavljena je velika bina i pristigli najavljeni u\u010desnici programa koji po hladnom i vjetrovitom vremenu treba da zagriju one koji \u0107e se 2015. godinu do\u010dekati na ulcinjskoj Maloj pla\u017ei, prenosi Portal Ul.info.<\/p>\n<p>Program po\u010dinje ve\u0107 od 18 \u010dasova sa sljede\u0107im u\u010desnicima: Genta Ismaili, Leonora Jakupi, Sla\u0111ana Deliba\u0161i\u0107, Ardian Ljulj\u0111uraj, Armend Mila i polaznici plesne \u0161kole \u201cPorta di Danca\u201d.<\/p>\n<p>Portal Ul-info \u010destita posjetiocima i svim gra\u0111anima Novu godinu uz nadu da \u0107e nam se u njoj svima ispuniti \u017eelje.<\/p>\n<\/div>\n","protected":false},"excerpt":{"rendered":"<p>Sve je spremno za ve\u010dera\u0161nji do\u010dek Nove godine na Pristanu. Postavljena je velika bina i pristigli najavljeni u\u010desnici programa koji po hladnom i vjetrovitom vremenu treba da zagriju one koji \u0107e se 2015. godinu do\u010dekati na ulcinjskoj Maloj pla\u017ei, prenosi Portal Ul.info. Program po\u010dinje ve\u0107 od 18 \u010dasova sa sljede\u0107im u\u010desnicima: Genta Ismaili, Leonora Jakupi, [&hellip;]<\/p>\n","protected":false},"author":1,"featured_media":0,"comment_status":"closed","ping_status":"closed","sticky":false,"template":"","format":"standard","meta":{"spay_email":"","jetpack_publicize_message":"","jetpack_is_tweetstorm":false,"jetpack_publicize_feature_enabled":true},"categories":[8337],"tags":[],"jetpack_publicize_connections":[],"yoast_head":"<!-- This site is optimized with the Yoast SEO plugin v19.1 - https:\/\/yoast.com\/wordpress\/plugins\/seo\/ -->\n<title>Ulcinj spreman na do\u010dek Nove godine - Lajme nga Ulqini<\/title>\n<meta name=\"description\" content=\"Sve je spremno za ve\u010dera\u0161nji do\u010dek Nove godine na Pristanu. Postavljena je velika bina i pristigli najavljeni u\u010desnici programa koji po hladnom i\" \/>\n<meta name=\"robots\" content=\"index, follow, max-snippet:-1, max-image-preview:large, max-video-preview:-1\" \/>\n<link rel=\"canonical\" href=\"https:\/\/www.visit-ulcinj.com\/blog\/2014\/12\/31\/ulcinj-spreman-na-docek-nove-godine\/\" \/>\n<meta property=\"og:locale\" content=\"en_US\" \/>\n<meta property=\"og:type\" content=\"article\" \/>\n<meta property=\"og:title\" content=\"Ulcinj spreman na do\u010dek Nove godine - Lajme nga Ulqini\" \/>\n<meta property=\"og:description\" content=\"Sve je spremno za ve\u010dera\u0161nji do\u010dek Nove godine na Pristanu. Postavljena je velika bina i pristigli najavljeni u\u010desnici programa koji po hladnom i\" \/>\n<meta property=\"og:url\" content=\"https:\/\/www.visit-ulcinj.com\/blog\/2014\/12\/31\/ulcinj-spreman-na-docek-nove-godine\/\" \/>\n<meta property=\"og:site_name\" content=\"Lajme nga Ulqini\" \/>\n<meta property=\"article:published_time\" content=\"2014-12-31T18:38:50+00:00\" \/>\n<meta property=\"og:image\" content=\"http:\/\/www.visit-ulcinj.com\/blog\/wp-content\/uploads\/2014\/12\/genta-ismajli-Ulqin-2015.jpg\" \/>\n<meta name=\"twitter:label1\" content=\"Written by\" \/>\n\t<meta name=\"twitter:data1\" content=\"ulqini\" \/>\n\t<meta name=\"twitter:label2\" content=\"Est. reading time\" \/>\n\t<meta name=\"twitter:data2\" content=\"1 minute\" \/>\n<script type=\"application\/ld+json\" class=\"yoast-schema-graph\">{\"@context\":\"https:\/\/schema.org\",\"@graph\":[{\"@type\":\"WebSite\",\"@id\":\"https:\/\/www.visit-ulcinj.com\/blog\/#website\",\"url\":\"https:\/\/www.visit-ulcinj.com\/blog\/\",\"name\":\"Lajme nga Ulqini\",\"description\":\"Lajme,Vijesti,Ulqini,Ulqin,Crna Gora,Mali i Zi\",\"potentialAction\":[{\"@type\":\"SearchAction\",\"target\":{\"@type\":\"EntryPoint\",\"urlTemplate\":\"https:\/\/www.visit-ulcinj.com\/blog\/?s={search_term_string}\"},\"query-input\":\"required name=search_term_string\"}],\"inLanguage\":\"en-US\"},{\"@type\":\"ImageObject\",\"inLanguage\":\"en-US\",\"@id\":\"https:\/\/www.visit-ulcinj.com\/blog\/2014\/12\/31\/ulcinj-spreman-na-docek-nove-godine\/#primaryimage\",\"url\":\"http:\/\/www.visit-ulcinj.com\/blog\/wp-content\/uploads\/2014\/12\/genta-ismajli-Ulqin-2015.jpg\",\"contentUrl\":\"http:\/\/www.visit-ulcinj.com\/blog\/wp-content\/uploads\/2014\/12\/genta-ismajli-Ulqin-2015.jpg\"},{\"@type\":\"WebPage\",\"@id\":\"https:\/\/www.visit-ulcinj.com\/blog\/2014\/12\/31\/ulcinj-spreman-na-docek-nove-godine\/#webpage\",\"url\":\"https:\/\/www.visit-ulcinj.com\/blog\/2014\/12\/31\/ulcinj-spreman-na-docek-nove-godine\/\",\"name\":\"Ulcinj spreman na do\u010dek Nove godine - Lajme nga Ulqini\",\"isPartOf\":{\"@id\":\"https:\/\/www.visit-ulcinj.com\/blog\/#website\"},\"primaryImageOfPage\":{\"@id\":\"https:\/\/www.visit-ulcinj.com\/blog\/2014\/12\/31\/ulcinj-spreman-na-docek-nove-godine\/#primaryimage\"},\"datePublished\":\"2014-12-31T18:38:50+00:00\",\"dateModified\":\"2014-12-31T18:38:50+00:00\",\"author\":{\"@id\":\"https:\/\/www.visit-ulcinj.com\/blog\/#\/schema\/person\/dcab619c614d3038751c63bc2aadc06d\"},\"description\":\"Sve je spremno za ve\u010dera\u0161nji do\u010dek Nove godine na Pristanu. Postavljena je velika bina i pristigli najavljeni u\u010desnici programa koji po hladnom i\",\"breadcrumb\":{\"@id\":\"https:\/\/www.visit-ulcinj.com\/blog\/2014\/12\/31\/ulcinj-spreman-na-docek-nove-godine\/#breadcrumb\"},\"inLanguage\":\"en-US\",\"potentialAction\":[{\"@type\":\"ReadAction\",\"target\":[\"https:\/\/www.visit-ulcinj.com\/blog\/2014\/12\/31\/ulcinj-spreman-na-docek-nove-godine\/\"]}]},{\"@type\":\"BreadcrumbList\",\"@id\":\"https:\/\/www.visit-ulcinj.com\/blog\/2014\/12\/31\/ulcinj-spreman-na-docek-nove-godine\/#breadcrumb\",\"itemListElement\":[{\"@type\":\"ListItem\",\"position\":1,\"name\":\"Ulcinj spreman na do\u010dek Nove godine\"}]},{\"@type\":\"Person\",\"@id\":\"https:\/\/www.visit-ulcinj.com\/blog\/#\/schema\/person\/dcab619c614d3038751c63bc2aadc06d\",\"name\":\"ulqini\",\"sameAs\":[\"http:\/\/www.visit-ulcinj.com\"],\"url\":\"https:\/\/www.visit-ulcinj.com\/blog\/author\/admin\/\"}]}<\/script>\n<!-- \/ Yoast SEO plugin. -->","yoast_head_json":{"title":"Ulcinj spreman na do\u010dek Nove godine - Lajme nga Ulqini","description":"Sve je spremno za ve\u010dera\u0161nji do\u010dek Nove godine na Pristanu. Postavljena je velika bina i pristigli najavljeni u\u010desnici programa koji po hladnom i","robots":{"index":"index","follow":"follow","max-snippet":"max-snippet:-1","max-image-preview":"max-image-preview:large","max-video-preview":"max-video-preview:-1"},"canonical":"https:\/\/www.visit-ulcinj.com\/blog\/2014\/12\/31\/ulcinj-spreman-na-docek-nove-godine\/","og_locale":"en_US","og_type":"article","og_title":"Ulcinj spreman na do\u010dek Nove godine - Lajme nga Ulqini","og_description":"Sve je spremno za ve\u010dera\u0161nji do\u010dek Nove godine na Pristanu. Postavljena je velika bina i pristigli najavljeni u\u010desnici programa koji po hladnom i","og_url":"https:\/\/www.visit-ulcinj.com\/blog\/2014\/12\/31\/ulcinj-spreman-na-docek-nove-godine\/","og_site_name":"Lajme nga Ulqini","article_published_time":"2014-12-31T18:38:50+00:00","og_image":[{"url":"http:\/\/www.visit-ulcinj.com\/blog\/wp-content\/uploads\/2014\/12\/genta-ismajli-Ulqin-2015.jpg"}],"twitter_misc":{"Written by":"ulqini","Est. reading time":"1 minute"},"schema":{"@context":"https:\/\/schema.org","@graph":[{"@type":"WebSite","@id":"https:\/\/www.visit-ulcinj.com\/blog\/#website","url":"https:\/\/www.visit-ulcinj.com\/blog\/","name":"Lajme nga Ulqini","description":"Lajme,Vijesti,Ulqini,Ulqin,Crna Gora,Mali i Zi","potentialAction":[{"@type":"SearchAction","target":{"@type":"EntryPoint","urlTemplate":"https:\/\/www.visit-ulcinj.com\/blog\/?s={search_term_string}"},"query-input":"required name=search_term_string"}],"inLanguage":"en-US"},{"@type":"ImageObject","inLanguage":"en-US","@id":"https:\/\/www.visit-ulcinj.com\/blog\/2014\/12\/31\/ulcinj-spreman-na-docek-nove-godine\/#primaryimage","url":"http:\/\/www.visit-ulcinj.com\/blog\/wp-content\/uploads\/2014\/12\/genta-ismajli-Ulqin-2015.jpg","contentUrl":"http:\/\/www.visit-ulcinj.com\/blog\/wp-content\/uploads\/2014\/12\/genta-ismajli-Ulqin-2015.jpg"},{"@type":"WebPage","@id":"https:\/\/www.visit-ulcinj.com\/blog\/2014\/12\/31\/ulcinj-spreman-na-docek-nove-godine\/#webpage","url":"https:\/\/www.visit-ulcinj.com\/blog\/2014\/12\/31\/ulcinj-spreman-na-docek-nove-godine\/","name":"Ulcinj spreman na do\u010dek Nove godine - Lajme nga Ulqini","isPartOf":{"@id":"https:\/\/www.visit-ulcinj.com\/blog\/#website"},"primaryImageOfPage":{"@id":"https:\/\/www.visit-ulcinj.com\/blog\/2014\/12\/31\/ulcinj-spreman-na-docek-nove-godine\/#primaryimage"},"datePublished":"2014-12-31T18:38:50+00:00","dateModified":"2014-12-31T18:38:50+00:00","author":{"@id":"https:\/\/www.visit-ulcinj.com\/blog\/#\/schema\/person\/dcab619c614d3038751c63bc2aadc06d"},"description":"Sve je spremno za ve\u010dera\u0161nji do\u010dek Nove godine na Pristanu. Postavljena je velika bina i pristigli najavljeni u\u010desnici programa koji po hladnom i","breadcrumb":{"@id":"https:\/\/www.visit-ulcinj.com\/blog\/2014\/12\/31\/ulcinj-spreman-na-docek-nove-godine\/#breadcrumb"},"inLanguage":"en-US","potentialAction":[{"@type":"ReadAction","target":["https:\/\/www.visit-ulcinj.com\/blog\/2014\/12\/31\/ulcinj-spreman-na-docek-nove-godine\/"]}]},{"@type":"BreadcrumbList","@id":"https:\/\/www.visit-ulcinj.com\/blog\/2014\/12\/31\/ulcinj-spreman-na-docek-nove-godine\/#breadcrumb","itemListElement":[{"@type":"ListItem","position":1,"name":"Ulcinj spreman na do\u010dek Nove godine"}]},{"@type":"Person","@id":"https:\/\/www.visit-ulcinj.com\/blog\/#\/schema\/person\/dcab619c614d3038751c63bc2aadc06d","name":"ulqini","sameAs":["http:\/\/www.visit-ulcinj.com"],"url":"https:\/\/www.visit-ulcinj.com\/blog\/author\/admin\/"}]}},"jetpack_featured_media_url":"","jetpack_sharing_enabled":true,"jetpack_shortlink":"https:\/\/wp.me\/pe6lTn-mKc","_links":{"self":[{"href":"https:\/\/www.visit-ulcinj.com\/blog\/wp-json\/wp\/v2\/posts\/87432"}],"collection":[{"href":"https:\/\/www.visit-ulcinj.com\/blog\/wp-json\/wp\/v2\/posts"}],"about":[{"href":"https:\/\/www.visit-ulcinj.com\/blog\/wp-json\/wp\/v2\/types\/post"}],"author":[{"embeddable":true,"href":"https:\/\/www.visit-ulcinj.com\/blog\/wp-json\/wp\/v2\/users\/1"}],"replies":[{"embeddable":true,"href":"https:\/\/www.visit-ulcinj.com\/blog\/wp-json\/wp\/v2\/comments?post=87432"}],"version-history":[{"count":1,"href":"https:\/\/www.visit-ulcinj.com\/blog\/wp-json\/wp\/v2\/posts\/87432\/revisions"}],"predecessor-version":[{"id":87433,"href":"https:\/\/www.visit-ulcinj.com\/blog\/wp-json\/wp\/v2\/posts\/87432\/revisions\/87433"}],"wp:attachment":[{"href":"https:\/\/www.visit-ulcinj.com\/blog\/wp-json\/wp\/v2\/media?parent=87432"}],"wp:term":[{"taxonomy":"category","embeddable":true,"href":"https:\/\/www.visit-ulcinj.com\/blog\/wp-json\/wp\/v2\/categories?post=87432"},{"taxonomy":"post_tag","embeddable":true,"href":"https:\/\/www.visit-ulcinj.com\/blog\/wp-json\/wp\/v2\/tags?post=87432"}],"curies":[{"name":"wp","href":"https:\/\/api.w.org\/{rel}","templated":true}]}}