{"id":87434,"date":"2015-01-01T15:44:50","date_gmt":"2015-01-01T14:44:50","guid":{"rendered":"http:\/\/www.visit-ulcinj.com\/blog\/?p=87434"},"modified":"2015-01-02T17:42:13","modified_gmt":"2015-01-02T16:42:13","slug":"ulcinj-2015-new-years-eve-fireworks-video","status":"publish","type":"post","link":"https:\/\/www.visit-ulcinj.com\/blog\/2015\/01\/01\/ulcinj-2015-new-years-eve-fireworks-video\/","title":{"rendered":"Ulcinj 2015 New Year&#8217;s Eve Fireworks &#8211; Video"},"content":{"rendered":"<p><a href=\"http:\/\/www.visit-ulcinj.com\/blog\/wp-content\/uploads\/2015\/01\/Ulcinj-2015-New-Years-Eve-Fireworks.jpg\"><img loading=\"lazy\" class=\"alignleft wp-image-87435\" src=\"http:\/\/www.visit-ulcinj.com\/blog\/wp-content\/uploads\/2015\/01\/Ulcinj-2015-New-Years-Eve-Fireworks.jpg\" alt=\"Ulcinj 2015 New Year's Eve Fireworks\" width=\"508\" height=\"381\" srcset=\"https:\/\/www.visit-ulcinj.com\/blog\/wp-content\/uploads\/2015\/01\/Ulcinj-2015-New-Years-Eve-Fireworks.jpg 960w, https:\/\/www.visit-ulcinj.com\/blog\/wp-content\/uploads\/2015\/01\/Ulcinj-2015-New-Years-Eve-Fireworks-300x225.jpg 300w\" sizes=\"(max-width: 508px) 100vw, 508px\" \/><\/a>N\u00eb nj\u00eb atmosfer\u00eb festive \u00ebsht\u00eb shoq\u00ebruar nd\u00ebrrimi i viteve edhe n\u00eb Ulqin.<\/p>\n<p>K\u00ebshtu n\u00eb Ulqin rreth disa qindra qytetar\u00eb t\u00eb Ulqinit, kryesisht t\u00eb ri p\u00ebrsh\u00ebndet\u00ebn ardhjen e 2015, si dhe vler\u00ebsuan spektaklin e fishekzjarr\u00ebve n\u00eb Ran\u00eb t\u00eb Ulqinit. Pavar\u00ebsisht t\u00eb ftohtit t\u00eb akullt, n\u00eb Ulqin qindra njer\u00ebz kan\u00eb pritur ardhjen e Vitit t\u00eb Ri n\u00ebn melodit\u00eb e muzik\u00ebs s\u00eb k\u00ebng\u00ebtares atraktive Genta Ismaili, Leonora Jakupit, Slagja Delibashiq, Ardian Lulgjuraj, Armend Milla dhe an\u00ebtar\u00ebt e shkoll\u00ebs s\u00eb vall\u00ebzimit \u201cPorta di Danca\u201d.<\/p>\n<p>Sapo ora tregonte 00:00, nj\u00eb spektak\u00ebl fishekzjarr\u00ebsh ndri\u00e7uan qiellin n\u00eb Ran\u00eb, mbi kalan e shenjt\u00eb t\u00eb Ulqinit.\u00a0 Duhet cekur se numri m\u00eb i madh i Ulqinak\u00ebve vitin 2015 e priten n\u00eb sht\u00ebpit\u00eb e veta.<\/p>\n<!--YouTube Error: bad URL entered-->\n<!--YouTube Error: bad URL entered-->\n","protected":false},"excerpt":{"rendered":"<p>N\u00eb nj\u00eb atmosfer\u00eb festive \u00ebsht\u00eb shoq\u00ebruar nd\u00ebrrimi i viteve edhe n\u00eb Ulqin. K\u00ebshtu n\u00eb Ulqin rreth disa qindra qytetar\u00eb t\u00eb Ulqinit, kryesisht t\u00eb ri p\u00ebrsh\u00ebndet\u00ebn ardhjen e 2015, si dhe vler\u00ebsuan spektaklin e fishekzjarr\u00ebve n\u00eb Ran\u00eb t\u00eb Ulqinit. Pavar\u00ebsisht t\u00eb ftohtit t\u00eb akullt, n\u00eb Ulqin qindra njer\u00ebz kan\u00eb pritur ardhjen e Vitit t\u00eb Ri n\u00ebn [&hellip;]<\/p>\n","protected":false},"author":1,"featured_media":0,"comment_status":"closed","ping_status":"closed","sticky":false,"template":"","format":"standard","meta":{"spay_email":"","jetpack_publicize_message":"","jetpack_is_tweetstorm":false,"jetpack_publicize_feature_enabled":true},"categories":[10,1],"tags":[],"jetpack_publicize_connections":[],"yoast_head":"<!-- This site is optimized with the Yoast SEO plugin v19.1 - https:\/\/yoast.com\/wordpress\/plugins\/seo\/ -->\n<title>Ulcinj 2015 New Year&#039;s Eve Fireworks - Video - Lajme nga Ulqini<\/title>\n<meta name=\"description\" content=\"N\u00eb nj\u00eb atmosfer\u00eb festive \u00ebsht\u00eb shoq\u00ebruar nd\u00ebrrimi i viteve edhe n\u00eb Ulqin. K\u00ebshtu n\u00eb Ulqin rreth disa qindra qytetar\u00eb t\u00eb Ulqinit, kryesisht t\u00eb ri\" \/>\n<meta name=\"robots\" content=\"index, follow, max-snippet:-1, max-image-preview:large, max-video-preview:-1\" \/>\n<link rel=\"canonical\" href=\"https:\/\/www.visit-ulcinj.com\/blog\/2015\/01\/01\/ulcinj-2015-new-years-eve-fireworks-video\/\" \/>\n<meta property=\"og:locale\" content=\"en_US\" \/>\n<meta property=\"og:type\" content=\"article\" \/>\n<meta property=\"og:title\" content=\"Ulcinj 2015 New Year&#039;s Eve Fireworks - Video - Lajme nga Ulqini\" \/>\n<meta property=\"og:description\" content=\"N\u00eb nj\u00eb atmosfer\u00eb festive \u00ebsht\u00eb shoq\u00ebruar nd\u00ebrrimi i viteve edhe n\u00eb Ulqin. K\u00ebshtu n\u00eb Ulqin rreth disa qindra qytetar\u00eb t\u00eb Ulqinit, kryesisht t\u00eb ri\" \/>\n<meta property=\"og:url\" content=\"https:\/\/www.visit-ulcinj.com\/blog\/2015\/01\/01\/ulcinj-2015-new-years-eve-fireworks-video\/\" \/>\n<meta property=\"og:site_name\" content=\"Lajme nga Ulqini\" \/>\n<meta property=\"article:published_time\" content=\"2015-01-01T14:44:50+00:00\" \/>\n<meta property=\"article:modified_time\" content=\"2015-01-02T16:42:13+00:00\" \/>\n<meta property=\"og:image\" content=\"http:\/\/www.visit-ulcinj.com\/blog\/wp-content\/uploads\/2015\/01\/Ulcinj-2015-New-Years-Eve-Fireworks.jpg\" \/>\n<meta name=\"twitter:label1\" content=\"Written by\" \/>\n\t<meta name=\"twitter:data1\" content=\"ulqini\" \/>\n\t<meta name=\"twitter:label2\" content=\"Est. reading time\" \/>\n\t<meta name=\"twitter:data2\" content=\"1 minute\" \/>\n<script type=\"application\/ld+json\" class=\"yoast-schema-graph\">{\"@context\":\"https:\/\/schema.org\",\"@graph\":[{\"@type\":\"WebSite\",\"@id\":\"https:\/\/www.visit-ulcinj.com\/blog\/#website\",\"url\":\"https:\/\/www.visit-ulcinj.com\/blog\/\",\"name\":\"Lajme nga Ulqini\",\"description\":\"Lajme,Vijesti,Ulqini,Ulqin,Crna Gora,Mali i Zi\",\"potentialAction\":[{\"@type\":\"SearchAction\",\"target\":{\"@type\":\"EntryPoint\",\"urlTemplate\":\"https:\/\/www.visit-ulcinj.com\/blog\/?s={search_term_string}\"},\"query-input\":\"required name=search_term_string\"}],\"inLanguage\":\"en-US\"},{\"@type\":\"ImageObject\",\"inLanguage\":\"en-US\",\"@id\":\"https:\/\/www.visit-ulcinj.com\/blog\/2015\/01\/01\/ulcinj-2015-new-years-eve-fireworks-video\/#primaryimage\",\"url\":\"https:\/\/www.visit-ulcinj.com\/blog\/wp-content\/uploads\/2015\/01\/Ulcinj-2015-New-Years-Eve-Fireworks.jpg\",\"contentUrl\":\"https:\/\/www.visit-ulcinj.com\/blog\/wp-content\/uploads\/2015\/01\/Ulcinj-2015-New-Years-Eve-Fireworks.jpg\",\"width\":960,\"height\":720},{\"@type\":\"WebPage\",\"@id\":\"https:\/\/www.visit-ulcinj.com\/blog\/2015\/01\/01\/ulcinj-2015-new-years-eve-fireworks-video\/#webpage\",\"url\":\"https:\/\/www.visit-ulcinj.com\/blog\/2015\/01\/01\/ulcinj-2015-new-years-eve-fireworks-video\/\",\"name\":\"Ulcinj 2015 New Year's Eve Fireworks - Video - Lajme nga Ulqini\",\"isPartOf\":{\"@id\":\"https:\/\/www.visit-ulcinj.com\/blog\/#website\"},\"primaryImageOfPage\":{\"@id\":\"https:\/\/www.visit-ulcinj.com\/blog\/2015\/01\/01\/ulcinj-2015-new-years-eve-fireworks-video\/#primaryimage\"},\"datePublished\":\"2015-01-01T14:44:50+00:00\",\"dateModified\":\"2015-01-02T16:42:13+00:00\",\"author\":{\"@id\":\"https:\/\/www.visit-ulcinj.com\/blog\/#\/schema\/person\/dcab619c614d3038751c63bc2aadc06d\"},\"description\":\"N\u00eb nj\u00eb atmosfer\u00eb festive \u00ebsht\u00eb shoq\u00ebruar nd\u00ebrrimi i viteve edhe n\u00eb Ulqin. K\u00ebshtu n\u00eb Ulqin rreth disa qindra qytetar\u00eb t\u00eb Ulqinit, kryesisht t\u00eb ri\",\"breadcrumb\":{\"@id\":\"https:\/\/www.visit-ulcinj.com\/blog\/2015\/01\/01\/ulcinj-2015-new-years-eve-fireworks-video\/#breadcrumb\"},\"inLanguage\":\"en-US\",\"potentialAction\":[{\"@type\":\"ReadAction\",\"target\":[\"https:\/\/www.visit-ulcinj.com\/blog\/2015\/01\/01\/ulcinj-2015-new-years-eve-fireworks-video\/\"]}]},{\"@type\":\"BreadcrumbList\",\"@id\":\"https:\/\/www.visit-ulcinj.com\/blog\/2015\/01\/01\/ulcinj-2015-new-years-eve-fireworks-video\/#breadcrumb\",\"itemListElement\":[{\"@type\":\"ListItem\",\"position\":1,\"name\":\"Ulcinj 2015 New Year&#8217;s Eve Fireworks &#8211; Video\"}]},{\"@type\":\"Person\",\"@id\":\"https:\/\/www.visit-ulcinj.com\/blog\/#\/schema\/person\/dcab619c614d3038751c63bc2aadc06d\",\"name\":\"ulqini\",\"sameAs\":[\"http:\/\/www.visit-ulcinj.com\"],\"url\":\"https:\/\/www.visit-ulcinj.com\/blog\/author\/admin\/\"}]}<\/script>\n<!-- \/ Yoast SEO plugin. -->","yoast_head_json":{"title":"Ulcinj 2015 New Year's Eve Fireworks - Video - Lajme nga Ulqini","description":"N\u00eb nj\u00eb atmosfer\u00eb festive \u00ebsht\u00eb shoq\u00ebruar nd\u00ebrrimi i viteve edhe n\u00eb Ulqin. K\u00ebshtu n\u00eb Ulqin rreth disa qindra qytetar\u00eb t\u00eb Ulqinit, kryesisht t\u00eb ri","robots":{"index":"index","follow":"follow","max-snippet":"max-snippet:-1","max-image-preview":"max-image-preview:large","max-video-preview":"max-video-preview:-1"},"canonical":"https:\/\/www.visit-ulcinj.com\/blog\/2015\/01\/01\/ulcinj-2015-new-years-eve-fireworks-video\/","og_locale":"en_US","og_type":"article","og_title":"Ulcinj 2015 New Year's Eve Fireworks - Video - Lajme nga Ulqini","og_description":"N\u00eb nj\u00eb atmosfer\u00eb festive \u00ebsht\u00eb shoq\u00ebruar nd\u00ebrrimi i viteve edhe n\u00eb Ulqin. K\u00ebshtu n\u00eb Ulqin rreth disa qindra qytetar\u00eb t\u00eb Ulqinit, kryesisht t\u00eb ri","og_url":"https:\/\/www.visit-ulcinj.com\/blog\/2015\/01\/01\/ulcinj-2015-new-years-eve-fireworks-video\/","og_site_name":"Lajme nga Ulqini","article_published_time":"2015-01-01T14:44:50+00:00","article_modified_time":"2015-01-02T16:42:13+00:00","og_image":[{"url":"http:\/\/www.visit-ulcinj.com\/blog\/wp-content\/uploads\/2015\/01\/Ulcinj-2015-New-Years-Eve-Fireworks.jpg"}],"twitter_misc":{"Written by":"ulqini","Est. reading time":"1 minute"},"schema":{"@context":"https:\/\/schema.org","@graph":[{"@type":"WebSite","@id":"https:\/\/www.visit-ulcinj.com\/blog\/#website","url":"https:\/\/www.visit-ulcinj.com\/blog\/","name":"Lajme nga Ulqini","description":"Lajme,Vijesti,Ulqini,Ulqin,Crna Gora,Mali i Zi","potentialAction":[{"@type":"SearchAction","target":{"@type":"EntryPoint","urlTemplate":"https:\/\/www.visit-ulcinj.com\/blog\/?s={search_term_string}"},"query-input":"required name=search_term_string"}],"inLanguage":"en-US"},{"@type":"ImageObject","inLanguage":"en-US","@id":"https:\/\/www.visit-ulcinj.com\/blog\/2015\/01\/01\/ulcinj-2015-new-years-eve-fireworks-video\/#primaryimage","url":"https:\/\/www.visit-ulcinj.com\/blog\/wp-content\/uploads\/2015\/01\/Ulcinj-2015-New-Years-Eve-Fireworks.jpg","contentUrl":"https:\/\/www.visit-ulcinj.com\/blog\/wp-content\/uploads\/2015\/01\/Ulcinj-2015-New-Years-Eve-Fireworks.jpg","width":960,"height":720},{"@type":"WebPage","@id":"https:\/\/www.visit-ulcinj.com\/blog\/2015\/01\/01\/ulcinj-2015-new-years-eve-fireworks-video\/#webpage","url":"https:\/\/www.visit-ulcinj.com\/blog\/2015\/01\/01\/ulcinj-2015-new-years-eve-fireworks-video\/","name":"Ulcinj 2015 New Year's Eve Fireworks - Video - Lajme nga Ulqini","isPartOf":{"@id":"https:\/\/www.visit-ulcinj.com\/blog\/#website"},"primaryImageOfPage":{"@id":"https:\/\/www.visit-ulcinj.com\/blog\/2015\/01\/01\/ulcinj-2015-new-years-eve-fireworks-video\/#primaryimage"},"datePublished":"2015-01-01T14:44:50+00:00","dateModified":"2015-01-02T16:42:13+00:00","author":{"@id":"https:\/\/www.visit-ulcinj.com\/blog\/#\/schema\/person\/dcab619c614d3038751c63bc2aadc06d"},"description":"N\u00eb nj\u00eb atmosfer\u00eb festive \u00ebsht\u00eb shoq\u00ebruar nd\u00ebrrimi i viteve edhe n\u00eb Ulqin. K\u00ebshtu n\u00eb Ulqin rreth disa qindra qytetar\u00eb t\u00eb Ulqinit, kryesisht t\u00eb ri","breadcrumb":{"@id":"https:\/\/www.visit-ulcinj.com\/blog\/2015\/01\/01\/ulcinj-2015-new-years-eve-fireworks-video\/#breadcrumb"},"inLanguage":"en-US","potentialAction":[{"@type":"ReadAction","target":["https:\/\/www.visit-ulcinj.com\/blog\/2015\/01\/01\/ulcinj-2015-new-years-eve-fireworks-video\/"]}]},{"@type":"BreadcrumbList","@id":"https:\/\/www.visit-ulcinj.com\/blog\/2015\/01\/01\/ulcinj-2015-new-years-eve-fireworks-video\/#breadcrumb","itemListElement":[{"@type":"ListItem","position":1,"name":"Ulcinj 2015 New Year&#8217;s Eve Fireworks &#8211; Video"}]},{"@type":"Person","@id":"https:\/\/www.visit-ulcinj.com\/blog\/#\/schema\/person\/dcab619c614d3038751c63bc2aadc06d","name":"ulqini","sameAs":["http:\/\/www.visit-ulcinj.com"],"url":"https:\/\/www.visit-ulcinj.com\/blog\/author\/admin\/"}]}},"jetpack_featured_media_url":"","jetpack_sharing_enabled":true,"jetpack_shortlink":"https:\/\/wp.me\/pe6lTn-mKe","_links":{"self":[{"href":"https:\/\/www.visit-ulcinj.com\/blog\/wp-json\/wp\/v2\/posts\/87434"}],"collection":[{"href":"https:\/\/www.visit-ulcinj.com\/blog\/wp-json\/wp\/v2\/posts"}],"about":[{"href":"https:\/\/www.visit-ulcinj.com\/blog\/wp-json\/wp\/v2\/types\/post"}],"author":[{"embeddable":true,"href":"https:\/\/www.visit-ulcinj.com\/blog\/wp-json\/wp\/v2\/users\/1"}],"replies":[{"embeddable":true,"href":"https:\/\/www.visit-ulcinj.com\/blog\/wp-json\/wp\/v2\/comments?post=87434"}],"version-history":[{"count":2,"href":"https:\/\/www.visit-ulcinj.com\/blog\/wp-json\/wp\/v2\/posts\/87434\/revisions"}],"predecessor-version":[{"id":87443,"href":"https:\/\/www.visit-ulcinj.com\/blog\/wp-json\/wp\/v2\/posts\/87434\/revisions\/87443"}],"wp:attachment":[{"href":"https:\/\/www.visit-ulcinj.com\/blog\/wp-json\/wp\/v2\/media?parent=87434"}],"wp:term":[{"taxonomy":"category","embeddable":true,"href":"https:\/\/www.visit-ulcinj.com\/blog\/wp-json\/wp\/v2\/categories?post=87434"},{"taxonomy":"post_tag","embeddable":true,"href":"https:\/\/www.visit-ulcinj.com\/blog\/wp-json\/wp\/v2\/tags?post=87434"}],"curies":[{"name":"wp","href":"https:\/\/api.w.org\/{rel}","templated":true}]}}