{"id":87454,"date":"2015-01-01T19:40:38","date_gmt":"2015-01-01T18:40:38","guid":{"rendered":"http:\/\/www.visit-ulcinj.com\/blog\/?p=87454"},"modified":"2015-01-01T19:40:38","modified_gmt":"2015-01-01T18:40:38","slug":"gezuar-vitin-e-ri-2015-monarkia-shqiptare","status":"publish","type":"post","link":"https:\/\/www.visit-ulcinj.com\/blog\/2015\/01\/01\/gezuar-vitin-e-ri-2015-monarkia-shqiptare\/","title":{"rendered":"Gezuar Vitin e Ri 2015 &#8211; Monarkia Shqiptare"},"content":{"rendered":"<div><a href=\"http:\/\/www.visit-ulcinj.com\/blog\/wp-content\/uploads\/2015\/01\/Monarkia-Shqiptare.jpg\"><img loading=\"lazy\" class=\"alignleft wp-image-87455\" src=\"http:\/\/www.visit-ulcinj.com\/blog\/wp-content\/uploads\/2015\/01\/Monarkia-Shqiptare.jpg\" alt=\"Monarkia Shqiptare\" width=\"508\" height=\"381\" \/><\/a>T\u00eb dashur bashkatdhetar\u00eb,<\/div>\n<div><\/div>\n<div>Deshiroj t&#8217;ju uroj nga zemra Gezuar Vitin e Ri 2015! Qofte ky nje vit i mbare e i begate per te gjithe shqiptaret kudo qe ndodhen!<\/div>\n<div>Gjate ketij viti ne Shqiperi jane bere nje sere reformash qe tentojne forcimin e shtetit ligjor. Sigurisht reformat jo gjithnje mirepriten dhe shpesh jane edhe te dhimbshme per nje pjese jo te vogel te popullsise. Shpresojme qe vazhdimesia dhe implementimi i reformave ta gjeje konsensus vitin ne vazhdim, pasi shteti perve\u00e7 se dores se hekurt duhet te jete edhe nje At I dhimbshur per shtetasit e tij.<\/div>\n<div><\/div>\n<div>Mungese stabiliteti eshte ndjere edhe per shqiptaret e rajonit. Kompromiset politike jo gjithnje japin zgjidhje afatgjata. Uroj qe vitin ne vazhdim politika te buroje nga vullneti i shqiptareve, kudo qe ata ndodhenen.<\/div>\n<div>\u00a0Kam bindjen qe ne te gjithe, gjate vitit 2015, do t\u00eb kemi pjekurin\u00eb p\u00ebr t\u00eb punuar ne sherbim te interesave Kombetare, \u00a0per me shume progres dhe prosperitet. Ftoj shoqerine te jete sa me aktive ne hapat qe vendi yne ndermerr. Vitin qe lame pas provuam qe bashkimi rreth kauzave te medha na ben te pamposhtur.<\/div>\n<div><\/div>\n<div>Motra dhe vellezer, ju uroj nj\u00eb Vit t\u00eb Ri t\u00eb g\u00ebzuar, t\u00eb mbar\u00eb dhe te suksesshem!\u00a0 Qoft\u00eb nj\u00eb Vit i realizimit te aspiratave tona te perbashketa dhe i favorsh\u00ebm p\u00ebr Kombin Shqiptar !<\/div>\n<div>Gezuar!<\/div>\n<div><\/div>\n<div>Princi Leka II I Shqiptar\u00ebve<\/div>\n","protected":false},"excerpt":{"rendered":"<p>T\u00eb dashur bashkatdhetar\u00eb, Deshiroj t&#8217;ju uroj nga zemra Gezuar Vitin e Ri 2015! Qofte ky nje vit i mbare e i begate per te gjithe shqiptaret kudo qe ndodhen! Gjate ketij viti ne Shqiperi jane bere nje sere reformash qe tentojne forcimin e shtetit ligjor. Sigurisht reformat jo gjithnje mirepriten dhe shpesh jane edhe te [&hellip;]<\/p>\n","protected":false},"author":1,"featured_media":0,"comment_status":"closed","ping_status":"closed","sticky":false,"template":"","format":"standard","meta":{"spay_email":"","jetpack_publicize_message":"","jetpack_is_tweetstorm":false,"jetpack_publicize_feature_enabled":true},"categories":[14],"tags":[],"jetpack_publicize_connections":[],"yoast_head":"<!-- This site is optimized with the Yoast SEO plugin v19.1 - https:\/\/yoast.com\/wordpress\/plugins\/seo\/ -->\n<title>Gezuar Vitin e Ri 2015 - Monarkia Shqiptare - Lajme nga Ulqini<\/title>\n<meta name=\"description\" content=\"T\u00eb dashur bashkatdhetar\u00eb, Deshiroj t&#039;ju uroj nga zemra Gezuar Vitin e Ri 2015! Qofte ky nje vit i mbare e i begate per te gjithe shqiptaret kudo qe\" \/>\n<meta name=\"robots\" content=\"index, follow, max-snippet:-1, max-image-preview:large, max-video-preview:-1\" \/>\n<link rel=\"canonical\" href=\"https:\/\/www.visit-ulcinj.com\/blog\/2015\/01\/01\/gezuar-vitin-e-ri-2015-monarkia-shqiptare\/\" \/>\n<meta property=\"og:locale\" content=\"en_US\" \/>\n<meta property=\"og:type\" content=\"article\" \/>\n<meta property=\"og:title\" content=\"Gezuar Vitin e Ri 2015 - Monarkia Shqiptare - Lajme nga Ulqini\" \/>\n<meta property=\"og:description\" content=\"T\u00eb dashur bashkatdhetar\u00eb, Deshiroj t&#039;ju uroj nga zemra Gezuar Vitin e Ri 2015! Qofte ky nje vit i mbare e i begate per te gjithe shqiptaret kudo qe\" \/>\n<meta property=\"og:url\" content=\"https:\/\/www.visit-ulcinj.com\/blog\/2015\/01\/01\/gezuar-vitin-e-ri-2015-monarkia-shqiptare\/\" \/>\n<meta property=\"og:site_name\" content=\"Lajme nga Ulqini\" \/>\n<meta property=\"article:published_time\" content=\"2015-01-01T18:40:38+00:00\" \/>\n<meta property=\"og:image\" content=\"http:\/\/www.visit-ulcinj.com\/blog\/wp-content\/uploads\/2015\/01\/Monarkia-Shqiptare.jpg\" \/>\n<meta name=\"twitter:label1\" content=\"Written by\" \/>\n\t<meta name=\"twitter:data1\" content=\"ulqini\" \/>\n\t<meta name=\"twitter:label2\" content=\"Est. reading time\" \/>\n\t<meta name=\"twitter:data2\" content=\"1 minute\" \/>\n<script type=\"application\/ld+json\" class=\"yoast-schema-graph\">{\"@context\":\"https:\/\/schema.org\",\"@graph\":[{\"@type\":\"WebSite\",\"@id\":\"https:\/\/www.visit-ulcinj.com\/blog\/#website\",\"url\":\"https:\/\/www.visit-ulcinj.com\/blog\/\",\"name\":\"Lajme nga Ulqini\",\"description\":\"Lajme,Vijesti,Ulqini,Ulqin,Crna Gora,Mali i Zi\",\"potentialAction\":[{\"@type\":\"SearchAction\",\"target\":{\"@type\":\"EntryPoint\",\"urlTemplate\":\"https:\/\/www.visit-ulcinj.com\/blog\/?s={search_term_string}\"},\"query-input\":\"required name=search_term_string\"}],\"inLanguage\":\"en-US\"},{\"@type\":\"ImageObject\",\"inLanguage\":\"en-US\",\"@id\":\"https:\/\/www.visit-ulcinj.com\/blog\/2015\/01\/01\/gezuar-vitin-e-ri-2015-monarkia-shqiptare\/#primaryimage\",\"url\":\"http:\/\/www.visit-ulcinj.com\/blog\/wp-content\/uploads\/2015\/01\/Monarkia-Shqiptare.jpg\",\"contentUrl\":\"http:\/\/www.visit-ulcinj.com\/blog\/wp-content\/uploads\/2015\/01\/Monarkia-Shqiptare.jpg\"},{\"@type\":\"WebPage\",\"@id\":\"https:\/\/www.visit-ulcinj.com\/blog\/2015\/01\/01\/gezuar-vitin-e-ri-2015-monarkia-shqiptare\/#webpage\",\"url\":\"https:\/\/www.visit-ulcinj.com\/blog\/2015\/01\/01\/gezuar-vitin-e-ri-2015-monarkia-shqiptare\/\",\"name\":\"Gezuar Vitin e Ri 2015 - Monarkia Shqiptare - Lajme nga Ulqini\",\"isPartOf\":{\"@id\":\"https:\/\/www.visit-ulcinj.com\/blog\/#website\"},\"primaryImageOfPage\":{\"@id\":\"https:\/\/www.visit-ulcinj.com\/blog\/2015\/01\/01\/gezuar-vitin-e-ri-2015-monarkia-shqiptare\/#primaryimage\"},\"datePublished\":\"2015-01-01T18:40:38+00:00\",\"dateModified\":\"2015-01-01T18:40:38+00:00\",\"author\":{\"@id\":\"https:\/\/www.visit-ulcinj.com\/blog\/#\/schema\/person\/dcab619c614d3038751c63bc2aadc06d\"},\"description\":\"T\u00eb dashur bashkatdhetar\u00eb, Deshiroj t'ju uroj nga zemra Gezuar Vitin e Ri 2015! Qofte ky nje vit i mbare e i begate per te gjithe shqiptaret kudo qe\",\"breadcrumb\":{\"@id\":\"https:\/\/www.visit-ulcinj.com\/blog\/2015\/01\/01\/gezuar-vitin-e-ri-2015-monarkia-shqiptare\/#breadcrumb\"},\"inLanguage\":\"en-US\",\"potentialAction\":[{\"@type\":\"ReadAction\",\"target\":[\"https:\/\/www.visit-ulcinj.com\/blog\/2015\/01\/01\/gezuar-vitin-e-ri-2015-monarkia-shqiptare\/\"]}]},{\"@type\":\"BreadcrumbList\",\"@id\":\"https:\/\/www.visit-ulcinj.com\/blog\/2015\/01\/01\/gezuar-vitin-e-ri-2015-monarkia-shqiptare\/#breadcrumb\",\"itemListElement\":[{\"@type\":\"ListItem\",\"position\":1,\"name\":\"Gezuar Vitin e Ri 2015 &#8211; Monarkia Shqiptare\"}]},{\"@type\":\"Person\",\"@id\":\"https:\/\/www.visit-ulcinj.com\/blog\/#\/schema\/person\/dcab619c614d3038751c63bc2aadc06d\",\"name\":\"ulqini\",\"sameAs\":[\"http:\/\/www.visit-ulcinj.com\"],\"url\":\"https:\/\/www.visit-ulcinj.com\/blog\/author\/admin\/\"}]}<\/script>\n<!-- \/ Yoast SEO plugin. -->","yoast_head_json":{"title":"Gezuar Vitin e Ri 2015 - Monarkia Shqiptare - Lajme nga Ulqini","description":"T\u00eb dashur bashkatdhetar\u00eb, Deshiroj t'ju uroj nga zemra Gezuar Vitin e Ri 2015! Qofte ky nje vit i mbare e i begate per te gjithe shqiptaret kudo qe","robots":{"index":"index","follow":"follow","max-snippet":"max-snippet:-1","max-image-preview":"max-image-preview:large","max-video-preview":"max-video-preview:-1"},"canonical":"https:\/\/www.visit-ulcinj.com\/blog\/2015\/01\/01\/gezuar-vitin-e-ri-2015-monarkia-shqiptare\/","og_locale":"en_US","og_type":"article","og_title":"Gezuar Vitin e Ri 2015 - Monarkia Shqiptare - Lajme nga Ulqini","og_description":"T\u00eb dashur bashkatdhetar\u00eb, Deshiroj t'ju uroj nga zemra Gezuar Vitin e Ri 2015! Qofte ky nje vit i mbare e i begate per te gjithe shqiptaret kudo qe","og_url":"https:\/\/www.visit-ulcinj.com\/blog\/2015\/01\/01\/gezuar-vitin-e-ri-2015-monarkia-shqiptare\/","og_site_name":"Lajme nga Ulqini","article_published_time":"2015-01-01T18:40:38+00:00","og_image":[{"url":"http:\/\/www.visit-ulcinj.com\/blog\/wp-content\/uploads\/2015\/01\/Monarkia-Shqiptare.jpg"}],"twitter_misc":{"Written by":"ulqini","Est. reading time":"1 minute"},"schema":{"@context":"https:\/\/schema.org","@graph":[{"@type":"WebSite","@id":"https:\/\/www.visit-ulcinj.com\/blog\/#website","url":"https:\/\/www.visit-ulcinj.com\/blog\/","name":"Lajme nga Ulqini","description":"Lajme,Vijesti,Ulqini,Ulqin,Crna Gora,Mali i Zi","potentialAction":[{"@type":"SearchAction","target":{"@type":"EntryPoint","urlTemplate":"https:\/\/www.visit-ulcinj.com\/blog\/?s={search_term_string}"},"query-input":"required name=search_term_string"}],"inLanguage":"en-US"},{"@type":"ImageObject","inLanguage":"en-US","@id":"https:\/\/www.visit-ulcinj.com\/blog\/2015\/01\/01\/gezuar-vitin-e-ri-2015-monarkia-shqiptare\/#primaryimage","url":"http:\/\/www.visit-ulcinj.com\/blog\/wp-content\/uploads\/2015\/01\/Monarkia-Shqiptare.jpg","contentUrl":"http:\/\/www.visit-ulcinj.com\/blog\/wp-content\/uploads\/2015\/01\/Monarkia-Shqiptare.jpg"},{"@type":"WebPage","@id":"https:\/\/www.visit-ulcinj.com\/blog\/2015\/01\/01\/gezuar-vitin-e-ri-2015-monarkia-shqiptare\/#webpage","url":"https:\/\/www.visit-ulcinj.com\/blog\/2015\/01\/01\/gezuar-vitin-e-ri-2015-monarkia-shqiptare\/","name":"Gezuar Vitin e Ri 2015 - Monarkia Shqiptare - Lajme nga Ulqini","isPartOf":{"@id":"https:\/\/www.visit-ulcinj.com\/blog\/#website"},"primaryImageOfPage":{"@id":"https:\/\/www.visit-ulcinj.com\/blog\/2015\/01\/01\/gezuar-vitin-e-ri-2015-monarkia-shqiptare\/#primaryimage"},"datePublished":"2015-01-01T18:40:38+00:00","dateModified":"2015-01-01T18:40:38+00:00","author":{"@id":"https:\/\/www.visit-ulcinj.com\/blog\/#\/schema\/person\/dcab619c614d3038751c63bc2aadc06d"},"description":"T\u00eb dashur bashkatdhetar\u00eb, Deshiroj t'ju uroj nga zemra Gezuar Vitin e Ri 2015! Qofte ky nje vit i mbare e i begate per te gjithe shqiptaret kudo qe","breadcrumb":{"@id":"https:\/\/www.visit-ulcinj.com\/blog\/2015\/01\/01\/gezuar-vitin-e-ri-2015-monarkia-shqiptare\/#breadcrumb"},"inLanguage":"en-US","potentialAction":[{"@type":"ReadAction","target":["https:\/\/www.visit-ulcinj.com\/blog\/2015\/01\/01\/gezuar-vitin-e-ri-2015-monarkia-shqiptare\/"]}]},{"@type":"BreadcrumbList","@id":"https:\/\/www.visit-ulcinj.com\/blog\/2015\/01\/01\/gezuar-vitin-e-ri-2015-monarkia-shqiptare\/#breadcrumb","itemListElement":[{"@type":"ListItem","position":1,"name":"Gezuar Vitin e Ri 2015 &#8211; Monarkia Shqiptare"}]},{"@type":"Person","@id":"https:\/\/www.visit-ulcinj.com\/blog\/#\/schema\/person\/dcab619c614d3038751c63bc2aadc06d","name":"ulqini","sameAs":["http:\/\/www.visit-ulcinj.com"],"url":"https:\/\/www.visit-ulcinj.com\/blog\/author\/admin\/"}]}},"jetpack_featured_media_url":"","jetpack_sharing_enabled":true,"jetpack_shortlink":"https:\/\/wp.me\/pe6lTn-mKy","_links":{"self":[{"href":"https:\/\/www.visit-ulcinj.com\/blog\/wp-json\/wp\/v2\/posts\/87454"}],"collection":[{"href":"https:\/\/www.visit-ulcinj.com\/blog\/wp-json\/wp\/v2\/posts"}],"about":[{"href":"https:\/\/www.visit-ulcinj.com\/blog\/wp-json\/wp\/v2\/types\/post"}],"author":[{"embeddable":true,"href":"https:\/\/www.visit-ulcinj.com\/blog\/wp-json\/wp\/v2\/users\/1"}],"replies":[{"embeddable":true,"href":"https:\/\/www.visit-ulcinj.com\/blog\/wp-json\/wp\/v2\/comments?post=87454"}],"version-history":[{"count":1,"href":"https:\/\/www.visit-ulcinj.com\/blog\/wp-json\/wp\/v2\/posts\/87454\/revisions"}],"predecessor-version":[{"id":87456,"href":"https:\/\/www.visit-ulcinj.com\/blog\/wp-json\/wp\/v2\/posts\/87454\/revisions\/87456"}],"wp:attachment":[{"href":"https:\/\/www.visit-ulcinj.com\/blog\/wp-json\/wp\/v2\/media?parent=87454"}],"wp:term":[{"taxonomy":"category","embeddable":true,"href":"https:\/\/www.visit-ulcinj.com\/blog\/wp-json\/wp\/v2\/categories?post=87454"},{"taxonomy":"post_tag","embeddable":true,"href":"https:\/\/www.visit-ulcinj.com\/blog\/wp-json\/wp\/v2\/tags?post=87454"}],"curies":[{"name":"wp","href":"https:\/\/api.w.org\/{rel}","templated":true}]}}