{"id":87457,"date":"2015-01-02T15:35:08","date_gmt":"2015-01-02T14:35:08","guid":{"rendered":"http:\/\/www.visit-ulcinj.com\/blog\/?p=87457"},"modified":"2015-01-02T15:35:08","modified_gmt":"2015-01-02T14:35:08","slug":"leonora-jakupi-genta-shperngulet-ne-ulqin","status":"publish","type":"post","link":"https:\/\/www.visit-ulcinj.com\/blog\/2015\/01\/02\/leonora-jakupi-genta-shperngulet-ne-ulqin\/","title":{"rendered":"Leonora Jakupi &#038; Genta \u201cshp\u00ebrngulet\u201d n\u00eb Ulqin"},"content":{"rendered":"<p><a href=\"http:\/\/www.visit-ulcinj.com\/blog\/wp-content\/uploads\/2015\/01\/Leonora-Jakupi-Ulqin.jpg\"><img loading=\"lazy\" class=\"alignleft wp-image-87458\" src=\"http:\/\/www.visit-ulcinj.com\/blog\/wp-content\/uploads\/2015\/01\/Leonora-Jakupi-Ulqin.jpg\" alt=\"Leonora Jakupi-Ulqin\" width=\"508\" height=\"508\" srcset=\"https:\/\/www.visit-ulcinj.com\/blog\/wp-content\/uploads\/2015\/01\/Leonora-Jakupi-Ulqin.jpg 645w, https:\/\/www.visit-ulcinj.com\/blog\/wp-content\/uploads\/2015\/01\/Leonora-Jakupi-Ulqin-150x150.jpg 150w, https:\/\/www.visit-ulcinj.com\/blog\/wp-content\/uploads\/2015\/01\/Leonora-Jakupi-Ulqin-300x300.jpg 300w\" sizes=\"(max-width: 508px) 100vw, 508px\" \/><\/a>Leonora Jakupi, nat\u00ebn e nd\u00ebrrimit t\u00eb motmoteve e ka pritur n\u00eb Ulqin, se bashku me k\u00ebng\u00ebtaren tjet\u00ebr Genta Ismajli.<\/p>\n<p>Si Leonora ashtu edhe Genta, jan\u00eb \u201cshp\u00ebrngulur\u201d p\u00ebr disa dit\u00eb n\u00eb Ulqin, ku edhe po kalojn\u00eb disa dit\u00eb pushimi.<\/p>\n<p>Bota Sot<\/p>\n<!--YouTube Error: bad URL entered-->\n","protected":false},"excerpt":{"rendered":"<p>Leonora Jakupi, nat\u00ebn e nd\u00ebrrimit t\u00eb motmoteve e ka pritur n\u00eb Ulqin, se bashku me k\u00ebng\u00ebtaren tjet\u00ebr Genta Ismajli. Si Leonora ashtu edhe Genta, jan\u00eb \u201cshp\u00ebrngulur\u201d p\u00ebr disa dit\u00eb n\u00eb Ulqin, ku edhe po kalojn\u00eb disa dit\u00eb pushimi. Bota Sot<\/p>\n","protected":false},"author":1,"featured_media":0,"comment_status":"closed","ping_status":"closed","sticky":false,"template":"","format":"standard","meta":{"spay_email":"","jetpack_publicize_message":"","jetpack_is_tweetstorm":false,"jetpack_publicize_feature_enabled":true},"categories":[1],"tags":[],"jetpack_publicize_connections":[],"yoast_head":"<!-- This site is optimized with the Yoast SEO plugin v19.1 - https:\/\/yoast.com\/wordpress\/plugins\/seo\/ -->\n<title>Leonora Jakupi &amp; Genta \u201cshp\u00ebrngulet\u201d n\u00eb Ulqin - Lajme nga Ulqini<\/title>\n<meta name=\"description\" content=\"Leonora Jakupi, nat\u00ebn e nd\u00ebrrimit t\u00eb motmoteve e ka pritur n\u00eb Ulqin, se bashku me k\u00ebng\u00ebtaren tjet\u00ebr Genta Ismajli. Si Leonora ashtu edhe Genta, jan\u00eb\" \/>\n<meta name=\"robots\" content=\"index, follow, max-snippet:-1, max-image-preview:large, max-video-preview:-1\" \/>\n<link rel=\"canonical\" href=\"https:\/\/www.visit-ulcinj.com\/blog\/2015\/01\/02\/leonora-jakupi-genta-shperngulet-ne-ulqin\/\" \/>\n<meta property=\"og:locale\" content=\"en_US\" \/>\n<meta property=\"og:type\" content=\"article\" \/>\n<meta property=\"og:title\" content=\"Leonora Jakupi &amp; Genta \u201cshp\u00ebrngulet\u201d n\u00eb Ulqin - Lajme nga Ulqini\" \/>\n<meta property=\"og:description\" content=\"Leonora Jakupi, nat\u00ebn e nd\u00ebrrimit t\u00eb motmoteve e ka pritur n\u00eb Ulqin, se bashku me k\u00ebng\u00ebtaren tjet\u00ebr Genta Ismajli. Si Leonora ashtu edhe Genta, jan\u00eb\" \/>\n<meta property=\"og:url\" content=\"https:\/\/www.visit-ulcinj.com\/blog\/2015\/01\/02\/leonora-jakupi-genta-shperngulet-ne-ulqin\/\" \/>\n<meta property=\"og:site_name\" content=\"Lajme nga Ulqini\" \/>\n<meta property=\"article:published_time\" content=\"2015-01-02T14:35:08+00:00\" \/>\n<meta property=\"og:image\" content=\"http:\/\/www.visit-ulcinj.com\/blog\/wp-content\/uploads\/2015\/01\/Leonora-Jakupi-Ulqin.jpg\" \/>\n<meta name=\"twitter:label1\" content=\"Written by\" \/>\n\t<meta name=\"twitter:data1\" content=\"ulqini\" \/>\n<script type=\"application\/ld+json\" class=\"yoast-schema-graph\">{\"@context\":\"https:\/\/schema.org\",\"@graph\":[{\"@type\":\"WebSite\",\"@id\":\"https:\/\/www.visit-ulcinj.com\/blog\/#website\",\"url\":\"https:\/\/www.visit-ulcinj.com\/blog\/\",\"name\":\"Lajme nga Ulqini\",\"description\":\"Lajme,Vijesti,Ulqini,Ulqin,Crna Gora,Mali i Zi\",\"potentialAction\":[{\"@type\":\"SearchAction\",\"target\":{\"@type\":\"EntryPoint\",\"urlTemplate\":\"https:\/\/www.visit-ulcinj.com\/blog\/?s={search_term_string}\"},\"query-input\":\"required name=search_term_string\"}],\"inLanguage\":\"en-US\"},{\"@type\":\"ImageObject\",\"inLanguage\":\"en-US\",\"@id\":\"https:\/\/www.visit-ulcinj.com\/blog\/2015\/01\/02\/leonora-jakupi-genta-shperngulet-ne-ulqin\/#primaryimage\",\"url\":\"https:\/\/www.visit-ulcinj.com\/blog\/wp-content\/uploads\/2015\/01\/Leonora-Jakupi-Ulqin.jpg\",\"contentUrl\":\"https:\/\/www.visit-ulcinj.com\/blog\/wp-content\/uploads\/2015\/01\/Leonora-Jakupi-Ulqin.jpg\",\"width\":645,\"height\":645},{\"@type\":\"WebPage\",\"@id\":\"https:\/\/www.visit-ulcinj.com\/blog\/2015\/01\/02\/leonora-jakupi-genta-shperngulet-ne-ulqin\/#webpage\",\"url\":\"https:\/\/www.visit-ulcinj.com\/blog\/2015\/01\/02\/leonora-jakupi-genta-shperngulet-ne-ulqin\/\",\"name\":\"Leonora Jakupi & Genta \u201cshp\u00ebrngulet\u201d n\u00eb Ulqin - Lajme nga Ulqini\",\"isPartOf\":{\"@id\":\"https:\/\/www.visit-ulcinj.com\/blog\/#website\"},\"primaryImageOfPage\":{\"@id\":\"https:\/\/www.visit-ulcinj.com\/blog\/2015\/01\/02\/leonora-jakupi-genta-shperngulet-ne-ulqin\/#primaryimage\"},\"datePublished\":\"2015-01-02T14:35:08+00:00\",\"dateModified\":\"2015-01-02T14:35:08+00:00\",\"author\":{\"@id\":\"https:\/\/www.visit-ulcinj.com\/blog\/#\/schema\/person\/dcab619c614d3038751c63bc2aadc06d\"},\"description\":\"Leonora Jakupi, nat\u00ebn e nd\u00ebrrimit t\u00eb motmoteve e ka pritur n\u00eb Ulqin, se bashku me k\u00ebng\u00ebtaren tjet\u00ebr Genta Ismajli. Si Leonora ashtu edhe Genta, jan\u00eb\",\"breadcrumb\":{\"@id\":\"https:\/\/www.visit-ulcinj.com\/blog\/2015\/01\/02\/leonora-jakupi-genta-shperngulet-ne-ulqin\/#breadcrumb\"},\"inLanguage\":\"en-US\",\"potentialAction\":[{\"@type\":\"ReadAction\",\"target\":[\"https:\/\/www.visit-ulcinj.com\/blog\/2015\/01\/02\/leonora-jakupi-genta-shperngulet-ne-ulqin\/\"]}]},{\"@type\":\"BreadcrumbList\",\"@id\":\"https:\/\/www.visit-ulcinj.com\/blog\/2015\/01\/02\/leonora-jakupi-genta-shperngulet-ne-ulqin\/#breadcrumb\",\"itemListElement\":[{\"@type\":\"ListItem\",\"position\":1,\"name\":\"Leonora Jakupi &#038; Genta \u201cshp\u00ebrngulet\u201d n\u00eb Ulqin\"}]},{\"@type\":\"Person\",\"@id\":\"https:\/\/www.visit-ulcinj.com\/blog\/#\/schema\/person\/dcab619c614d3038751c63bc2aadc06d\",\"name\":\"ulqini\",\"sameAs\":[\"http:\/\/www.visit-ulcinj.com\"],\"url\":\"https:\/\/www.visit-ulcinj.com\/blog\/author\/admin\/\"}]}<\/script>\n<!-- \/ Yoast SEO plugin. -->","yoast_head_json":{"title":"Leonora Jakupi & Genta \u201cshp\u00ebrngulet\u201d n\u00eb Ulqin - Lajme nga Ulqini","description":"Leonora Jakupi, nat\u00ebn e nd\u00ebrrimit t\u00eb motmoteve e ka pritur n\u00eb Ulqin, se bashku me k\u00ebng\u00ebtaren tjet\u00ebr Genta Ismajli. Si Leonora ashtu edhe Genta, jan\u00eb","robots":{"index":"index","follow":"follow","max-snippet":"max-snippet:-1","max-image-preview":"max-image-preview:large","max-video-preview":"max-video-preview:-1"},"canonical":"https:\/\/www.visit-ulcinj.com\/blog\/2015\/01\/02\/leonora-jakupi-genta-shperngulet-ne-ulqin\/","og_locale":"en_US","og_type":"article","og_title":"Leonora Jakupi & Genta \u201cshp\u00ebrngulet\u201d n\u00eb Ulqin - Lajme nga Ulqini","og_description":"Leonora Jakupi, nat\u00ebn e nd\u00ebrrimit t\u00eb motmoteve e ka pritur n\u00eb Ulqin, se bashku me k\u00ebng\u00ebtaren tjet\u00ebr Genta Ismajli. Si Leonora ashtu edhe Genta, jan\u00eb","og_url":"https:\/\/www.visit-ulcinj.com\/blog\/2015\/01\/02\/leonora-jakupi-genta-shperngulet-ne-ulqin\/","og_site_name":"Lajme nga Ulqini","article_published_time":"2015-01-02T14:35:08+00:00","og_image":[{"url":"http:\/\/www.visit-ulcinj.com\/blog\/wp-content\/uploads\/2015\/01\/Leonora-Jakupi-Ulqin.jpg"}],"twitter_misc":{"Written by":"ulqini"},"schema":{"@context":"https:\/\/schema.org","@graph":[{"@type":"WebSite","@id":"https:\/\/www.visit-ulcinj.com\/blog\/#website","url":"https:\/\/www.visit-ulcinj.com\/blog\/","name":"Lajme nga Ulqini","description":"Lajme,Vijesti,Ulqini,Ulqin,Crna Gora,Mali i Zi","potentialAction":[{"@type":"SearchAction","target":{"@type":"EntryPoint","urlTemplate":"https:\/\/www.visit-ulcinj.com\/blog\/?s={search_term_string}"},"query-input":"required name=search_term_string"}],"inLanguage":"en-US"},{"@type":"ImageObject","inLanguage":"en-US","@id":"https:\/\/www.visit-ulcinj.com\/blog\/2015\/01\/02\/leonora-jakupi-genta-shperngulet-ne-ulqin\/#primaryimage","url":"https:\/\/www.visit-ulcinj.com\/blog\/wp-content\/uploads\/2015\/01\/Leonora-Jakupi-Ulqin.jpg","contentUrl":"https:\/\/www.visit-ulcinj.com\/blog\/wp-content\/uploads\/2015\/01\/Leonora-Jakupi-Ulqin.jpg","width":645,"height":645},{"@type":"WebPage","@id":"https:\/\/www.visit-ulcinj.com\/blog\/2015\/01\/02\/leonora-jakupi-genta-shperngulet-ne-ulqin\/#webpage","url":"https:\/\/www.visit-ulcinj.com\/blog\/2015\/01\/02\/leonora-jakupi-genta-shperngulet-ne-ulqin\/","name":"Leonora Jakupi & Genta \u201cshp\u00ebrngulet\u201d n\u00eb Ulqin - Lajme nga Ulqini","isPartOf":{"@id":"https:\/\/www.visit-ulcinj.com\/blog\/#website"},"primaryImageOfPage":{"@id":"https:\/\/www.visit-ulcinj.com\/blog\/2015\/01\/02\/leonora-jakupi-genta-shperngulet-ne-ulqin\/#primaryimage"},"datePublished":"2015-01-02T14:35:08+00:00","dateModified":"2015-01-02T14:35:08+00:00","author":{"@id":"https:\/\/www.visit-ulcinj.com\/blog\/#\/schema\/person\/dcab619c614d3038751c63bc2aadc06d"},"description":"Leonora Jakupi, nat\u00ebn e nd\u00ebrrimit t\u00eb motmoteve e ka pritur n\u00eb Ulqin, se bashku me k\u00ebng\u00ebtaren tjet\u00ebr Genta Ismajli. Si Leonora ashtu edhe Genta, jan\u00eb","breadcrumb":{"@id":"https:\/\/www.visit-ulcinj.com\/blog\/2015\/01\/02\/leonora-jakupi-genta-shperngulet-ne-ulqin\/#breadcrumb"},"inLanguage":"en-US","potentialAction":[{"@type":"ReadAction","target":["https:\/\/www.visit-ulcinj.com\/blog\/2015\/01\/02\/leonora-jakupi-genta-shperngulet-ne-ulqin\/"]}]},{"@type":"BreadcrumbList","@id":"https:\/\/www.visit-ulcinj.com\/blog\/2015\/01\/02\/leonora-jakupi-genta-shperngulet-ne-ulqin\/#breadcrumb","itemListElement":[{"@type":"ListItem","position":1,"name":"Leonora Jakupi &#038; Genta \u201cshp\u00ebrngulet\u201d n\u00eb Ulqin"}]},{"@type":"Person","@id":"https:\/\/www.visit-ulcinj.com\/blog\/#\/schema\/person\/dcab619c614d3038751c63bc2aadc06d","name":"ulqini","sameAs":["http:\/\/www.visit-ulcinj.com"],"url":"https:\/\/www.visit-ulcinj.com\/blog\/author\/admin\/"}]}},"jetpack_featured_media_url":"","jetpack_sharing_enabled":true,"jetpack_shortlink":"https:\/\/wp.me\/pe6lTn-mKB","_links":{"self":[{"href":"https:\/\/www.visit-ulcinj.com\/blog\/wp-json\/wp\/v2\/posts\/87457"}],"collection":[{"href":"https:\/\/www.visit-ulcinj.com\/blog\/wp-json\/wp\/v2\/posts"}],"about":[{"href":"https:\/\/www.visit-ulcinj.com\/blog\/wp-json\/wp\/v2\/types\/post"}],"author":[{"embeddable":true,"href":"https:\/\/www.visit-ulcinj.com\/blog\/wp-json\/wp\/v2\/users\/1"}],"replies":[{"embeddable":true,"href":"https:\/\/www.visit-ulcinj.com\/blog\/wp-json\/wp\/v2\/comments?post=87457"}],"version-history":[{"count":1,"href":"https:\/\/www.visit-ulcinj.com\/blog\/wp-json\/wp\/v2\/posts\/87457\/revisions"}],"predecessor-version":[{"id":87459,"href":"https:\/\/www.visit-ulcinj.com\/blog\/wp-json\/wp\/v2\/posts\/87457\/revisions\/87459"}],"wp:attachment":[{"href":"https:\/\/www.visit-ulcinj.com\/blog\/wp-json\/wp\/v2\/media?parent=87457"}],"wp:term":[{"taxonomy":"category","embeddable":true,"href":"https:\/\/www.visit-ulcinj.com\/blog\/wp-json\/wp\/v2\/categories?post=87457"},{"taxonomy":"post_tag","embeddable":true,"href":"https:\/\/www.visit-ulcinj.com\/blog\/wp-json\/wp\/v2\/tags?post=87457"}],"curies":[{"name":"wp","href":"https:\/\/api.w.org\/{rel}","templated":true}]}}