{"id":87466,"date":"2015-01-02T16:18:27","date_gmt":"2015-01-02T15:18:27","guid":{"rendered":"http:\/\/www.visit-ulcinj.com\/blog\/?p=87466"},"modified":"2015-01-02T16:19:37","modified_gmt":"2015-01-02T15:19:37","slug":"lirohen-te-akuzuarit-per-krime-lufte-ne-husaj-te-rozhajes","status":"publish","type":"post","link":"https:\/\/www.visit-ulcinj.com\/blog\/2015\/01\/02\/lirohen-te-akuzuarit-per-krime-lufte-ne-husaj-te-rozhajes\/","title":{"rendered":"Lirohen t\u00eb akuzuarit p\u00ebr krime lufte n\u00eb Husaj t\u00eb Rozhaj\u00ebs"},"content":{"rendered":"<p><a href=\"http:\/\/www.visit-ulcinj.com\/blog\/wp-content\/uploads\/2015\/01\/Rasti-Hysaj-Rozhaje.jpg\"><img loading=\"lazy\" class=\"alignleft wp-image-87467\" src=\"http:\/\/www.visit-ulcinj.com\/blog\/wp-content\/uploads\/2015\/01\/Rasti-Hysaj-Rozhaje.jpg\" alt=\"Rasti-Hysaj-Rozhaje\" width=\"508\" height=\"285\" srcset=\"https:\/\/www.visit-ulcinj.com\/blog\/wp-content\/uploads\/2015\/01\/Rasti-Hysaj-Rozhaje.jpg 645w, https:\/\/www.visit-ulcinj.com\/blog\/wp-content\/uploads\/2015\/01\/Rasti-Hysaj-Rozhaje-300x168.jpg 300w\" sizes=\"(max-width: 508px) 100vw, 508px\" \/><\/a><strong>Nga<\/strong> <b>Ismet Azizi<\/b><\/p>\n<p>Gjykata malazeze liroi ish-ushtar\u00ebt e ushtris\u00eb Jugosllave t\u00eb akuzuar p\u00ebr krime lufte kund\u00ebr civil\u00ebve shqiptar\u00eb t\u00eb kryera n\u00eb Husaj t\u00eb Rozhaj\u00ebs n\u00eb pranver\u00ebn e vitit 1999.<\/p>\n<p>Verdikti i sjell\u00eb nga Gjykata e Lart\u00eb e Bjelo Poles , u cil\u00ebsua si legalizim i krimit dhe i politik\u00ebs gjenocide, por edhe si nj\u00eb krim kund\u00ebr njer\u00ebzimit ku akter\u00ebt kryesor mbesin t\u00eb pand\u00ebshkuar dhe n\u00eb liri.<\/p>\n<p>8 ish ushtar\u00ebt e ushtris\u00eb jugosllave, u liruan p\u00ebr vrasjen e 15 refugjat\u00ebve shqiptar\u00eb nga Kosova n\u00eb prill t\u00eb viti 1999 n\u00eb fshatin Husaj n\u00eb af\u00ebrsi t\u00eb Rozhaj\u00ebs n\u00eb Sanxhak. Gjykimi u dha nga Dhoma e Gjykat\u00ebs s\u00eb Lart\u00eb n\u00eb Bijelo Polje, t\u00eb cil\u00ebn e kryesoi gjyqtari Vukomir Boshkoviq.<\/p>\n<p>Gjat\u00eb procesit gati pes\u00eb vje\u00e7ar, t\u00eb dyshuarit akuzoheshin p\u00ebr vrasjen e 23 njer\u00ebzve, por ky num\u00ebr \u00ebsht\u00eb zvog\u00ebluar n\u00eb 15, sepse \u00ebsht\u00eb gjetur se tek t\u00eb tet\u00eb t\u00eb vrarit vdekja kishte ndodhur m\u00eb her\u00ebt.<\/p>\n<p>P\u00ebrfaq\u00ebsuesi ligjor i familjeve t\u00eb viktimave Velia Muriq n\u00eb nj\u00eb deklarat\u00eb p\u00ebr RSE thot\u00eb se nuk \u00ebsht\u00eb i befasuar nga lirimin e ish-ushtar\u00ebve t\u00eb Ushtris\u00eb Jugosllave t\u00eb akuzuar p\u00ebr krime lufte kund\u00ebr civil\u00ebve shqiptar\u00eb n\u00eb 1999.<\/p>\n<p>Ky vendim tregon se n\u00eb Mal t\u00eb Zi, se viktimat e krimeve t\u00eb luft\u00ebs jan\u00eb t\u00eb padiskutueshme, por edhe p\u00ebr vrasjen e tyre askush nuk \u00ebsht\u00eb p\u00ebrgjegj\u00ebs.<\/p>\n<p>&#8220;22 prej tyre jan\u00eb vran\u00eb, askush nuk i ka sjell\u00eb n\u00eb Mal t\u00eb Zi por jan\u00eb viktima t\u00eb cilat jan\u00eb kryer nga ish-ushtria e Jugosllavis\u00eb kund\u00ebr popullat\u00ebs civile. Sa i p\u00ebrket procedurave penale q\u00eb nga fillimi ka shkuar mbrapsht, sepse vet\u00ebm pas 5 viteve nga fillimi i procedur\u00ebs \u00ebsht\u00eb filluar me hetime &#8220;, thot\u00eb Muriq dhe shtoi:<\/p>\n<p>&#8220;Gjithashtu, gjat\u00eb procedimit q\u00eb zgjati tre \u00ebsht\u00eb marr\u00eb vendimi p\u00ebr lirimin nga paraburgimi i t\u00eb dyshuarve. Rasti i ndodhur n\u00eb Husaj nuk \u00ebsht\u00eb asgj\u00eb tjet\u00ebr n\u00eb krahasim me Bukovic\u00ebn, d\u00ebbimin e shtetasve t\u00eb BiH nga bregdeti i Malit t\u00eb Zi, Morinj dhe krime t\u00eb tjera t\u00eb luft\u00ebs t\u00eb kryera n\u00eb territorin e Malit t\u00eb Zi. N\u00eb asnj\u00eb nga<\/p>\n<p>k\u00ebto raste nuk \u00ebsht\u00eb marr ndonj\u00eb vendim gjyq\u00ebsor p\u00ebr faj\u00ebsin\u00eb e t\u00eb akuzuar\u00ebve. Prandaj, un\u00eb shoh se dikush n\u00eb Mal t\u00eb Zi duhet t\u00eb mbaj\u00eb p\u00ebrgjegj\u00ebs p\u00ebr k\u00ebto viktima, para se gjithash nga struktura e prokuroris\u00eb ose qeveris\u00eb, sepse shihet kart\u00eb se deri m\u00eb tani ka pasur obstruksion n\u00eb k\u00ebto raste &#8220;.<\/p>\n<p>Krimet e luft\u00ebs kund\u00ebr civil\u00ebve shqiptar\u00eb t\u00eb cil\u00ebt kan\u00eb ikur nga Kosova n\u00eb Mal t\u00eb Zi jan\u00eb kryer gjat\u00eb intervenimit t\u00eb NATO-s.<\/p>\n<p>T\u00eb akuzuar p\u00ebr krimin n\u00eb Husaj t\u00eb Rozhaj\u00ebs t\u00eb cil\u00ebt u liruan jan\u00eb:komandanti i batalionit t\u00eb Ushtris\u00eb Jugosllave, n\u00ebnkolonel Predrag Strugar, si dhe ish-ushtar\u00ebt Mom\u00e7illo Barjaktaroviq, Peter Labudoviq, Aco Knezheviq, Branislav Radiq, Miro Bojoviq, Vladimir Gjurashkoviq dhe Boro Novakovi\u00e7.<\/p>\n<p>&#8220;Vrasjen e nj\u00ebzet civil\u00ebve gjat\u00eb dhe pas luft\u00ebs t\u00eb ushtris\u00eb s\u00eb at\u00ebhershme ,jan\u00eb p\u00ebrcjell\u00eb edhe nga raportet ushtarake dhe gazetareske. N\u00eb lidhje me k\u00ebt\u00eb, \u00ebsht\u00eb interesante t\u00eb nj\u00eb raport ushtarak i asaj kohe, n\u00eb t\u00eb cil\u00ebn p\u00ebr gjasht\u00eb civil\u00ebt\u00eb vran\u00eb n\u00eb kolonat e refugjat\u00ebve n\u00eb Husaj, nd\u00ebr t\u00eb tjera, thot\u00eb: &#8220;N\u00eb nj\u00eb konflikt t\u00eb ashp\u00ebr Ushtria Jugosllave ka likuiduar nj\u00eb grup t\u00eb armatosur t\u00eb U\u00c7K-s\u00eb.&#8221; N\u00eb an\u00ebn tjet\u00ebr, n\u00ebse me k\u00ebt\u00eb rast \u00ebsht\u00eb vrar\u00eb tremb\u00ebdhjet\u00eb vje\u00e7ari Labinot Kastrati, plagosja e moshatares s\u00eb tij Shpresa Zogaj, vrasja e gruas shtat\u00ebdhjet\u00ebvje\u00e7are t\u00eb pa l\u00ebvizshme Nemka Brahimaj dhe Arif Arifaj, trupi i i t\u00eb cilit u gjet me k\u00ebmb\u00eb t\u00eb lidhura me litar, e b\u00ebn m\u00eb shum\u00eb se t\u00eb qart\u00eb se nj\u00eb raport i till\u00eb ushtarak ka qen\u00eb vet\u00ebm pjes\u00eb e planit krimin e organizuar &#8220;.<\/p>\n<p>Ndaj vendimit t\u00eb Gjykat\u00ebs s\u00eb Lart\u00eb t\u00eb Bjelo Poles reagoi Bashk\u00ebsia Demokratike Boshnjake , e cila n\u00eb nj\u00eb let\u00ebr t\u00eb hapur kritikon gjyq\u00ebsorin n\u00eb vend , i cili, sipas tyre, po legalizon krimin dhe po mb\u00ebshtet\u00eb politik\u00ebn gjenocide.<\/p>\n<p>Nd\u00ebrkaq, partit\u00eb politike shqiptare si dhe K\u00ebshilli Nacional i Shqiptar\u00ebve n\u00eb Mal t\u00eb Zi nuk reaguan ndaj k\u00ebtij rasti edhe pse shoqatat e shoq\u00ebris\u00eb civile disa her\u00eb kan\u00eb protestuar ndaj zvarritjes s\u00eb aktgjykimit dhe ndaj pavar\u00ebsis\u00eb s\u00eb gjyq\u00ebsorit.<\/p>\n<p>Bota Sot<\/p>\n","protected":false},"excerpt":{"rendered":"<p>Nga Ismet Azizi Gjykata malazeze liroi ish-ushtar\u00ebt e ushtris\u00eb Jugosllave t\u00eb akuzuar p\u00ebr krime lufte kund\u00ebr civil\u00ebve shqiptar\u00eb t\u00eb kryera n\u00eb Husaj t\u00eb Rozhaj\u00ebs n\u00eb pranver\u00ebn e vitit 1999. Verdikti i sjell\u00eb nga Gjykata e Lart\u00eb e Bjelo Poles , u cil\u00ebsua si legalizim i krimit dhe i politik\u00ebs gjenocide, por edhe si nj\u00eb krim [&hellip;]<\/p>\n","protected":false},"author":1,"featured_media":0,"comment_status":"closed","ping_status":"closed","sticky":false,"template":"","format":"standard","meta":{"spay_email":"","jetpack_publicize_message":"","jetpack_is_tweetstorm":false,"jetpack_publicize_feature_enabled":true},"categories":[14],"tags":[],"jetpack_publicize_connections":[],"yoast_head":"<!-- This site is optimized with the Yoast SEO plugin v19.1 - https:\/\/yoast.com\/wordpress\/plugins\/seo\/ -->\n<title>Lirohen t\u00eb akuzuarit p\u00ebr krime lufte n\u00eb Husaj t\u00eb Rozhaj\u00ebs - Lajme nga Ulqini<\/title>\n<meta name=\"description\" content=\"Nga Ismet Azizi Gjykata malazeze liroi ish-ushtar\u00ebt e ushtris\u00eb Jugosllave t\u00eb akuzuar p\u00ebr krime lufte kund\u00ebr civil\u00ebve shqiptar\u00eb t\u00eb kryera n\u00eb Husaj t\u00eb\" \/>\n<meta name=\"robots\" content=\"index, follow, max-snippet:-1, max-image-preview:large, max-video-preview:-1\" \/>\n<link rel=\"canonical\" href=\"https:\/\/www.visit-ulcinj.com\/blog\/2015\/01\/02\/lirohen-te-akuzuarit-per-krime-lufte-ne-husaj-te-rozhajes\/\" \/>\n<meta property=\"og:locale\" content=\"en_US\" \/>\n<meta property=\"og:type\" content=\"article\" \/>\n<meta property=\"og:title\" content=\"Lirohen t\u00eb akuzuarit p\u00ebr krime lufte n\u00eb Husaj t\u00eb Rozhaj\u00ebs - Lajme nga Ulqini\" \/>\n<meta property=\"og:description\" content=\"Nga Ismet Azizi Gjykata malazeze liroi ish-ushtar\u00ebt e ushtris\u00eb Jugosllave t\u00eb akuzuar p\u00ebr krime lufte kund\u00ebr civil\u00ebve shqiptar\u00eb t\u00eb kryera n\u00eb Husaj t\u00eb\" \/>\n<meta property=\"og:url\" content=\"https:\/\/www.visit-ulcinj.com\/blog\/2015\/01\/02\/lirohen-te-akuzuarit-per-krime-lufte-ne-husaj-te-rozhajes\/\" \/>\n<meta property=\"og:site_name\" content=\"Lajme nga Ulqini\" \/>\n<meta property=\"article:published_time\" content=\"2015-01-02T15:18:27+00:00\" \/>\n<meta property=\"article:modified_time\" content=\"2015-01-02T15:19:37+00:00\" \/>\n<meta property=\"og:image\" content=\"http:\/\/www.visit-ulcinj.com\/blog\/wp-content\/uploads\/2015\/01\/Rasti-Hysaj-Rozhaje.jpg\" \/>\n<meta name=\"twitter:label1\" content=\"Written by\" \/>\n\t<meta name=\"twitter:data1\" content=\"ulqini\" \/>\n\t<meta name=\"twitter:label2\" content=\"Est. reading time\" \/>\n\t<meta name=\"twitter:data2\" content=\"4 minutes\" \/>\n<script type=\"application\/ld+json\" class=\"yoast-schema-graph\">{\"@context\":\"https:\/\/schema.org\",\"@graph\":[{\"@type\":\"WebSite\",\"@id\":\"https:\/\/www.visit-ulcinj.com\/blog\/#website\",\"url\":\"https:\/\/www.visit-ulcinj.com\/blog\/\",\"name\":\"Lajme nga Ulqini\",\"description\":\"Lajme,Vijesti,Ulqini,Ulqin,Crna Gora,Mali i Zi\",\"potentialAction\":[{\"@type\":\"SearchAction\",\"target\":{\"@type\":\"EntryPoint\",\"urlTemplate\":\"https:\/\/www.visit-ulcinj.com\/blog\/?s={search_term_string}\"},\"query-input\":\"required name=search_term_string\"}],\"inLanguage\":\"en-US\"},{\"@type\":\"ImageObject\",\"inLanguage\":\"en-US\",\"@id\":\"https:\/\/www.visit-ulcinj.com\/blog\/2015\/01\/02\/lirohen-te-akuzuarit-per-krime-lufte-ne-husaj-te-rozhajes\/#primaryimage\",\"url\":\"https:\/\/www.visit-ulcinj.com\/blog\/wp-content\/uploads\/2015\/01\/Rasti-Hysaj-Rozhaje.jpg\",\"contentUrl\":\"https:\/\/www.visit-ulcinj.com\/blog\/wp-content\/uploads\/2015\/01\/Rasti-Hysaj-Rozhaje.jpg\",\"width\":645,\"height\":362},{\"@type\":\"WebPage\",\"@id\":\"https:\/\/www.visit-ulcinj.com\/blog\/2015\/01\/02\/lirohen-te-akuzuarit-per-krime-lufte-ne-husaj-te-rozhajes\/#webpage\",\"url\":\"https:\/\/www.visit-ulcinj.com\/blog\/2015\/01\/02\/lirohen-te-akuzuarit-per-krime-lufte-ne-husaj-te-rozhajes\/\",\"name\":\"Lirohen t\u00eb akuzuarit p\u00ebr krime lufte n\u00eb Husaj t\u00eb Rozhaj\u00ebs - Lajme nga Ulqini\",\"isPartOf\":{\"@id\":\"https:\/\/www.visit-ulcinj.com\/blog\/#website\"},\"primaryImageOfPage\":{\"@id\":\"https:\/\/www.visit-ulcinj.com\/blog\/2015\/01\/02\/lirohen-te-akuzuarit-per-krime-lufte-ne-husaj-te-rozhajes\/#primaryimage\"},\"datePublished\":\"2015-01-02T15:18:27+00:00\",\"dateModified\":\"2015-01-02T15:19:37+00:00\",\"author\":{\"@id\":\"https:\/\/www.visit-ulcinj.com\/blog\/#\/schema\/person\/dcab619c614d3038751c63bc2aadc06d\"},\"description\":\"Nga Ismet Azizi Gjykata malazeze liroi ish-ushtar\u00ebt e ushtris\u00eb Jugosllave t\u00eb akuzuar p\u00ebr krime lufte kund\u00ebr civil\u00ebve shqiptar\u00eb t\u00eb kryera n\u00eb Husaj t\u00eb\",\"breadcrumb\":{\"@id\":\"https:\/\/www.visit-ulcinj.com\/blog\/2015\/01\/02\/lirohen-te-akuzuarit-per-krime-lufte-ne-husaj-te-rozhajes\/#breadcrumb\"},\"inLanguage\":\"en-US\",\"potentialAction\":[{\"@type\":\"ReadAction\",\"target\":[\"https:\/\/www.visit-ulcinj.com\/blog\/2015\/01\/02\/lirohen-te-akuzuarit-per-krime-lufte-ne-husaj-te-rozhajes\/\"]}]},{\"@type\":\"BreadcrumbList\",\"@id\":\"https:\/\/www.visit-ulcinj.com\/blog\/2015\/01\/02\/lirohen-te-akuzuarit-per-krime-lufte-ne-husaj-te-rozhajes\/#breadcrumb\",\"itemListElement\":[{\"@type\":\"ListItem\",\"position\":1,\"name\":\"Lirohen t\u00eb akuzuarit p\u00ebr krime lufte n\u00eb Husaj t\u00eb Rozhaj\u00ebs\"}]},{\"@type\":\"Person\",\"@id\":\"https:\/\/www.visit-ulcinj.com\/blog\/#\/schema\/person\/dcab619c614d3038751c63bc2aadc06d\",\"name\":\"ulqini\",\"sameAs\":[\"http:\/\/www.visit-ulcinj.com\"],\"url\":\"https:\/\/www.visit-ulcinj.com\/blog\/author\/admin\/\"}]}<\/script>\n<!-- \/ Yoast SEO plugin. -->","yoast_head_json":{"title":"Lirohen t\u00eb akuzuarit p\u00ebr krime lufte n\u00eb Husaj t\u00eb Rozhaj\u00ebs - Lajme nga Ulqini","description":"Nga Ismet Azizi Gjykata malazeze liroi ish-ushtar\u00ebt e ushtris\u00eb Jugosllave t\u00eb akuzuar p\u00ebr krime lufte kund\u00ebr civil\u00ebve shqiptar\u00eb t\u00eb kryera n\u00eb Husaj t\u00eb","robots":{"index":"index","follow":"follow","max-snippet":"max-snippet:-1","max-image-preview":"max-image-preview:large","max-video-preview":"max-video-preview:-1"},"canonical":"https:\/\/www.visit-ulcinj.com\/blog\/2015\/01\/02\/lirohen-te-akuzuarit-per-krime-lufte-ne-husaj-te-rozhajes\/","og_locale":"en_US","og_type":"article","og_title":"Lirohen t\u00eb akuzuarit p\u00ebr krime lufte n\u00eb Husaj t\u00eb Rozhaj\u00ebs - Lajme nga Ulqini","og_description":"Nga Ismet Azizi Gjykata malazeze liroi ish-ushtar\u00ebt e ushtris\u00eb Jugosllave t\u00eb akuzuar p\u00ebr krime lufte kund\u00ebr civil\u00ebve shqiptar\u00eb t\u00eb kryera n\u00eb Husaj t\u00eb","og_url":"https:\/\/www.visit-ulcinj.com\/blog\/2015\/01\/02\/lirohen-te-akuzuarit-per-krime-lufte-ne-husaj-te-rozhajes\/","og_site_name":"Lajme nga Ulqini","article_published_time":"2015-01-02T15:18:27+00:00","article_modified_time":"2015-01-02T15:19:37+00:00","og_image":[{"url":"http:\/\/www.visit-ulcinj.com\/blog\/wp-content\/uploads\/2015\/01\/Rasti-Hysaj-Rozhaje.jpg"}],"twitter_misc":{"Written by":"ulqini","Est. reading time":"4 minutes"},"schema":{"@context":"https:\/\/schema.org","@graph":[{"@type":"WebSite","@id":"https:\/\/www.visit-ulcinj.com\/blog\/#website","url":"https:\/\/www.visit-ulcinj.com\/blog\/","name":"Lajme nga Ulqini","description":"Lajme,Vijesti,Ulqini,Ulqin,Crna Gora,Mali i Zi","potentialAction":[{"@type":"SearchAction","target":{"@type":"EntryPoint","urlTemplate":"https:\/\/www.visit-ulcinj.com\/blog\/?s={search_term_string}"},"query-input":"required name=search_term_string"}],"inLanguage":"en-US"},{"@type":"ImageObject","inLanguage":"en-US","@id":"https:\/\/www.visit-ulcinj.com\/blog\/2015\/01\/02\/lirohen-te-akuzuarit-per-krime-lufte-ne-husaj-te-rozhajes\/#primaryimage","url":"https:\/\/www.visit-ulcinj.com\/blog\/wp-content\/uploads\/2015\/01\/Rasti-Hysaj-Rozhaje.jpg","contentUrl":"https:\/\/www.visit-ulcinj.com\/blog\/wp-content\/uploads\/2015\/01\/Rasti-Hysaj-Rozhaje.jpg","width":645,"height":362},{"@type":"WebPage","@id":"https:\/\/www.visit-ulcinj.com\/blog\/2015\/01\/02\/lirohen-te-akuzuarit-per-krime-lufte-ne-husaj-te-rozhajes\/#webpage","url":"https:\/\/www.visit-ulcinj.com\/blog\/2015\/01\/02\/lirohen-te-akuzuarit-per-krime-lufte-ne-husaj-te-rozhajes\/","name":"Lirohen t\u00eb akuzuarit p\u00ebr krime lufte n\u00eb Husaj t\u00eb Rozhaj\u00ebs - Lajme nga Ulqini","isPartOf":{"@id":"https:\/\/www.visit-ulcinj.com\/blog\/#website"},"primaryImageOfPage":{"@id":"https:\/\/www.visit-ulcinj.com\/blog\/2015\/01\/02\/lirohen-te-akuzuarit-per-krime-lufte-ne-husaj-te-rozhajes\/#primaryimage"},"datePublished":"2015-01-02T15:18:27+00:00","dateModified":"2015-01-02T15:19:37+00:00","author":{"@id":"https:\/\/www.visit-ulcinj.com\/blog\/#\/schema\/person\/dcab619c614d3038751c63bc2aadc06d"},"description":"Nga Ismet Azizi Gjykata malazeze liroi ish-ushtar\u00ebt e ushtris\u00eb Jugosllave t\u00eb akuzuar p\u00ebr krime lufte kund\u00ebr civil\u00ebve shqiptar\u00eb t\u00eb kryera n\u00eb Husaj t\u00eb","breadcrumb":{"@id":"https:\/\/www.visit-ulcinj.com\/blog\/2015\/01\/02\/lirohen-te-akuzuarit-per-krime-lufte-ne-husaj-te-rozhajes\/#breadcrumb"},"inLanguage":"en-US","potentialAction":[{"@type":"ReadAction","target":["https:\/\/www.visit-ulcinj.com\/blog\/2015\/01\/02\/lirohen-te-akuzuarit-per-krime-lufte-ne-husaj-te-rozhajes\/"]}]},{"@type":"BreadcrumbList","@id":"https:\/\/www.visit-ulcinj.com\/blog\/2015\/01\/02\/lirohen-te-akuzuarit-per-krime-lufte-ne-husaj-te-rozhajes\/#breadcrumb","itemListElement":[{"@type":"ListItem","position":1,"name":"Lirohen t\u00eb akuzuarit p\u00ebr krime lufte n\u00eb Husaj t\u00eb Rozhaj\u00ebs"}]},{"@type":"Person","@id":"https:\/\/www.visit-ulcinj.com\/blog\/#\/schema\/person\/dcab619c614d3038751c63bc2aadc06d","name":"ulqini","sameAs":["http:\/\/www.visit-ulcinj.com"],"url":"https:\/\/www.visit-ulcinj.com\/blog\/author\/admin\/"}]}},"jetpack_featured_media_url":"","jetpack_sharing_enabled":true,"jetpack_shortlink":"https:\/\/wp.me\/pe6lTn-mKK","_links":{"self":[{"href":"https:\/\/www.visit-ulcinj.com\/blog\/wp-json\/wp\/v2\/posts\/87466"}],"collection":[{"href":"https:\/\/www.visit-ulcinj.com\/blog\/wp-json\/wp\/v2\/posts"}],"about":[{"href":"https:\/\/www.visit-ulcinj.com\/blog\/wp-json\/wp\/v2\/types\/post"}],"author":[{"embeddable":true,"href":"https:\/\/www.visit-ulcinj.com\/blog\/wp-json\/wp\/v2\/users\/1"}],"replies":[{"embeddable":true,"href":"https:\/\/www.visit-ulcinj.com\/blog\/wp-json\/wp\/v2\/comments?post=87466"}],"version-history":[{"count":2,"href":"https:\/\/www.visit-ulcinj.com\/blog\/wp-json\/wp\/v2\/posts\/87466\/revisions"}],"predecessor-version":[{"id":87469,"href":"https:\/\/www.visit-ulcinj.com\/blog\/wp-json\/wp\/v2\/posts\/87466\/revisions\/87469"}],"wp:attachment":[{"href":"https:\/\/www.visit-ulcinj.com\/blog\/wp-json\/wp\/v2\/media?parent=87466"}],"wp:term":[{"taxonomy":"category","embeddable":true,"href":"https:\/\/www.visit-ulcinj.com\/blog\/wp-json\/wp\/v2\/categories?post=87466"},{"taxonomy":"post_tag","embeddable":true,"href":"https:\/\/www.visit-ulcinj.com\/blog\/wp-json\/wp\/v2\/tags?post=87466"}],"curies":[{"name":"wp","href":"https:\/\/api.w.org\/{rel}","templated":true}]}}