{"id":87470,"date":"2015-01-02T16:35:35","date_gmt":"2015-01-02T15:35:35","guid":{"rendered":"http:\/\/www.visit-ulcinj.com\/blog\/?p=87470"},"modified":"2015-01-02T16:35:35","modified_gmt":"2015-01-02T15:35:35","slug":"dritan-abazoviq-serbet-te-rrezikuarit-ne-mal-te-zi","status":"publish","type":"post","link":"https:\/\/www.visit-ulcinj.com\/blog\/2015\/01\/02\/dritan-abazoviq-serbet-te-rrezikuarit-ne-mal-te-zi\/","title":{"rendered":"Dritan Abazoviq: Serb\u00ebt m\u00eb t\u00eb rrezikuarit n\u00eb Mal t\u00eb Zi"},"content":{"rendered":"<p><a href=\"http:\/\/www.visit-ulcinj.com\/blog\/wp-content\/uploads\/2015\/01\/levizja-qytetare-Dritan-Abazoviq.jpg\"><img loading=\"lazy\" class=\"alignleft wp-image-87471\" src=\"http:\/\/www.visit-ulcinj.com\/blog\/wp-content\/uploads\/2015\/01\/levizja-qytetare-Dritan-Abazoviq.jpg\" alt=\"levizja-qytetare-Dritan-Abazoviq\" width=\"508\" height=\"283\" srcset=\"https:\/\/www.visit-ulcinj.com\/blog\/wp-content\/uploads\/2015\/01\/levizja-qytetare-Dritan-Abazoviq.jpg 824w, https:\/\/www.visit-ulcinj.com\/blog\/wp-content\/uploads\/2015\/01\/levizja-qytetare-Dritan-Abazoviq-300x167.jpg 300w\" sizes=\"(max-width: 508px) 100vw, 508px\" \/><\/a>Deputeti i pavarur dhe nj\u00eb nga themeluesit e L\u00ebvizjes Qytetare Dritan Abazoviq, tha n\u00eb nj\u00eb intervist\u00eb per portalin IN4S q\u00eb Mali i Zi ka nevoj\u00eb p\u00ebr ndryshime urgjente n\u00eb t\u00eb gjitha fushat, dhe n\u00eb k\u00ebt\u00eb drejtim nuk duhet t\u00eb menjanohet mundesia e protestave n\u00eb rrug\u00eb, raporton Portali Lajm.me.<\/p>\n<p>Ai theksoi se protestat jan\u00eb nj\u00eb model i luft\u00ebs s\u00eb mundshme t\u00eb opozit\u00ebs dhe si t\u00eb tilla ato nuk duhen t\u00eb eliminohen paraprakisht.<\/p>\n<p>\u201cDeri tani un\u00eb kam p\u00eblqyer gjithmon\u00eb p\u00ebr t\u00eb shkuar n\u00eb protesta, dhe do t\u00eb vazhdoj edhe n\u00eb t\u00eb ardhmen n\u00ebse ata organizohen nga subjektet e opozit\u00ebs,\u201d tha Abazovi\u00e7.<\/p>\n<p>Ai u pajtua me vler\u00ebsimin se n\u00eb Mal t\u00eb Zi \u00a0sot m\u00eb e v\u00ebshtir\u00eb \u00ebshte t\u00eb jesh serb, duke shtuar se kjo ishte shkat\u00ebrruese p\u00ebr shoq\u00ebrin\u00eb ton\u00eb.<\/p>\n<p>\u201cSerb\u00ebt n\u00eb Mal t\u00eb Zi meritojn\u00eb t\u00eb nj\u00ebjtat t\u00eb drejta si qytetar\u00ebt e tjer\u00eb, dhe p\u00ebr sa koh\u00eb q\u00eb \u00e7do form\u00eb e diskriminimit t\u00eb tyre, ose njer\u00ebzve t\u00eb tjer\u00eb n\u00eb Mal t\u00eb Zi \u00ebsht\u00eb i pranish\u00ebm, shteti nuk do te mund t\u00eb perkufizohet si shtet qytetar. Fatkeqesisht, derisa t\u00eb kemi qeveri anti-qytetare , ndryshime me siguri nuk do t\u00eb ket\u00eb, \u201ctha Abazoviq.<\/p>\n<p>Ai tha se \u00ebsht\u00eb p\u00ebr pranimin e Malit t\u00eb Zi n\u00eb NATO, por se p\u00ebr k\u00ebt\u00eb pyetje duhet t\u00eb hapet nj\u00eb dialog me qytetar\u00ebt.<\/p>\n<p>\u201cQytetar\u00ebt n\u00eb asnj\u00eb m\u00ebnyre nuk duhen anashkaluar kur t\u00eb merret vendimi p\u00ebr k\u00ebt\u00eb \u00e7\u00ebshtje, dhe eshte c\u00ebshtj\u00eb e racionalizmit dhe pragmatizmit se cili model do t\u00eb implementohet. N\u00ebse kemi nj\u00eb publik t\u00eb mirinformuar, at\u00ebhere do t\u00eb jet\u00eb e qart\u00eb n\u00ebse duhet t\u00eb shkoj\u00eb n\u00eb referendum ose jo. Problemi i vet\u00ebm \u00ebsht\u00eb n\u00ebse kemi situat\u00eb te kund\u00ebrt, sic edhe \u00ebsht\u00eb n\u00eb k\u00ebt\u00eb moment \u201d tha Abazoviq.<\/p>\n<div class=\"clearfix\"><\/div>\n","protected":false},"excerpt":{"rendered":"<p>Deputeti i pavarur dhe nj\u00eb nga themeluesit e L\u00ebvizjes Qytetare Dritan Abazoviq, tha n\u00eb nj\u00eb intervist\u00eb per portalin IN4S q\u00eb Mali i Zi ka nevoj\u00eb p\u00ebr ndryshime urgjente n\u00eb t\u00eb gjitha fushat, dhe n\u00eb k\u00ebt\u00eb drejtim nuk duhet t\u00eb menjanohet mundesia e protestave n\u00eb rrug\u00eb, raporton Portali Lajm.me. Ai theksoi se protestat jan\u00eb nj\u00eb model [&hellip;]<\/p>\n","protected":false},"author":1,"featured_media":0,"comment_status":"closed","ping_status":"closed","sticky":false,"template":"","format":"standard","meta":{"spay_email":"","jetpack_publicize_message":"","jetpack_is_tweetstorm":false,"jetpack_publicize_feature_enabled":true},"categories":[5],"tags":[],"jetpack_publicize_connections":[],"yoast_head":"<!-- This site is optimized with the Yoast SEO plugin v19.1 - https:\/\/yoast.com\/wordpress\/plugins\/seo\/ -->\n<title>Dritan Abazoviq: Serb\u00ebt m\u00eb t\u00eb rrezikuarit n\u00eb Mal t\u00eb Zi - Lajme nga Ulqini<\/title>\n<meta name=\"description\" content=\"Deputeti i pavarur dhe nj\u00eb nga themeluesit e L\u00ebvizjes Qytetare Dritan Abazoviq, tha n\u00eb nj\u00eb intervist\u00eb per portalin IN4S q\u00eb Mali i Zi ka nevoj\u00eb p\u00ebr\" \/>\n<meta name=\"robots\" content=\"index, follow, max-snippet:-1, max-image-preview:large, max-video-preview:-1\" \/>\n<link rel=\"canonical\" href=\"https:\/\/www.visit-ulcinj.com\/blog\/2015\/01\/02\/dritan-abazoviq-serbet-te-rrezikuarit-ne-mal-te-zi\/\" \/>\n<meta property=\"og:locale\" content=\"en_US\" \/>\n<meta property=\"og:type\" content=\"article\" \/>\n<meta property=\"og:title\" content=\"Dritan Abazoviq: Serb\u00ebt m\u00eb t\u00eb rrezikuarit n\u00eb Mal t\u00eb Zi - Lajme nga Ulqini\" \/>\n<meta property=\"og:description\" content=\"Deputeti i pavarur dhe nj\u00eb nga themeluesit e L\u00ebvizjes Qytetare Dritan Abazoviq, tha n\u00eb nj\u00eb intervist\u00eb per portalin IN4S q\u00eb Mali i Zi ka nevoj\u00eb p\u00ebr\" \/>\n<meta property=\"og:url\" content=\"https:\/\/www.visit-ulcinj.com\/blog\/2015\/01\/02\/dritan-abazoviq-serbet-te-rrezikuarit-ne-mal-te-zi\/\" \/>\n<meta property=\"og:site_name\" content=\"Lajme nga Ulqini\" \/>\n<meta property=\"article:published_time\" content=\"2015-01-02T15:35:35+00:00\" \/>\n<meta property=\"og:image\" content=\"http:\/\/www.visit-ulcinj.com\/blog\/wp-content\/uploads\/2015\/01\/levizja-qytetare-Dritan-Abazoviq.jpg\" \/>\n<meta name=\"twitter:label1\" content=\"Written by\" \/>\n\t<meta name=\"twitter:data1\" content=\"ulqini\" \/>\n\t<meta name=\"twitter:label2\" content=\"Est. reading time\" \/>\n\t<meta name=\"twitter:data2\" content=\"2 minutes\" \/>\n<script type=\"application\/ld+json\" class=\"yoast-schema-graph\">{\"@context\":\"https:\/\/schema.org\",\"@graph\":[{\"@type\":\"WebSite\",\"@id\":\"https:\/\/www.visit-ulcinj.com\/blog\/#website\",\"url\":\"https:\/\/www.visit-ulcinj.com\/blog\/\",\"name\":\"Lajme nga Ulqini\",\"description\":\"Lajme,Vijesti,Ulqini,Ulqin,Crna Gora,Mali i Zi\",\"potentialAction\":[{\"@type\":\"SearchAction\",\"target\":{\"@type\":\"EntryPoint\",\"urlTemplate\":\"https:\/\/www.visit-ulcinj.com\/blog\/?s={search_term_string}\"},\"query-input\":\"required name=search_term_string\"}],\"inLanguage\":\"en-US\"},{\"@type\":\"ImageObject\",\"inLanguage\":\"en-US\",\"@id\":\"https:\/\/www.visit-ulcinj.com\/blog\/2015\/01\/02\/dritan-abazoviq-serbet-te-rrezikuarit-ne-mal-te-zi\/#primaryimage\",\"url\":\"https:\/\/www.visit-ulcinj.com\/blog\/wp-content\/uploads\/2015\/01\/levizja-qytetare-Dritan-Abazoviq.jpg\",\"contentUrl\":\"https:\/\/www.visit-ulcinj.com\/blog\/wp-content\/uploads\/2015\/01\/levizja-qytetare-Dritan-Abazoviq.jpg\",\"width\":824,\"height\":459},{\"@type\":\"WebPage\",\"@id\":\"https:\/\/www.visit-ulcinj.com\/blog\/2015\/01\/02\/dritan-abazoviq-serbet-te-rrezikuarit-ne-mal-te-zi\/#webpage\",\"url\":\"https:\/\/www.visit-ulcinj.com\/blog\/2015\/01\/02\/dritan-abazoviq-serbet-te-rrezikuarit-ne-mal-te-zi\/\",\"name\":\"Dritan Abazoviq: Serb\u00ebt m\u00eb t\u00eb rrezikuarit n\u00eb Mal t\u00eb Zi - Lajme nga Ulqini\",\"isPartOf\":{\"@id\":\"https:\/\/www.visit-ulcinj.com\/blog\/#website\"},\"primaryImageOfPage\":{\"@id\":\"https:\/\/www.visit-ulcinj.com\/blog\/2015\/01\/02\/dritan-abazoviq-serbet-te-rrezikuarit-ne-mal-te-zi\/#primaryimage\"},\"datePublished\":\"2015-01-02T15:35:35+00:00\",\"dateModified\":\"2015-01-02T15:35:35+00:00\",\"author\":{\"@id\":\"https:\/\/www.visit-ulcinj.com\/blog\/#\/schema\/person\/dcab619c614d3038751c63bc2aadc06d\"},\"description\":\"Deputeti i pavarur dhe nj\u00eb nga themeluesit e L\u00ebvizjes Qytetare Dritan Abazoviq, tha n\u00eb nj\u00eb intervist\u00eb per portalin IN4S q\u00eb Mali i Zi ka nevoj\u00eb p\u00ebr\",\"breadcrumb\":{\"@id\":\"https:\/\/www.visit-ulcinj.com\/blog\/2015\/01\/02\/dritan-abazoviq-serbet-te-rrezikuarit-ne-mal-te-zi\/#breadcrumb\"},\"inLanguage\":\"en-US\",\"potentialAction\":[{\"@type\":\"ReadAction\",\"target\":[\"https:\/\/www.visit-ulcinj.com\/blog\/2015\/01\/02\/dritan-abazoviq-serbet-te-rrezikuarit-ne-mal-te-zi\/\"]}]},{\"@type\":\"BreadcrumbList\",\"@id\":\"https:\/\/www.visit-ulcinj.com\/blog\/2015\/01\/02\/dritan-abazoviq-serbet-te-rrezikuarit-ne-mal-te-zi\/#breadcrumb\",\"itemListElement\":[{\"@type\":\"ListItem\",\"position\":1,\"name\":\"Dritan Abazoviq: Serb\u00ebt m\u00eb t\u00eb rrezikuarit n\u00eb Mal t\u00eb Zi\"}]},{\"@type\":\"Person\",\"@id\":\"https:\/\/www.visit-ulcinj.com\/blog\/#\/schema\/person\/dcab619c614d3038751c63bc2aadc06d\",\"name\":\"ulqini\",\"sameAs\":[\"http:\/\/www.visit-ulcinj.com\"],\"url\":\"https:\/\/www.visit-ulcinj.com\/blog\/author\/admin\/\"}]}<\/script>\n<!-- \/ Yoast SEO plugin. -->","yoast_head_json":{"title":"Dritan Abazoviq: Serb\u00ebt m\u00eb t\u00eb rrezikuarit n\u00eb Mal t\u00eb Zi - Lajme nga Ulqini","description":"Deputeti i pavarur dhe nj\u00eb nga themeluesit e L\u00ebvizjes Qytetare Dritan Abazoviq, tha n\u00eb nj\u00eb intervist\u00eb per portalin IN4S q\u00eb Mali i Zi ka nevoj\u00eb p\u00ebr","robots":{"index":"index","follow":"follow","max-snippet":"max-snippet:-1","max-image-preview":"max-image-preview:large","max-video-preview":"max-video-preview:-1"},"canonical":"https:\/\/www.visit-ulcinj.com\/blog\/2015\/01\/02\/dritan-abazoviq-serbet-te-rrezikuarit-ne-mal-te-zi\/","og_locale":"en_US","og_type":"article","og_title":"Dritan Abazoviq: Serb\u00ebt m\u00eb t\u00eb rrezikuarit n\u00eb Mal t\u00eb Zi - Lajme nga Ulqini","og_description":"Deputeti i pavarur dhe nj\u00eb nga themeluesit e L\u00ebvizjes Qytetare Dritan Abazoviq, tha n\u00eb nj\u00eb intervist\u00eb per portalin IN4S q\u00eb Mali i Zi ka nevoj\u00eb p\u00ebr","og_url":"https:\/\/www.visit-ulcinj.com\/blog\/2015\/01\/02\/dritan-abazoviq-serbet-te-rrezikuarit-ne-mal-te-zi\/","og_site_name":"Lajme nga Ulqini","article_published_time":"2015-01-02T15:35:35+00:00","og_image":[{"url":"http:\/\/www.visit-ulcinj.com\/blog\/wp-content\/uploads\/2015\/01\/levizja-qytetare-Dritan-Abazoviq.jpg"}],"twitter_misc":{"Written by":"ulqini","Est. reading time":"2 minutes"},"schema":{"@context":"https:\/\/schema.org","@graph":[{"@type":"WebSite","@id":"https:\/\/www.visit-ulcinj.com\/blog\/#website","url":"https:\/\/www.visit-ulcinj.com\/blog\/","name":"Lajme nga Ulqini","description":"Lajme,Vijesti,Ulqini,Ulqin,Crna Gora,Mali i Zi","potentialAction":[{"@type":"SearchAction","target":{"@type":"EntryPoint","urlTemplate":"https:\/\/www.visit-ulcinj.com\/blog\/?s={search_term_string}"},"query-input":"required name=search_term_string"}],"inLanguage":"en-US"},{"@type":"ImageObject","inLanguage":"en-US","@id":"https:\/\/www.visit-ulcinj.com\/blog\/2015\/01\/02\/dritan-abazoviq-serbet-te-rrezikuarit-ne-mal-te-zi\/#primaryimage","url":"https:\/\/www.visit-ulcinj.com\/blog\/wp-content\/uploads\/2015\/01\/levizja-qytetare-Dritan-Abazoviq.jpg","contentUrl":"https:\/\/www.visit-ulcinj.com\/blog\/wp-content\/uploads\/2015\/01\/levizja-qytetare-Dritan-Abazoviq.jpg","width":824,"height":459},{"@type":"WebPage","@id":"https:\/\/www.visit-ulcinj.com\/blog\/2015\/01\/02\/dritan-abazoviq-serbet-te-rrezikuarit-ne-mal-te-zi\/#webpage","url":"https:\/\/www.visit-ulcinj.com\/blog\/2015\/01\/02\/dritan-abazoviq-serbet-te-rrezikuarit-ne-mal-te-zi\/","name":"Dritan Abazoviq: Serb\u00ebt m\u00eb t\u00eb rrezikuarit n\u00eb Mal t\u00eb Zi - Lajme nga Ulqini","isPartOf":{"@id":"https:\/\/www.visit-ulcinj.com\/blog\/#website"},"primaryImageOfPage":{"@id":"https:\/\/www.visit-ulcinj.com\/blog\/2015\/01\/02\/dritan-abazoviq-serbet-te-rrezikuarit-ne-mal-te-zi\/#primaryimage"},"datePublished":"2015-01-02T15:35:35+00:00","dateModified":"2015-01-02T15:35:35+00:00","author":{"@id":"https:\/\/www.visit-ulcinj.com\/blog\/#\/schema\/person\/dcab619c614d3038751c63bc2aadc06d"},"description":"Deputeti i pavarur dhe nj\u00eb nga themeluesit e L\u00ebvizjes Qytetare Dritan Abazoviq, tha n\u00eb nj\u00eb intervist\u00eb per portalin IN4S q\u00eb Mali i Zi ka nevoj\u00eb p\u00ebr","breadcrumb":{"@id":"https:\/\/www.visit-ulcinj.com\/blog\/2015\/01\/02\/dritan-abazoviq-serbet-te-rrezikuarit-ne-mal-te-zi\/#breadcrumb"},"inLanguage":"en-US","potentialAction":[{"@type":"ReadAction","target":["https:\/\/www.visit-ulcinj.com\/blog\/2015\/01\/02\/dritan-abazoviq-serbet-te-rrezikuarit-ne-mal-te-zi\/"]}]},{"@type":"BreadcrumbList","@id":"https:\/\/www.visit-ulcinj.com\/blog\/2015\/01\/02\/dritan-abazoviq-serbet-te-rrezikuarit-ne-mal-te-zi\/#breadcrumb","itemListElement":[{"@type":"ListItem","position":1,"name":"Dritan Abazoviq: Serb\u00ebt m\u00eb t\u00eb rrezikuarit n\u00eb Mal t\u00eb Zi"}]},{"@type":"Person","@id":"https:\/\/www.visit-ulcinj.com\/blog\/#\/schema\/person\/dcab619c614d3038751c63bc2aadc06d","name":"ulqini","sameAs":["http:\/\/www.visit-ulcinj.com"],"url":"https:\/\/www.visit-ulcinj.com\/blog\/author\/admin\/"}]}},"jetpack_featured_media_url":"","jetpack_sharing_enabled":true,"jetpack_shortlink":"https:\/\/wp.me\/pe6lTn-mKO","_links":{"self":[{"href":"https:\/\/www.visit-ulcinj.com\/blog\/wp-json\/wp\/v2\/posts\/87470"}],"collection":[{"href":"https:\/\/www.visit-ulcinj.com\/blog\/wp-json\/wp\/v2\/posts"}],"about":[{"href":"https:\/\/www.visit-ulcinj.com\/blog\/wp-json\/wp\/v2\/types\/post"}],"author":[{"embeddable":true,"href":"https:\/\/www.visit-ulcinj.com\/blog\/wp-json\/wp\/v2\/users\/1"}],"replies":[{"embeddable":true,"href":"https:\/\/www.visit-ulcinj.com\/blog\/wp-json\/wp\/v2\/comments?post=87470"}],"version-history":[{"count":1,"href":"https:\/\/www.visit-ulcinj.com\/blog\/wp-json\/wp\/v2\/posts\/87470\/revisions"}],"predecessor-version":[{"id":87472,"href":"https:\/\/www.visit-ulcinj.com\/blog\/wp-json\/wp\/v2\/posts\/87470\/revisions\/87472"}],"wp:attachment":[{"href":"https:\/\/www.visit-ulcinj.com\/blog\/wp-json\/wp\/v2\/media?parent=87470"}],"wp:term":[{"taxonomy":"category","embeddable":true,"href":"https:\/\/www.visit-ulcinj.com\/blog\/wp-json\/wp\/v2\/categories?post=87470"},{"taxonomy":"post_tag","embeddable":true,"href":"https:\/\/www.visit-ulcinj.com\/blog\/wp-json\/wp\/v2\/tags?post=87470"}],"curies":[{"name":"wp","href":"https:\/\/api.w.org\/{rel}","templated":true}]}}