{"id":87475,"date":"2015-01-02T17:05:23","date_gmt":"2015-01-02T16:05:23","guid":{"rendered":"http:\/\/www.visit-ulcinj.com\/blog\/?p=87475"},"modified":"2015-01-02T17:05:23","modified_gmt":"2015-01-02T16:05:23","slug":"ulcinjani-u-drackoj-luci-usidrili-brodove-zivote","status":"publish","type":"post","link":"https:\/\/www.visit-ulcinj.com\/blog\/2015\/01\/02\/ulcinjani-u-drackoj-luci-usidrili-brodove-zivote\/","title":{"rendered":"Ulcinjani u Dra\u010dkoj luci usidrili brodove i \u017eivote"},"content":{"rendered":"<p><strong><a href=\"http:\/\/www.visit-ulcinj.com\/blog\/wp-content\/uploads\/2015\/01\/Ulcinjani-u-Drac.jpg\"><img loading=\"lazy\" class=\"alignleft wp-image-87476\" src=\"http:\/\/www.visit-ulcinj.com\/blog\/wp-content\/uploads\/2015\/01\/Ulcinjani-u-Drac.jpg\" alt=\"Ulcinjani u Drac\" width=\"508\" height=\"319\" srcset=\"https:\/\/www.visit-ulcinj.com\/blog\/wp-content\/uploads\/2015\/01\/Ulcinjani-u-Drac.jpg 560w, https:\/\/www.visit-ulcinj.com\/blog\/wp-content\/uploads\/2015\/01\/Ulcinjani-u-Drac-300x188.jpg 300w\" sizes=\"(max-width: 508px) 100vw, 508px\" \/><\/a>U Dra\u010du \u017eivi 200 ulcinjskih familija<\/strong><\/p>\n<p><strong>Otisli iz grada kada je Ulcinj 1880. godine pripao Crnoj Gori. Nijesu vjerovali da \u0107e u rodnom gradu imati bezbjedan \u017eivot<\/strong><\/p>\n<p><strong><span class=\"credits__author\"> Autor: Samir Adrovi\u0107 <\/span><\/strong><\/p>\n<p>Tiho su oti\u0161li iz grada kada je Ulcinj 1880. godine pripao Crnoj Gori. Nijesu vjerovali knjazu da \u0107e u rodnom gradu imati bezbjedan i beri\u0107etan \u017eivot. Dra\u010d je tada imao jedinu luku u regionu a ve\u0107ina njih velike brodove koje su decenijama prije toga sidrili u albanskoj luci, sticali poznanstva i prijateljstva i tako utrli put u novi \u017eivot. Njihovi potomci danas su ugledni gra\u0111ani Albanije, koji nikad nijesu zaboravili zavi\u010daj, istoriju i tradiciju.<\/p>\n<p>Poznati ulcinjski kantautor Cano Lazoja nedavno je imao promociju prvog dijela dokumentranog filma o ulcinjskim familijima koje \u017eive u Dra\u010du.<\/p>\n<p>\u201cNijesam \u017eelio istorijsku dimenziju dokumentarca jer to pripada istori\u010darima. Bavio sam se na\u0161im narodom koji sada \u017eivi tamo i koji je presudno uticao na razvoj albanskog pomorstva u pro\u0161lom i pretpro\u0161lom vijeku.\u201d, kazao je Lazoja u razgovoru za \u201cVijesti\u201d.<\/p>\n<p>Danas u Dra\u010du, kako je naveo, \u017eivi vi\u0161e od 200 familija koje vuku korjene iz Ulcinja. Od poznatijih tu su familije Fani, Cakuli, Bilali, Lazoja, Peku, Majushi, Shapalaku, Ustabe\u0107iri, Uru\u010di, Kalamishi, Mujalli, Truma, Busulla, Bleta, Molla&#8230;<\/p>\n<p>\u201cTo su sve ulcinjske familije koje su imale kapetane sa ogromnim iskustvom. Oni su najzaslu\u017eniji za razvoj albanskog pomorstva jer u Dra\u010du nije bilo pomoraca sem Ulcinjana\u201d, ka\u017ee Lazoja.<\/p>\n<p>Dva vijeka albanskog pomorstva, kako je naveo, obilje\u017eili su kapetani Ahmet Sulejmani, bra\u0107a Luli, Ilijaz Truma, Mustafa Kalamishi, Zejnel Lazoja, Be\u0107ir Busulla, Mehmet Kotorri, Xhemal Peku, bra\u0107a Bilali, Dxemal Bleta, bra\u0107a Elezaga, Haxhi Molla&#8230;<\/p>\n<p>Lazoja je proveo nekoliko dana u Dra\u010du zbog snimanja filma za koji je i Ministarstvo manjina izdvojilo novac.<\/p>\n<p>\u201cRaduje me da je ministarstvo prepoznalo poentu projekta koji se vezuje za upoznavanje kulture i obi\u010daja ljudi sa ovih prostora koji \u017eive negdje drugdje\u201d, nagla\u0161ava on. Ulcinjani se danas u Dra\u010du osje\u0107aju kao starosjedioci, lojalni su gra\u0111ani Albanije, ali ne zaboravljaju svoje porijeklo.<\/p>\n<p>\u201cSa\u010duvali su sve na\u0161e obi\u010daje. Hrane se kao mi, govore istim akcentom, uzimaju se me\u0111u sobom a i svadbe su im kao na\u0161e. Dra\u010dani ka\u017eu da nema ljep\u0161ih veselja od ulcinjskih svadbi\u201d, ka\u017ee Lazoja.<\/p>\n<p>Tokom snimanja filma, on je otkrio nekoliko zanimljivih stvari a jedna od njih je da niko nikada u vijek i po od tih Ulcinjana u Dra\u010du nije krivi\u010dno gonjen.<\/p>\n<p>\u201cTo je izuzetno miran narod. Prava ulcinjska aristokratija\u201d, kazao je on. U vrijeme dolaska u Dra\u010d, pomorstvom se bavilo vi\u0161e od 90 odsto familija. To je, kako podsje\u0107a, vrijeme kada su Ulcinjani dominirali Jadranom.<\/p>\n<p>\u201cMalo ko zna da su kapetani svih ve\u0107ih brodova, svra\u0107aju\u0107i u kr\u010dme od Splita do Dra\u010da, za posao prvo tra\u017eili Ulcinjane. Ako njih nije bilo u kr\u010dmi, onda su se raspitivali za Spli\u0107ane, Kor\u010dulane, Dubrov\u010dane ili Kotorane\u201d, ka\u017ee Lazoja. Po brodovima je posebno bila poznata familija Kalamishi od kojih neki danas \u017eive i rade u Turskoj.<\/p>\n<p>\u201cU vrijeme kada su stigli u Dra\u010d, imali su \u0161est barki. Na Bosforu danas imaju super moderan brod i prva su familija koja je uvela i po\u010dela da koristi brodske motore\u201d, navodi Lazoja i dodaje da u Istanbulu postoji ulcinjska mahala u kojoj \u017eive uglavnom Ulcinjani iz Dra\u010da. Prema tvrdnjama zemljaka, najljep\u0161i brod u to vijeme bio je \u201cBukuria Ulcinj\u201d familije Biljali.<\/p>\n<p>Svi ve\u0107i i ljep\u0161i brodovi u Dra\u010du, kako isti\u010de, tada su pripadali Ulcinjanima koji su se vrlo brzo navikli na nove uslove \u017eivota budu\u0107i da su u albanskoj luci imali dosta prijatelja i poznanika.<\/p>\n<p>Bili su lideri u razvoju pomorstva Albanije i kontrolisali \u0161pediciju.<\/p>\n<p>Napravili su velike ku\u0107e u centru grada i iako ih je tek ne\u0161to vi\u0161e od hiljadu, dali nemjerljiv doprinos istoriji i razvoju grada u cjelini. Osim moreplovaca, profesora, doktora i knji\u017eevnika, Ulcinjani su imali i poslanike u dr\u017eavnom parlamentu, ali su davali i nacionalne heroje.<\/p>\n<p><strong>Ulcinjani u Dra\u010du su dobro organizovani, imaju udru\u017eenje<\/strong><\/p>\n<p>\u201cNajpoznatiji Ulcinjanin u Albaniji je Mujo Cakuli kome je u Dra\u010du podignut spomenik zbog zasluga u antifa\u0161isti\u010dkom pokretu tokom Drugog svjetskog rata\u201d, ka\u017ee Lazoja.<\/p>\n<p>Prvi dio filma u sali Doma kulture pratilo je oko 400 ljudi.<\/p>\n<p>\u201cBilo je emotivno jer ljudi su se prisje\u0107ali da poslije Drugog svjetskog rata i po pedeset godina nijesu mogli da vide svoje najbli\u017ee\u201d, ka\u017ee on.<\/p>\n<p>Ulcinjani u Dra\u010du danas su veoma dobro organizovani, imaju svoj klub i udru\u017eenje \u201eUlcinj\u201c. Redovni su gosti ulcinjskih gradona\u010delnika a nedavno je njihove predstavnike primio i aktuelni predsjednik Op\u0161tine Fatmir \u0110eka.<\/p>\n<p><strong>Izvor: Vijesti Online<\/strong><\/p>\n","protected":false},"excerpt":{"rendered":"<p>U Dra\u010du \u017eivi 200 ulcinjskih familija Otisli iz grada kada je Ulcinj 1880. godine pripao Crnoj Gori. Nijesu vjerovali da \u0107e u rodnom gradu imati bezbjedan \u017eivot Autor: Samir Adrovi\u0107 Tiho su oti\u0161li iz grada kada je Ulcinj 1880. godine pripao Crnoj Gori. Nijesu vjerovali knjazu da \u0107e u rodnom gradu imati bezbjedan i beri\u0107etan [&hellip;]<\/p>\n","protected":false},"author":1,"featured_media":0,"comment_status":"closed","ping_status":"closed","sticky":false,"template":"","format":"standard","meta":{"spay_email":"","jetpack_publicize_message":"","jetpack_is_tweetstorm":false,"jetpack_publicize_feature_enabled":true},"categories":[6950],"tags":[],"jetpack_publicize_connections":[],"yoast_head":"<!-- This site is optimized with the Yoast SEO plugin v19.1 - https:\/\/yoast.com\/wordpress\/plugins\/seo\/ -->\n<title>Ulcinjani u Dra\u010dkoj luci usidrili brodove i \u017eivote - Lajme nga Ulqini<\/title>\n<meta name=\"description\" content=\"U Dra\u010du \u017eivi 200 ulcinjskih familija Otisli iz grada kada je Ulcinj 1880. godine pripao Crnoj Gori. Nijesu vjerovali da \u0107e u rodnom gradu imati bezbjedan\" \/>\n<meta name=\"robots\" content=\"index, follow, max-snippet:-1, max-image-preview:large, max-video-preview:-1\" \/>\n<link rel=\"canonical\" href=\"https:\/\/www.visit-ulcinj.com\/blog\/2015\/01\/02\/ulcinjani-u-drackoj-luci-usidrili-brodove-zivote\/\" \/>\n<meta property=\"og:locale\" content=\"en_US\" \/>\n<meta property=\"og:type\" content=\"article\" \/>\n<meta property=\"og:title\" content=\"Ulcinjani u Dra\u010dkoj luci usidrili brodove i \u017eivote - Lajme nga Ulqini\" \/>\n<meta property=\"og:description\" content=\"U Dra\u010du \u017eivi 200 ulcinjskih familija Otisli iz grada kada je Ulcinj 1880. godine pripao Crnoj Gori. Nijesu vjerovali da \u0107e u rodnom gradu imati bezbjedan\" \/>\n<meta property=\"og:url\" content=\"https:\/\/www.visit-ulcinj.com\/blog\/2015\/01\/02\/ulcinjani-u-drackoj-luci-usidrili-brodove-zivote\/\" \/>\n<meta property=\"og:site_name\" content=\"Lajme nga Ulqini\" \/>\n<meta property=\"article:published_time\" content=\"2015-01-02T16:05:23+00:00\" \/>\n<meta property=\"og:image\" content=\"http:\/\/www.visit-ulcinj.com\/blog\/wp-content\/uploads\/2015\/01\/Ulcinjani-u-Drac.jpg\" \/>\n<meta name=\"twitter:label1\" content=\"Written by\" \/>\n\t<meta name=\"twitter:data1\" content=\"ulqini\" \/>\n\t<meta name=\"twitter:label2\" content=\"Est. reading time\" \/>\n\t<meta name=\"twitter:data2\" content=\"4 minutes\" \/>\n<script type=\"application\/ld+json\" class=\"yoast-schema-graph\">{\"@context\":\"https:\/\/schema.org\",\"@graph\":[{\"@type\":\"WebSite\",\"@id\":\"https:\/\/www.visit-ulcinj.com\/blog\/#website\",\"url\":\"https:\/\/www.visit-ulcinj.com\/blog\/\",\"name\":\"Lajme nga Ulqini\",\"description\":\"Lajme,Vijesti,Ulqini,Ulqin,Crna Gora,Mali i Zi\",\"potentialAction\":[{\"@type\":\"SearchAction\",\"target\":{\"@type\":\"EntryPoint\",\"urlTemplate\":\"https:\/\/www.visit-ulcinj.com\/blog\/?s={search_term_string}\"},\"query-input\":\"required name=search_term_string\"}],\"inLanguage\":\"en-US\"},{\"@type\":\"ImageObject\",\"inLanguage\":\"en-US\",\"@id\":\"https:\/\/www.visit-ulcinj.com\/blog\/2015\/01\/02\/ulcinjani-u-drackoj-luci-usidrili-brodove-zivote\/#primaryimage\",\"url\":\"https:\/\/www.visit-ulcinj.com\/blog\/wp-content\/uploads\/2015\/01\/Ulcinjani-u-Drac.jpg\",\"contentUrl\":\"https:\/\/www.visit-ulcinj.com\/blog\/wp-content\/uploads\/2015\/01\/Ulcinjani-u-Drac.jpg\",\"width\":560,\"height\":352},{\"@type\":\"WebPage\",\"@id\":\"https:\/\/www.visit-ulcinj.com\/blog\/2015\/01\/02\/ulcinjani-u-drackoj-luci-usidrili-brodove-zivote\/#webpage\",\"url\":\"https:\/\/www.visit-ulcinj.com\/blog\/2015\/01\/02\/ulcinjani-u-drackoj-luci-usidrili-brodove-zivote\/\",\"name\":\"Ulcinjani u Dra\u010dkoj luci usidrili brodove i \u017eivote - Lajme nga Ulqini\",\"isPartOf\":{\"@id\":\"https:\/\/www.visit-ulcinj.com\/blog\/#website\"},\"primaryImageOfPage\":{\"@id\":\"https:\/\/www.visit-ulcinj.com\/blog\/2015\/01\/02\/ulcinjani-u-drackoj-luci-usidrili-brodove-zivote\/#primaryimage\"},\"datePublished\":\"2015-01-02T16:05:23+00:00\",\"dateModified\":\"2015-01-02T16:05:23+00:00\",\"author\":{\"@id\":\"https:\/\/www.visit-ulcinj.com\/blog\/#\/schema\/person\/dcab619c614d3038751c63bc2aadc06d\"},\"description\":\"U Dra\u010du \u017eivi 200 ulcinjskih familija Otisli iz grada kada je Ulcinj 1880. godine pripao Crnoj Gori. Nijesu vjerovali da \u0107e u rodnom gradu imati bezbjedan\",\"breadcrumb\":{\"@id\":\"https:\/\/www.visit-ulcinj.com\/blog\/2015\/01\/02\/ulcinjani-u-drackoj-luci-usidrili-brodove-zivote\/#breadcrumb\"},\"inLanguage\":\"en-US\",\"potentialAction\":[{\"@type\":\"ReadAction\",\"target\":[\"https:\/\/www.visit-ulcinj.com\/blog\/2015\/01\/02\/ulcinjani-u-drackoj-luci-usidrili-brodove-zivote\/\"]}]},{\"@type\":\"BreadcrumbList\",\"@id\":\"https:\/\/www.visit-ulcinj.com\/blog\/2015\/01\/02\/ulcinjani-u-drackoj-luci-usidrili-brodove-zivote\/#breadcrumb\",\"itemListElement\":[{\"@type\":\"ListItem\",\"position\":1,\"name\":\"Ulcinjani u Dra\u010dkoj luci usidrili brodove i \u017eivote\"}]},{\"@type\":\"Person\",\"@id\":\"https:\/\/www.visit-ulcinj.com\/blog\/#\/schema\/person\/dcab619c614d3038751c63bc2aadc06d\",\"name\":\"ulqini\",\"sameAs\":[\"http:\/\/www.visit-ulcinj.com\"],\"url\":\"https:\/\/www.visit-ulcinj.com\/blog\/author\/admin\/\"}]}<\/script>\n<!-- \/ Yoast SEO plugin. -->","yoast_head_json":{"title":"Ulcinjani u Dra\u010dkoj luci usidrili brodove i \u017eivote - Lajme nga Ulqini","description":"U Dra\u010du \u017eivi 200 ulcinjskih familija Otisli iz grada kada je Ulcinj 1880. godine pripao Crnoj Gori. Nijesu vjerovali da \u0107e u rodnom gradu imati bezbjedan","robots":{"index":"index","follow":"follow","max-snippet":"max-snippet:-1","max-image-preview":"max-image-preview:large","max-video-preview":"max-video-preview:-1"},"canonical":"https:\/\/www.visit-ulcinj.com\/blog\/2015\/01\/02\/ulcinjani-u-drackoj-luci-usidrili-brodove-zivote\/","og_locale":"en_US","og_type":"article","og_title":"Ulcinjani u Dra\u010dkoj luci usidrili brodove i \u017eivote - Lajme nga Ulqini","og_description":"U Dra\u010du \u017eivi 200 ulcinjskih familija Otisli iz grada kada je Ulcinj 1880. godine pripao Crnoj Gori. Nijesu vjerovali da \u0107e u rodnom gradu imati bezbjedan","og_url":"https:\/\/www.visit-ulcinj.com\/blog\/2015\/01\/02\/ulcinjani-u-drackoj-luci-usidrili-brodove-zivote\/","og_site_name":"Lajme nga Ulqini","article_published_time":"2015-01-02T16:05:23+00:00","og_image":[{"url":"http:\/\/www.visit-ulcinj.com\/blog\/wp-content\/uploads\/2015\/01\/Ulcinjani-u-Drac.jpg"}],"twitter_misc":{"Written by":"ulqini","Est. reading time":"4 minutes"},"schema":{"@context":"https:\/\/schema.org","@graph":[{"@type":"WebSite","@id":"https:\/\/www.visit-ulcinj.com\/blog\/#website","url":"https:\/\/www.visit-ulcinj.com\/blog\/","name":"Lajme nga Ulqini","description":"Lajme,Vijesti,Ulqini,Ulqin,Crna Gora,Mali i Zi","potentialAction":[{"@type":"SearchAction","target":{"@type":"EntryPoint","urlTemplate":"https:\/\/www.visit-ulcinj.com\/blog\/?s={search_term_string}"},"query-input":"required name=search_term_string"}],"inLanguage":"en-US"},{"@type":"ImageObject","inLanguage":"en-US","@id":"https:\/\/www.visit-ulcinj.com\/blog\/2015\/01\/02\/ulcinjani-u-drackoj-luci-usidrili-brodove-zivote\/#primaryimage","url":"https:\/\/www.visit-ulcinj.com\/blog\/wp-content\/uploads\/2015\/01\/Ulcinjani-u-Drac.jpg","contentUrl":"https:\/\/www.visit-ulcinj.com\/blog\/wp-content\/uploads\/2015\/01\/Ulcinjani-u-Drac.jpg","width":560,"height":352},{"@type":"WebPage","@id":"https:\/\/www.visit-ulcinj.com\/blog\/2015\/01\/02\/ulcinjani-u-drackoj-luci-usidrili-brodove-zivote\/#webpage","url":"https:\/\/www.visit-ulcinj.com\/blog\/2015\/01\/02\/ulcinjani-u-drackoj-luci-usidrili-brodove-zivote\/","name":"Ulcinjani u Dra\u010dkoj luci usidrili brodove i \u017eivote - Lajme nga Ulqini","isPartOf":{"@id":"https:\/\/www.visit-ulcinj.com\/blog\/#website"},"primaryImageOfPage":{"@id":"https:\/\/www.visit-ulcinj.com\/blog\/2015\/01\/02\/ulcinjani-u-drackoj-luci-usidrili-brodove-zivote\/#primaryimage"},"datePublished":"2015-01-02T16:05:23+00:00","dateModified":"2015-01-02T16:05:23+00:00","author":{"@id":"https:\/\/www.visit-ulcinj.com\/blog\/#\/schema\/person\/dcab619c614d3038751c63bc2aadc06d"},"description":"U Dra\u010du \u017eivi 200 ulcinjskih familija Otisli iz grada kada je Ulcinj 1880. godine pripao Crnoj Gori. Nijesu vjerovali da \u0107e u rodnom gradu imati bezbjedan","breadcrumb":{"@id":"https:\/\/www.visit-ulcinj.com\/blog\/2015\/01\/02\/ulcinjani-u-drackoj-luci-usidrili-brodove-zivote\/#breadcrumb"},"inLanguage":"en-US","potentialAction":[{"@type":"ReadAction","target":["https:\/\/www.visit-ulcinj.com\/blog\/2015\/01\/02\/ulcinjani-u-drackoj-luci-usidrili-brodove-zivote\/"]}]},{"@type":"BreadcrumbList","@id":"https:\/\/www.visit-ulcinj.com\/blog\/2015\/01\/02\/ulcinjani-u-drackoj-luci-usidrili-brodove-zivote\/#breadcrumb","itemListElement":[{"@type":"ListItem","position":1,"name":"Ulcinjani u Dra\u010dkoj luci usidrili brodove i \u017eivote"}]},{"@type":"Person","@id":"https:\/\/www.visit-ulcinj.com\/blog\/#\/schema\/person\/dcab619c614d3038751c63bc2aadc06d","name":"ulqini","sameAs":["http:\/\/www.visit-ulcinj.com"],"url":"https:\/\/www.visit-ulcinj.com\/blog\/author\/admin\/"}]}},"jetpack_featured_media_url":"","jetpack_sharing_enabled":true,"jetpack_shortlink":"https:\/\/wp.me\/pe6lTn-mKT","_links":{"self":[{"href":"https:\/\/www.visit-ulcinj.com\/blog\/wp-json\/wp\/v2\/posts\/87475"}],"collection":[{"href":"https:\/\/www.visit-ulcinj.com\/blog\/wp-json\/wp\/v2\/posts"}],"about":[{"href":"https:\/\/www.visit-ulcinj.com\/blog\/wp-json\/wp\/v2\/types\/post"}],"author":[{"embeddable":true,"href":"https:\/\/www.visit-ulcinj.com\/blog\/wp-json\/wp\/v2\/users\/1"}],"replies":[{"embeddable":true,"href":"https:\/\/www.visit-ulcinj.com\/blog\/wp-json\/wp\/v2\/comments?post=87475"}],"version-history":[{"count":1,"href":"https:\/\/www.visit-ulcinj.com\/blog\/wp-json\/wp\/v2\/posts\/87475\/revisions"}],"predecessor-version":[{"id":87477,"href":"https:\/\/www.visit-ulcinj.com\/blog\/wp-json\/wp\/v2\/posts\/87475\/revisions\/87477"}],"wp:attachment":[{"href":"https:\/\/www.visit-ulcinj.com\/blog\/wp-json\/wp\/v2\/media?parent=87475"}],"wp:term":[{"taxonomy":"category","embeddable":true,"href":"https:\/\/www.visit-ulcinj.com\/blog\/wp-json\/wp\/v2\/categories?post=87475"},{"taxonomy":"post_tag","embeddable":true,"href":"https:\/\/www.visit-ulcinj.com\/blog\/wp-json\/wp\/v2\/tags?post=87475"}],"curies":[{"name":"wp","href":"https:\/\/api.w.org\/{rel}","templated":true}]}}