{"id":87487,"date":"2015-01-03T09:47:24","date_gmt":"2015-01-03T08:47:24","guid":{"rendered":"http:\/\/www.visit-ulcinj.com\/blog\/?p=87487"},"modified":"2015-01-04T07:29:40","modified_gmt":"2015-01-04T06:29:40","slug":"emin-dervishi-shpallet-sportist-i-vitit-2014-ne-ulqin","status":"publish","type":"post","link":"https:\/\/www.visit-ulcinj.com\/blog\/2015\/01\/03\/emin-dervishi-shpallet-sportist-i-vitit-2014-ne-ulqin\/","title":{"rendered":"Emin Dervishi shpallet sportist i vitit 2014 n\u00eb Ulqin"},"content":{"rendered":"<p><a href=\"http:\/\/www.visit-ulcinj.com\/blog\/wp-content\/uploads\/2015\/01\/Emin-Dervishi-shpallet-sportist-i-vitit-2014.jpg\"><img loading=\"lazy\" class=\"alignleft wp-image-87488\" src=\"http:\/\/www.visit-ulcinj.com\/blog\/wp-content\/uploads\/2015\/01\/Emin-Dervishi-shpallet-sportist-i-vitit-2014.jpg\" alt=\"Emin Dervishi shpallet sportist i vitit 2014\" width=\"508\" height=\"339\" srcset=\"https:\/\/www.visit-ulcinj.com\/blog\/wp-content\/uploads\/2015\/01\/Emin-Dervishi-shpallet-sportist-i-vitit-2014.jpg 960w, https:\/\/www.visit-ulcinj.com\/blog\/wp-content\/uploads\/2015\/01\/Emin-Dervishi-shpallet-sportist-i-vitit-2014-300x200.jpg 300w\" sizes=\"(max-width: 508px) 100vw, 508px\" \/><\/a>N\u00eb organizim t\u00eb Sekretariatit p\u00ebr Administrat\u00eb dhe veprimtari shoq\u00ebrore, n\u00eb sall\u00ebn e hotel Mediteranit me date 30.12.2014 vit u organizua ceremonia e ndarjes s\u00eb \u00e7mimeve p\u00ebr sportist\u00ebt dhe klubet sportive t\u00eb komun\u00ebs s\u00eb Ulqinit. \u00c7mimet u ndan\u00eb p\u00ebr sportistin m\u00eb t\u00eb mir\u00eb t\u00eb vitit, klubin m\u00eb t\u00eb mir\u00eb n\u00eb sportet individuale, klubin m\u00eb t\u00eb mir\u00eb n\u00eb sportet kolektive si dhe sportistin m\u00eb me perspektiv\u00eb n\u00eb komun\u00ebn e Ulqinit p\u00ebr vitin 2014.<\/p>\n<p>Nga vler\u00ebsimi i an\u00ebtar\u00ebve t\u00eb komisionit, sportist i vitit \u00ebsht\u00eb shpallur\u00a0 Emin Dervishi, nga klubi i kikboksit ALBULENA.Ndersa trajneri me i mire ZEQIR TAFA.<\/p>\n","protected":false},"excerpt":{"rendered":"<p>N\u00eb organizim t\u00eb Sekretariatit p\u00ebr Administrat\u00eb dhe veprimtari shoq\u00ebrore, n\u00eb sall\u00ebn e hotel Mediteranit me date 30.12.2014 vit u organizua ceremonia e ndarjes s\u00eb \u00e7mimeve p\u00ebr sportist\u00ebt dhe klubet sportive t\u00eb komun\u00ebs s\u00eb Ulqinit. \u00c7mimet u ndan\u00eb p\u00ebr sportistin m\u00eb t\u00eb mir\u00eb t\u00eb vitit, klubin m\u00eb t\u00eb mir\u00eb n\u00eb sportet individuale, klubin m\u00eb t\u00eb mir\u00eb [&hellip;]<\/p>\n","protected":false},"author":1,"featured_media":0,"comment_status":"closed","ping_status":"closed","sticky":false,"template":"","format":"standard","meta":{"spay_email":"","jetpack_publicize_message":"","jetpack_is_tweetstorm":false,"jetpack_publicize_feature_enabled":true},"categories":[1,3],"tags":[],"jetpack_publicize_connections":[],"yoast_head":"<!-- This site is optimized with the Yoast SEO plugin v19.1 - https:\/\/yoast.com\/wordpress\/plugins\/seo\/ -->\n<title>Emin Dervishi shpallet sportist i vitit 2014 n\u00eb Ulqin - Lajme nga Ulqini<\/title>\n<meta name=\"description\" content=\"N\u00eb organizim t\u00eb Sekretariatit p\u00ebr Administrat\u00eb dhe veprimtari shoq\u00ebrore, n\u00eb sall\u00ebn e hotel Mediteranit me date 30.12.2014 vit u organizua ceremonia e\" \/>\n<meta name=\"robots\" content=\"index, follow, max-snippet:-1, max-image-preview:large, max-video-preview:-1\" \/>\n<link rel=\"canonical\" href=\"https:\/\/www.visit-ulcinj.com\/blog\/2015\/01\/03\/emin-dervishi-shpallet-sportist-i-vitit-2014-ne-ulqin\/\" \/>\n<meta property=\"og:locale\" content=\"en_US\" \/>\n<meta property=\"og:type\" content=\"article\" \/>\n<meta property=\"og:title\" content=\"Emin Dervishi shpallet sportist i vitit 2014 n\u00eb Ulqin - Lajme nga Ulqini\" \/>\n<meta property=\"og:description\" content=\"N\u00eb organizim t\u00eb Sekretariatit p\u00ebr Administrat\u00eb dhe veprimtari shoq\u00ebrore, n\u00eb sall\u00ebn e hotel Mediteranit me date 30.12.2014 vit u organizua ceremonia e\" \/>\n<meta property=\"og:url\" content=\"https:\/\/www.visit-ulcinj.com\/blog\/2015\/01\/03\/emin-dervishi-shpallet-sportist-i-vitit-2014-ne-ulqin\/\" \/>\n<meta property=\"og:site_name\" content=\"Lajme nga Ulqini\" \/>\n<meta property=\"article:published_time\" content=\"2015-01-03T08:47:24+00:00\" \/>\n<meta property=\"article:modified_time\" content=\"2015-01-04T06:29:40+00:00\" \/>\n<meta property=\"og:image\" content=\"http:\/\/www.visit-ulcinj.com\/blog\/wp-content\/uploads\/2015\/01\/Emin-Dervishi-shpallet-sportist-i-vitit-2014.jpg\" \/>\n<meta name=\"twitter:label1\" content=\"Written by\" \/>\n\t<meta name=\"twitter:data1\" content=\"ulqini\" \/>\n\t<meta name=\"twitter:label2\" content=\"Est. reading time\" \/>\n\t<meta name=\"twitter:data2\" content=\"1 minute\" \/>\n<script type=\"application\/ld+json\" class=\"yoast-schema-graph\">{\"@context\":\"https:\/\/schema.org\",\"@graph\":[{\"@type\":\"WebSite\",\"@id\":\"https:\/\/www.visit-ulcinj.com\/blog\/#website\",\"url\":\"https:\/\/www.visit-ulcinj.com\/blog\/\",\"name\":\"Lajme nga Ulqini\",\"description\":\"Lajme,Vijesti,Ulqini,Ulqin,Crna Gora,Mali i Zi\",\"potentialAction\":[{\"@type\":\"SearchAction\",\"target\":{\"@type\":\"EntryPoint\",\"urlTemplate\":\"https:\/\/www.visit-ulcinj.com\/blog\/?s={search_term_string}\"},\"query-input\":\"required name=search_term_string\"}],\"inLanguage\":\"en-US\"},{\"@type\":\"ImageObject\",\"inLanguage\":\"en-US\",\"@id\":\"https:\/\/www.visit-ulcinj.com\/blog\/2015\/01\/03\/emin-dervishi-shpallet-sportist-i-vitit-2014-ne-ulqin\/#primaryimage\",\"url\":\"https:\/\/www.visit-ulcinj.com\/blog\/wp-content\/uploads\/2015\/01\/Emin-Dervishi-shpallet-sportist-i-vitit-2014.jpg\",\"contentUrl\":\"https:\/\/www.visit-ulcinj.com\/blog\/wp-content\/uploads\/2015\/01\/Emin-Dervishi-shpallet-sportist-i-vitit-2014.jpg\",\"width\":960,\"height\":640},{\"@type\":\"WebPage\",\"@id\":\"https:\/\/www.visit-ulcinj.com\/blog\/2015\/01\/03\/emin-dervishi-shpallet-sportist-i-vitit-2014-ne-ulqin\/#webpage\",\"url\":\"https:\/\/www.visit-ulcinj.com\/blog\/2015\/01\/03\/emin-dervishi-shpallet-sportist-i-vitit-2014-ne-ulqin\/\",\"name\":\"Emin Dervishi shpallet sportist i vitit 2014 n\u00eb Ulqin - Lajme nga Ulqini\",\"isPartOf\":{\"@id\":\"https:\/\/www.visit-ulcinj.com\/blog\/#website\"},\"primaryImageOfPage\":{\"@id\":\"https:\/\/www.visit-ulcinj.com\/blog\/2015\/01\/03\/emin-dervishi-shpallet-sportist-i-vitit-2014-ne-ulqin\/#primaryimage\"},\"datePublished\":\"2015-01-03T08:47:24+00:00\",\"dateModified\":\"2015-01-04T06:29:40+00:00\",\"author\":{\"@id\":\"https:\/\/www.visit-ulcinj.com\/blog\/#\/schema\/person\/dcab619c614d3038751c63bc2aadc06d\"},\"description\":\"N\u00eb organizim t\u00eb Sekretariatit p\u00ebr Administrat\u00eb dhe veprimtari shoq\u00ebrore, n\u00eb sall\u00ebn e hotel Mediteranit me date 30.12.2014 vit u organizua ceremonia e\",\"breadcrumb\":{\"@id\":\"https:\/\/www.visit-ulcinj.com\/blog\/2015\/01\/03\/emin-dervishi-shpallet-sportist-i-vitit-2014-ne-ulqin\/#breadcrumb\"},\"inLanguage\":\"en-US\",\"potentialAction\":[{\"@type\":\"ReadAction\",\"target\":[\"https:\/\/www.visit-ulcinj.com\/blog\/2015\/01\/03\/emin-dervishi-shpallet-sportist-i-vitit-2014-ne-ulqin\/\"]}]},{\"@type\":\"BreadcrumbList\",\"@id\":\"https:\/\/www.visit-ulcinj.com\/blog\/2015\/01\/03\/emin-dervishi-shpallet-sportist-i-vitit-2014-ne-ulqin\/#breadcrumb\",\"itemListElement\":[{\"@type\":\"ListItem\",\"position\":1,\"name\":\"Emin Dervishi shpallet sportist i vitit 2014 n\u00eb Ulqin\"}]},{\"@type\":\"Person\",\"@id\":\"https:\/\/www.visit-ulcinj.com\/blog\/#\/schema\/person\/dcab619c614d3038751c63bc2aadc06d\",\"name\":\"ulqini\",\"sameAs\":[\"http:\/\/www.visit-ulcinj.com\"],\"url\":\"https:\/\/www.visit-ulcinj.com\/blog\/author\/admin\/\"}]}<\/script>\n<!-- \/ Yoast SEO plugin. -->","yoast_head_json":{"title":"Emin Dervishi shpallet sportist i vitit 2014 n\u00eb Ulqin - Lajme nga Ulqini","description":"N\u00eb organizim t\u00eb Sekretariatit p\u00ebr Administrat\u00eb dhe veprimtari shoq\u00ebrore, n\u00eb sall\u00ebn e hotel Mediteranit me date 30.12.2014 vit u organizua ceremonia e","robots":{"index":"index","follow":"follow","max-snippet":"max-snippet:-1","max-image-preview":"max-image-preview:large","max-video-preview":"max-video-preview:-1"},"canonical":"https:\/\/www.visit-ulcinj.com\/blog\/2015\/01\/03\/emin-dervishi-shpallet-sportist-i-vitit-2014-ne-ulqin\/","og_locale":"en_US","og_type":"article","og_title":"Emin Dervishi shpallet sportist i vitit 2014 n\u00eb Ulqin - Lajme nga Ulqini","og_description":"N\u00eb organizim t\u00eb Sekretariatit p\u00ebr Administrat\u00eb dhe veprimtari shoq\u00ebrore, n\u00eb sall\u00ebn e hotel Mediteranit me date 30.12.2014 vit u organizua ceremonia e","og_url":"https:\/\/www.visit-ulcinj.com\/blog\/2015\/01\/03\/emin-dervishi-shpallet-sportist-i-vitit-2014-ne-ulqin\/","og_site_name":"Lajme nga Ulqini","article_published_time":"2015-01-03T08:47:24+00:00","article_modified_time":"2015-01-04T06:29:40+00:00","og_image":[{"url":"http:\/\/www.visit-ulcinj.com\/blog\/wp-content\/uploads\/2015\/01\/Emin-Dervishi-shpallet-sportist-i-vitit-2014.jpg"}],"twitter_misc":{"Written by":"ulqini","Est. reading time":"1 minute"},"schema":{"@context":"https:\/\/schema.org","@graph":[{"@type":"WebSite","@id":"https:\/\/www.visit-ulcinj.com\/blog\/#website","url":"https:\/\/www.visit-ulcinj.com\/blog\/","name":"Lajme nga Ulqini","description":"Lajme,Vijesti,Ulqini,Ulqin,Crna Gora,Mali i Zi","potentialAction":[{"@type":"SearchAction","target":{"@type":"EntryPoint","urlTemplate":"https:\/\/www.visit-ulcinj.com\/blog\/?s={search_term_string}"},"query-input":"required name=search_term_string"}],"inLanguage":"en-US"},{"@type":"ImageObject","inLanguage":"en-US","@id":"https:\/\/www.visit-ulcinj.com\/blog\/2015\/01\/03\/emin-dervishi-shpallet-sportist-i-vitit-2014-ne-ulqin\/#primaryimage","url":"https:\/\/www.visit-ulcinj.com\/blog\/wp-content\/uploads\/2015\/01\/Emin-Dervishi-shpallet-sportist-i-vitit-2014.jpg","contentUrl":"https:\/\/www.visit-ulcinj.com\/blog\/wp-content\/uploads\/2015\/01\/Emin-Dervishi-shpallet-sportist-i-vitit-2014.jpg","width":960,"height":640},{"@type":"WebPage","@id":"https:\/\/www.visit-ulcinj.com\/blog\/2015\/01\/03\/emin-dervishi-shpallet-sportist-i-vitit-2014-ne-ulqin\/#webpage","url":"https:\/\/www.visit-ulcinj.com\/blog\/2015\/01\/03\/emin-dervishi-shpallet-sportist-i-vitit-2014-ne-ulqin\/","name":"Emin Dervishi shpallet sportist i vitit 2014 n\u00eb Ulqin - Lajme nga Ulqini","isPartOf":{"@id":"https:\/\/www.visit-ulcinj.com\/blog\/#website"},"primaryImageOfPage":{"@id":"https:\/\/www.visit-ulcinj.com\/blog\/2015\/01\/03\/emin-dervishi-shpallet-sportist-i-vitit-2014-ne-ulqin\/#primaryimage"},"datePublished":"2015-01-03T08:47:24+00:00","dateModified":"2015-01-04T06:29:40+00:00","author":{"@id":"https:\/\/www.visit-ulcinj.com\/blog\/#\/schema\/person\/dcab619c614d3038751c63bc2aadc06d"},"description":"N\u00eb organizim t\u00eb Sekretariatit p\u00ebr Administrat\u00eb dhe veprimtari shoq\u00ebrore, n\u00eb sall\u00ebn e hotel Mediteranit me date 30.12.2014 vit u organizua ceremonia e","breadcrumb":{"@id":"https:\/\/www.visit-ulcinj.com\/blog\/2015\/01\/03\/emin-dervishi-shpallet-sportist-i-vitit-2014-ne-ulqin\/#breadcrumb"},"inLanguage":"en-US","potentialAction":[{"@type":"ReadAction","target":["https:\/\/www.visit-ulcinj.com\/blog\/2015\/01\/03\/emin-dervishi-shpallet-sportist-i-vitit-2014-ne-ulqin\/"]}]},{"@type":"BreadcrumbList","@id":"https:\/\/www.visit-ulcinj.com\/blog\/2015\/01\/03\/emin-dervishi-shpallet-sportist-i-vitit-2014-ne-ulqin\/#breadcrumb","itemListElement":[{"@type":"ListItem","position":1,"name":"Emin Dervishi shpallet sportist i vitit 2014 n\u00eb Ulqin"}]},{"@type":"Person","@id":"https:\/\/www.visit-ulcinj.com\/blog\/#\/schema\/person\/dcab619c614d3038751c63bc2aadc06d","name":"ulqini","sameAs":["http:\/\/www.visit-ulcinj.com"],"url":"https:\/\/www.visit-ulcinj.com\/blog\/author\/admin\/"}]}},"jetpack_featured_media_url":"","jetpack_sharing_enabled":true,"jetpack_shortlink":"https:\/\/wp.me\/pe6lTn-mL5","_links":{"self":[{"href":"https:\/\/www.visit-ulcinj.com\/blog\/wp-json\/wp\/v2\/posts\/87487"}],"collection":[{"href":"https:\/\/www.visit-ulcinj.com\/blog\/wp-json\/wp\/v2\/posts"}],"about":[{"href":"https:\/\/www.visit-ulcinj.com\/blog\/wp-json\/wp\/v2\/types\/post"}],"author":[{"embeddable":true,"href":"https:\/\/www.visit-ulcinj.com\/blog\/wp-json\/wp\/v2\/users\/1"}],"replies":[{"embeddable":true,"href":"https:\/\/www.visit-ulcinj.com\/blog\/wp-json\/wp\/v2\/comments?post=87487"}],"version-history":[{"count":2,"href":"https:\/\/www.visit-ulcinj.com\/blog\/wp-json\/wp\/v2\/posts\/87487\/revisions"}],"predecessor-version":[{"id":87490,"href":"https:\/\/www.visit-ulcinj.com\/blog\/wp-json\/wp\/v2\/posts\/87487\/revisions\/87490"}],"wp:attachment":[{"href":"https:\/\/www.visit-ulcinj.com\/blog\/wp-json\/wp\/v2\/media?parent=87487"}],"wp:term":[{"taxonomy":"category","embeddable":true,"href":"https:\/\/www.visit-ulcinj.com\/blog\/wp-json\/wp\/v2\/categories?post=87487"},{"taxonomy":"post_tag","embeddable":true,"href":"https:\/\/www.visit-ulcinj.com\/blog\/wp-json\/wp\/v2\/tags?post=87487"}],"curies":[{"name":"wp","href":"https:\/\/api.w.org\/{rel}","templated":true}]}}