{"id":87493,"date":"2015-01-03T19:35:55","date_gmt":"2015-01-03T18:35:55","guid":{"rendered":"http:\/\/www.visit-ulcinj.com\/blog\/?p=87493"},"modified":"2015-01-03T19:35:55","modified_gmt":"2015-01-03T18:35:55","slug":"holanski-nedfact-ceka-na-aneks-ugovora-sa-morskim-dobrom","status":"publish","type":"post","link":"https:\/\/www.visit-ulcinj.com\/blog\/2015\/01\/03\/holanski-nedfact-ceka-na-aneks-ugovora-sa-morskim-dobrom\/","title":{"rendered":"Holanski Nedfact \u010deka na aneks ugovora sa Morskim dobrom"},"content":{"rendered":"<p><a href=\"http:\/\/www.visit-ulcinj.com\/blog\/wp-content\/uploads\/2012\/03\/Hotel-jadran-ulcinj.jpg\"><img loading=\"lazy\" class=\"alignleft wp-image-58738\" src=\"http:\/\/www.visit-ulcinj.com\/blog\/wp-content\/uploads\/2012\/03\/Hotel-jadran-ulcinj.jpg\" alt=\"Hotel jadran ulcinj\" width=\"508\" height=\"245\" srcset=\"https:\/\/www.visit-ulcinj.com\/blog\/wp-content\/uploads\/2012\/03\/Hotel-jadran-ulcinj.jpg 998w, https:\/\/www.visit-ulcinj.com\/blog\/wp-content\/uploads\/2012\/03\/Hotel-jadran-ulcinj-300x144.jpg 300w\" sizes=\"(max-width: 508px) 100vw, 508px\" \/><\/a>Ovla\u0161\u0107eni zastupnici holanskog fonda \u201cNedfact\u201d, koji su izrazili spremnost da na rtu Suka grade hotel \u201cServantes\u201d, kazali su portalu Ul-info da o\u010dekuju da se odobri aneks ugovora sa Javnim preduze\u0107em za upravljanje morskim dobrom kako bi kupili firmu \u201cStar of Montenegro\u201d.<\/p>\n<div class=\"body-text\">\n<p>Naime, ta kompanija je 1999. godine zaklju\u010dila predugovor sa Morskim dobrom kojim ima pravo kori\u0161\u0107enja tog prostora u narednih 30 godina \u201cu cilju privodjenja namjeni koja je utvr\u0111ena urbanisti\u010dkim planovima\u201d.<\/p>\n<p>Aneksom ugovora sva prava \u201cStar of Montenegra\u201d na prostoru Suke pre\u0161la bi na Nedfact.<\/p>\n<p>Iz tog holandskog fonda dodaju da ostaju pri svemu \u0161to su zacrtali u \u201cmapi puta\u201d koja je predstavljena Vladi Crne Gore i op\u0161tini Ulcinj, a u kojoj se navodi da bi krajem ljeta trebalo da po\u010dne gradnja ekskluzivnog hotela.<\/p>\n<\/div>\n","protected":false},"excerpt":{"rendered":"<p>Ovla\u0161\u0107eni zastupnici holanskog fonda \u201cNedfact\u201d, koji su izrazili spremnost da na rtu Suka grade hotel \u201cServantes\u201d, kazali su portalu Ul-info da o\u010dekuju da se odobri aneks ugovora sa Javnim preduze\u0107em za upravljanje morskim dobrom kako bi kupili firmu \u201cStar of Montenegro\u201d. Naime, ta kompanija je 1999. godine zaklju\u010dila predugovor sa Morskim dobrom kojim ima pravo [&hellip;]<\/p>\n","protected":false},"author":1,"featured_media":0,"comment_status":"closed","ping_status":"closed","sticky":false,"template":"","format":"standard","meta":{"spay_email":"","jetpack_publicize_message":"","jetpack_is_tweetstorm":false,"jetpack_publicize_feature_enabled":true},"categories":[8337],"tags":[],"jetpack_publicize_connections":[],"yoast_head":"<!-- This site is optimized with the Yoast SEO plugin v19.1 - https:\/\/yoast.com\/wordpress\/plugins\/seo\/ -->\n<title>Holanski Nedfact \u010deka na aneks ugovora sa Morskim dobrom - Lajme nga Ulqini<\/title>\n<meta name=\"description\" content=\"Ovla\u0161\u0107eni zastupnici holanskog fonda \u201cNedfact\u201d, koji su izrazili spremnost da na rtu Suka grade hotel \u201cServantes\u201d, kazali su portalu Ul-info da o\u010dekuju da\" \/>\n<meta name=\"robots\" content=\"index, follow, max-snippet:-1, max-image-preview:large, max-video-preview:-1\" \/>\n<link rel=\"canonical\" href=\"https:\/\/www.visit-ulcinj.com\/blog\/2015\/01\/03\/holanski-nedfact-ceka-na-aneks-ugovora-sa-morskim-dobrom\/\" \/>\n<meta property=\"og:locale\" content=\"en_US\" \/>\n<meta property=\"og:type\" content=\"article\" \/>\n<meta property=\"og:title\" content=\"Holanski Nedfact \u010deka na aneks ugovora sa Morskim dobrom - Lajme nga Ulqini\" \/>\n<meta property=\"og:description\" content=\"Ovla\u0161\u0107eni zastupnici holanskog fonda \u201cNedfact\u201d, koji su izrazili spremnost da na rtu Suka grade hotel \u201cServantes\u201d, kazali su portalu Ul-info da o\u010dekuju da\" \/>\n<meta property=\"og:url\" content=\"https:\/\/www.visit-ulcinj.com\/blog\/2015\/01\/03\/holanski-nedfact-ceka-na-aneks-ugovora-sa-morskim-dobrom\/\" \/>\n<meta property=\"og:site_name\" content=\"Lajme nga Ulqini\" \/>\n<meta property=\"article:published_time\" content=\"2015-01-03T18:35:55+00:00\" \/>\n<meta property=\"og:image\" content=\"http:\/\/www.visit-ulcinj.com\/blog\/wp-content\/uploads\/2012\/03\/Hotel-jadran-ulcinj.jpg\" \/>\n<meta name=\"twitter:label1\" content=\"Written by\" \/>\n\t<meta name=\"twitter:data1\" content=\"ulqini\" \/>\n\t<meta name=\"twitter:label2\" content=\"Est. reading time\" \/>\n\t<meta name=\"twitter:data2\" content=\"1 minute\" \/>\n<script type=\"application\/ld+json\" class=\"yoast-schema-graph\">{\"@context\":\"https:\/\/schema.org\",\"@graph\":[{\"@type\":\"WebSite\",\"@id\":\"https:\/\/www.visit-ulcinj.com\/blog\/#website\",\"url\":\"https:\/\/www.visit-ulcinj.com\/blog\/\",\"name\":\"Lajme nga Ulqini\",\"description\":\"Lajme,Vijesti,Ulqini,Ulqin,Crna Gora,Mali i Zi\",\"potentialAction\":[{\"@type\":\"SearchAction\",\"target\":{\"@type\":\"EntryPoint\",\"urlTemplate\":\"https:\/\/www.visit-ulcinj.com\/blog\/?s={search_term_string}\"},\"query-input\":\"required name=search_term_string\"}],\"inLanguage\":\"en-US\"},{\"@type\":\"ImageObject\",\"inLanguage\":\"en-US\",\"@id\":\"https:\/\/www.visit-ulcinj.com\/blog\/2015\/01\/03\/holanski-nedfact-ceka-na-aneks-ugovora-sa-morskim-dobrom\/#primaryimage\",\"url\":\"https:\/\/www.visit-ulcinj.com\/blog\/wp-content\/uploads\/2012\/03\/Hotel-jadran-ulcinj.jpg\",\"contentUrl\":\"https:\/\/www.visit-ulcinj.com\/blog\/wp-content\/uploads\/2012\/03\/Hotel-jadran-ulcinj.jpg\",\"width\":\"998\",\"height\":\"482\"},{\"@type\":\"WebPage\",\"@id\":\"https:\/\/www.visit-ulcinj.com\/blog\/2015\/01\/03\/holanski-nedfact-ceka-na-aneks-ugovora-sa-morskim-dobrom\/#webpage\",\"url\":\"https:\/\/www.visit-ulcinj.com\/blog\/2015\/01\/03\/holanski-nedfact-ceka-na-aneks-ugovora-sa-morskim-dobrom\/\",\"name\":\"Holanski Nedfact \u010deka na aneks ugovora sa Morskim dobrom - Lajme nga Ulqini\",\"isPartOf\":{\"@id\":\"https:\/\/www.visit-ulcinj.com\/blog\/#website\"},\"primaryImageOfPage\":{\"@id\":\"https:\/\/www.visit-ulcinj.com\/blog\/2015\/01\/03\/holanski-nedfact-ceka-na-aneks-ugovora-sa-morskim-dobrom\/#primaryimage\"},\"datePublished\":\"2015-01-03T18:35:55+00:00\",\"dateModified\":\"2015-01-03T18:35:55+00:00\",\"author\":{\"@id\":\"https:\/\/www.visit-ulcinj.com\/blog\/#\/schema\/person\/dcab619c614d3038751c63bc2aadc06d\"},\"description\":\"Ovla\u0161\u0107eni zastupnici holanskog fonda \u201cNedfact\u201d, koji su izrazili spremnost da na rtu Suka grade hotel \u201cServantes\u201d, kazali su portalu Ul-info da o\u010dekuju da\",\"breadcrumb\":{\"@id\":\"https:\/\/www.visit-ulcinj.com\/blog\/2015\/01\/03\/holanski-nedfact-ceka-na-aneks-ugovora-sa-morskim-dobrom\/#breadcrumb\"},\"inLanguage\":\"en-US\",\"potentialAction\":[{\"@type\":\"ReadAction\",\"target\":[\"https:\/\/www.visit-ulcinj.com\/blog\/2015\/01\/03\/holanski-nedfact-ceka-na-aneks-ugovora-sa-morskim-dobrom\/\"]}]},{\"@type\":\"BreadcrumbList\",\"@id\":\"https:\/\/www.visit-ulcinj.com\/blog\/2015\/01\/03\/holanski-nedfact-ceka-na-aneks-ugovora-sa-morskim-dobrom\/#breadcrumb\",\"itemListElement\":[{\"@type\":\"ListItem\",\"position\":1,\"name\":\"Holanski Nedfact \u010deka na aneks ugovora sa Morskim dobrom\"}]},{\"@type\":\"Person\",\"@id\":\"https:\/\/www.visit-ulcinj.com\/blog\/#\/schema\/person\/dcab619c614d3038751c63bc2aadc06d\",\"name\":\"ulqini\",\"sameAs\":[\"http:\/\/www.visit-ulcinj.com\"],\"url\":\"https:\/\/www.visit-ulcinj.com\/blog\/author\/admin\/\"}]}<\/script>\n<!-- \/ Yoast SEO plugin. -->","yoast_head_json":{"title":"Holanski Nedfact \u010deka na aneks ugovora sa Morskim dobrom - Lajme nga Ulqini","description":"Ovla\u0161\u0107eni zastupnici holanskog fonda \u201cNedfact\u201d, koji su izrazili spremnost da na rtu Suka grade hotel \u201cServantes\u201d, kazali su portalu Ul-info da o\u010dekuju da","robots":{"index":"index","follow":"follow","max-snippet":"max-snippet:-1","max-image-preview":"max-image-preview:large","max-video-preview":"max-video-preview:-1"},"canonical":"https:\/\/www.visit-ulcinj.com\/blog\/2015\/01\/03\/holanski-nedfact-ceka-na-aneks-ugovora-sa-morskim-dobrom\/","og_locale":"en_US","og_type":"article","og_title":"Holanski Nedfact \u010deka na aneks ugovora sa Morskim dobrom - Lajme nga Ulqini","og_description":"Ovla\u0161\u0107eni zastupnici holanskog fonda \u201cNedfact\u201d, koji su izrazili spremnost da na rtu Suka grade hotel \u201cServantes\u201d, kazali su portalu Ul-info da o\u010dekuju da","og_url":"https:\/\/www.visit-ulcinj.com\/blog\/2015\/01\/03\/holanski-nedfact-ceka-na-aneks-ugovora-sa-morskim-dobrom\/","og_site_name":"Lajme nga Ulqini","article_published_time":"2015-01-03T18:35:55+00:00","og_image":[{"url":"http:\/\/www.visit-ulcinj.com\/blog\/wp-content\/uploads\/2012\/03\/Hotel-jadran-ulcinj.jpg"}],"twitter_misc":{"Written by":"ulqini","Est. reading time":"1 minute"},"schema":{"@context":"https:\/\/schema.org","@graph":[{"@type":"WebSite","@id":"https:\/\/www.visit-ulcinj.com\/blog\/#website","url":"https:\/\/www.visit-ulcinj.com\/blog\/","name":"Lajme nga Ulqini","description":"Lajme,Vijesti,Ulqini,Ulqin,Crna Gora,Mali i Zi","potentialAction":[{"@type":"SearchAction","target":{"@type":"EntryPoint","urlTemplate":"https:\/\/www.visit-ulcinj.com\/blog\/?s={search_term_string}"},"query-input":"required name=search_term_string"}],"inLanguage":"en-US"},{"@type":"ImageObject","inLanguage":"en-US","@id":"https:\/\/www.visit-ulcinj.com\/blog\/2015\/01\/03\/holanski-nedfact-ceka-na-aneks-ugovora-sa-morskim-dobrom\/#primaryimage","url":"https:\/\/www.visit-ulcinj.com\/blog\/wp-content\/uploads\/2012\/03\/Hotel-jadran-ulcinj.jpg","contentUrl":"https:\/\/www.visit-ulcinj.com\/blog\/wp-content\/uploads\/2012\/03\/Hotel-jadran-ulcinj.jpg","width":"998","height":"482"},{"@type":"WebPage","@id":"https:\/\/www.visit-ulcinj.com\/blog\/2015\/01\/03\/holanski-nedfact-ceka-na-aneks-ugovora-sa-morskim-dobrom\/#webpage","url":"https:\/\/www.visit-ulcinj.com\/blog\/2015\/01\/03\/holanski-nedfact-ceka-na-aneks-ugovora-sa-morskim-dobrom\/","name":"Holanski Nedfact \u010deka na aneks ugovora sa Morskim dobrom - Lajme nga Ulqini","isPartOf":{"@id":"https:\/\/www.visit-ulcinj.com\/blog\/#website"},"primaryImageOfPage":{"@id":"https:\/\/www.visit-ulcinj.com\/blog\/2015\/01\/03\/holanski-nedfact-ceka-na-aneks-ugovora-sa-morskim-dobrom\/#primaryimage"},"datePublished":"2015-01-03T18:35:55+00:00","dateModified":"2015-01-03T18:35:55+00:00","author":{"@id":"https:\/\/www.visit-ulcinj.com\/blog\/#\/schema\/person\/dcab619c614d3038751c63bc2aadc06d"},"description":"Ovla\u0161\u0107eni zastupnici holanskog fonda \u201cNedfact\u201d, koji su izrazili spremnost da na rtu Suka grade hotel \u201cServantes\u201d, kazali su portalu Ul-info da o\u010dekuju da","breadcrumb":{"@id":"https:\/\/www.visit-ulcinj.com\/blog\/2015\/01\/03\/holanski-nedfact-ceka-na-aneks-ugovora-sa-morskim-dobrom\/#breadcrumb"},"inLanguage":"en-US","potentialAction":[{"@type":"ReadAction","target":["https:\/\/www.visit-ulcinj.com\/blog\/2015\/01\/03\/holanski-nedfact-ceka-na-aneks-ugovora-sa-morskim-dobrom\/"]}]},{"@type":"BreadcrumbList","@id":"https:\/\/www.visit-ulcinj.com\/blog\/2015\/01\/03\/holanski-nedfact-ceka-na-aneks-ugovora-sa-morskim-dobrom\/#breadcrumb","itemListElement":[{"@type":"ListItem","position":1,"name":"Holanski Nedfact \u010deka na aneks ugovora sa Morskim dobrom"}]},{"@type":"Person","@id":"https:\/\/www.visit-ulcinj.com\/blog\/#\/schema\/person\/dcab619c614d3038751c63bc2aadc06d","name":"ulqini","sameAs":["http:\/\/www.visit-ulcinj.com"],"url":"https:\/\/www.visit-ulcinj.com\/blog\/author\/admin\/"}]}},"jetpack_featured_media_url":"","jetpack_sharing_enabled":true,"jetpack_shortlink":"https:\/\/wp.me\/pe6lTn-mLb","_links":{"self":[{"href":"https:\/\/www.visit-ulcinj.com\/blog\/wp-json\/wp\/v2\/posts\/87493"}],"collection":[{"href":"https:\/\/www.visit-ulcinj.com\/blog\/wp-json\/wp\/v2\/posts"}],"about":[{"href":"https:\/\/www.visit-ulcinj.com\/blog\/wp-json\/wp\/v2\/types\/post"}],"author":[{"embeddable":true,"href":"https:\/\/www.visit-ulcinj.com\/blog\/wp-json\/wp\/v2\/users\/1"}],"replies":[{"embeddable":true,"href":"https:\/\/www.visit-ulcinj.com\/blog\/wp-json\/wp\/v2\/comments?post=87493"}],"version-history":[{"count":1,"href":"https:\/\/www.visit-ulcinj.com\/blog\/wp-json\/wp\/v2\/posts\/87493\/revisions"}],"predecessor-version":[{"id":87494,"href":"https:\/\/www.visit-ulcinj.com\/blog\/wp-json\/wp\/v2\/posts\/87493\/revisions\/87494"}],"wp:attachment":[{"href":"https:\/\/www.visit-ulcinj.com\/blog\/wp-json\/wp\/v2\/media?parent=87493"}],"wp:term":[{"taxonomy":"category","embeddable":true,"href":"https:\/\/www.visit-ulcinj.com\/blog\/wp-json\/wp\/v2\/categories?post=87493"},{"taxonomy":"post_tag","embeddable":true,"href":"https:\/\/www.visit-ulcinj.com\/blog\/wp-json\/wp\/v2\/tags?post=87493"}],"curies":[{"name":"wp","href":"https:\/\/api.w.org\/{rel}","templated":true}]}}