{"id":87495,"date":"2015-01-03T23:22:08","date_gmt":"2015-01-03T22:22:08","guid":{"rendered":"http:\/\/www.visit-ulcinj.com\/blog\/?p=87495"},"modified":"2015-01-04T09:10:00","modified_gmt":"2015-01-04T08:10:00","slug":"hashim-thaci-pritet-ne-villen-e-titos-ne-podgorice","status":"publish","type":"post","link":"https:\/\/www.visit-ulcinj.com\/blog\/2015\/01\/03\/hashim-thaci-pritet-ne-villen-e-titos-ne-podgorice\/","title":{"rendered":"Hashim Tha\u00e7i do pritet n\u00eb villen e Titos n\u00eb Podgoric\u00eb"},"content":{"rendered":"<p><a href=\"http:\/\/www.visit-ulcinj.com\/blog\/wp-content\/uploads\/2015\/01\/Thaci-Gjukanovic.jpg\"><img loading=\"lazy\" class=\"alignleft wp-image-87496\" src=\"http:\/\/www.visit-ulcinj.com\/blog\/wp-content\/uploads\/2015\/01\/Thaci-Gjukanovic.jpg\" alt=\"Thaci-Gjukanovic\" width=\"508\" height=\"283\" srcset=\"https:\/\/www.visit-ulcinj.com\/blog\/wp-content\/uploads\/2015\/01\/Thaci-Gjukanovic.jpg 640w, https:\/\/www.visit-ulcinj.com\/blog\/wp-content\/uploads\/2015\/01\/Thaci-Gjukanovic-300x166.jpg 300w\" sizes=\"(max-width: 508px) 100vw, 508px\" \/><\/a>Mediat malazeze tashm\u00eb po shkruajn\u00eb p\u00ebr vizit\u00ebn zyrtare t\u00eb z\u00ebvend\u00ebskryeministrit dhe ministrit t\u00eb jasht\u00ebm Hashim Tha\u00e7i k\u00ebsaj republike.<\/p>\n<p>Dit\u00eb m\u00eb her\u00ebt Vijesti ka zbuluar se vizita n\u00eb Mal t\u00eb Zi do t\u00eb jet\u00eb e karakterit zyrtar dhe se p\u00ebr k\u00ebt\u00eb rast Tha\u00e7in do ta presin lidershipi m\u00eb i lart\u00eb i Malit t\u00eb Zi, p\u00ebrfshi Presidentin Vujanoviq, kryeministrin Gjukanoviq dhe Kryetarin e Kuvendit Krivokapiq, nd\u00ebrsa Tha\u00e7i do t\u00eb viziton edhe Ulqinin duke u takuar me t\u00eb gjith\u00eb krer\u00ebt shqiptar\u00eb si dhe deputet\u00eb t\u00eb Kuvendit nga komuniteti shqiptar.<\/p>\n<p>Por e ve\u00e7anta e k\u00ebsaj vizite me gjas\u00eb do t\u00eb jet\u00eb niveli i pritjes p\u00ebr Tha\u00e7in, transmeton Indeksonline.<\/p>\n<p>Shteti i Malit t\u00eb Zi kan\u00eb vendosur q\u00eb Tha\u00e7in ta presin n\u00eb Vila Gorica, q\u00eb \u00ebsht\u00eb nj\u00eb objekt residencial luksoz i nd\u00ebrtuar n\u00eb koh\u00ebn e komunizmit, q\u00eb njihet si nj\u00ebra nd\u00ebr rezidencat federative ku kan\u00eb pritur lider\u00ebt e ndrysh\u00ebm bot\u00ebror\u00eb, raporton Lajmi.net.<\/p>\n<p>Vila Gorica sot p\u00ebrdoret si rezidenc\u00eb e Republik\u00ebs s\u00eb Malit t\u00eb Zi, ku r\u00ebndom priten krer\u00ebt e shteteve dhe evenimentet shtet\u00ebrore.<\/p>\n<p>Me pritjen e nivelit t\u00eb lart\u00eb, Qeveria e Malit t\u00eb Zi me gjas\u00eb d\u00ebshiron t&#8217;i len p\u00ebrshtypje Tha\u00e7it p\u00ebr t\u00eb cilin fitet se mund t\u00eb jet\u00eb edhe President i ardhsh\u00ebm i Kosov\u00ebs, pas kalimit t\u00eb mandatit t\u00eb Presidentes Jahjaga m\u00eb 2016.<\/p>\n<p>Burimet n\u00eb Mal t\u00eb Zi konfirmojn\u00eb edhe se ky vend d\u00ebshiron t\u00eb bashk\u00ebpunoj\u00eb m\u00eb ngusht\u00eb m\u00eb Kosov\u00ebn n\u00eb situat\u00ebn kur n\u00eb Serbi \u00ebsht\u00eb nj\u00eb lider me nj\u00eb shumic\u00eb t\u00eb madhe votash dhe potencialisht rrezikues edhe p\u00ebr Malin e Zi.<\/p>\n<p>Pritet q\u00eb Mali i Zi t&#8217;i jap\u00eb p\u00ebrkrahje t\u00eb plot\u00eb integrimit t\u00eb Kosov\u00ebs n\u00eb BE dhe NATO, n\u00eb an\u00ebn tjet\u00ebr pritet t\u00eb diskutohen edhe njohja e minoritetit malazez ne Kosov\u00eb.<\/p>\n<p>Vizita n\u00eb Mal t\u00eb Zi pritet t\u00eb zhvillohet disa dit\u00eb pas vizit\u00ebs n\u00eb Shqip\u00ebri, ku Tha\u00e7i poashtu do t\u00eb pritet zyrtarisht nga i t\u00ebr\u00eb kreu politik i Shqip\u00ebris\u00eb.<\/p>\n<p><strong>Portali Indeksonline<\/strong><\/p>\n","protected":false},"excerpt":{"rendered":"<p>Mediat malazeze tashm\u00eb po shkruajn\u00eb p\u00ebr vizit\u00ebn zyrtare t\u00eb z\u00ebvend\u00ebskryeministrit dhe ministrit t\u00eb jasht\u00ebm Hashim Tha\u00e7i k\u00ebsaj republike. Dit\u00eb m\u00eb her\u00ebt Vijesti ka zbuluar se vizita n\u00eb Mal t\u00eb Zi do t\u00eb jet\u00eb e karakterit zyrtar dhe se p\u00ebr k\u00ebt\u00eb rast Tha\u00e7in do ta presin lidershipi m\u00eb i lart\u00eb i Malit t\u00eb Zi, p\u00ebrfshi Presidentin [&hellip;]<\/p>\n","protected":false},"author":1,"featured_media":0,"comment_status":"closed","ping_status":"closed","sticky":false,"template":"","format":"standard","meta":{"spay_email":"","jetpack_publicize_message":"","jetpack_is_tweetstorm":false,"jetpack_publicize_feature_enabled":true},"categories":[1,12],"tags":[],"jetpack_publicize_connections":[],"yoast_head":"<!-- This site is optimized with the Yoast SEO plugin v19.1 - https:\/\/yoast.com\/wordpress\/plugins\/seo\/ -->\n<title>Hashim Tha\u00e7i do pritet n\u00eb villen e Titos n\u00eb Podgoric\u00eb - Lajme nga Ulqini<\/title>\n<meta name=\"description\" content=\"Mediat malazeze tashm\u00eb po shkruajn\u00eb p\u00ebr vizit\u00ebn zyrtare t\u00eb z\u00ebvend\u00ebskryeministrit dhe ministrit t\u00eb jasht\u00ebm Hashim Tha\u00e7i k\u00ebsaj republike. Dit\u00eb m\u00eb her\u00ebt\" \/>\n<meta name=\"robots\" content=\"index, follow, max-snippet:-1, max-image-preview:large, max-video-preview:-1\" \/>\n<link rel=\"canonical\" href=\"https:\/\/www.visit-ulcinj.com\/blog\/2015\/01\/03\/hashim-thaci-pritet-ne-villen-e-titos-ne-podgorice\/\" \/>\n<meta property=\"og:locale\" content=\"en_US\" \/>\n<meta property=\"og:type\" content=\"article\" \/>\n<meta property=\"og:title\" content=\"Hashim Tha\u00e7i do pritet n\u00eb villen e Titos n\u00eb Podgoric\u00eb - Lajme nga Ulqini\" \/>\n<meta property=\"og:description\" content=\"Mediat malazeze tashm\u00eb po shkruajn\u00eb p\u00ebr vizit\u00ebn zyrtare t\u00eb z\u00ebvend\u00ebskryeministrit dhe ministrit t\u00eb jasht\u00ebm Hashim Tha\u00e7i k\u00ebsaj republike. Dit\u00eb m\u00eb her\u00ebt\" \/>\n<meta property=\"og:url\" content=\"https:\/\/www.visit-ulcinj.com\/blog\/2015\/01\/03\/hashim-thaci-pritet-ne-villen-e-titos-ne-podgorice\/\" \/>\n<meta property=\"og:site_name\" content=\"Lajme nga Ulqini\" \/>\n<meta property=\"article:published_time\" content=\"2015-01-03T22:22:08+00:00\" \/>\n<meta property=\"article:modified_time\" content=\"2015-01-04T08:10:00+00:00\" \/>\n<meta property=\"og:image\" content=\"http:\/\/www.visit-ulcinj.com\/blog\/wp-content\/uploads\/2015\/01\/Thaci-Gjukanovic.jpg\" \/>\n<meta name=\"twitter:label1\" content=\"Written by\" \/>\n\t<meta name=\"twitter:data1\" content=\"ulqini\" \/>\n\t<meta name=\"twitter:label2\" content=\"Est. reading time\" \/>\n\t<meta name=\"twitter:data2\" content=\"2 minutes\" \/>\n<script type=\"application\/ld+json\" class=\"yoast-schema-graph\">{\"@context\":\"https:\/\/schema.org\",\"@graph\":[{\"@type\":\"WebSite\",\"@id\":\"https:\/\/www.visit-ulcinj.com\/blog\/#website\",\"url\":\"https:\/\/www.visit-ulcinj.com\/blog\/\",\"name\":\"Lajme nga Ulqini\",\"description\":\"Lajme,Vijesti,Ulqini,Ulqin,Crna Gora,Mali i Zi\",\"potentialAction\":[{\"@type\":\"SearchAction\",\"target\":{\"@type\":\"EntryPoint\",\"urlTemplate\":\"https:\/\/www.visit-ulcinj.com\/blog\/?s={search_term_string}\"},\"query-input\":\"required name=search_term_string\"}],\"inLanguage\":\"en-US\"},{\"@type\":\"ImageObject\",\"inLanguage\":\"en-US\",\"@id\":\"https:\/\/www.visit-ulcinj.com\/blog\/2015\/01\/03\/hashim-thaci-pritet-ne-villen-e-titos-ne-podgorice\/#primaryimage\",\"url\":\"https:\/\/www.visit-ulcinj.com\/blog\/wp-content\/uploads\/2015\/01\/Thaci-Gjukanovic.jpg\",\"contentUrl\":\"https:\/\/www.visit-ulcinj.com\/blog\/wp-content\/uploads\/2015\/01\/Thaci-Gjukanovic.jpg\",\"width\":640,\"height\":356},{\"@type\":\"WebPage\",\"@id\":\"https:\/\/www.visit-ulcinj.com\/blog\/2015\/01\/03\/hashim-thaci-pritet-ne-villen-e-titos-ne-podgorice\/#webpage\",\"url\":\"https:\/\/www.visit-ulcinj.com\/blog\/2015\/01\/03\/hashim-thaci-pritet-ne-villen-e-titos-ne-podgorice\/\",\"name\":\"Hashim Tha\u00e7i do pritet n\u00eb villen e Titos n\u00eb Podgoric\u00eb - Lajme nga Ulqini\",\"isPartOf\":{\"@id\":\"https:\/\/www.visit-ulcinj.com\/blog\/#website\"},\"primaryImageOfPage\":{\"@id\":\"https:\/\/www.visit-ulcinj.com\/blog\/2015\/01\/03\/hashim-thaci-pritet-ne-villen-e-titos-ne-podgorice\/#primaryimage\"},\"datePublished\":\"2015-01-03T22:22:08+00:00\",\"dateModified\":\"2015-01-04T08:10:00+00:00\",\"author\":{\"@id\":\"https:\/\/www.visit-ulcinj.com\/blog\/#\/schema\/person\/dcab619c614d3038751c63bc2aadc06d\"},\"description\":\"Mediat malazeze tashm\u00eb po shkruajn\u00eb p\u00ebr vizit\u00ebn zyrtare t\u00eb z\u00ebvend\u00ebskryeministrit dhe ministrit t\u00eb jasht\u00ebm Hashim Tha\u00e7i k\u00ebsaj republike. Dit\u00eb m\u00eb her\u00ebt\",\"breadcrumb\":{\"@id\":\"https:\/\/www.visit-ulcinj.com\/blog\/2015\/01\/03\/hashim-thaci-pritet-ne-villen-e-titos-ne-podgorice\/#breadcrumb\"},\"inLanguage\":\"en-US\",\"potentialAction\":[{\"@type\":\"ReadAction\",\"target\":[\"https:\/\/www.visit-ulcinj.com\/blog\/2015\/01\/03\/hashim-thaci-pritet-ne-villen-e-titos-ne-podgorice\/\"]}]},{\"@type\":\"BreadcrumbList\",\"@id\":\"https:\/\/www.visit-ulcinj.com\/blog\/2015\/01\/03\/hashim-thaci-pritet-ne-villen-e-titos-ne-podgorice\/#breadcrumb\",\"itemListElement\":[{\"@type\":\"ListItem\",\"position\":1,\"name\":\"Hashim Tha\u00e7i do pritet n\u00eb villen e Titos n\u00eb Podgoric\u00eb\"}]},{\"@type\":\"Person\",\"@id\":\"https:\/\/www.visit-ulcinj.com\/blog\/#\/schema\/person\/dcab619c614d3038751c63bc2aadc06d\",\"name\":\"ulqini\",\"sameAs\":[\"http:\/\/www.visit-ulcinj.com\"],\"url\":\"https:\/\/www.visit-ulcinj.com\/blog\/author\/admin\/\"}]}<\/script>\n<!-- \/ Yoast SEO plugin. -->","yoast_head_json":{"title":"Hashim Tha\u00e7i do pritet n\u00eb villen e Titos n\u00eb Podgoric\u00eb - Lajme nga Ulqini","description":"Mediat malazeze tashm\u00eb po shkruajn\u00eb p\u00ebr vizit\u00ebn zyrtare t\u00eb z\u00ebvend\u00ebskryeministrit dhe ministrit t\u00eb jasht\u00ebm Hashim Tha\u00e7i k\u00ebsaj republike. Dit\u00eb m\u00eb her\u00ebt","robots":{"index":"index","follow":"follow","max-snippet":"max-snippet:-1","max-image-preview":"max-image-preview:large","max-video-preview":"max-video-preview:-1"},"canonical":"https:\/\/www.visit-ulcinj.com\/blog\/2015\/01\/03\/hashim-thaci-pritet-ne-villen-e-titos-ne-podgorice\/","og_locale":"en_US","og_type":"article","og_title":"Hashim Tha\u00e7i do pritet n\u00eb villen e Titos n\u00eb Podgoric\u00eb - Lajme nga Ulqini","og_description":"Mediat malazeze tashm\u00eb po shkruajn\u00eb p\u00ebr vizit\u00ebn zyrtare t\u00eb z\u00ebvend\u00ebskryeministrit dhe ministrit t\u00eb jasht\u00ebm Hashim Tha\u00e7i k\u00ebsaj republike. Dit\u00eb m\u00eb her\u00ebt","og_url":"https:\/\/www.visit-ulcinj.com\/blog\/2015\/01\/03\/hashim-thaci-pritet-ne-villen-e-titos-ne-podgorice\/","og_site_name":"Lajme nga Ulqini","article_published_time":"2015-01-03T22:22:08+00:00","article_modified_time":"2015-01-04T08:10:00+00:00","og_image":[{"url":"http:\/\/www.visit-ulcinj.com\/blog\/wp-content\/uploads\/2015\/01\/Thaci-Gjukanovic.jpg"}],"twitter_misc":{"Written by":"ulqini","Est. reading time":"2 minutes"},"schema":{"@context":"https:\/\/schema.org","@graph":[{"@type":"WebSite","@id":"https:\/\/www.visit-ulcinj.com\/blog\/#website","url":"https:\/\/www.visit-ulcinj.com\/blog\/","name":"Lajme nga Ulqini","description":"Lajme,Vijesti,Ulqini,Ulqin,Crna Gora,Mali i Zi","potentialAction":[{"@type":"SearchAction","target":{"@type":"EntryPoint","urlTemplate":"https:\/\/www.visit-ulcinj.com\/blog\/?s={search_term_string}"},"query-input":"required name=search_term_string"}],"inLanguage":"en-US"},{"@type":"ImageObject","inLanguage":"en-US","@id":"https:\/\/www.visit-ulcinj.com\/blog\/2015\/01\/03\/hashim-thaci-pritet-ne-villen-e-titos-ne-podgorice\/#primaryimage","url":"https:\/\/www.visit-ulcinj.com\/blog\/wp-content\/uploads\/2015\/01\/Thaci-Gjukanovic.jpg","contentUrl":"https:\/\/www.visit-ulcinj.com\/blog\/wp-content\/uploads\/2015\/01\/Thaci-Gjukanovic.jpg","width":640,"height":356},{"@type":"WebPage","@id":"https:\/\/www.visit-ulcinj.com\/blog\/2015\/01\/03\/hashim-thaci-pritet-ne-villen-e-titos-ne-podgorice\/#webpage","url":"https:\/\/www.visit-ulcinj.com\/blog\/2015\/01\/03\/hashim-thaci-pritet-ne-villen-e-titos-ne-podgorice\/","name":"Hashim Tha\u00e7i do pritet n\u00eb villen e Titos n\u00eb Podgoric\u00eb - Lajme nga Ulqini","isPartOf":{"@id":"https:\/\/www.visit-ulcinj.com\/blog\/#website"},"primaryImageOfPage":{"@id":"https:\/\/www.visit-ulcinj.com\/blog\/2015\/01\/03\/hashim-thaci-pritet-ne-villen-e-titos-ne-podgorice\/#primaryimage"},"datePublished":"2015-01-03T22:22:08+00:00","dateModified":"2015-01-04T08:10:00+00:00","author":{"@id":"https:\/\/www.visit-ulcinj.com\/blog\/#\/schema\/person\/dcab619c614d3038751c63bc2aadc06d"},"description":"Mediat malazeze tashm\u00eb po shkruajn\u00eb p\u00ebr vizit\u00ebn zyrtare t\u00eb z\u00ebvend\u00ebskryeministrit dhe ministrit t\u00eb jasht\u00ebm Hashim Tha\u00e7i k\u00ebsaj republike. Dit\u00eb m\u00eb her\u00ebt","breadcrumb":{"@id":"https:\/\/www.visit-ulcinj.com\/blog\/2015\/01\/03\/hashim-thaci-pritet-ne-villen-e-titos-ne-podgorice\/#breadcrumb"},"inLanguage":"en-US","potentialAction":[{"@type":"ReadAction","target":["https:\/\/www.visit-ulcinj.com\/blog\/2015\/01\/03\/hashim-thaci-pritet-ne-villen-e-titos-ne-podgorice\/"]}]},{"@type":"BreadcrumbList","@id":"https:\/\/www.visit-ulcinj.com\/blog\/2015\/01\/03\/hashim-thaci-pritet-ne-villen-e-titos-ne-podgorice\/#breadcrumb","itemListElement":[{"@type":"ListItem","position":1,"name":"Hashim Tha\u00e7i do pritet n\u00eb villen e Titos n\u00eb Podgoric\u00eb"}]},{"@type":"Person","@id":"https:\/\/www.visit-ulcinj.com\/blog\/#\/schema\/person\/dcab619c614d3038751c63bc2aadc06d","name":"ulqini","sameAs":["http:\/\/www.visit-ulcinj.com"],"url":"https:\/\/www.visit-ulcinj.com\/blog\/author\/admin\/"}]}},"jetpack_featured_media_url":"","jetpack_sharing_enabled":true,"jetpack_shortlink":"https:\/\/wp.me\/pe6lTn-mLd","_links":{"self":[{"href":"https:\/\/www.visit-ulcinj.com\/blog\/wp-json\/wp\/v2\/posts\/87495"}],"collection":[{"href":"https:\/\/www.visit-ulcinj.com\/blog\/wp-json\/wp\/v2\/posts"}],"about":[{"href":"https:\/\/www.visit-ulcinj.com\/blog\/wp-json\/wp\/v2\/types\/post"}],"author":[{"embeddable":true,"href":"https:\/\/www.visit-ulcinj.com\/blog\/wp-json\/wp\/v2\/users\/1"}],"replies":[{"embeddable":true,"href":"https:\/\/www.visit-ulcinj.com\/blog\/wp-json\/wp\/v2\/comments?post=87495"}],"version-history":[{"count":1,"href":"https:\/\/www.visit-ulcinj.com\/blog\/wp-json\/wp\/v2\/posts\/87495\/revisions"}],"predecessor-version":[{"id":87497,"href":"https:\/\/www.visit-ulcinj.com\/blog\/wp-json\/wp\/v2\/posts\/87495\/revisions\/87497"}],"wp:attachment":[{"href":"https:\/\/www.visit-ulcinj.com\/blog\/wp-json\/wp\/v2\/media?parent=87495"}],"wp:term":[{"taxonomy":"category","embeddable":true,"href":"https:\/\/www.visit-ulcinj.com\/blog\/wp-json\/wp\/v2\/categories?post=87495"},{"taxonomy":"post_tag","embeddable":true,"href":"https:\/\/www.visit-ulcinj.com\/blog\/wp-json\/wp\/v2\/tags?post=87495"}],"curies":[{"name":"wp","href":"https:\/\/api.w.org\/{rel}","templated":true}]}}