{"id":87498,"date":"2015-01-04T08:43:34","date_gmt":"2015-01-04T07:43:34","guid":{"rendered":"http:\/\/www.visit-ulcinj.com\/blog\/?p=87498"},"modified":"2015-01-04T08:43:34","modified_gmt":"2015-01-04T07:43:34","slug":"tezak-udes-u-ulcinju-povrijedene-dvije-osobe","status":"publish","type":"post","link":"https:\/\/www.visit-ulcinj.com\/blog\/2015\/01\/04\/tezak-udes-u-ulcinju-povrijedene-dvije-osobe\/","title":{"rendered":"Te\u017eak udes u Ulcinju, povrije\u0111ene dvije osobe"},"content":{"rendered":"<p><span class=\"credits__author\"> <a href=\"http:\/\/www.visit-ulcinj.com\/blog\/wp-content\/uploads\/2012\/11\/Uprava-policije-ulcinj.jpg\"><img loading=\"lazy\" class=\"alignleft wp-image-65743 size-medium\" src=\"http:\/\/www.visit-ulcinj.com\/blog\/wp-content\/uploads\/2012\/11\/Uprava-policije-ulcinj-242x300.jpg\" alt=\"Uprava-policije-ulcinj\" width=\"242\" height=\"300\" srcset=\"https:\/\/www.visit-ulcinj.com\/blog\/wp-content\/uploads\/2012\/11\/Uprava-policije-ulcinj-242x300.jpg 242w, https:\/\/www.visit-ulcinj.com\/blog\/wp-content\/uploads\/2012\/11\/Uprava-policije-ulcinj.jpg 282w\" sizes=\"(max-width: 242px) 100vw, 242px\" \/><\/a><strong>Autor:<\/strong> Samir Adrovi\u0107 <\/span><\/p>\n<p>Ulcinjanke E.V. (32) i F.S\u00a0(58)\u00a0povrije\u0111ene su\u00a0u udesu koji se ve\u010deras dogodio u Ulcinju kod restorana &#8220;Palma&#8221;, dok su bile na trotoaru.<\/p>\n<p>Njih je kako saznajemo automobilom &#8220;golf\u00a03&#8221; ulcinjskih registarskih tablica udario njihov sugra\u0111anin A.S.<\/p>\n<p>One su nakon pregleda u ulcinjskom Domu zdravlja preba\u010dene\u00a0u barsku bolnicu gdje su hospitalizovane<\/p>\n<p>De\u017eurni ljekar u ulcinjskom Domu zdravlja &#8220;Vijestima&#8221; je rekao da se ne radi o te\u0161kim tjelesnim povredama ali da su potrebna ispitaivanja koja nije mogu\u0107e uraditi u ulcinjskoj zdravstvenoj ustanovi.<\/p>\n<p>Uvi\u0111aj je izv\u0161ila\u00a0ulcinjska policija, pa se o\u010dekuje da se ubrzo sazna kako je do nesre\u0107e do\u0161lo.<\/p>\n<p><strong>Izvor: Vijesti Online<\/strong><\/p>\n","protected":false},"excerpt":{"rendered":"<p>Autor: Samir Adrovi\u0107 Ulcinjanke E.V. (32) i F.S\u00a0(58)\u00a0povrije\u0111ene su\u00a0u udesu koji se ve\u010deras dogodio u Ulcinju kod restorana &#8220;Palma&#8221;, dok su bile na trotoaru. Njih je kako saznajemo automobilom &#8220;golf\u00a03&#8221; ulcinjskih registarskih tablica udario njihov sugra\u0111anin A.S. One su nakon pregleda u ulcinjskom Domu zdravlja preba\u010dene\u00a0u barsku bolnicu gdje su hospitalizovane De\u017eurni ljekar u ulcinjskom [&hellip;]<\/p>\n","protected":false},"author":1,"featured_media":0,"comment_status":"closed","ping_status":"closed","sticky":false,"template":"","format":"standard","meta":{"spay_email":"","jetpack_publicize_message":"","jetpack_is_tweetstorm":false,"jetpack_publicize_feature_enabled":true},"categories":[8337],"tags":[],"jetpack_publicize_connections":[],"yoast_head":"<!-- This site is optimized with the Yoast SEO plugin v19.1 - https:\/\/yoast.com\/wordpress\/plugins\/seo\/ -->\n<title>Te\u017eak udes u Ulcinju, povrije\u0111ene dvije osobe - Lajme nga Ulqini<\/title>\n<meta name=\"description\" content=\"Autor: Samir Adrovi\u0107 Ulcinjanke E.V. (32) i F.S\u00a0(58)\u00a0povrije\u0111ene su\u00a0u udesu koji se ve\u010deras dogodio u Ulcinju kod restorana &quot;Palma&quot;, dok su bile na\" \/>\n<meta name=\"robots\" content=\"index, follow, max-snippet:-1, max-image-preview:large, max-video-preview:-1\" \/>\n<link rel=\"canonical\" href=\"https:\/\/www.visit-ulcinj.com\/blog\/2015\/01\/04\/tezak-udes-u-ulcinju-povrijedene-dvije-osobe\/\" \/>\n<meta property=\"og:locale\" content=\"en_US\" \/>\n<meta property=\"og:type\" content=\"article\" \/>\n<meta property=\"og:title\" content=\"Te\u017eak udes u Ulcinju, povrije\u0111ene dvije osobe - Lajme nga Ulqini\" \/>\n<meta property=\"og:description\" content=\"Autor: Samir Adrovi\u0107 Ulcinjanke E.V. (32) i F.S\u00a0(58)\u00a0povrije\u0111ene su\u00a0u udesu koji se ve\u010deras dogodio u Ulcinju kod restorana &quot;Palma&quot;, dok su bile na\" \/>\n<meta property=\"og:url\" content=\"https:\/\/www.visit-ulcinj.com\/blog\/2015\/01\/04\/tezak-udes-u-ulcinju-povrijedene-dvije-osobe\/\" \/>\n<meta property=\"og:site_name\" content=\"Lajme nga Ulqini\" \/>\n<meta property=\"article:published_time\" content=\"2015-01-04T07:43:34+00:00\" \/>\n<meta property=\"og:image\" content=\"http:\/\/www.visit-ulcinj.com\/blog\/wp-content\/uploads\/2012\/11\/Uprava-policije-ulcinj-242x300.jpg\" \/>\n<meta name=\"twitter:label1\" content=\"Written by\" \/>\n\t<meta name=\"twitter:data1\" content=\"ulqini\" \/>\n\t<meta name=\"twitter:label2\" content=\"Est. reading time\" \/>\n\t<meta name=\"twitter:data2\" content=\"1 minute\" \/>\n<script type=\"application\/ld+json\" class=\"yoast-schema-graph\">{\"@context\":\"https:\/\/schema.org\",\"@graph\":[{\"@type\":\"WebSite\",\"@id\":\"https:\/\/www.visit-ulcinj.com\/blog\/#website\",\"url\":\"https:\/\/www.visit-ulcinj.com\/blog\/\",\"name\":\"Lajme nga Ulqini\",\"description\":\"Lajme,Vijesti,Ulqini,Ulqin,Crna Gora,Mali i Zi\",\"potentialAction\":[{\"@type\":\"SearchAction\",\"target\":{\"@type\":\"EntryPoint\",\"urlTemplate\":\"https:\/\/www.visit-ulcinj.com\/blog\/?s={search_term_string}\"},\"query-input\":\"required name=search_term_string\"}],\"inLanguage\":\"en-US\"},{\"@type\":\"ImageObject\",\"inLanguage\":\"en-US\",\"@id\":\"https:\/\/www.visit-ulcinj.com\/blog\/2015\/01\/04\/tezak-udes-u-ulcinju-povrijedene-dvije-osobe\/#primaryimage\",\"url\":\"https:\/\/www.visit-ulcinj.com\/blog\/wp-content\/uploads\/2012\/11\/Uprava-policije-ulcinj.jpg\",\"contentUrl\":\"https:\/\/www.visit-ulcinj.com\/blog\/wp-content\/uploads\/2012\/11\/Uprava-policije-ulcinj.jpg\",\"width\":\"282\",\"height\":\"349\"},{\"@type\":\"WebPage\",\"@id\":\"https:\/\/www.visit-ulcinj.com\/blog\/2015\/01\/04\/tezak-udes-u-ulcinju-povrijedene-dvije-osobe\/#webpage\",\"url\":\"https:\/\/www.visit-ulcinj.com\/blog\/2015\/01\/04\/tezak-udes-u-ulcinju-povrijedene-dvije-osobe\/\",\"name\":\"Te\u017eak udes u Ulcinju, povrije\u0111ene dvije osobe - Lajme nga Ulqini\",\"isPartOf\":{\"@id\":\"https:\/\/www.visit-ulcinj.com\/blog\/#website\"},\"primaryImageOfPage\":{\"@id\":\"https:\/\/www.visit-ulcinj.com\/blog\/2015\/01\/04\/tezak-udes-u-ulcinju-povrijedene-dvije-osobe\/#primaryimage\"},\"datePublished\":\"2015-01-04T07:43:34+00:00\",\"dateModified\":\"2015-01-04T07:43:34+00:00\",\"author\":{\"@id\":\"https:\/\/www.visit-ulcinj.com\/blog\/#\/schema\/person\/dcab619c614d3038751c63bc2aadc06d\"},\"description\":\"Autor: Samir Adrovi\u0107 Ulcinjanke E.V. (32) i F.S\u00a0(58)\u00a0povrije\u0111ene su\u00a0u udesu koji se ve\u010deras dogodio u Ulcinju kod restorana \\\"Palma\\\", dok su bile na\",\"breadcrumb\":{\"@id\":\"https:\/\/www.visit-ulcinj.com\/blog\/2015\/01\/04\/tezak-udes-u-ulcinju-povrijedene-dvije-osobe\/#breadcrumb\"},\"inLanguage\":\"en-US\",\"potentialAction\":[{\"@type\":\"ReadAction\",\"target\":[\"https:\/\/www.visit-ulcinj.com\/blog\/2015\/01\/04\/tezak-udes-u-ulcinju-povrijedene-dvije-osobe\/\"]}]},{\"@type\":\"BreadcrumbList\",\"@id\":\"https:\/\/www.visit-ulcinj.com\/blog\/2015\/01\/04\/tezak-udes-u-ulcinju-povrijedene-dvije-osobe\/#breadcrumb\",\"itemListElement\":[{\"@type\":\"ListItem\",\"position\":1,\"name\":\"Te\u017eak udes u Ulcinju, povrije\u0111ene dvije osobe\"}]},{\"@type\":\"Person\",\"@id\":\"https:\/\/www.visit-ulcinj.com\/blog\/#\/schema\/person\/dcab619c614d3038751c63bc2aadc06d\",\"name\":\"ulqini\",\"sameAs\":[\"http:\/\/www.visit-ulcinj.com\"],\"url\":\"https:\/\/www.visit-ulcinj.com\/blog\/author\/admin\/\"}]}<\/script>\n<!-- \/ Yoast SEO plugin. -->","yoast_head_json":{"title":"Te\u017eak udes u Ulcinju, povrije\u0111ene dvije osobe - Lajme nga Ulqini","description":"Autor: Samir Adrovi\u0107 Ulcinjanke E.V. (32) i F.S\u00a0(58)\u00a0povrije\u0111ene su\u00a0u udesu koji se ve\u010deras dogodio u Ulcinju kod restorana \"Palma\", dok su bile na","robots":{"index":"index","follow":"follow","max-snippet":"max-snippet:-1","max-image-preview":"max-image-preview:large","max-video-preview":"max-video-preview:-1"},"canonical":"https:\/\/www.visit-ulcinj.com\/blog\/2015\/01\/04\/tezak-udes-u-ulcinju-povrijedene-dvije-osobe\/","og_locale":"en_US","og_type":"article","og_title":"Te\u017eak udes u Ulcinju, povrije\u0111ene dvije osobe - Lajme nga Ulqini","og_description":"Autor: Samir Adrovi\u0107 Ulcinjanke E.V. (32) i F.S\u00a0(58)\u00a0povrije\u0111ene su\u00a0u udesu koji se ve\u010deras dogodio u Ulcinju kod restorana \"Palma\", dok su bile na","og_url":"https:\/\/www.visit-ulcinj.com\/blog\/2015\/01\/04\/tezak-udes-u-ulcinju-povrijedene-dvije-osobe\/","og_site_name":"Lajme nga Ulqini","article_published_time":"2015-01-04T07:43:34+00:00","og_image":[{"url":"http:\/\/www.visit-ulcinj.com\/blog\/wp-content\/uploads\/2012\/11\/Uprava-policije-ulcinj-242x300.jpg"}],"twitter_misc":{"Written by":"ulqini","Est. reading time":"1 minute"},"schema":{"@context":"https:\/\/schema.org","@graph":[{"@type":"WebSite","@id":"https:\/\/www.visit-ulcinj.com\/blog\/#website","url":"https:\/\/www.visit-ulcinj.com\/blog\/","name":"Lajme nga Ulqini","description":"Lajme,Vijesti,Ulqini,Ulqin,Crna Gora,Mali i Zi","potentialAction":[{"@type":"SearchAction","target":{"@type":"EntryPoint","urlTemplate":"https:\/\/www.visit-ulcinj.com\/blog\/?s={search_term_string}"},"query-input":"required name=search_term_string"}],"inLanguage":"en-US"},{"@type":"ImageObject","inLanguage":"en-US","@id":"https:\/\/www.visit-ulcinj.com\/blog\/2015\/01\/04\/tezak-udes-u-ulcinju-povrijedene-dvije-osobe\/#primaryimage","url":"https:\/\/www.visit-ulcinj.com\/blog\/wp-content\/uploads\/2012\/11\/Uprava-policije-ulcinj.jpg","contentUrl":"https:\/\/www.visit-ulcinj.com\/blog\/wp-content\/uploads\/2012\/11\/Uprava-policije-ulcinj.jpg","width":"282","height":"349"},{"@type":"WebPage","@id":"https:\/\/www.visit-ulcinj.com\/blog\/2015\/01\/04\/tezak-udes-u-ulcinju-povrijedene-dvije-osobe\/#webpage","url":"https:\/\/www.visit-ulcinj.com\/blog\/2015\/01\/04\/tezak-udes-u-ulcinju-povrijedene-dvije-osobe\/","name":"Te\u017eak udes u Ulcinju, povrije\u0111ene dvije osobe - Lajme nga Ulqini","isPartOf":{"@id":"https:\/\/www.visit-ulcinj.com\/blog\/#website"},"primaryImageOfPage":{"@id":"https:\/\/www.visit-ulcinj.com\/blog\/2015\/01\/04\/tezak-udes-u-ulcinju-povrijedene-dvije-osobe\/#primaryimage"},"datePublished":"2015-01-04T07:43:34+00:00","dateModified":"2015-01-04T07:43:34+00:00","author":{"@id":"https:\/\/www.visit-ulcinj.com\/blog\/#\/schema\/person\/dcab619c614d3038751c63bc2aadc06d"},"description":"Autor: Samir Adrovi\u0107 Ulcinjanke E.V. (32) i F.S\u00a0(58)\u00a0povrije\u0111ene su\u00a0u udesu koji se ve\u010deras dogodio u Ulcinju kod restorana \"Palma\", dok su bile na","breadcrumb":{"@id":"https:\/\/www.visit-ulcinj.com\/blog\/2015\/01\/04\/tezak-udes-u-ulcinju-povrijedene-dvije-osobe\/#breadcrumb"},"inLanguage":"en-US","potentialAction":[{"@type":"ReadAction","target":["https:\/\/www.visit-ulcinj.com\/blog\/2015\/01\/04\/tezak-udes-u-ulcinju-povrijedene-dvije-osobe\/"]}]},{"@type":"BreadcrumbList","@id":"https:\/\/www.visit-ulcinj.com\/blog\/2015\/01\/04\/tezak-udes-u-ulcinju-povrijedene-dvije-osobe\/#breadcrumb","itemListElement":[{"@type":"ListItem","position":1,"name":"Te\u017eak udes u Ulcinju, povrije\u0111ene dvije osobe"}]},{"@type":"Person","@id":"https:\/\/www.visit-ulcinj.com\/blog\/#\/schema\/person\/dcab619c614d3038751c63bc2aadc06d","name":"ulqini","sameAs":["http:\/\/www.visit-ulcinj.com"],"url":"https:\/\/www.visit-ulcinj.com\/blog\/author\/admin\/"}]}},"jetpack_featured_media_url":"","jetpack_sharing_enabled":true,"jetpack_shortlink":"https:\/\/wp.me\/pe6lTn-mLg","_links":{"self":[{"href":"https:\/\/www.visit-ulcinj.com\/blog\/wp-json\/wp\/v2\/posts\/87498"}],"collection":[{"href":"https:\/\/www.visit-ulcinj.com\/blog\/wp-json\/wp\/v2\/posts"}],"about":[{"href":"https:\/\/www.visit-ulcinj.com\/blog\/wp-json\/wp\/v2\/types\/post"}],"author":[{"embeddable":true,"href":"https:\/\/www.visit-ulcinj.com\/blog\/wp-json\/wp\/v2\/users\/1"}],"replies":[{"embeddable":true,"href":"https:\/\/www.visit-ulcinj.com\/blog\/wp-json\/wp\/v2\/comments?post=87498"}],"version-history":[{"count":1,"href":"https:\/\/www.visit-ulcinj.com\/blog\/wp-json\/wp\/v2\/posts\/87498\/revisions"}],"predecessor-version":[{"id":87499,"href":"https:\/\/www.visit-ulcinj.com\/blog\/wp-json\/wp\/v2\/posts\/87498\/revisions\/87499"}],"wp:attachment":[{"href":"https:\/\/www.visit-ulcinj.com\/blog\/wp-json\/wp\/v2\/media?parent=87498"}],"wp:term":[{"taxonomy":"category","embeddable":true,"href":"https:\/\/www.visit-ulcinj.com\/blog\/wp-json\/wp\/v2\/categories?post=87498"},{"taxonomy":"post_tag","embeddable":true,"href":"https:\/\/www.visit-ulcinj.com\/blog\/wp-json\/wp\/v2\/tags?post=87498"}],"curies":[{"name":"wp","href":"https:\/\/api.w.org\/{rel}","templated":true}]}}