{"id":875,"date":"2008-03-12T12:51:35","date_gmt":"2008-03-12T17:51:35","guid":{"rendered":"http:\/\/www.visit-ulcinj.com\/blog\/2008\/03\/12\/aerodrom-i-u-ulcinju\/"},"modified":"2008-03-12T13:11:10","modified_gmt":"2008-03-12T18:11:10","slug":"aerodrom-i-u-ulcinju","status":"publish","type":"post","link":"https:\/\/www.visit-ulcinj.com\/blog\/2008\/03\/12\/aerodrom-i-u-ulcinju\/","title":{"rendered":"Aerodrom i u Ulcinju?"},"content":{"rendered":"<p><a href=\"http:\/\/www.visit-ulcinj.com\/blog\/wp-content\/uploads\/2008\/03\/aerodrom-u-ulcinju.jpg\" rel=\"lightbox[pics875]\" title=\"Aerodrom u Ulcinju.jpg\"><img loading=\"lazy\" src=\"http:\/\/www.visit-ulcinj.com\/blog\/wp-content\/uploads\/2008\/03\/aerodrom-u-ulcinju.thumbnail.jpg\" alt=\"Aerodrom u Ulcinju.jpg\" align=\"left\" height=\"150\" width=\"200\" \/><\/a><strong> I u <a href=\"http:\/\/www.visit-ulcinj.com\/gallery\/main.php\" title=\"Ulcinj-ulqini-ulqin,montenegro\" target=\"_blank\">Ulcinju<\/a> Aerodrom je mogu??<\/strong><br \/>\n<a href=\"http:\/\/www.visit-ulcinj.com\/gallery\/main.php\" title=\"Ulcinj-ulqini-ulqin,montenegro\" target=\"_blank\"> Ulcinj<\/a> &#8211; Akcioni plan pripreme ljetnje turisti?ke sezone, koji je izradilo Ministarstvo turizma, definisao je osnovne probleme i adekvatan je sa onim \u0161to su limitiraju?e okolnosti za rast turisti?kog prometa. Me?utim, borba protiv sive ekonomije i povratak na tr\u017ei\u0161te Njema?ke imperativ su narednog perioda &#8211; zaklju?eno je na sjednici Odbora za turizam i ugostiteljstvo Privredne komore Crne Gore, koja je odr\u017eana ju?e u \u201cDvorima Bal\u0161i?a\u201d u <a href=\"http:\/\/www.visit-ulcinj.com\/gallery\/main.php\" title=\"Ulcinj-ulqini-ulqin,montenegro\" target=\"_blank\">ulcinjskom Starom gradu<\/a>.<br \/>\nSte?ajni upravnik \u201cUlcinjske rivijere\u201d Miomir Jak\u0161i? istakao je da je neophodna rekonstrukcija infrastrukture.<br \/>\n&#8211; Svjedoci smo da je postoje?a putna, kanalizaciona i vodovodna infrastruktura, kao i elektromre\u017ea, preoptere?ena i da ne mo\u017ee adekvatno odgovoriti trendu rasta broja turista &#8211; kazao je Jak\u0161i?.<br \/>\nOn je naglasio da buka i dalje ostaje problem koji prati sezone u Ulcinju i zalo\u017eio se da akcija \u201cNeka bude ?isto\u201d bude nastavljena.<br \/>\nVuka\u0161in ?ulafi? je kazao da je odustajanje \u201cNekermana\u201d i osjetnije odsustvo njema?kih turista, \u201cnenadoknadiv hendikep za cijelo primorje, a posebno za Ulcinj\u201d.<br \/>\n&#8211; Avioni njema?kih tur-operatora i ove sezone ?e, kao prije 27 godina, slijetati isklju?ivo na dubrova?ki aerodrom. Tim turistima do <a href=\"http:\/\/www.visit-ulcinj.com\/\" title=\"Ulcinj-ulqini-ulqin,montenegro\" target=\"_blank\">Ulcinja<\/a> u jeku sezone treba najmanje \u0161est sati putovanja. To nije turizam, to je njegova antipropaganda &#8211; kazao je ?ulafi?.<a href=\"http:\/\/www.visit-ulcinj.com\/blog\/wp-content\/uploads\/2008\/03\/gani-rasulbegu.jpg\" rel=\"lightbox[pics875]\" title=\"Gani Resulbegu\"><img loading=\"lazy\" src=\"http:\/\/www.visit-ulcinj.com\/blog\/wp-content\/uploads\/2008\/03\/gani-rasulbegu.thumbnail.jpg\" alt=\"Gani Resulbegu\" align=\"right\" height=\"200\" width=\"150\" \/><\/a><br \/>\nOn je apelovao na Vladu i dr\u017eavu da u?ine sve kako bi se Crna Gora vratila na njema?ko tr\u017ei\u0161te za sljede?u sezonu. Gani Resulbegu<br \/>\nVlasnik \u201c<a href=\"http:\/\/www.visit-ulcinj.com\/gallery\/main.php\" title=\"Ulcinj-ulqini-ulqin,montenegro\" target=\"_blank\">Dvora Bal\u0161i?a<\/a>\u201d Gani Resulbegovi? zamjerio je \u0161to je <a href=\"http:\/\/www.visit-ulcinj.com\/gallery\/main.php\" title=\"Ulcinj-ulqini-ulqin,montenegro\" target=\"_blank\">Ulcinj<\/a> u planu zastupljen u samo dvije stavke.<br \/>\nOn je aktuelizovao pri?u o izgradnji manjeg aerodroma u \u0160toju.<br \/>\n&#8211; Na sva zvona se govori da <a href=\"http:\/\/www.visit-ulcinj.com\/gallery\/main.php\" title=\"Ulcinj-ulqini-ulqin,montenegro\" target=\"_blank\">Ulcinj<\/a> raspola\u017ee ogromnim turisti?kim potencijalima. Sje?amo se, ne tako davno, umalo je do\u0161lo do realizacije projekta izgradnje jednog manjeg aerodroma u <a href=\"http:\/\/www.visit-ulcinj.com\/gallery\/main.php\" title=\"Ulcinj-ulqini-ulqin,montenegro\" target=\"_blank\">\u0160toju<\/a> zbog ogromnog priliva stranih gostiju. Sada moramo razmi\u0161ljati i o tome jer gost danas nema vremena, a i ne?e da putuje do odredi\u0161ta \u0161est sati, pa ni upola manje &#8211; kazao je Resulbegovi?. On je pozvao Vladu da podru?je <a href=\"http:\/\/www.visit-ulcinj.com\/gallery\/main.php\" title=\"Ulcinj-ulqini-ulqin,montenegro\" target=\"_blank\">\u0160toja i Velike pla\u017ee<\/a> maksimalno za\u0161titi.<br \/>\n&#8211; Neophodno je i kvalitetnije snabdijevanje strujom Velike pla\u017ee i Ade Bojane i na tom polju se ne\u0161to mora u?initi &#8211; ocijenio je Resulbegovi?.<br \/>\nSublimiraju?i predloge, primjedbe i sugestije, predsjednik odbora Branko Vukmirovi? zalo\u017eio se da gra?evinska sezona na primorju u 2009. bude kra?a za mjesec.<\/p>\n<p>Samir ADROVI?<br \/>\nwww.vijesti.cg.yu<\/p>\n<!-- vimeo error: not a vimeo video -->\n","protected":false},"excerpt":{"rendered":"<p><img loading=\"lazy\" src=\"http:\/\/www.visit-ulcinj.com\/blog\/wp-content\/uploads\/2008\/03\/aerodrom-u-ulcinju.thumbnail.jpg\" alt=\"Aerodrom u Ulcinju.jpg\" align=\"left\" height=\"140\" width=\"140\" \/><\/p>\n","protected":false},"author":1,"featured_media":0,"comment_status":"open","ping_status":"closed","sticky":false,"template":"","format":"standard","meta":{"spay_email":"","jetpack_publicize_message":"","jetpack_is_tweetstorm":false,"jetpack_publicize_feature_enabled":true},"categories":[15],"tags":[138,2172,1297,172,251,19,849,265],"jetpack_publicize_connections":[],"yoast_head":"<!-- This site is optimized with the Yoast SEO plugin v19.1 - https:\/\/yoast.com\/wordpress\/plugins\/seo\/ -->\n<title>Aerodrom i u Ulcinju? - Lajme nga Ulqini<\/title>\n<meta name=\"robots\" content=\"index, follow, max-snippet:-1, max-image-preview:large, max-video-preview:-1\" \/>\n<link rel=\"canonical\" href=\"https:\/\/www.visit-ulcinj.com\/blog\/2008\/03\/12\/aerodrom-i-u-ulcinju\/\" \/>\n<meta property=\"og:locale\" content=\"en_US\" \/>\n<meta property=\"og:type\" content=\"article\" \/>\n<meta property=\"og:title\" content=\"Aerodrom i u Ulcinju? - Lajme nga Ulqini\" \/>\n<meta property=\"og:url\" content=\"https:\/\/www.visit-ulcinj.com\/blog\/2008\/03\/12\/aerodrom-i-u-ulcinju\/\" \/>\n<meta property=\"og:site_name\" content=\"Lajme nga Ulqini\" \/>\n<meta property=\"article:published_time\" content=\"2008-03-12T17:51:35+00:00\" \/>\n<meta property=\"article:modified_time\" content=\"2008-03-12T18:11:10+00:00\" \/>\n<meta property=\"og:image\" content=\"http:\/\/www.visit-ulcinj.com\/blog\/wp-content\/uploads\/2008\/03\/aerodrom-u-ulcinju.thumbnail.jpg\" \/>\n<meta name=\"twitter:label1\" content=\"Written by\" \/>\n\t<meta name=\"twitter:data1\" content=\"ulqini\" \/>\n\t<meta name=\"twitter:label2\" content=\"Est. reading time\" \/>\n\t<meta name=\"twitter:data2\" content=\"2 minutes\" \/>\n<script type=\"application\/ld+json\" class=\"yoast-schema-graph\">{\"@context\":\"https:\/\/schema.org\",\"@graph\":[{\"@type\":\"WebSite\",\"@id\":\"https:\/\/www.visit-ulcinj.com\/blog\/#website\",\"url\":\"https:\/\/www.visit-ulcinj.com\/blog\/\",\"name\":\"Lajme nga Ulqini\",\"description\":\"Lajme,Vijesti,Ulqini,Ulqin,Crna Gora,Mali i Zi\",\"potentialAction\":[{\"@type\":\"SearchAction\",\"target\":{\"@type\":\"EntryPoint\",\"urlTemplate\":\"https:\/\/www.visit-ulcinj.com\/blog\/?s={search_term_string}\"},\"query-input\":\"required name=search_term_string\"}],\"inLanguage\":\"en-US\"},{\"@type\":\"ImageObject\",\"inLanguage\":\"en-US\",\"@id\":\"https:\/\/www.visit-ulcinj.com\/blog\/2008\/03\/12\/aerodrom-i-u-ulcinju\/#primaryimage\",\"url\":\"http:\/\/www.visit-ulcinj.com\/blog\/wp-content\/uploads\/2008\/03\/aerodrom-u-ulcinju.thumbnail.jpg\",\"contentUrl\":\"http:\/\/www.visit-ulcinj.com\/blog\/wp-content\/uploads\/2008\/03\/aerodrom-u-ulcinju.thumbnail.jpg\"},{\"@type\":\"WebPage\",\"@id\":\"https:\/\/www.visit-ulcinj.com\/blog\/2008\/03\/12\/aerodrom-i-u-ulcinju\/#webpage\",\"url\":\"https:\/\/www.visit-ulcinj.com\/blog\/2008\/03\/12\/aerodrom-i-u-ulcinju\/\",\"name\":\"Aerodrom i u Ulcinju? - Lajme nga Ulqini\",\"isPartOf\":{\"@id\":\"https:\/\/www.visit-ulcinj.com\/blog\/#website\"},\"primaryImageOfPage\":{\"@id\":\"https:\/\/www.visit-ulcinj.com\/blog\/2008\/03\/12\/aerodrom-i-u-ulcinju\/#primaryimage\"},\"datePublished\":\"2008-03-12T17:51:35+00:00\",\"dateModified\":\"2008-03-12T18:11:10+00:00\",\"author\":{\"@id\":\"https:\/\/www.visit-ulcinj.com\/blog\/#\/schema\/person\/dcab619c614d3038751c63bc2aadc06d\"},\"breadcrumb\":{\"@id\":\"https:\/\/www.visit-ulcinj.com\/blog\/2008\/03\/12\/aerodrom-i-u-ulcinju\/#breadcrumb\"},\"inLanguage\":\"en-US\",\"potentialAction\":[{\"@type\":\"ReadAction\",\"target\":[\"https:\/\/www.visit-ulcinj.com\/blog\/2008\/03\/12\/aerodrom-i-u-ulcinju\/\"]}]},{\"@type\":\"BreadcrumbList\",\"@id\":\"https:\/\/www.visit-ulcinj.com\/blog\/2008\/03\/12\/aerodrom-i-u-ulcinju\/#breadcrumb\",\"itemListElement\":[{\"@type\":\"ListItem\",\"position\":1,\"name\":\"Aerodrom i u Ulcinju?\"}]},{\"@type\":\"Person\",\"@id\":\"https:\/\/www.visit-ulcinj.com\/blog\/#\/schema\/person\/dcab619c614d3038751c63bc2aadc06d\",\"name\":\"ulqini\",\"sameAs\":[\"http:\/\/www.visit-ulcinj.com\"],\"url\":\"https:\/\/www.visit-ulcinj.com\/blog\/author\/admin\/\"}]}<\/script>\n<!-- \/ Yoast SEO plugin. -->","yoast_head_json":{"title":"Aerodrom i u Ulcinju? - Lajme nga Ulqini","robots":{"index":"index","follow":"follow","max-snippet":"max-snippet:-1","max-image-preview":"max-image-preview:large","max-video-preview":"max-video-preview:-1"},"canonical":"https:\/\/www.visit-ulcinj.com\/blog\/2008\/03\/12\/aerodrom-i-u-ulcinju\/","og_locale":"en_US","og_type":"article","og_title":"Aerodrom i u Ulcinju? - Lajme nga Ulqini","og_url":"https:\/\/www.visit-ulcinj.com\/blog\/2008\/03\/12\/aerodrom-i-u-ulcinju\/","og_site_name":"Lajme nga Ulqini","article_published_time":"2008-03-12T17:51:35+00:00","article_modified_time":"2008-03-12T18:11:10+00:00","og_image":[{"url":"http:\/\/www.visit-ulcinj.com\/blog\/wp-content\/uploads\/2008\/03\/aerodrom-u-ulcinju.thumbnail.jpg"}],"twitter_misc":{"Written by":"ulqini","Est. reading time":"2 minutes"},"schema":{"@context":"https:\/\/schema.org","@graph":[{"@type":"WebSite","@id":"https:\/\/www.visit-ulcinj.com\/blog\/#website","url":"https:\/\/www.visit-ulcinj.com\/blog\/","name":"Lajme nga Ulqini","description":"Lajme,Vijesti,Ulqini,Ulqin,Crna Gora,Mali i Zi","potentialAction":[{"@type":"SearchAction","target":{"@type":"EntryPoint","urlTemplate":"https:\/\/www.visit-ulcinj.com\/blog\/?s={search_term_string}"},"query-input":"required name=search_term_string"}],"inLanguage":"en-US"},{"@type":"ImageObject","inLanguage":"en-US","@id":"https:\/\/www.visit-ulcinj.com\/blog\/2008\/03\/12\/aerodrom-i-u-ulcinju\/#primaryimage","url":"http:\/\/www.visit-ulcinj.com\/blog\/wp-content\/uploads\/2008\/03\/aerodrom-u-ulcinju.thumbnail.jpg","contentUrl":"http:\/\/www.visit-ulcinj.com\/blog\/wp-content\/uploads\/2008\/03\/aerodrom-u-ulcinju.thumbnail.jpg"},{"@type":"WebPage","@id":"https:\/\/www.visit-ulcinj.com\/blog\/2008\/03\/12\/aerodrom-i-u-ulcinju\/#webpage","url":"https:\/\/www.visit-ulcinj.com\/blog\/2008\/03\/12\/aerodrom-i-u-ulcinju\/","name":"Aerodrom i u Ulcinju? - Lajme nga Ulqini","isPartOf":{"@id":"https:\/\/www.visit-ulcinj.com\/blog\/#website"},"primaryImageOfPage":{"@id":"https:\/\/www.visit-ulcinj.com\/blog\/2008\/03\/12\/aerodrom-i-u-ulcinju\/#primaryimage"},"datePublished":"2008-03-12T17:51:35+00:00","dateModified":"2008-03-12T18:11:10+00:00","author":{"@id":"https:\/\/www.visit-ulcinj.com\/blog\/#\/schema\/person\/dcab619c614d3038751c63bc2aadc06d"},"breadcrumb":{"@id":"https:\/\/www.visit-ulcinj.com\/blog\/2008\/03\/12\/aerodrom-i-u-ulcinju\/#breadcrumb"},"inLanguage":"en-US","potentialAction":[{"@type":"ReadAction","target":["https:\/\/www.visit-ulcinj.com\/blog\/2008\/03\/12\/aerodrom-i-u-ulcinju\/"]}]},{"@type":"BreadcrumbList","@id":"https:\/\/www.visit-ulcinj.com\/blog\/2008\/03\/12\/aerodrom-i-u-ulcinju\/#breadcrumb","itemListElement":[{"@type":"ListItem","position":1,"name":"Aerodrom i u Ulcinju?"}]},{"@type":"Person","@id":"https:\/\/www.visit-ulcinj.com\/blog\/#\/schema\/person\/dcab619c614d3038751c63bc2aadc06d","name":"ulqini","sameAs":["http:\/\/www.visit-ulcinj.com"],"url":"https:\/\/www.visit-ulcinj.com\/blog\/author\/admin\/"}]}},"jetpack_featured_media_url":"","jetpack_sharing_enabled":true,"jetpack_shortlink":"https:\/\/wp.me\/pe6lTn-e7","_links":{"self":[{"href":"https:\/\/www.visit-ulcinj.com\/blog\/wp-json\/wp\/v2\/posts\/875"}],"collection":[{"href":"https:\/\/www.visit-ulcinj.com\/blog\/wp-json\/wp\/v2\/posts"}],"about":[{"href":"https:\/\/www.visit-ulcinj.com\/blog\/wp-json\/wp\/v2\/types\/post"}],"author":[{"embeddable":true,"href":"https:\/\/www.visit-ulcinj.com\/blog\/wp-json\/wp\/v2\/users\/1"}],"replies":[{"embeddable":true,"href":"https:\/\/www.visit-ulcinj.com\/blog\/wp-json\/wp\/v2\/comments?post=875"}],"version-history":[{"count":0,"href":"https:\/\/www.visit-ulcinj.com\/blog\/wp-json\/wp\/v2\/posts\/875\/revisions"}],"wp:attachment":[{"href":"https:\/\/www.visit-ulcinj.com\/blog\/wp-json\/wp\/v2\/media?parent=875"}],"wp:term":[{"taxonomy":"category","embeddable":true,"href":"https:\/\/www.visit-ulcinj.com\/blog\/wp-json\/wp\/v2\/categories?post=875"},{"taxonomy":"post_tag","embeddable":true,"href":"https:\/\/www.visit-ulcinj.com\/blog\/wp-json\/wp\/v2\/tags?post=875"}],"curies":[{"name":"wp","href":"https:\/\/api.w.org\/{rel}","templated":true}]}}