{"id":87500,"date":"2015-01-04T09:09:15","date_gmt":"2015-01-04T08:09:15","guid":{"rendered":"http:\/\/www.visit-ulcinj.com\/blog\/?p=87500"},"modified":"2015-01-05T09:35:50","modified_gmt":"2015-01-05T08:35:50","slug":"aksident-lendohen-dy-persona-ne-ulqin","status":"publish","type":"post","link":"https:\/\/www.visit-ulcinj.com\/blog\/2015\/01\/04\/aksident-lendohen-dy-persona-ne-ulqin\/","title":{"rendered":"Aksident, l\u00ebndohen dy persona n\u00eb Ulqin"},"content":{"rendered":"<p class=\"_58gi\"><a href=\"http:\/\/www.visit-ulcinj.com\/blog\/wp-content\/uploads\/2015\/01\/Restorant-Palma-Ulqin.jpg\"><img loading=\"lazy\" class=\"alignleft wp-image-87501\" src=\"http:\/\/www.visit-ulcinj.com\/blog\/wp-content\/uploads\/2015\/01\/Restorant-Palma-Ulqin.jpg\" alt=\"Restorant Palma Ulqin\" width=\"508\" height=\"379\" srcset=\"https:\/\/www.visit-ulcinj.com\/blog\/wp-content\/uploads\/2015\/01\/Restorant-Palma-Ulqin.jpg 720w, https:\/\/www.visit-ulcinj.com\/blog\/wp-content\/uploads\/2015\/01\/Restorant-Palma-Ulqin-300x223.jpg 300w\" sizes=\"(max-width: 508px) 100vw, 508px\" \/><\/a><strong>Foto:<\/strong> Restoran pizzeria palma Facebook<\/p>\n<p>Ulqinaket E.V. (32) dhe F.S. (58) jan\u00eb l\u00ebnduar n\u00eb aksidentin i cili sot ndodhi n\u00eb Ulqin tek restoranti \u201cPalma\u201d, derisa ishin n\u00eb trotuar.<\/p>\n<p>Atyre, si\u00e7 m\u00ebson Portali \u201cVijesti\u201d, me makin\u00ebn \u201cgolf 3\u201d me targa t\u00eb Ulqinit i ka ra bashk\u00ebqytetari i tyre A.S, raporton Portali Ul.info.<\/p>\n<p>Ato mbas kontrollit n\u00eb Sht\u00ebpin\u00eb e sh\u00ebndetit n\u00eb Ulqin jan\u00eb transportuar n\u00eb spitalin e Tivarit ku u hospitalizuan.<\/p>\n<p>Mjeku n\u00eb detyr\u00eb n\u00eb Sht\u00ebpin\u00eb e sh\u00ebndetit n\u00eb Ulqin tha p\u00ebr \u201cVijesti\u201d se nuk b\u00ebhet fjal\u00eb p\u00ebr l\u00ebndime t\u00eb r\u00ebnda por q\u00eb jan\u00eb t\u00eb nevojshme kontrollet t\u00eb cilat nuk mund t\u00eb b\u00ebhen n\u00eb institucionin sh\u00ebndet\u00ebsor t\u00eb Ulqinit.<\/p>\n<p>Hetimin e b\u00ebri policia e Ulqinit, k\u00ebshtu q\u00eb pritet q\u00eb s\u00eb shpejti t\u00eb m\u00ebsohet si erdhi deri tek aksidenti.<\/p>\n","protected":false},"excerpt":{"rendered":"<p>Foto: Restoran pizzeria palma Facebook Ulqinaket E.V. (32) dhe F.S. (58) jan\u00eb l\u00ebnduar n\u00eb aksidentin i cili sot ndodhi n\u00eb Ulqin tek restoranti \u201cPalma\u201d, derisa ishin n\u00eb trotuar. Atyre, si\u00e7 m\u00ebson Portali \u201cVijesti\u201d, me makin\u00ebn \u201cgolf 3\u201d me targa t\u00eb Ulqinit i ka ra bashk\u00ebqytetari i tyre A.S, raporton Portali Ul.info. Ato mbas kontrollit n\u00eb [&hellip;]<\/p>\n","protected":false},"author":1,"featured_media":0,"comment_status":"closed","ping_status":"closed","sticky":false,"template":"","format":"standard","meta":{"spay_email":"","jetpack_publicize_message":"","jetpack_is_tweetstorm":false,"jetpack_publicize_feature_enabled":true},"categories":[1,11],"tags":[],"jetpack_publicize_connections":[],"yoast_head":"<!-- This site is optimized with the Yoast SEO plugin v19.1 - https:\/\/yoast.com\/wordpress\/plugins\/seo\/ -->\n<title>Aksident, l\u00ebndohen dy persona n\u00eb Ulqin - Lajme nga Ulqini<\/title>\n<meta name=\"description\" content=\"Foto: Restoran pizzeria palma Facebook Ulqinaket E.V. (32) dhe F.S. (58) jan\u00eb l\u00ebnduar n\u00eb aksidentin i cili sot ndodhi n\u00eb Ulqin tek restoranti \u201cPalma\u201d,\" \/>\n<meta name=\"robots\" content=\"index, follow, max-snippet:-1, max-image-preview:large, max-video-preview:-1\" \/>\n<link rel=\"canonical\" href=\"https:\/\/www.visit-ulcinj.com\/blog\/2015\/01\/04\/aksident-lendohen-dy-persona-ne-ulqin\/\" \/>\n<meta property=\"og:locale\" content=\"en_US\" \/>\n<meta property=\"og:type\" content=\"article\" \/>\n<meta property=\"og:title\" content=\"Aksident, l\u00ebndohen dy persona n\u00eb Ulqin - Lajme nga Ulqini\" \/>\n<meta property=\"og:description\" content=\"Foto: Restoran pizzeria palma Facebook Ulqinaket E.V. (32) dhe F.S. (58) jan\u00eb l\u00ebnduar n\u00eb aksidentin i cili sot ndodhi n\u00eb Ulqin tek restoranti \u201cPalma\u201d,\" \/>\n<meta property=\"og:url\" content=\"https:\/\/www.visit-ulcinj.com\/blog\/2015\/01\/04\/aksident-lendohen-dy-persona-ne-ulqin\/\" \/>\n<meta property=\"og:site_name\" content=\"Lajme nga Ulqini\" \/>\n<meta property=\"article:published_time\" content=\"2015-01-04T08:09:15+00:00\" \/>\n<meta property=\"article:modified_time\" content=\"2015-01-05T08:35:50+00:00\" \/>\n<meta property=\"og:image\" content=\"http:\/\/www.visit-ulcinj.com\/blog\/wp-content\/uploads\/2015\/01\/Restorant-Palma-Ulqin.jpg\" \/>\n<meta name=\"twitter:label1\" content=\"Written by\" \/>\n\t<meta name=\"twitter:data1\" content=\"ulqini\" \/>\n\t<meta name=\"twitter:label2\" content=\"Est. reading time\" \/>\n\t<meta name=\"twitter:data2\" content=\"1 minute\" \/>\n<script type=\"application\/ld+json\" class=\"yoast-schema-graph\">{\"@context\":\"https:\/\/schema.org\",\"@graph\":[{\"@type\":\"WebSite\",\"@id\":\"https:\/\/www.visit-ulcinj.com\/blog\/#website\",\"url\":\"https:\/\/www.visit-ulcinj.com\/blog\/\",\"name\":\"Lajme nga Ulqini\",\"description\":\"Lajme,Vijesti,Ulqini,Ulqin,Crna Gora,Mali i Zi\",\"potentialAction\":[{\"@type\":\"SearchAction\",\"target\":{\"@type\":\"EntryPoint\",\"urlTemplate\":\"https:\/\/www.visit-ulcinj.com\/blog\/?s={search_term_string}\"},\"query-input\":\"required name=search_term_string\"}],\"inLanguage\":\"en-US\"},{\"@type\":\"ImageObject\",\"inLanguage\":\"en-US\",\"@id\":\"https:\/\/www.visit-ulcinj.com\/blog\/2015\/01\/04\/aksident-lendohen-dy-persona-ne-ulqin\/#primaryimage\",\"url\":\"https:\/\/www.visit-ulcinj.com\/blog\/wp-content\/uploads\/2015\/01\/Restorant-Palma-Ulqin.jpg\",\"contentUrl\":\"https:\/\/www.visit-ulcinj.com\/blog\/wp-content\/uploads\/2015\/01\/Restorant-Palma-Ulqin.jpg\",\"width\":720,\"height\":537},{\"@type\":\"WebPage\",\"@id\":\"https:\/\/www.visit-ulcinj.com\/blog\/2015\/01\/04\/aksident-lendohen-dy-persona-ne-ulqin\/#webpage\",\"url\":\"https:\/\/www.visit-ulcinj.com\/blog\/2015\/01\/04\/aksident-lendohen-dy-persona-ne-ulqin\/\",\"name\":\"Aksident, l\u00ebndohen dy persona n\u00eb Ulqin - Lajme nga Ulqini\",\"isPartOf\":{\"@id\":\"https:\/\/www.visit-ulcinj.com\/blog\/#website\"},\"primaryImageOfPage\":{\"@id\":\"https:\/\/www.visit-ulcinj.com\/blog\/2015\/01\/04\/aksident-lendohen-dy-persona-ne-ulqin\/#primaryimage\"},\"datePublished\":\"2015-01-04T08:09:15+00:00\",\"dateModified\":\"2015-01-05T08:35:50+00:00\",\"author\":{\"@id\":\"https:\/\/www.visit-ulcinj.com\/blog\/#\/schema\/person\/dcab619c614d3038751c63bc2aadc06d\"},\"description\":\"Foto: Restoran pizzeria palma Facebook Ulqinaket E.V. (32) dhe F.S. (58) jan\u00eb l\u00ebnduar n\u00eb aksidentin i cili sot ndodhi n\u00eb Ulqin tek restoranti \u201cPalma\u201d,\",\"breadcrumb\":{\"@id\":\"https:\/\/www.visit-ulcinj.com\/blog\/2015\/01\/04\/aksident-lendohen-dy-persona-ne-ulqin\/#breadcrumb\"},\"inLanguage\":\"en-US\",\"potentialAction\":[{\"@type\":\"ReadAction\",\"target\":[\"https:\/\/www.visit-ulcinj.com\/blog\/2015\/01\/04\/aksident-lendohen-dy-persona-ne-ulqin\/\"]}]},{\"@type\":\"BreadcrumbList\",\"@id\":\"https:\/\/www.visit-ulcinj.com\/blog\/2015\/01\/04\/aksident-lendohen-dy-persona-ne-ulqin\/#breadcrumb\",\"itemListElement\":[{\"@type\":\"ListItem\",\"position\":1,\"name\":\"Aksident, l\u00ebndohen dy persona n\u00eb Ulqin\"}]},{\"@type\":\"Person\",\"@id\":\"https:\/\/www.visit-ulcinj.com\/blog\/#\/schema\/person\/dcab619c614d3038751c63bc2aadc06d\",\"name\":\"ulqini\",\"sameAs\":[\"http:\/\/www.visit-ulcinj.com\"],\"url\":\"https:\/\/www.visit-ulcinj.com\/blog\/author\/admin\/\"}]}<\/script>\n<!-- \/ Yoast SEO plugin. -->","yoast_head_json":{"title":"Aksident, l\u00ebndohen dy persona n\u00eb Ulqin - Lajme nga Ulqini","description":"Foto: Restoran pizzeria palma Facebook Ulqinaket E.V. (32) dhe F.S. (58) jan\u00eb l\u00ebnduar n\u00eb aksidentin i cili sot ndodhi n\u00eb Ulqin tek restoranti \u201cPalma\u201d,","robots":{"index":"index","follow":"follow","max-snippet":"max-snippet:-1","max-image-preview":"max-image-preview:large","max-video-preview":"max-video-preview:-1"},"canonical":"https:\/\/www.visit-ulcinj.com\/blog\/2015\/01\/04\/aksident-lendohen-dy-persona-ne-ulqin\/","og_locale":"en_US","og_type":"article","og_title":"Aksident, l\u00ebndohen dy persona n\u00eb Ulqin - Lajme nga Ulqini","og_description":"Foto: Restoran pizzeria palma Facebook Ulqinaket E.V. (32) dhe F.S. (58) jan\u00eb l\u00ebnduar n\u00eb aksidentin i cili sot ndodhi n\u00eb Ulqin tek restoranti \u201cPalma\u201d,","og_url":"https:\/\/www.visit-ulcinj.com\/blog\/2015\/01\/04\/aksident-lendohen-dy-persona-ne-ulqin\/","og_site_name":"Lajme nga Ulqini","article_published_time":"2015-01-04T08:09:15+00:00","article_modified_time":"2015-01-05T08:35:50+00:00","og_image":[{"url":"http:\/\/www.visit-ulcinj.com\/blog\/wp-content\/uploads\/2015\/01\/Restorant-Palma-Ulqin.jpg"}],"twitter_misc":{"Written by":"ulqini","Est. reading time":"1 minute"},"schema":{"@context":"https:\/\/schema.org","@graph":[{"@type":"WebSite","@id":"https:\/\/www.visit-ulcinj.com\/blog\/#website","url":"https:\/\/www.visit-ulcinj.com\/blog\/","name":"Lajme nga Ulqini","description":"Lajme,Vijesti,Ulqini,Ulqin,Crna Gora,Mali i Zi","potentialAction":[{"@type":"SearchAction","target":{"@type":"EntryPoint","urlTemplate":"https:\/\/www.visit-ulcinj.com\/blog\/?s={search_term_string}"},"query-input":"required name=search_term_string"}],"inLanguage":"en-US"},{"@type":"ImageObject","inLanguage":"en-US","@id":"https:\/\/www.visit-ulcinj.com\/blog\/2015\/01\/04\/aksident-lendohen-dy-persona-ne-ulqin\/#primaryimage","url":"https:\/\/www.visit-ulcinj.com\/blog\/wp-content\/uploads\/2015\/01\/Restorant-Palma-Ulqin.jpg","contentUrl":"https:\/\/www.visit-ulcinj.com\/blog\/wp-content\/uploads\/2015\/01\/Restorant-Palma-Ulqin.jpg","width":720,"height":537},{"@type":"WebPage","@id":"https:\/\/www.visit-ulcinj.com\/blog\/2015\/01\/04\/aksident-lendohen-dy-persona-ne-ulqin\/#webpage","url":"https:\/\/www.visit-ulcinj.com\/blog\/2015\/01\/04\/aksident-lendohen-dy-persona-ne-ulqin\/","name":"Aksident, l\u00ebndohen dy persona n\u00eb Ulqin - Lajme nga Ulqini","isPartOf":{"@id":"https:\/\/www.visit-ulcinj.com\/blog\/#website"},"primaryImageOfPage":{"@id":"https:\/\/www.visit-ulcinj.com\/blog\/2015\/01\/04\/aksident-lendohen-dy-persona-ne-ulqin\/#primaryimage"},"datePublished":"2015-01-04T08:09:15+00:00","dateModified":"2015-01-05T08:35:50+00:00","author":{"@id":"https:\/\/www.visit-ulcinj.com\/blog\/#\/schema\/person\/dcab619c614d3038751c63bc2aadc06d"},"description":"Foto: Restoran pizzeria palma Facebook Ulqinaket E.V. (32) dhe F.S. (58) jan\u00eb l\u00ebnduar n\u00eb aksidentin i cili sot ndodhi n\u00eb Ulqin tek restoranti \u201cPalma\u201d,","breadcrumb":{"@id":"https:\/\/www.visit-ulcinj.com\/blog\/2015\/01\/04\/aksident-lendohen-dy-persona-ne-ulqin\/#breadcrumb"},"inLanguage":"en-US","potentialAction":[{"@type":"ReadAction","target":["https:\/\/www.visit-ulcinj.com\/blog\/2015\/01\/04\/aksident-lendohen-dy-persona-ne-ulqin\/"]}]},{"@type":"BreadcrumbList","@id":"https:\/\/www.visit-ulcinj.com\/blog\/2015\/01\/04\/aksident-lendohen-dy-persona-ne-ulqin\/#breadcrumb","itemListElement":[{"@type":"ListItem","position":1,"name":"Aksident, l\u00ebndohen dy persona n\u00eb Ulqin"}]},{"@type":"Person","@id":"https:\/\/www.visit-ulcinj.com\/blog\/#\/schema\/person\/dcab619c614d3038751c63bc2aadc06d","name":"ulqini","sameAs":["http:\/\/www.visit-ulcinj.com"],"url":"https:\/\/www.visit-ulcinj.com\/blog\/author\/admin\/"}]}},"jetpack_featured_media_url":"","jetpack_sharing_enabled":true,"jetpack_shortlink":"https:\/\/wp.me\/pe6lTn-mLi","_links":{"self":[{"href":"https:\/\/www.visit-ulcinj.com\/blog\/wp-json\/wp\/v2\/posts\/87500"}],"collection":[{"href":"https:\/\/www.visit-ulcinj.com\/blog\/wp-json\/wp\/v2\/posts"}],"about":[{"href":"https:\/\/www.visit-ulcinj.com\/blog\/wp-json\/wp\/v2\/types\/post"}],"author":[{"embeddable":true,"href":"https:\/\/www.visit-ulcinj.com\/blog\/wp-json\/wp\/v2\/users\/1"}],"replies":[{"embeddable":true,"href":"https:\/\/www.visit-ulcinj.com\/blog\/wp-json\/wp\/v2\/comments?post=87500"}],"version-history":[{"count":1,"href":"https:\/\/www.visit-ulcinj.com\/blog\/wp-json\/wp\/v2\/posts\/87500\/revisions"}],"predecessor-version":[{"id":87502,"href":"https:\/\/www.visit-ulcinj.com\/blog\/wp-json\/wp\/v2\/posts\/87500\/revisions\/87502"}],"wp:attachment":[{"href":"https:\/\/www.visit-ulcinj.com\/blog\/wp-json\/wp\/v2\/media?parent=87500"}],"wp:term":[{"taxonomy":"category","embeddable":true,"href":"https:\/\/www.visit-ulcinj.com\/blog\/wp-json\/wp\/v2\/categories?post=87500"},{"taxonomy":"post_tag","embeddable":true,"href":"https:\/\/www.visit-ulcinj.com\/blog\/wp-json\/wp\/v2\/tags?post=87500"}],"curies":[{"name":"wp","href":"https:\/\/api.w.org\/{rel}","templated":true}]}}