{"id":87510,"date":"2015-01-04T11:13:03","date_gmt":"2015-01-04T10:13:03","guid":{"rendered":"http:\/\/www.visit-ulcinj.com\/blog\/?p=87510"},"modified":"2015-01-04T11:13:03","modified_gmt":"2015-01-04T10:13:03","slug":"mehmet-bardhi-tuzi-deljosaja-zbog-mandata","status":"publish","type":"post","link":"https:\/\/www.visit-ulcinj.com\/blog\/2015\/01\/04\/mehmet-bardhi-tuzi-deljosaja-zbog-mandata\/","title":{"rendered":"Mehmet Bardhi tu\u017ei \u0110eljo\u0161aja zbog mandata"},"content":{"rendered":"<p><a href=\"http:\/\/www.visit-ulcinj.com\/blog\/wp-content\/uploads\/2015\/01\/Mehmet-Bardhi-za-DAN.jpg\"><img loading=\"lazy\" class=\"alignleft wp-image-87511\" src=\"http:\/\/www.visit-ulcinj.com\/blog\/wp-content\/uploads\/2015\/01\/Mehmet-Bardhi-za-DAN.jpg\" alt=\"Mehmet Bardhi za DAN\" width=\"508\" height=\"377\" srcset=\"https:\/\/www.visit-ulcinj.com\/blog\/wp-content\/uploads\/2015\/01\/Mehmet-Bardhi-za-DAN.jpg 407w, https:\/\/www.visit-ulcinj.com\/blog\/wp-content\/uploads\/2015\/01\/Mehmet-Bardhi-za-DAN-300x222.jpg 300w\" sizes=\"(max-width: 508px) 100vw, 508px\" \/><\/a>Lider Demokratskog saveza Albanaca DSA Mehmet Bardhi nagovijestio je mogu\u0107nost da ta stranka pokrene pravni postupak zbog odbijanja poslanika Nika \u0110eljo\u0161aja da mu ustupi mandat u parlamentu. Bardhi je u izjavi za Dan saop\u0161tio da \u0110eljo\u0161aj vi\u0161e od dva mjeseca uzurpira poslani\u010dki mandat.<\/p>\n<div class=\"body-text\">\n<p>Mehmet Bardhu je Danu dostavio koalicioni sporazum koji su zaklju\u010dili Demokratski savez, Demokratska partija i Albanska alternativa, koji u \u010dlanu tri precizira da \u201e\u0107e se prvi mandat dijeliti propricionalno, to jest dvije godine DP-AA koristi\u0107e svoj dio 50 naprema 50, a druge dvije godine Demokratski savez Albanaca. Mandat se, prema ovom sporazumu, obra\u010dunava na dan objavljivanja zvani\u010dnih rezultata izbora.<\/p>\n<p>\u201eZahtijevam da se mjesto poslanika oslobodi za Demokratski savez Albanaca. Insistiram na po\u0161tovanju \u010dlana tri predizbornog koalicionog sporazuma, koji je zaklju\u010den 17. septembra 2012. godine. Ve\u0107 vi\u0161e od dva mjeseca \u0110eljo\u0161aj, predstavnik Albanske alternative, uzurpira, suprotno sporazumu, poslani\u010dki mandat. Trebalo bi vidjeti \u0161ta \u0107e da ka\u017eu predstavnici Demokratske partije i Albanske alternative, Fatmir \u0110eka i \u0110er\u0111 Camaj, sa kojima smo i dogovorili koaliciju. O\u010dekujem da se oglase vezano za ovu situaciju i ka\u017eu \u0161ta misle, jer ovaj sporazum jasno defini\u0161e prava i obaveze\u201c, smatra Bardhi.<\/p>\n<p>On je objasnio da je dobio informaciju da \u0110eljo\u0161aj u posljednje vrijeme izbjegava da se javi na telefon. Upitan da li je prevaren od strane koalicionih partnera, Bardhi je rekao da ,,to vi\u0161e i nije prevara, nego ne\u0161to i vi\u0161e od toga\u201d.<\/p>\n<p>Portal Ul-info prenio je ju\u010de da bi Nik \u0110eljo\u0161aj nakon \u0161to uskoro podnese ostavku na mjesto poslanika trebalo da ponovo obavlja funkciju direktora Direktorata za obrazovanje pripadnika manjinskih naroda i drugih manjinskih nacionalnih zajednica u Crnoj Gori. \u0110eljo\u0161aj se na toj funkciji u Vladi Crne Gore nalazio do po\u010detka marta pro\u0161le godine.<\/p>\n<p>Me\u0111utim, \u0110eljo\u0161aj ju\u010de nije odgovorio na pitanje da li je ta\u010dno da uskoro podnosi ostavku na poslani\u010dku funkciju i da \u0107e preuzeti posao u Vladi.<\/p>\n<p>S druge strane, lider Demokratske partije Fatmir \u0110eka izjavio je krajem pro\u0161le godine \u201eda ima uvjeravanja od \u0110eljo\u0161aja da \u0107e on narednih dana podnijeti ostavku na poslani\u010dku funkciju\u201d.<\/p>\n<p><strong>Izvor: CDM<\/strong><\/p>\n<\/div>\n","protected":false},"excerpt":{"rendered":"<p>Lider Demokratskog saveza Albanaca DSA Mehmet Bardhi nagovijestio je mogu\u0107nost da ta stranka pokrene pravni postupak zbog odbijanja poslanika Nika \u0110eljo\u0161aja da mu ustupi mandat u parlamentu. Bardhi je u izjavi za Dan saop\u0161tio da \u0110eljo\u0161aj vi\u0161e od dva mjeseca uzurpira poslani\u010dki mandat. Mehmet Bardhu je Danu dostavio koalicioni sporazum koji su zaklju\u010dili Demokratski savez, [&hellip;]<\/p>\n","protected":false},"author":1,"featured_media":0,"comment_status":"closed","ping_status":"closed","sticky":false,"template":"","format":"standard","meta":{"spay_email":"","jetpack_publicize_message":"","jetpack_is_tweetstorm":false,"jetpack_publicize_feature_enabled":true},"categories":[8337],"tags":[],"jetpack_publicize_connections":[],"yoast_head":"<!-- This site is optimized with the Yoast SEO plugin v19.1 - https:\/\/yoast.com\/wordpress\/plugins\/seo\/ -->\n<title>Mehmet Bardhi tu\u017ei \u0110eljo\u0161aja zbog mandata - Lajme nga Ulqini<\/title>\n<meta name=\"description\" content=\"Lider Demokratskog saveza Albanaca DSA Mehmet Bardhi nagovijestio je mogu\u0107nost da ta stranka pokrene pravni postupak zbog odbijanja poslanika Nika\" \/>\n<meta name=\"robots\" content=\"index, follow, max-snippet:-1, max-image-preview:large, max-video-preview:-1\" \/>\n<link rel=\"canonical\" href=\"https:\/\/www.visit-ulcinj.com\/blog\/2015\/01\/04\/mehmet-bardhi-tuzi-deljosaja-zbog-mandata\/\" \/>\n<meta property=\"og:locale\" content=\"en_US\" \/>\n<meta property=\"og:type\" content=\"article\" \/>\n<meta property=\"og:title\" content=\"Mehmet Bardhi tu\u017ei \u0110eljo\u0161aja zbog mandata - Lajme nga Ulqini\" \/>\n<meta property=\"og:description\" content=\"Lider Demokratskog saveza Albanaca DSA Mehmet Bardhi nagovijestio je mogu\u0107nost da ta stranka pokrene pravni postupak zbog odbijanja poslanika Nika\" \/>\n<meta property=\"og:url\" content=\"https:\/\/www.visit-ulcinj.com\/blog\/2015\/01\/04\/mehmet-bardhi-tuzi-deljosaja-zbog-mandata\/\" \/>\n<meta property=\"og:site_name\" content=\"Lajme nga Ulqini\" \/>\n<meta property=\"article:published_time\" content=\"2015-01-04T10:13:03+00:00\" \/>\n<meta property=\"og:image\" content=\"http:\/\/www.visit-ulcinj.com\/blog\/wp-content\/uploads\/2015\/01\/Mehmet-Bardhi-za-DAN.jpg\" \/>\n<meta name=\"twitter:label1\" content=\"Written by\" \/>\n\t<meta name=\"twitter:data1\" content=\"ulqini\" \/>\n\t<meta name=\"twitter:label2\" content=\"Est. reading time\" \/>\n\t<meta name=\"twitter:data2\" content=\"2 minutes\" \/>\n<script type=\"application\/ld+json\" class=\"yoast-schema-graph\">{\"@context\":\"https:\/\/schema.org\",\"@graph\":[{\"@type\":\"WebSite\",\"@id\":\"https:\/\/www.visit-ulcinj.com\/blog\/#website\",\"url\":\"https:\/\/www.visit-ulcinj.com\/blog\/\",\"name\":\"Lajme nga Ulqini\",\"description\":\"Lajme,Vijesti,Ulqini,Ulqin,Crna Gora,Mali i Zi\",\"potentialAction\":[{\"@type\":\"SearchAction\",\"target\":{\"@type\":\"EntryPoint\",\"urlTemplate\":\"https:\/\/www.visit-ulcinj.com\/blog\/?s={search_term_string}\"},\"query-input\":\"required name=search_term_string\"}],\"inLanguage\":\"en-US\"},{\"@type\":\"ImageObject\",\"inLanguage\":\"en-US\",\"@id\":\"https:\/\/www.visit-ulcinj.com\/blog\/2015\/01\/04\/mehmet-bardhi-tuzi-deljosaja-zbog-mandata\/#primaryimage\",\"url\":\"https:\/\/www.visit-ulcinj.com\/blog\/wp-content\/uploads\/2015\/01\/Mehmet-Bardhi-za-DAN.jpg\",\"contentUrl\":\"https:\/\/www.visit-ulcinj.com\/blog\/wp-content\/uploads\/2015\/01\/Mehmet-Bardhi-za-DAN.jpg\",\"width\":407,\"height\":302},{\"@type\":\"WebPage\",\"@id\":\"https:\/\/www.visit-ulcinj.com\/blog\/2015\/01\/04\/mehmet-bardhi-tuzi-deljosaja-zbog-mandata\/#webpage\",\"url\":\"https:\/\/www.visit-ulcinj.com\/blog\/2015\/01\/04\/mehmet-bardhi-tuzi-deljosaja-zbog-mandata\/\",\"name\":\"Mehmet Bardhi tu\u017ei \u0110eljo\u0161aja zbog mandata - Lajme nga Ulqini\",\"isPartOf\":{\"@id\":\"https:\/\/www.visit-ulcinj.com\/blog\/#website\"},\"primaryImageOfPage\":{\"@id\":\"https:\/\/www.visit-ulcinj.com\/blog\/2015\/01\/04\/mehmet-bardhi-tuzi-deljosaja-zbog-mandata\/#primaryimage\"},\"datePublished\":\"2015-01-04T10:13:03+00:00\",\"dateModified\":\"2015-01-04T10:13:03+00:00\",\"author\":{\"@id\":\"https:\/\/www.visit-ulcinj.com\/blog\/#\/schema\/person\/dcab619c614d3038751c63bc2aadc06d\"},\"description\":\"Lider Demokratskog saveza Albanaca DSA Mehmet Bardhi nagovijestio je mogu\u0107nost da ta stranka pokrene pravni postupak zbog odbijanja poslanika Nika\",\"breadcrumb\":{\"@id\":\"https:\/\/www.visit-ulcinj.com\/blog\/2015\/01\/04\/mehmet-bardhi-tuzi-deljosaja-zbog-mandata\/#breadcrumb\"},\"inLanguage\":\"en-US\",\"potentialAction\":[{\"@type\":\"ReadAction\",\"target\":[\"https:\/\/www.visit-ulcinj.com\/blog\/2015\/01\/04\/mehmet-bardhi-tuzi-deljosaja-zbog-mandata\/\"]}]},{\"@type\":\"BreadcrumbList\",\"@id\":\"https:\/\/www.visit-ulcinj.com\/blog\/2015\/01\/04\/mehmet-bardhi-tuzi-deljosaja-zbog-mandata\/#breadcrumb\",\"itemListElement\":[{\"@type\":\"ListItem\",\"position\":1,\"name\":\"Mehmet Bardhi tu\u017ei \u0110eljo\u0161aja zbog mandata\"}]},{\"@type\":\"Person\",\"@id\":\"https:\/\/www.visit-ulcinj.com\/blog\/#\/schema\/person\/dcab619c614d3038751c63bc2aadc06d\",\"name\":\"ulqini\",\"sameAs\":[\"http:\/\/www.visit-ulcinj.com\"],\"url\":\"https:\/\/www.visit-ulcinj.com\/blog\/author\/admin\/\"}]}<\/script>\n<!-- \/ Yoast SEO plugin. -->","yoast_head_json":{"title":"Mehmet Bardhi tu\u017ei \u0110eljo\u0161aja zbog mandata - Lajme nga Ulqini","description":"Lider Demokratskog saveza Albanaca DSA Mehmet Bardhi nagovijestio je mogu\u0107nost da ta stranka pokrene pravni postupak zbog odbijanja poslanika Nika","robots":{"index":"index","follow":"follow","max-snippet":"max-snippet:-1","max-image-preview":"max-image-preview:large","max-video-preview":"max-video-preview:-1"},"canonical":"https:\/\/www.visit-ulcinj.com\/blog\/2015\/01\/04\/mehmet-bardhi-tuzi-deljosaja-zbog-mandata\/","og_locale":"en_US","og_type":"article","og_title":"Mehmet Bardhi tu\u017ei \u0110eljo\u0161aja zbog mandata - Lajme nga Ulqini","og_description":"Lider Demokratskog saveza Albanaca DSA Mehmet Bardhi nagovijestio je mogu\u0107nost da ta stranka pokrene pravni postupak zbog odbijanja poslanika Nika","og_url":"https:\/\/www.visit-ulcinj.com\/blog\/2015\/01\/04\/mehmet-bardhi-tuzi-deljosaja-zbog-mandata\/","og_site_name":"Lajme nga Ulqini","article_published_time":"2015-01-04T10:13:03+00:00","og_image":[{"url":"http:\/\/www.visit-ulcinj.com\/blog\/wp-content\/uploads\/2015\/01\/Mehmet-Bardhi-za-DAN.jpg"}],"twitter_misc":{"Written by":"ulqini","Est. reading time":"2 minutes"},"schema":{"@context":"https:\/\/schema.org","@graph":[{"@type":"WebSite","@id":"https:\/\/www.visit-ulcinj.com\/blog\/#website","url":"https:\/\/www.visit-ulcinj.com\/blog\/","name":"Lajme nga Ulqini","description":"Lajme,Vijesti,Ulqini,Ulqin,Crna Gora,Mali i Zi","potentialAction":[{"@type":"SearchAction","target":{"@type":"EntryPoint","urlTemplate":"https:\/\/www.visit-ulcinj.com\/blog\/?s={search_term_string}"},"query-input":"required name=search_term_string"}],"inLanguage":"en-US"},{"@type":"ImageObject","inLanguage":"en-US","@id":"https:\/\/www.visit-ulcinj.com\/blog\/2015\/01\/04\/mehmet-bardhi-tuzi-deljosaja-zbog-mandata\/#primaryimage","url":"https:\/\/www.visit-ulcinj.com\/blog\/wp-content\/uploads\/2015\/01\/Mehmet-Bardhi-za-DAN.jpg","contentUrl":"https:\/\/www.visit-ulcinj.com\/blog\/wp-content\/uploads\/2015\/01\/Mehmet-Bardhi-za-DAN.jpg","width":407,"height":302},{"@type":"WebPage","@id":"https:\/\/www.visit-ulcinj.com\/blog\/2015\/01\/04\/mehmet-bardhi-tuzi-deljosaja-zbog-mandata\/#webpage","url":"https:\/\/www.visit-ulcinj.com\/blog\/2015\/01\/04\/mehmet-bardhi-tuzi-deljosaja-zbog-mandata\/","name":"Mehmet Bardhi tu\u017ei \u0110eljo\u0161aja zbog mandata - Lajme nga Ulqini","isPartOf":{"@id":"https:\/\/www.visit-ulcinj.com\/blog\/#website"},"primaryImageOfPage":{"@id":"https:\/\/www.visit-ulcinj.com\/blog\/2015\/01\/04\/mehmet-bardhi-tuzi-deljosaja-zbog-mandata\/#primaryimage"},"datePublished":"2015-01-04T10:13:03+00:00","dateModified":"2015-01-04T10:13:03+00:00","author":{"@id":"https:\/\/www.visit-ulcinj.com\/blog\/#\/schema\/person\/dcab619c614d3038751c63bc2aadc06d"},"description":"Lider Demokratskog saveza Albanaca DSA Mehmet Bardhi nagovijestio je mogu\u0107nost da ta stranka pokrene pravni postupak zbog odbijanja poslanika Nika","breadcrumb":{"@id":"https:\/\/www.visit-ulcinj.com\/blog\/2015\/01\/04\/mehmet-bardhi-tuzi-deljosaja-zbog-mandata\/#breadcrumb"},"inLanguage":"en-US","potentialAction":[{"@type":"ReadAction","target":["https:\/\/www.visit-ulcinj.com\/blog\/2015\/01\/04\/mehmet-bardhi-tuzi-deljosaja-zbog-mandata\/"]}]},{"@type":"BreadcrumbList","@id":"https:\/\/www.visit-ulcinj.com\/blog\/2015\/01\/04\/mehmet-bardhi-tuzi-deljosaja-zbog-mandata\/#breadcrumb","itemListElement":[{"@type":"ListItem","position":1,"name":"Mehmet Bardhi tu\u017ei \u0110eljo\u0161aja zbog mandata"}]},{"@type":"Person","@id":"https:\/\/www.visit-ulcinj.com\/blog\/#\/schema\/person\/dcab619c614d3038751c63bc2aadc06d","name":"ulqini","sameAs":["http:\/\/www.visit-ulcinj.com"],"url":"https:\/\/www.visit-ulcinj.com\/blog\/author\/admin\/"}]}},"jetpack_featured_media_url":"","jetpack_sharing_enabled":true,"jetpack_shortlink":"https:\/\/wp.me\/pe6lTn-mLs","_links":{"self":[{"href":"https:\/\/www.visit-ulcinj.com\/blog\/wp-json\/wp\/v2\/posts\/87510"}],"collection":[{"href":"https:\/\/www.visit-ulcinj.com\/blog\/wp-json\/wp\/v2\/posts"}],"about":[{"href":"https:\/\/www.visit-ulcinj.com\/blog\/wp-json\/wp\/v2\/types\/post"}],"author":[{"embeddable":true,"href":"https:\/\/www.visit-ulcinj.com\/blog\/wp-json\/wp\/v2\/users\/1"}],"replies":[{"embeddable":true,"href":"https:\/\/www.visit-ulcinj.com\/blog\/wp-json\/wp\/v2\/comments?post=87510"}],"version-history":[{"count":1,"href":"https:\/\/www.visit-ulcinj.com\/blog\/wp-json\/wp\/v2\/posts\/87510\/revisions"}],"predecessor-version":[{"id":87512,"href":"https:\/\/www.visit-ulcinj.com\/blog\/wp-json\/wp\/v2\/posts\/87510\/revisions\/87512"}],"wp:attachment":[{"href":"https:\/\/www.visit-ulcinj.com\/blog\/wp-json\/wp\/v2\/media?parent=87510"}],"wp:term":[{"taxonomy":"category","embeddable":true,"href":"https:\/\/www.visit-ulcinj.com\/blog\/wp-json\/wp\/v2\/categories?post=87510"},{"taxonomy":"post_tag","embeddable":true,"href":"https:\/\/www.visit-ulcinj.com\/blog\/wp-json\/wp\/v2\/tags?post=87510"}],"curies":[{"name":"wp","href":"https:\/\/api.w.org\/{rel}","templated":true}]}}