{"id":87516,"date":"2015-01-04T21:18:00","date_gmt":"2015-01-04T20:18:00","guid":{"rendered":"http:\/\/www.visit-ulcinj.com\/blog\/?p=87516"},"modified":"2015-01-04T21:18:00","modified_gmt":"2015-01-04T20:18:00","slug":"ismail-busati-avdo-nimanbegu-legende-grada-ulcinja","status":"publish","type":"post","link":"https:\/\/www.visit-ulcinj.com\/blog\/2015\/01\/04\/ismail-busati-avdo-nimanbegu-legende-grada-ulcinja\/","title":{"rendered":"Ismail Bu\u0161ati i Avdo Nimanbegu legende grada Ulcinja"},"content":{"rendered":"<p><a href=\"http:\/\/www.visit-ulcinj.com\/blog\/wp-content\/uploads\/2015\/01\/Ismail-Busati-Avdo-Nimanbegu-Ulcinj.jpg\"><img loading=\"lazy\" class=\"alignleft wp-image-87517\" src=\"http:\/\/www.visit-ulcinj.com\/blog\/wp-content\/uploads\/2015\/01\/Ismail-Busati-Avdo-Nimanbegu-Ulcinj.jpg\" alt=\"Ismail Busati-Avdo Nimanbegu-Ulcinj\" width=\"508\" height=\"328\" srcset=\"https:\/\/www.visit-ulcinj.com\/blog\/wp-content\/uploads\/2015\/01\/Ismail-Busati-Avdo-Nimanbegu-Ulcinj.jpg 957w, https:\/\/www.visit-ulcinj.com\/blog\/wp-content\/uploads\/2015\/01\/Ismail-Busati-Avdo-Nimanbegu-Ulcinj-300x193.jpg 300w\" sizes=\"(max-width: 508px) 100vw, 508px\" \/><\/a>U moru fotografija koje sam snimio pro\u0161le godine te\u0161ko je izdvojiti bilo koju, s obzirom da su sve lijepe i atraktivne na svoj na\u010din. Me\u0111utim, ipak bih odvojio ovu, koju sam sasvim slu\u010dajno snimio na Pristanu.<\/p>\n<p>Ovo dvoje izuzetno zgodnih i markantnih stanovnika Starog grada, ukupno imaju zajedno vi\u0161e od 170 godina. Izuzetni su po mnogo \u010demu. Posebno po tome kako se obla\u010de, kako se nose sa godinama, i kako govore. Dakle danas imaju puno zajedni\u010dkog, ali njih dvojica su odrasli zajedno i mnogo zajedni\u010dkog imali su i u mladosti.<\/p>\n<p><a href=\"http:\/\/www.visit-ulcinj.com\/blog\/wp-content\/uploads\/2015\/01\/Ismail-Busati-Avdo-Nimanbegu-Ulcinj-1.jpg\"><img loading=\"lazy\" class=\"alignleft wp-image-87518\" src=\"http:\/\/www.visit-ulcinj.com\/blog\/wp-content\/uploads\/2015\/01\/Ismail-Busati-Avdo-Nimanbegu-Ulcinj-1.jpg\" alt=\"Ismail Busati-Avdo Nimanbegu-Ulcinj-1\" width=\"508\" height=\"381\" srcset=\"https:\/\/www.visit-ulcinj.com\/blog\/wp-content\/uploads\/2015\/01\/Ismail-Busati-Avdo-Nimanbegu-Ulcinj-1.jpg 960w, https:\/\/www.visit-ulcinj.com\/blog\/wp-content\/uploads\/2015\/01\/Ismail-Busati-Avdo-Nimanbegu-Ulcinj-1-300x225.jpg 300w\" sizes=\"(max-width: 508px) 100vw, 508px\" \/><\/a><br \/>\nGospodin Ismail BU\u0160ATI, ako ne izlazi do Pristana na uobi\u010dajeni krug i kafu, uglavnom sjedi u svom restoranu, koji izgleda kao komandni most &#8220;Titanika&#8221;, visoko gore me\u0111u drevne zidine Starog grada. Posmatra Malu pla\u017eu, Pristan, goste i turiste koji prolaze, ili dolaze do njegovog restorana. Gosodin Ismail Bu\u0161ati ina\u010de pripada, onoj plejadi starijih vrhunskih turisti\u010dkih radnika, koji su bili nosioci po\u010detka na\u0161eg turizma, kao i njegovog nastavka u ona zlatna vremena izme\u0111u 70 -90 godina pro\u0161log vijeka.<\/p>\n<p>Gospodin Avdo NIMANBEGU je bio pomorac koji je plovio po svim morima svijeta. Bio je kapetan i zapovjednik, na brodovima razli\u010dite nosivosti. Kao komandant i zapovjednik imao je odgovornost za brod i za mornare. Bio je izuzetno omiljen i poseban. Te osobine i ti pokreti se i danas vide dok pri\u010da sa nostalgijom o vremenima kada je plovio . \u010cesto sjedi na svom &#8220;Komandnom mostu&#8221; u svojoj ku\u0107i u Starom gradu, sa dogledom oko vrata, gdje sa nostalgijom posmatra horizont i brodove koji tamo prolaze na putu prema dalekim zemljama i dalekim morima.<br \/>\nNa samom kraju jo\u0161 jednu re\u010denicu. U ni\u010demu nijesam prtrjerao. Oboje su izuzetno pedantni, obrijani, namirisani najboljim parfemima, uvijek u odijela sa kravatama ne skidaju ih nikad&#8230;Ovakvu starost, i ovakav na\u010din \u017eivota u poznim godinama ako se njih dvojica uop\u0161te i mogu nazivati starim, mo\u017ee po\u017eeleti svaki \u010dovjek &#8230;<\/p>\n<p><strong><a id=\"js_15\" href=\"https:\/\/www.facebook.com\/ismet.karamanaga?fref=photo\" data-hovercard=\"\/ajax\/hovercard\/user.php?id=1359492972\">Ismet Karamanaga <\/a>Facebook<\/strong><\/p>\n","protected":false},"excerpt":{"rendered":"<p>U moru fotografija koje sam snimio pro\u0161le godine te\u0161ko je izdvojiti bilo koju, s obzirom da su sve lijepe i atraktivne na svoj na\u010din. Me\u0111utim, ipak bih odvojio ovu, koju sam sasvim slu\u010dajno snimio na Pristanu. Ovo dvoje izuzetno zgodnih i markantnih stanovnika Starog grada, ukupno imaju zajedno vi\u0161e od 170 godina. Izuzetni su po [&hellip;]<\/p>\n","protected":false},"author":1,"featured_media":0,"comment_status":"closed","ping_status":"closed","sticky":false,"template":"","format":"standard","meta":{"spay_email":"","jetpack_publicize_message":"","jetpack_is_tweetstorm":false,"jetpack_publicize_feature_enabled":true},"categories":[8337],"tags":[],"jetpack_publicize_connections":[],"yoast_head":"<!-- This site is optimized with the Yoast SEO plugin v19.1 - https:\/\/yoast.com\/wordpress\/plugins\/seo\/ -->\n<title>Ismail Bu\u0161ati i Avdo Nimanbegu legende grada Ulcinja - Lajme nga Ulqini<\/title>\n<meta name=\"description\" content=\"U moru fotografija koje sam snimio pro\u0161le godine te\u0161ko je izdvojiti bilo koju, s obzirom da su sve lijepe i atraktivne na svoj na\u010din. Me\u0111utim, ipak bih\" \/>\n<meta name=\"robots\" content=\"index, follow, max-snippet:-1, max-image-preview:large, max-video-preview:-1\" \/>\n<link rel=\"canonical\" href=\"https:\/\/www.visit-ulcinj.com\/blog\/2015\/01\/04\/ismail-busati-avdo-nimanbegu-legende-grada-ulcinja\/\" \/>\n<meta property=\"og:locale\" content=\"en_US\" \/>\n<meta property=\"og:type\" content=\"article\" \/>\n<meta property=\"og:title\" content=\"Ismail Bu\u0161ati i Avdo Nimanbegu legende grada Ulcinja - Lajme nga Ulqini\" \/>\n<meta property=\"og:description\" content=\"U moru fotografija koje sam snimio pro\u0161le godine te\u0161ko je izdvojiti bilo koju, s obzirom da su sve lijepe i atraktivne na svoj na\u010din. Me\u0111utim, ipak bih\" \/>\n<meta property=\"og:url\" content=\"https:\/\/www.visit-ulcinj.com\/blog\/2015\/01\/04\/ismail-busati-avdo-nimanbegu-legende-grada-ulcinja\/\" \/>\n<meta property=\"og:site_name\" content=\"Lajme nga Ulqini\" \/>\n<meta property=\"article:published_time\" content=\"2015-01-04T20:18:00+00:00\" \/>\n<meta property=\"og:image\" content=\"http:\/\/www.visit-ulcinj.com\/blog\/wp-content\/uploads\/2015\/01\/Ismail-Busati-Avdo-Nimanbegu-Ulcinj.jpg\" \/>\n<meta name=\"twitter:label1\" content=\"Written by\" \/>\n\t<meta name=\"twitter:data1\" content=\"ulqini\" \/>\n\t<meta name=\"twitter:label2\" content=\"Est. reading time\" \/>\n\t<meta name=\"twitter:data2\" content=\"2 minutes\" \/>\n<script type=\"application\/ld+json\" class=\"yoast-schema-graph\">{\"@context\":\"https:\/\/schema.org\",\"@graph\":[{\"@type\":\"WebSite\",\"@id\":\"https:\/\/www.visit-ulcinj.com\/blog\/#website\",\"url\":\"https:\/\/www.visit-ulcinj.com\/blog\/\",\"name\":\"Lajme nga Ulqini\",\"description\":\"Lajme,Vijesti,Ulqini,Ulqin,Crna Gora,Mali i Zi\",\"potentialAction\":[{\"@type\":\"SearchAction\",\"target\":{\"@type\":\"EntryPoint\",\"urlTemplate\":\"https:\/\/www.visit-ulcinj.com\/blog\/?s={search_term_string}\"},\"query-input\":\"required name=search_term_string\"}],\"inLanguage\":\"en-US\"},{\"@type\":\"ImageObject\",\"inLanguage\":\"en-US\",\"@id\":\"https:\/\/www.visit-ulcinj.com\/blog\/2015\/01\/04\/ismail-busati-avdo-nimanbegu-legende-grada-ulcinja\/#primaryimage\",\"url\":\"https:\/\/www.visit-ulcinj.com\/blog\/wp-content\/uploads\/2015\/01\/Ismail-Busati-Avdo-Nimanbegu-Ulcinj.jpg\",\"contentUrl\":\"https:\/\/www.visit-ulcinj.com\/blog\/wp-content\/uploads\/2015\/01\/Ismail-Busati-Avdo-Nimanbegu-Ulcinj.jpg\",\"width\":957,\"height\":618},{\"@type\":\"WebPage\",\"@id\":\"https:\/\/www.visit-ulcinj.com\/blog\/2015\/01\/04\/ismail-busati-avdo-nimanbegu-legende-grada-ulcinja\/#webpage\",\"url\":\"https:\/\/www.visit-ulcinj.com\/blog\/2015\/01\/04\/ismail-busati-avdo-nimanbegu-legende-grada-ulcinja\/\",\"name\":\"Ismail Bu\u0161ati i Avdo Nimanbegu legende grada Ulcinja - Lajme nga Ulqini\",\"isPartOf\":{\"@id\":\"https:\/\/www.visit-ulcinj.com\/blog\/#website\"},\"primaryImageOfPage\":{\"@id\":\"https:\/\/www.visit-ulcinj.com\/blog\/2015\/01\/04\/ismail-busati-avdo-nimanbegu-legende-grada-ulcinja\/#primaryimage\"},\"datePublished\":\"2015-01-04T20:18:00+00:00\",\"dateModified\":\"2015-01-04T20:18:00+00:00\",\"author\":{\"@id\":\"https:\/\/www.visit-ulcinj.com\/blog\/#\/schema\/person\/dcab619c614d3038751c63bc2aadc06d\"},\"description\":\"U moru fotografija koje sam snimio pro\u0161le godine te\u0161ko je izdvojiti bilo koju, s obzirom da su sve lijepe i atraktivne na svoj na\u010din. Me\u0111utim, ipak bih\",\"breadcrumb\":{\"@id\":\"https:\/\/www.visit-ulcinj.com\/blog\/2015\/01\/04\/ismail-busati-avdo-nimanbegu-legende-grada-ulcinja\/#breadcrumb\"},\"inLanguage\":\"en-US\",\"potentialAction\":[{\"@type\":\"ReadAction\",\"target\":[\"https:\/\/www.visit-ulcinj.com\/blog\/2015\/01\/04\/ismail-busati-avdo-nimanbegu-legende-grada-ulcinja\/\"]}]},{\"@type\":\"BreadcrumbList\",\"@id\":\"https:\/\/www.visit-ulcinj.com\/blog\/2015\/01\/04\/ismail-busati-avdo-nimanbegu-legende-grada-ulcinja\/#breadcrumb\",\"itemListElement\":[{\"@type\":\"ListItem\",\"position\":1,\"name\":\"Ismail Bu\u0161ati i Avdo Nimanbegu legende grada Ulcinja\"}]},{\"@type\":\"Person\",\"@id\":\"https:\/\/www.visit-ulcinj.com\/blog\/#\/schema\/person\/dcab619c614d3038751c63bc2aadc06d\",\"name\":\"ulqini\",\"sameAs\":[\"http:\/\/www.visit-ulcinj.com\"],\"url\":\"https:\/\/www.visit-ulcinj.com\/blog\/author\/admin\/\"}]}<\/script>\n<!-- \/ Yoast SEO plugin. -->","yoast_head_json":{"title":"Ismail Bu\u0161ati i Avdo Nimanbegu legende grada Ulcinja - Lajme nga Ulqini","description":"U moru fotografija koje sam snimio pro\u0161le godine te\u0161ko je izdvojiti bilo koju, s obzirom da su sve lijepe i atraktivne na svoj na\u010din. Me\u0111utim, ipak bih","robots":{"index":"index","follow":"follow","max-snippet":"max-snippet:-1","max-image-preview":"max-image-preview:large","max-video-preview":"max-video-preview:-1"},"canonical":"https:\/\/www.visit-ulcinj.com\/blog\/2015\/01\/04\/ismail-busati-avdo-nimanbegu-legende-grada-ulcinja\/","og_locale":"en_US","og_type":"article","og_title":"Ismail Bu\u0161ati i Avdo Nimanbegu legende grada Ulcinja - Lajme nga Ulqini","og_description":"U moru fotografija koje sam snimio pro\u0161le godine te\u0161ko je izdvojiti bilo koju, s obzirom da su sve lijepe i atraktivne na svoj na\u010din. Me\u0111utim, ipak bih","og_url":"https:\/\/www.visit-ulcinj.com\/blog\/2015\/01\/04\/ismail-busati-avdo-nimanbegu-legende-grada-ulcinja\/","og_site_name":"Lajme nga Ulqini","article_published_time":"2015-01-04T20:18:00+00:00","og_image":[{"url":"http:\/\/www.visit-ulcinj.com\/blog\/wp-content\/uploads\/2015\/01\/Ismail-Busati-Avdo-Nimanbegu-Ulcinj.jpg"}],"twitter_misc":{"Written by":"ulqini","Est. reading time":"2 minutes"},"schema":{"@context":"https:\/\/schema.org","@graph":[{"@type":"WebSite","@id":"https:\/\/www.visit-ulcinj.com\/blog\/#website","url":"https:\/\/www.visit-ulcinj.com\/blog\/","name":"Lajme nga Ulqini","description":"Lajme,Vijesti,Ulqini,Ulqin,Crna Gora,Mali i Zi","potentialAction":[{"@type":"SearchAction","target":{"@type":"EntryPoint","urlTemplate":"https:\/\/www.visit-ulcinj.com\/blog\/?s={search_term_string}"},"query-input":"required name=search_term_string"}],"inLanguage":"en-US"},{"@type":"ImageObject","inLanguage":"en-US","@id":"https:\/\/www.visit-ulcinj.com\/blog\/2015\/01\/04\/ismail-busati-avdo-nimanbegu-legende-grada-ulcinja\/#primaryimage","url":"https:\/\/www.visit-ulcinj.com\/blog\/wp-content\/uploads\/2015\/01\/Ismail-Busati-Avdo-Nimanbegu-Ulcinj.jpg","contentUrl":"https:\/\/www.visit-ulcinj.com\/blog\/wp-content\/uploads\/2015\/01\/Ismail-Busati-Avdo-Nimanbegu-Ulcinj.jpg","width":957,"height":618},{"@type":"WebPage","@id":"https:\/\/www.visit-ulcinj.com\/blog\/2015\/01\/04\/ismail-busati-avdo-nimanbegu-legende-grada-ulcinja\/#webpage","url":"https:\/\/www.visit-ulcinj.com\/blog\/2015\/01\/04\/ismail-busati-avdo-nimanbegu-legende-grada-ulcinja\/","name":"Ismail Bu\u0161ati i Avdo Nimanbegu legende grada Ulcinja - Lajme nga Ulqini","isPartOf":{"@id":"https:\/\/www.visit-ulcinj.com\/blog\/#website"},"primaryImageOfPage":{"@id":"https:\/\/www.visit-ulcinj.com\/blog\/2015\/01\/04\/ismail-busati-avdo-nimanbegu-legende-grada-ulcinja\/#primaryimage"},"datePublished":"2015-01-04T20:18:00+00:00","dateModified":"2015-01-04T20:18:00+00:00","author":{"@id":"https:\/\/www.visit-ulcinj.com\/blog\/#\/schema\/person\/dcab619c614d3038751c63bc2aadc06d"},"description":"U moru fotografija koje sam snimio pro\u0161le godine te\u0161ko je izdvojiti bilo koju, s obzirom da su sve lijepe i atraktivne na svoj na\u010din. Me\u0111utim, ipak bih","breadcrumb":{"@id":"https:\/\/www.visit-ulcinj.com\/blog\/2015\/01\/04\/ismail-busati-avdo-nimanbegu-legende-grada-ulcinja\/#breadcrumb"},"inLanguage":"en-US","potentialAction":[{"@type":"ReadAction","target":["https:\/\/www.visit-ulcinj.com\/blog\/2015\/01\/04\/ismail-busati-avdo-nimanbegu-legende-grada-ulcinja\/"]}]},{"@type":"BreadcrumbList","@id":"https:\/\/www.visit-ulcinj.com\/blog\/2015\/01\/04\/ismail-busati-avdo-nimanbegu-legende-grada-ulcinja\/#breadcrumb","itemListElement":[{"@type":"ListItem","position":1,"name":"Ismail Bu\u0161ati i Avdo Nimanbegu legende grada Ulcinja"}]},{"@type":"Person","@id":"https:\/\/www.visit-ulcinj.com\/blog\/#\/schema\/person\/dcab619c614d3038751c63bc2aadc06d","name":"ulqini","sameAs":["http:\/\/www.visit-ulcinj.com"],"url":"https:\/\/www.visit-ulcinj.com\/blog\/author\/admin\/"}]}},"jetpack_featured_media_url":"","jetpack_sharing_enabled":true,"jetpack_shortlink":"https:\/\/wp.me\/pe6lTn-mLy","_links":{"self":[{"href":"https:\/\/www.visit-ulcinj.com\/blog\/wp-json\/wp\/v2\/posts\/87516"}],"collection":[{"href":"https:\/\/www.visit-ulcinj.com\/blog\/wp-json\/wp\/v2\/posts"}],"about":[{"href":"https:\/\/www.visit-ulcinj.com\/blog\/wp-json\/wp\/v2\/types\/post"}],"author":[{"embeddable":true,"href":"https:\/\/www.visit-ulcinj.com\/blog\/wp-json\/wp\/v2\/users\/1"}],"replies":[{"embeddable":true,"href":"https:\/\/www.visit-ulcinj.com\/blog\/wp-json\/wp\/v2\/comments?post=87516"}],"version-history":[{"count":1,"href":"https:\/\/www.visit-ulcinj.com\/blog\/wp-json\/wp\/v2\/posts\/87516\/revisions"}],"predecessor-version":[{"id":87519,"href":"https:\/\/www.visit-ulcinj.com\/blog\/wp-json\/wp\/v2\/posts\/87516\/revisions\/87519"}],"wp:attachment":[{"href":"https:\/\/www.visit-ulcinj.com\/blog\/wp-json\/wp\/v2\/media?parent=87516"}],"wp:term":[{"taxonomy":"category","embeddable":true,"href":"https:\/\/www.visit-ulcinj.com\/blog\/wp-json\/wp\/v2\/categories?post=87516"},{"taxonomy":"post_tag","embeddable":true,"href":"https:\/\/www.visit-ulcinj.com\/blog\/wp-json\/wp\/v2\/tags?post=87516"}],"curies":[{"name":"wp","href":"https:\/\/api.w.org\/{rel}","templated":true}]}}